{"id":333200,"date":"2020-10-21T02:00:00","date_gmt":"2020-10-21T00:00:00","guid":{"rendered":"https:\/\/medizinonline.com\/premiere-immunotherapie-sublinguale-contre-lallergie-pour-les-personnes-allergiques-au-pollen-darbre\/"},"modified":"2020-10-21T02:00:00","modified_gmt":"2020-10-21T00:00:00","slug":"premiere-immunotherapie-sublinguale-contre-lallergie-pour-les-personnes-allergiques-au-pollen-darbre","status":"publish","type":"post","link":"https:\/\/medizinonline.com\/fr\/premiere-immunotherapie-sublinguale-contre-lallergie-pour-les-personnes-allergiques-au-pollen-darbre\/","title":{"rendered":"Premi\u00e8re immunoth\u00e9rapie sublinguale contre l&#8217;allergie pour les personnes allergiques au pollen d&#8217;arbre"},"content":{"rendered":"<p><strong>Les personnes allergiques au pollen de bouleau &amp; Co disposeront bient\u00f4t d&#8217;une nouvelle option th\u00e9rapeutique durable. La d\u00e9sensibilisation permet de traiter la cause de l&#8217;allergie et d&#8217;am\u00e9liorer la qualit\u00e9 de vie des personnes allergiques. Le d\u00e9but id\u00e9al du traitement se situe apr\u00e8s la fin de la saison pollinique des plantes \u00e0 floraison pr\u00e9coce, c&#8217;est-\u00e0-dire en \u00e9t\u00e9 ou en automne.<\/strong><\/p>\n<p> <!--more--> <\/p>\n<p><em>(red) <\/em><sup>Itulazax\u00ae<\/sup> [1] sera disponible en Suisse \u00e0 partir de septembre 2020. Il s&#8217;agit du premier comprim\u00e9 au monde autoris\u00e9 pour l&#8217;immunoth\u00e9rapie sp\u00e9cifique aux allerg\u00e8nes (AIT) dans le cas de l&#8217;allergie aux fleurs pr\u00e9coces. Pour les personnes allergiques \u00e0 d&#8217;autres allergies par inhalation (gramin\u00e9es et acariens), il existe d\u00e9j\u00e0 depuis longtemps une option de traitement correspondante. Swissmedic et l&#8217;Agence europ\u00e9enne des m\u00e9dicaments (EMA) ont tous deux autoris\u00e9 <sup>Itulazax\u00ae<\/sup> [1] chez les patients \u00e2g\u00e9s de 12 ans et plus dans l&#8217;indication de rhinite et\/ou conjonctivite allergiques mod\u00e9r\u00e9es \u00e0 s\u00e9v\u00e8res induites par le pollen d&#8217;arbres du groupe homologue au bouleau (bouleau, aulne, charme, noisetier, ch\u00eane, ch\u00e2taignier, h\u00eatre). En Europe, plusieurs millions de personnes souffrent d&#8217;allergies au pollen d&#8217;arbres \u00e0 floraison pr\u00e9coce. L&#8217;AIT sublinguale est utilis\u00e9e pour la d\u00e9sensibilisation, traite la cause de l&#8217;allergie et peut ainsi am\u00e9liorer la qualit\u00e9 de vie des personnes allergiques.<\/p>\n<h2 id=\"option-therapeutique-bien-toleree-avec-une-efficacite-durable\">Option th\u00e9rapeutique bien tol\u00e9r\u00e9e avec une efficacit\u00e9 durable<\/h2>\n<p>L&#8217;efficacit\u00e9 et la s\u00e9curit\u00e9 de l&#8217;<sup>Itulazax\u00ae<\/sup> ont \u00e9t\u00e9 \u00e9valu\u00e9es dans deux \u00e9tudes multinationales randomis\u00e9es, en double aveugle et contr\u00f4l\u00e9es par placebo [2] : Une r\u00e9duction significative de 40% du score total combin\u00e9 a \u00e9t\u00e9 d\u00e9montr\u00e9e pendant la saison du pollen de bouleau par rapport au placebo. Dans cette \u00e9tude, le niveau de pertinence clinique d\u00e9fini par la World Allergy Organization (WAO) [3] (20% d&#8217;efficacit\u00e9 vs placebo) a \u00e9t\u00e9 largement d\u00e9pass\u00e9. De plus, une r\u00e9duction significative du score total combin\u00e9 de 37% vs. placebo pendant toute la saison de floraison pr\u00e9coce [2]. L&#8217;<sup>Itulazax\u00ae<\/sup> est ainsi le premier produit \u00e0 avoir d\u00e9montr\u00e9 son efficacit\u00e9 tout au long de la saison de floraison pr\u00e9coce et \u00e0 contribuer, sur la base de donn\u00e9es probantes, \u00e0 une am\u00e9lioration significative du contr\u00f4le de la maladie, \u00e0 une meilleure qualit\u00e9 de vie et \u00e0 une r\u00e9duction du besoin de m\u00e9dicaments contre les allergies.<\/p>\n<h2 id=\"manipulation-simple-et-conviviale-pour-le-patient\">Manipulation simple et conviviale pour le patient<\/h2>\n<p>L&#8217;<sup>Itulazax\u00ae<\/sup> [1] est une option de traitement simple qui ne n\u00e9cessite pas de dosage suppl\u00e9mentaire. Gr\u00e2ce \u00e0 son bon profil de s\u00e9curit\u00e9, <sup>Itulazax\u00ae<\/sup> peut \u00eatre pris \u00e0 domicile apr\u00e8s surveillance de la premi\u00e8re prise au cabinet m\u00e9dical. Comme les AIT sublinguaux contre le pollen de gramin\u00e9es et les acariens (<sup>Grazax\u00ae<\/sup> et <sup>Acarizax\u00ae<\/sup>) [1], <sup>Itulazax\u00ae<\/sup> est \u00e9galement fabriqu\u00e9 selon la technologie Zydis et se dissout en quelques secondes sous la langue sans laisser de r\u00e9sidus. Il n&#8217;y a pas de conditions de stockage particuli\u00e8res et la prise est possible \u00e0 tout moment et de mani\u00e8re flexible, car elle ne n\u00e9cessite pas d&#8217;eau. Lorsque <sup>Itulazax\u00ae<\/sup> est prescrit  il est conseill\u00e9, comme pour le traitement sous-cutan\u00e9, de fixer de brefs rendez-vous r\u00e9guliers avec les patients afin de maintenir un contact r\u00e9gulier avec le patient et de pouvoir ainsi \u00e9valuer l&#8217;\u00e9volution du traitement et rappeler au patient l&#8217;importance d&#8217;une prise r\u00e9guli\u00e8re, une fois par jour, pour le succ\u00e8s du traitement. Il est important d&#8217;informer le patient sur le traitement et les \u00e9ventuelles r\u00e9actions du syst\u00e8me immunitaire, car l&#8217;immunoth\u00e9rapie sublinguale peut entra\u00eener des r\u00e9actions allergiques locales (telles que des picotements dans la bouche) dans les premi\u00e8res semaines suivant le d\u00e9but du traitement. Ils apparaissent g\u00e9n\u00e9ralement peu de temps apr\u00e8s la prise et disparaissent en quelques jours. Pour pr\u00e9venir ces \u00e9ventuels effets secondaires, les mesures suivantes peuvent s&#8217;av\u00e9rer utiles : boire de l&#8217;eau avant la prise, prendre un antihistaminique avant la prise apr\u00e8s consultation du m\u00e9decin, placer un petit morceau de glace sous la langue \u00e0 partir de 5 minutes apr\u00e8s la prise, manger et\/ou boire quelque chose.<\/p>\n<p><em>Source : ALK<\/em><\/p>\n<p>&nbsp;<\/p>\n<p>Litt\u00e9rature :<\/p>\n<ol>\n<li>Swissmedicinfo, www.swissmedicinfo.ch<\/li>\n<li>Biedermann T, et al : J Allergy Clin Immunol 2019 ; 143 : 1058-1066<\/li>\n<li>Organisation mondiale de l&#8217;allergie, www.worldallergy.org<\/li>\n<\/ol>\n<p>&nbsp;<\/p>\n<p><em>PRATIQUE DU M\u00c9DECIN DE FAMILLE 2020 ; 15(7) : 51<\/em><\/p>\n","protected":false},"excerpt":{"rendered":"<p>Les personnes allergiques au pollen de bouleau &amp; Co disposeront bient\u00f4t d&#8217;une nouvelle option th\u00e9rapeutique durable. La d\u00e9sensibilisation permet de traiter la cause de l&#8217;allergie et d&#8217;am\u00e9liorer la qualit\u00e9 de&hellip;<\/p>\n","protected":false},"author":7,"featured_media":98596,"comment_status":"closed","ping_status":"","sticky":false,"template":"","format":"standard","meta":{"_acf_changed":false,"pmpro_default_level":"","cat_1_feature_home_top":false,"cat_2_editor_pick":false,"csco_eyebrow_text":"Allergies par inhalation  ","footnotes":""},"category":[11349,11545,11315,11549],"tags":[23650,23646,23654,23658,23662,22789,14430,23666],"powerkit_post_featured":[],"class_list":["post-333200","post","type-post","status-publish","format-standard","has-post-thumbnail","category-allergologie-et-immunologie-clinique","category-marche-medecine","category-medecine-interne-generale","category-rx-fr","tag-allergies-par-inhalation","tag-desensibilisation","tag-immunotherapie-sublinguale-contre-les-allergies","tag-nouvelle-option-therapeutique","tag-personnes-allergiques","tag-pollen-darbre","tag-qualite-de-vie","tag-saison-pollinique","pmpro-has-access"],"acf":[],"publishpress_future_action":{"enabled":false,"date":"2026-05-07 11:57:21","action":"change-status","newStatus":"draft","terms":[],"taxonomy":"category","extraData":[]},"publishpress_future_workflow_manual_trigger":{"enabledWorkflows":[]},"wpml_current_locale":"fr_FR","wpml_translations":{"it_IT":{"locale":"it_IT","id":333031,"slug":"la-prima-immunoterapia-allergica-sublinguale-per-chi-soffre-di-allergia-al-polline-degli-alberi","post_title":"La prima immunoterapia allergica sublinguale per chi soffre di allergia al polline degli alberi","href":"https:\/\/medizinonline.com\/it\/la-prima-immunoterapia-allergica-sublinguale-per-chi-soffre-di-allergia-al-polline-degli-alberi\/"},"pt_PT":{"locale":"pt_PT","id":333203,"slug":"primeira-imunoterapia-sublingual-para-a-alergia-ao-polen-de-arvores","post_title":"Primeira imunoterapia sublingual para a alergia ao p\u00f3len de \u00e1rvores","href":"https:\/\/medizinonline.com\/pt-pt\/primeira-imunoterapia-sublingual-para-a-alergia-ao-polen-de-arvores\/"},"es_ES":{"locale":"es_ES","id":333163,"slug":"primera-inmunoterapia-sublingual-para-alergicos-al-polen-de-los-arboles","post_title":"Primera inmunoterapia sublingual para al\u00e9rgicos al polen de los \u00e1rboles","href":"https:\/\/medizinonline.com\/es\/primera-inmunoterapia-sublingual-para-alergicos-al-polen-de-los-arboles\/"}},"_links":{"self":[{"href":"https:\/\/medizinonline.com\/fr\/wp-json\/wp\/v2\/posts\/333200","targetHints":{"allow":["GET"]}}],"collection":[{"href":"https:\/\/medizinonline.com\/fr\/wp-json\/wp\/v2\/posts"}],"about":[{"href":"https:\/\/medizinonline.com\/fr\/wp-json\/wp\/v2\/types\/post"}],"author":[{"embeddable":true,"href":"https:\/\/medizinonline.com\/fr\/wp-json\/wp\/v2\/users\/7"}],"replies":[{"embeddable":true,"href":"https:\/\/medizinonline.com\/fr\/wp-json\/wp\/v2\/comments?post=333200"}],"version-history":[{"count":0,"href":"https:\/\/medizinonline.com\/fr\/wp-json\/wp\/v2\/posts\/333200\/revisions"}],"wp:featuredmedia":[{"embeddable":true,"href":"https:\/\/medizinonline.com\/fr\/wp-json\/wp\/v2\/media\/98596"}],"wp:attachment":[{"href":"https:\/\/medizinonline.com\/fr\/wp-json\/wp\/v2\/media?parent=333200"}],"wp:term":[{"taxonomy":"category","embeddable":true,"href":"https:\/\/medizinonline.com\/fr\/wp-json\/wp\/v2\/category?post=333200"},{"taxonomy":"post_tag","embeddable":true,"href":"https:\/\/medizinonline.com\/fr\/wp-json\/wp\/v2\/tags?post=333200"},{"taxonomy":"powerkit_post_featured","embeddable":true,"href":"https:\/\/medizinonline.com\/fr\/wp-json\/wp\/v2\/powerkit_post_featured?post=333200"}],"curies":[{"name":"wp","href":"https:\/\/api.w.org\/{rel}","templated":true}]}}