{"id":333518,"date":"2020-09-02T02:00:00","date_gmt":"2020-09-02T00:00:00","guid":{"rendered":"https:\/\/medizinonline.com\/la-situation-de-vie-individuelle-au-centre-dune-therapie-efficace\/"},"modified":"2020-09-02T02:00:00","modified_gmt":"2020-09-02T00:00:00","slug":"la-situation-de-vie-individuelle-au-centre-dune-therapie-efficace","status":"publish","type":"post","link":"https:\/\/medizinonline.com\/fr\/la-situation-de-vie-individuelle-au-centre-dune-therapie-efficace\/","title":{"rendered":"La situation de vie individuelle au centre d&#8217;une th\u00e9rapie efficace"},"content":{"rendered":"<p><strong>La recherche intensive sur la scl\u00e9rose en plaques (SEP) a permis de mettre au point diff\u00e9rentes options de traitement en fonction de la forme et de la gravit\u00e9 de la maladie. Jusqu&#8217;\u00e0 pr\u00e9sent, la science s&#8217;est concentr\u00e9e sur l&#8217;efficacit\u00e9 et la s\u00e9curit\u00e9 dans l&#8217;utilisation \u00e0 long terme. Entre-temps, l&#8217;accent est de plus en plus mis sur la situation de vie individuelle, en particulier celle des patientes. La grossesse et la scl\u00e9rose en plaques ne s&#8217;excluent plus mutuellement.<\/strong><\/p>\n<p> <!--more--> <\/p>\n<p>Cette maladie inflammatoire et d\u00e9g\u00e9n\u00e9rative du syst\u00e8me nerveux central touche principalement les femmes, avec un ratio de 3 pour 1. Et celles-ci sont principalement en \u00e2ge de procr\u00e9er au moment du diagnostic. Un traitement \u00e0 vie est n\u00e9cessaire pour enrayer la progression de la maladie. La SEP ne limite pas seulement le travail et la vie sociale, mais aussi la planification familiale, comme l&#8217;a expliqu\u00e9 le Dr Letizia Leocani, Milan (IT). En effet, la grossesse a une grande influence sur la maladie. Il en r\u00e9sulte de nombreuses questions auxquelles il convient de r\u00e9pondre <strong>(tab.&nbsp;1).<\/strong><\/p>\n<p>&nbsp;<\/p>\n<p><img fetchpriority=\"high\" decoding=\"async\" class=\" size-full wp-image-14148\" alt=\"\" src=\"https:\/\/medizinonline.com\/wp-content\/uploads\/2020\/09\/tab1_np4_s32_0.png\" style=\"height:436px; width:600px\" width=\"1100\" height=\"800\" srcset=\"https:\/\/medizinonline.com\/wp-content\/uploads\/2020\/09\/tab1_np4_s32_0.png 1100w, https:\/\/medizinonline.com\/wp-content\/uploads\/2020\/09\/tab1_np4_s32_0-800x582.png 800w, https:\/\/medizinonline.com\/wp-content\/uploads\/2020\/09\/tab1_np4_s32_0-120x87.png 120w, https:\/\/medizinonline.com\/wp-content\/uploads\/2020\/09\/tab1_np4_s32_0-90x65.png 90w, https:\/\/medizinonline.com\/wp-content\/uploads\/2020\/09\/tab1_np4_s32_0-320x233.png 320w, https:\/\/medizinonline.com\/wp-content\/uploads\/2020\/09\/tab1_np4_s32_0-560x407.png 560w\" sizes=\"(max-width: 1100px) 100vw, 1100px\" \/><\/p>\n<p>&nbsp;<\/p>\n<p>Le fait que l&#8217;enfant h\u00e9rite ou non de la maladie d\u00e9pend de plusieurs facteurs. En principe, la SEP r\u00e9sulte d&#8217;une interaction entre la g\u00e9n\u00e9tique et des facteurs environnementaux. La fr\u00e9quence familiale est d&#8217;environ 15%. Si un seul des parents est atteint, le risque que l&#8217;enfant soit \u00e9galement atteint de SEP est de 2%, alors que si les deux parents sont atteints, ce risque atteint 20%. Mais la grossesse exerce \u00e9galement une grande influence sur la m\u00e8re et sa maladie. Alors que le taux de pouss\u00e9e est r\u00e9duit de 70% au troisi\u00e8me trimestre, il augmente consid\u00e9rablement apr\u00e8s l&#8217;accouchement. Ce n&#8217;est qu&#8217;au bout d&#8217;un an qu&#8217;elle retrouve son niveau d&#8217;avant la grossesse. Cela est principalement d\u00fb \u00e0 l&#8217;augmentation de la production hormonale d&#8217;\u0153strog\u00e8nes, de progest\u00e9rone et de prolactine, \u00e0 la r\u00e9duction des g\u00e8nes pro-inflammatoires et au passage de Th1 \u00e0 Th2. C&#8217;est pourquoi l&#8217;experte plaide pour la planification d&#8217;une grossesse &#8211; id\u00e9alement uniquement chez les personnes atteintes d&#8217;une maladie stable &#8211; afin de pouvoir accompagner les patientes de mani\u00e8re optimale.<\/p>\n<h2 id=\"\">&nbsp;<\/h2>\n<h2 id=\"-2\"><img decoding=\"async\" class=\"size-full wp-image-14149 lazyload\" alt=\"\" data-src=\"https:\/\/medizinonline.com\/wp-content\/uploads\/2020\/09\/tab2_np4_s32.png\" style=\"--smush-placeholder-width: 726px; --smush-placeholder-aspect-ratio: 726\/743;height:409px; width:400px\" width=\"726\" height=\"743\" src=\"data:image\/svg+xml;base64,PHN2ZyB3aWR0aD0iMSIgaGVpZ2h0PSIxIiB4bWxucz0iaHR0cDovL3d3dy53My5vcmcvMjAwMC9zdmciPjwvc3ZnPg==\"><\/h2>\n<h2 id=\"-3\">&nbsp;<\/h2>\n<h2 id=\"poursuivre-ou-interrompre-le-traitement-telle-est-la-question\">Poursuivre ou interrompre le traitement, telle est la question.<\/h2>\n<p>Les immunoth\u00e9rapies \u00e9tablies comme les interf\u00e9rons ou l&#8217;ac\u00e9tate de glatiram\u00e8re disposent de donn\u00e9es convaincantes \u00e0 long terme et d&#8217;un bon profil b\u00e9n\u00e9fice\/risque. En cas de grossesse, il faut garder \u00e0 l&#8217;esprit le risque pour le b\u00e9b\u00e9 (naissance pr\u00e9matur\u00e9e, poids, taille, mauvais d\u00e9veloppement) en cas de poursuite du traitement et le risque pour la m\u00e8re (r\u00e9activation de la maladie, accumulation du handicap) en cas d&#8217;arr\u00eat du traitement. Il existe aujourd&#8217;hui de nombreuses donn\u00e9es sur la gestion du traitement pendant la grossesse. Pour l&#8217;interf\u00e9ron b\u00eata, par exemple, il a \u00e9t\u00e9 d\u00e9montr\u00e9 que le risque relatif d&#8217;anomalies cong\u00e9nitales \u00e9tait de 0,51 par rapport aux autres traitements de la SEP. Comme les interf\u00e9rons sont de grosses mol\u00e9cules, ils ne passent pas dans le lait maternel, donc rien ne s&#8217;oppose \u00e0 l&#8217;allaitement. La contre-indication &#8220;grossesse&#8221; a donc pu \u00eatre supprim\u00e9e de l&#8217;information professionnelle pour les interf\u00e9rons<strong> (tab.&nbsp;2). <\/strong>On peut donc discuter individuellement avec la patiente pour savoir si le traitement doit \u00eatre poursuivi pendant la grossesse, conclut l&#8217;experte.<\/p>\n<p><em>Source : EAN Virtual Congress 2020<\/em><\/p>\n<p>&nbsp;<\/p>\n<p><em>InFo NEUROLOGIE &amp; PSYCHIATRIE 2020 ; 18(4) : 32 (publi\u00e9 le 30.6.20, ahead of print)<\/em><\/p>\n","protected":false},"excerpt":{"rendered":"<p>La recherche intensive sur la scl\u00e9rose en plaques (SEP) a permis de mettre au point diff\u00e9rentes options de traitement en fonction de la forme et de la gravit\u00e9 de la&hellip;<\/p>\n","protected":false},"author":7,"featured_media":97986,"comment_status":"closed","ping_status":"","sticky":false,"template":"","format":"standard","meta":{"_acf_changed":false,"pmpro_default_level":"","cat_1_feature_home_top":false,"cat_2_editor_pick":false,"csco_eyebrow_text":"Scl\u00e9rose en plaques","footnotes":""},"category":[11422,11383,11535,11549],"tags":[15599,12371],"powerkit_post_featured":[],"class_list":["post-333518","post","type-post","status-publish","format-standard","has-post-thumbnail","category-gynecologie","category-neurologie-fr","category-rapports-de-congres","category-rx-fr","tag-ms-fr","tag-sclerose-en-plaques","pmpro-has-access"],"acf":[],"publishpress_future_action":{"enabled":false,"date":"2026-05-02 11:24:03","action":"change-status","newStatus":"draft","terms":[],"taxonomy":"category","extraData":[]},"publishpress_future_workflow_manual_trigger":{"enabledWorkflows":[]},"wpml_current_locale":"fr_FR","wpml_translations":{"it_IT":{"locale":"it_IT","id":333526,"slug":"la-situazione-di-vita-individuale-e-al-centro-di-una-terapia-efficace","post_title":"La situazione di vita individuale \u00e8 al centro di una terapia efficace","href":"https:\/\/medizinonline.com\/it\/la-situazione-di-vita-individuale-e-al-centro-di-una-terapia-efficace\/"},"pt_PT":{"locale":"pt_PT","id":333534,"slug":"situacao-de-vida-individual-no-centro-de-uma-terapia-eficaz","post_title":"Situa\u00e7\u00e3o de vida individual no centro de uma terapia eficaz","href":"https:\/\/medizinonline.com\/pt-pt\/situacao-de-vida-individual-no-centro-de-uma-terapia-eficaz\/"},"es_ES":{"locale":"es_ES","id":333542,"slug":"la-situacion-vital-individual-en-el-punto-de-mira-de-una-terapia-eficaz","post_title":"La situaci\u00f3n vital individual en el punto de mira de una terapia eficaz","href":"https:\/\/medizinonline.com\/es\/la-situacion-vital-individual-en-el-punto-de-mira-de-una-terapia-eficaz\/"}},"_links":{"self":[{"href":"https:\/\/medizinonline.com\/fr\/wp-json\/wp\/v2\/posts\/333518","targetHints":{"allow":["GET"]}}],"collection":[{"href":"https:\/\/medizinonline.com\/fr\/wp-json\/wp\/v2\/posts"}],"about":[{"href":"https:\/\/medizinonline.com\/fr\/wp-json\/wp\/v2\/types\/post"}],"author":[{"embeddable":true,"href":"https:\/\/medizinonline.com\/fr\/wp-json\/wp\/v2\/users\/7"}],"replies":[{"embeddable":true,"href":"https:\/\/medizinonline.com\/fr\/wp-json\/wp\/v2\/comments?post=333518"}],"version-history":[{"count":0,"href":"https:\/\/medizinonline.com\/fr\/wp-json\/wp\/v2\/posts\/333518\/revisions"}],"wp:featuredmedia":[{"embeddable":true,"href":"https:\/\/medizinonline.com\/fr\/wp-json\/wp\/v2\/media\/97986"}],"wp:attachment":[{"href":"https:\/\/medizinonline.com\/fr\/wp-json\/wp\/v2\/media?parent=333518"}],"wp:term":[{"taxonomy":"category","embeddable":true,"href":"https:\/\/medizinonline.com\/fr\/wp-json\/wp\/v2\/category?post=333518"},{"taxonomy":"post_tag","embeddable":true,"href":"https:\/\/medizinonline.com\/fr\/wp-json\/wp\/v2\/tags?post=333518"},{"taxonomy":"powerkit_post_featured","embeddable":true,"href":"https:\/\/medizinonline.com\/fr\/wp-json\/wp\/v2\/powerkit_post_featured?post=333518"}],"curies":[{"name":"wp","href":"https:\/\/api.w.org\/{rel}","templated":true}]}}