{"id":333933,"date":"2020-06-12T02:00:00","date_gmt":"2020-06-12T00:00:00","guid":{"rendered":"https:\/\/medizinonline.com\/variables-genetiques-communes-a-la-sep-detectees\/"},"modified":"2020-06-12T02:00:00","modified_gmt":"2020-06-12T00:00:00","slug":"variables-genetiques-communes-a-la-sep-detectees","status":"publish","type":"post","link":"https:\/\/medizinonline.com\/fr\/variables-genetiques-communes-a-la-sep-detectees\/","title":{"rendered":"Variables g\u00e9n\u00e9tiques communes \u00e0 la SEP d\u00e9tect\u00e9es"},"content":{"rendered":"<p><strong>Bien que les sympt\u00f4mes et les facteurs de risque de la migraine et de la scl\u00e9rose en plaques (SEP) se recoupent souvent, on ne sait pas si ces deux maladies sont ind\u00e9pendantes ou si elles ont une \u00e9tiologie biologique commune, comme la g\u00e9n\u00e9tique. Les r\u00e9sultats d&#8217;une \u00e9tude ont permis de mettre en \u00e9vidence plusieurs variantes g\u00e9n\u00e9tiques.<\/strong><\/p>\n<p> <!--more--> <\/p>\n<p>Jusqu&#8217;\u00e0 69% des patients atteints de SEP souffrent \u00e9galement de migraines. Dans ce cas, les personnes concern\u00e9es indiquent leur douleur par 6 points sur l&#8217;\u00e9chelle visuelle analogique. 15% d&#8217;entre eux souffrent de maux de t\u00eate au moins 15 jours par mois, mais en r\u00e8gle g\u00e9n\u00e9rale, l&#8217;\u00e9volution est \u00e9pisodique. On ignorait jusqu&#8217;\u00e0 pr\u00e9sent si la migraine et la scl\u00e9rose en plaques avaient des bases communes. Une \u00e9tude r\u00e9cente a donc analys\u00e9 les donn\u00e9es de 1094 patients atteints de SEP et de 12 176 participants t\u00e9moins afin d&#8217;identifier les variantes g\u00e9n\u00e9tiques ind\u00e9pendamment associ\u00e9es \u00e0 la migraine ou \u00e0 la SEP. Le statut de la migraine a \u00e9t\u00e9 d\u00e9termin\u00e9 \u00e0 l&#8217;aide d&#8217;un auto-rapport et d&#8217;un algorithme valid\u00e9 pour les dossiers m\u00e9dicaux \u00e9lectroniques.<\/p>\n<h2 id=\"la-recherche-de-variables\">La recherche de variables<\/h2>\n<p>Des \u00e9tudes d&#8217;association pang\u00e9nomique ant\u00e9rieures sur la SEP ou la migraine ont \u00e9t\u00e9 utilis\u00e9es pour identifier des variantes. Apr\u00e8s le contr\u00f4le qualit\u00e9, les chercheurs ont analys\u00e9 902 variants avec une faible fr\u00e9quence all\u00e9lique de plus de 1%. Le P observ\u00e9 et le P permut\u00e9 pour chaque ph\u00e9notype ont \u00e9t\u00e9 obtenus par r\u00e9gression logistique et compar\u00e9s aux variants identifi\u00e9s associ\u00e9s aux deux ph\u00e9notypes. Les mod\u00e8les de r\u00e9gression logistique ont \u00e9t\u00e9 ajust\u00e9s en fonction du sexe et de l&#8217;ascendance parmi toutes les variantes significativement associ\u00e9es aux deux ph\u00e9notypes. Le mod\u00e8le de la migraine a \u00e9t\u00e9 ajust\u00e9 pour inclure un score de propension repr\u00e9sentant la probabilit\u00e9 du statut de cas-t\u00e9moins de la SEP, afin de tenir compte d&#8217;un \u00e9ventuel biais dans l&#8217;identification d&#8217;un ph\u00e9notype secondaire \u00e0 partir d&#8217;une \u00e9tude cas-t\u00e9moins.<\/p>\n<h2 id=\"genetique-commune\">G\u00e9n\u00e9tique commune<\/h2>\n<p>Parmi les 1094 patients atteints de SEP, l&#8217;\u00e2ge moyen \u00e9tait de 49,95 ans, contre 49,01 ans pour les t\u00e9moins. La s\u00e9v\u00e9rit\u00e9 moyenne de la SEP \u00e9tait de 3,21. L&#8217;incidence des migraines \u00e9tait significativement plus \u00e9lev\u00e9e chez les patients atteints de SEP (40%) que chez les t\u00e9moins (29%). Les r\u00e9sultats pr\u00e9liminaires ont trouv\u00e9 cinq variantes g\u00e9n\u00e9tiques (rs6677309, rs10801908, rs1335532, rs62420820 et rs17066096) qui \u00e9taient significativement associ\u00e9es \u00e0 la fois \u00e0 la SEP et aux migraines. Trois d&#8217;entre eux ont eu un effet protecteur pour la SEP (rs6677309, rs10801908 et rs1335532), mais toutes les variantes ont augment\u00e9 la probabilit\u00e9 de migraines.<\/p>\n<h2 id=\"ms-et-mirgane-partagent-plusieurs-variantes\">MS et Mirg\u00e4ne partagent plusieurs variantes<\/h2>\n<p>Les chercheurs de l&#8217;\u00e9tude ont conclu que la pr\u00e9valence des migraines \u00e9tait significativement plus \u00e9lev\u00e9e chez les personnes atteintes de SEP par rapport aux t\u00e9moins sains. Plusieurs variantes g\u00e9n\u00e9tiques sont partag\u00e9es entre les deux entit\u00e9s. Les g\u00e8nes impliqu\u00e9s comprennent le CD58 &#8211; qui module les cellules T r\u00e9gulatrices &#8211; et plusieurs g\u00e8nes immunitaires (IL20RA, IL22RA2, IFNGR1 et TNFAIP3) au sein de la r\u00e9gion chromosomique 6q23. Comme plusieurs variantes augmentent le risque de migraine mais r\u00e9duisent le risque de SEP, cela peut avoir des cons\u00e9quences sur les th\u00e9rapies et les traitements cibl\u00e9s.<\/p>\n<p><em>Source : ACTRIMS Forum 2020<\/em><\/p>\n<p>&nbsp;<\/p>\n<p>Litt\u00e9rature compl\u00e9mentaire :<\/p>\n<ul>\n<li>Horton M, Robinson S, Shao X, et al. : D\u00e9couverte de variants g\u00e9n\u00e9tiques partag\u00e9s associ\u00e9s \u00e0 la scl\u00e9rose en plaques et \u00e0 la migraine. Pr\u00e9sent\u00e9 \u00e0 : 5th Annual Americas Committee for Treatment and Research in Multiple Sclerosis (ACTRIMS) Forum ; February 27-29, 2020 ; West Palm Beach, FL. R\u00e9sum\u00e9 P140.<\/li>\n<\/ul>\n<p>&nbsp;<\/p>\n<p><em>InFo NEUROLOGIE &amp; PSYCHIATRIE 2020 ; 18(2) : 34 (publi\u00e9 le 25.3.20, ahead of print)<\/em><\/p>\n","protected":false},"excerpt":{"rendered":"<p>Bien que les sympt\u00f4mes et les facteurs de risque de la migraine et de la scl\u00e9rose en plaques (SEP) se recoupent souvent, on ne sait pas si ces deux maladies&hellip;<\/p>\n","protected":false},"author":7,"featured_media":95542,"comment_status":"closed","ping_status":"","sticky":false,"template":"","format":"standard","meta":{"_acf_changed":false,"pmpro_default_level":"","cat_1_feature_home_top":false,"cat_2_editor_pick":false,"csco_eyebrow_text":"Migraine","footnotes":""},"category":[11527,11417,11383,11549],"tags":[24908,13867,15599,12371],"powerkit_post_featured":[],"class_list":["post-333933","post","type-post","status-publish","format-standard","has-post-thumbnail","category-etudes","category-genetique","category-neurologie-fr","category-rx-fr","tag-genetique","tag-migraine-fr","tag-ms-fr","tag-sclerose-en-plaques","pmpro-has-access"],"acf":[],"publishpress_future_action":{"enabled":false,"date":"2026-05-05 18:39:15","action":"change-status","newStatus":"draft","terms":[],"taxonomy":"category","extraData":[]},"publishpress_future_workflow_manual_trigger":{"enabledWorkflows":[]},"wpml_current_locale":"fr_FR","wpml_translations":{"it_IT":{"locale":"it_IT","id":334056,"slug":"individuazione-di-variabili-genetiche-comuni-alla-sm","post_title":"Individuazione di variabili genetiche comuni alla SM","href":"https:\/\/medizinonline.com\/it\/individuazione-di-variabili-genetiche-comuni-alla-sm\/"},"pt_PT":{"locale":"pt_PT","id":334066,"slug":"variaveis-geneticas-comuns-a-em-detectadas","post_title":"Vari\u00e1veis gen\u00e9ticas comuns \u00e0 EM detectadas","href":"https:\/\/medizinonline.com\/pt-pt\/variaveis-geneticas-comuns-a-em-detectadas\/"},"es_ES":{"locale":"es_ES","id":334074,"slug":"variables-geneticas-comunes-a-la-em-detectadas","post_title":"Variables gen\u00e9ticas comunes a la EM detectadas","href":"https:\/\/medizinonline.com\/es\/variables-geneticas-comunes-a-la-em-detectadas\/"}},"_links":{"self":[{"href":"https:\/\/medizinonline.com\/fr\/wp-json\/wp\/v2\/posts\/333933","targetHints":{"allow":["GET"]}}],"collection":[{"href":"https:\/\/medizinonline.com\/fr\/wp-json\/wp\/v2\/posts"}],"about":[{"href":"https:\/\/medizinonline.com\/fr\/wp-json\/wp\/v2\/types\/post"}],"author":[{"embeddable":true,"href":"https:\/\/medizinonline.com\/fr\/wp-json\/wp\/v2\/users\/7"}],"replies":[{"embeddable":true,"href":"https:\/\/medizinonline.com\/fr\/wp-json\/wp\/v2\/comments?post=333933"}],"version-history":[{"count":0,"href":"https:\/\/medizinonline.com\/fr\/wp-json\/wp\/v2\/posts\/333933\/revisions"}],"wp:featuredmedia":[{"embeddable":true,"href":"https:\/\/medizinonline.com\/fr\/wp-json\/wp\/v2\/media\/95542"}],"wp:attachment":[{"href":"https:\/\/medizinonline.com\/fr\/wp-json\/wp\/v2\/media?parent=333933"}],"wp:term":[{"taxonomy":"category","embeddable":true,"href":"https:\/\/medizinonline.com\/fr\/wp-json\/wp\/v2\/category?post=333933"},{"taxonomy":"post_tag","embeddable":true,"href":"https:\/\/medizinonline.com\/fr\/wp-json\/wp\/v2\/tags?post=333933"},{"taxonomy":"powerkit_post_featured","embeddable":true,"href":"https:\/\/medizinonline.com\/fr\/wp-json\/wp\/v2\/powerkit_post_featured?post=333933"}],"curies":[{"name":"wp","href":"https:\/\/api.w.org\/{rel}","templated":true}]}}