{"id":334383,"date":"2020-05-03T01:00:00","date_gmt":"2020-05-02T23:00:00","guid":{"rendered":"https:\/\/medizinonline.com\/evaluation-des-troubles-depressifs-en-soins-primaires\/"},"modified":"2020-05-03T01:00:00","modified_gmt":"2020-05-02T23:00:00","slug":"evaluation-des-troubles-depressifs-en-soins-primaires","status":"publish","type":"post","link":"https:\/\/medizinonline.com\/fr\/evaluation-des-troubles-depressifs-en-soins-primaires\/","title":{"rendered":"\u00c9valuation des troubles d\u00e9pressifs en soins primaires"},"content":{"rendered":"<p><strong>Pour am\u00e9liorer la prise en charge des sympt\u00f4mes d\u00e9pressifs en soins primaires, il existe des guidelines sp\u00e9cifiquement adapt\u00e9s \u00e0 ce contexte. Il n&#8217;est pas rare que les m\u00e9decins g\u00e9n\u00e9ralistes soient le premier ou le seul point de contact des patients d\u00e9pressifs. L&#8217;\u00e9tiologie peut \u00eatre tr\u00e8s variable. Des plaintes somatiques diffuses cachent parfois une d\u00e9pression larv\u00e9e.<\/strong><\/p>\n<p> <!--more--> <\/p>\n<p><sup>iFightDepression\u00ae<\/sup> [1] est un projet financ\u00e9 par la Commission europ\u00e9enne, dans le cadre duquel des fiches d&#8217;information ont \u00e9t\u00e9 \u00e9labor\u00e9es sur certains aspects de la maladie. Ni l&#8217;UE [2] ni l&#8217;OMS [3] ne fournissent leurs propres lignes directrices, mais abordent le sujet dans le cadre de l&#8217;agenda de la sant\u00e9. Les guidelines am\u00e9ricaines [4] et allemandes [5] se r\u00e9f\u00e8rent aux conditions culturelles et aux syst\u00e8mes de sant\u00e9 respectifs, qui diff\u00e8rent des conditions suisses.<\/p>\n<h2 id=\"guidelines-de-mednetbern\">Guidelines de Mednetbern<\/h2>\n<p>En compl\u00e9ment des directives sur le traitement somatique de la d\u00e9pression [6,7] et sur la psychoth\u00e9rapie de la d\u00e9pression [8], qui sont disponibles depuis longtemps en Suisse et qui ont \u00e9t\u00e9 \u00e9labor\u00e9es sous l&#8217;\u00e9gide des soci\u00e9t\u00e9s de psychiatrie, le r\u00e9seau de m\u00e9decins mednetbern [9] a d\u00e9velopp\u00e9 des directives sp\u00e9cifiquement adapt\u00e9es aux conditions et aux besoins du setting ambulatoire des soins primaires dans notre pays. Les utilisateurs cibl\u00e9s sont les m\u00e9decins et les recommandations s&#8217;appliquent aux adultes, quels que soient leur groupe d&#8217;\u00e2ge et leur sexe. Le pr\u00e9sent article contient un r\u00e9sum\u00e9 concis des lignes directrices valables dans leur version actuelle jusqu&#8217;en 2021 au moins.<\/p>\n<p>Les auteurs des lignes directrices d\u00e9finissent la d\u00e9pression comme suit [9] : &#8220;Syndrome neurobiologique avec de graves r\u00e9percussions psychologiques, mentales, physiques et sociales. Sympt\u00f4mes principaux : Humeur d\u00e9prim\u00e9e, manque de joie, alt\u00e9ration de l&#8217;estime de soi, de l&#8217;\u00e9tat physique et du sommeil (pr\u00e9valence \u00e0 vie de 15%). Non diagnostiqu\u00e9e et non trait\u00e9e, la maladie peut entra\u00eener la mort par suicide et avoir un impact n\u00e9gatif sur l&#8217;\u00e9volution de nombreuses maladies et sur la capacit\u00e9 de travail&#8221;.<\/p>\n<p>Le rationnel th\u00e9orique du manuel d&#8217;\u00e9valuation se base entre autres sur la proc\u00e9dure recommand\u00e9e au niveau international pour la prise en charge des troubles d\u00e9pressifs (CIM-10 : F32.- Episode d\u00e9pressif) [10]. L&#8217;objectif est de contribuer \u00e0 mieux identifier, \u00e9valuer et traiter la d\u00e9pression [9]. Cela inclut, entre autres, des conseils sur les m\u00e9dicaments, la capacit\u00e9 de travail et l&#8217;aptitude \u00e0 la conduite. Des crit\u00e8res de d\u00e9cision clairs ont \u00e9t\u00e9 d\u00e9finis pour le renvoi. Des questionnaires psychom\u00e9triques valid\u00e9s sont inclus comme outils pour une \u00e9valuation rationnelle. Le &#8220;Guideline Depression&#8221; de mednetbern est disponible gratuitement sur le web [11,12]: www.guidelines.fmh.ch ; www.mednetbern.ch<\/p>\n<h2 id=\"algorithme-de-diagnostic\">Algorithme de diagnostic<\/h2>\n<p>Selon la classification actuellement en vigueur, les crit\u00e8res suivants doivent \u00eatre remplis pour poser le diagnostic de &#8220;d\u00e9pression&#8221; : depuis au moins 4 semaines \u22652 sympt\u00f4mes principaux et au total \u22654 sympt\u00f4mes principaux et suppl\u00e9mentaires qui ne peuvent pas \u00eatre attribu\u00e9s \u00e0 l&#8217;abus de substances psychotropes. Un \u00e9pisode d\u00e9pressif li\u00e9 \u00e0 une maladie somatique ou \u00e0 des m\u00e9dicaments est consid\u00e9r\u00e9 comme un trouble mental organique (F06.32) [10].<\/p>\n<p>En termes de diagnostic diff\u00e9rentiel, il convient notamment de faire la distinction entre la r\u00e9action de deuil, le trouble de l&#8217;adaptation, les troubles li\u00e9s \u00e0 la d\u00e9pendance \u00e0 une substance et d&#8217;autres maladies psychiques. Les sympt\u00f4mes physiques (par exemple la perte de poids) doivent toujours \u00eatre examin\u00e9s.<\/p>\n<p>Il existe un grand nombre d&#8217;outils de diagnostic qui peuvent \u00eatre utilis\u00e9s comme aide. Les Guidelines de mednet Bern recommandent les proc\u00e9dures suivantes : a) Test en deux questions [13]: b) une \u00e9valuation diagnostique en trois parties, c) \u00e9valuation combin\u00e9e de la d\u00e9pression <strong>(aper\u00e7u 1).<\/strong><\/p>\n<p>&nbsp;<\/p>\n<p><img fetchpriority=\"high\" decoding=\"async\" class=\" size-full wp-image-13214\" alt=\"\" src=\"https:\/\/medizinonline.com\/wp-content\/uploads\/2020\/05\/ubersicht1_hp2_s19.png\" style=\"height:452px; width:600px\" width=\"1100\" height=\"828\"><\/p>\n<p>&nbsp;<\/p>\n<h2 id=\"recommandations-de-traitement\">Recommandations de traitement<\/h2>\n<p>Sur la base des r\u00e9sultats de l&#8217;\u00e9valuation, un traitement peut \u00eatre mis en place dans le but d&#8217;atteindre la gu\u00e9rison ou la r\u00e9mission, de r\u00e9duire la mortalit\u00e9, notamment par suicide, et d&#8217;\u00e9viter les rechutes et les r\u00e9cidives [9]. Chaque patient peut recevoir des mesures\/conseils g\u00e9n\u00e9raux (counselling) par l&#8217;interm\u00e9diaire de son m\u00e9decin g\u00e9n\u00e9raliste. La psychoth\u00e9rapie et la pharmacoth\u00e9rapie constituent des mesures th\u00e9rapeutiques suppl\u00e9mentaires. En cas d&#8217;\u00e9pisodes d\u00e9pressifs l\u00e9gers ou mod\u00e9r\u00e9s, la pr\u00e9f\u00e9rence du patient doit d\u00e9terminer quelle mesure doit \u00eatre appliqu\u00e9e en premier. En cas d&#8217;\u00e9pisodes d\u00e9pressifs l\u00e9gers, les antid\u00e9presseurs ne doivent \u00eatre utilis\u00e9s en premi\u00e8re intention qu&#8217;apr\u00e8s une \u00e9valuation particuli\u00e8rement critique du rapport b\u00e9n\u00e9fice\/risque. En cas d&#8217;\u00e9pisodes d\u00e9pressifs majeurs, la combinaison d&#8217;une psychoth\u00e9rapie et d&#8217;une pharmacoth\u00e9rapie est obligatoire.<\/p>\n<p><strong>Mesures g\u00e9n\u00e9rales (counselling) : <\/strong>La prise de d\u00e9cision participative favorise la compr\u00e9hension et l&#8217;engagement\/l&#8217;adh\u00e9sion.<\/p>\n<p><strong>Mode de vie :<\/strong> l&#8217;hygi\u00e8ne du sommeil, une alimentation r\u00e9guli\u00e8re et l&#8217;exercice physique (au moins 2 \u00e0 3 fois par semaine, 30 \u00e0 45 minutes d&#8217;entra\u00eenement d&#8217;endurance) doivent \u00eatre recommand\u00e9s. Les effets nocifs de l&#8217;alcool et des drogues doivent \u00eatre soulign\u00e9s.<\/p>\n<p><strong>Conseil\/counselling : <\/strong>\u00e9ducation, entretiens psycho-\u00e9ducatifs et de soutien, auto-assistance qualifi\u00e9e et guid\u00e9e, approches de r\u00e9solution de probl\u00e8mes.<br \/>\nPharmacoth\u00e9rapie : l&#8217;indication d&#8217;un produit donn\u00e9 doit \u00eatre d\u00e9termin\u00e9e par le profil individuel d&#8217;effets secondaires et de risques.<\/p>\n<ul>\n<li>1er choix : ISRS (inhibiteurs s\u00e9lectifs de la recapture de la s\u00e9rotonine) : Escitalopram, Sertraline, Fluoxetine.<\/li>\n<li>2\u00e8me choix : SNRI (inhibiteurs s\u00e9lectifs de la recapture de la noradr\u00e9naline) : Venlafaxine, Dulox\u00e9tine. Important : en cas d&#8217;\u00e9pisode d\u00e9pressif majeur (F32.2) [10], la venlafaxine est le m\u00e9dicament de premier choix.<\/li>\n<li>3. cas particuliers : selon les guidelines (page 3) [12], par exemple, en fonction de la situation, mirtazapine en cas de troubles du sommeil, dulox\u00e9tine ou amitriptyline en cas de douleurs chroniques.<\/li>\n<li>4. strat\u00e9gies en cas d&#8217;inefficacit\u00e9 : changement d&#8217;antid\u00e9presseur, augmentation des doses, associations de l&#8217;antid\u00e9presseur avec la psychoth\u00e9rapie, augmentation (association d&#8217;un antid\u00e9presseur avec la mirtazapine, les neuroleptiques atypiques, l&#8217;hormone thyro\u00efdienne, le lithium).<\/li>\n<\/ul>\n<p><strong>Psychoth\u00e9rapie :<\/strong> les patients pour lesquels une psychoth\u00e9rapie est indiqu\u00e9e peuvent \u00eatre adress\u00e9s \u00e0 des sp\u00e9cialistes : La th\u00e9rapie cognitivo-comportementale, la psychoth\u00e9rapie par la parole ou la psychoth\u00e9rapie psychodynamique\/analytique sont des m\u00e9thodes de traitement de la d\u00e9pression efficaces et fond\u00e9es sur des donn\u00e9es probantes [20,21].<\/p>\n<p>&nbsp;<\/p>\n<p><img decoding=\"async\" class=\"size-full wp-image-13215 lazyload\" alt=\"\" data-src=\"https:\/\/medizinonline.com\/wp-content\/uploads\/2020\/05\/zusammenfassung_s20.png\" style=\"--smush-placeholder-width: 1100px; --smush-placeholder-aspect-ratio: 1100\/727;height:397px; width:600px\" width=\"1100\" height=\"727\" src=\"data:image\/svg+xml;base64,PHN2ZyB3aWR0aD0iMSIgaGVpZ2h0PSIxIiB4bWxucz0iaHR0cDovL3d3dy53My5vcmcvMjAwMC9zdmciPjwvc3ZnPg==\"><\/p>\n<p>&nbsp;<\/p>\n<p><strong>Algorithme de traitement : <\/strong>les mesures th\u00e9rapeutiques doivent \u00eatre adapt\u00e9es \u00e0 la gravit\u00e9 de l&#8217;\u00e9pisode d\u00e9pressif et \u00eatre poursuivies pendant des p\u00e9riodes clairement d\u00e9finies, m\u00eame apr\u00e8s am\u00e9lioration ou r\u00e9mission. Dans un premier temps, il est recommand\u00e9 de mettre en place des mesures\/conseils g\u00e9n\u00e9raux (counselling) pour tous les patients. S&#8217;il s&#8217;agit d&#8217;une d\u00e9pression l\u00e9g\u00e8re, il est possible d&#8217;attendre une p\u00e9riode de 14 jours avant d&#8217;entreprendre des mesures pharmacoth\u00e9rapeutiques ou psychoth\u00e9rapeutiques (&#8220;watchful waiting&#8221;). En cas de d\u00e9pression l\u00e9g\u00e8re ou mod\u00e9r\u00e9e, il est conseill\u00e9 de recourir \u00e0 un antid\u00e9presseur ou \u00e0 une psychoth\u00e9rapie. Pour les \u00e9pisodes d\u00e9pressifs majeurs, il est recommand\u00e9 d&#8217;associer m\u00e9dicaments et psychoth\u00e9rapie.<\/p>\n<p><strong>Suivi : <\/strong>la r\u00e9ponse au traitement doit \u00eatre \u00e9valu\u00e9e sur&nbsp; \u00e0 des intervalles de 14 jours. Si la r\u00e9duction de la symptomatologie d\u00e9pressive dans le questionnaire de suivi du PHQ-9 [19] est inf\u00e9rieure \u00e0 50%, l&#8217;observance doit \u00eatre remise en question, le traitement modifi\u00e9 ou le patient r\u00e9orient\u00e9.<\/p>\n<p><strong>Orientation : <\/strong>en urgence, vers un service d&#8217;urgences psychiatriques ou un h\u00f4pital psychiatrique : en cas de mise en danger de soi ou d&#8217;autrui, de d\u00e9pressions tr\u00e8s graves, de d\u00e9pressions avec sympt\u00f4mes psychotiques. R\u00e9guli\u00e8rement, \u00e0 un psychiatre \u00e9tabli : en cas de d\u00e9pression mod\u00e9r\u00e9e \u00e0 s\u00e9v\u00e8re, de troubles psychiatriques concomitants (par ex. abus de substances), de r\u00e9sistance \u00e0 la th\u00e9rapie.<\/p>\n<p>&nbsp;<\/p>\n<p>\nLitt\u00e9rature :<\/p>\n<ol>\n<li>Alliance europ\u00e9enne contre la d\u00e9pression : <sup>iFightDepression\u00ae<\/sup>, http:\/\/ifightdepression.com\/de\/<\/li>\n<li>Commission europ\u00e9enne : mesures contre la d\u00e9pression, http:\/\/ec.europa.eu\/health\/ph_determinants\/life_style\/mental\/docs\/depression_de.pdf<\/li>\n<li>WHO Media Centre : D\u00e9pression. www.who.int\/mediacentre\/factsheets\/fs369\/en\/<\/li>\n<li>Gelenberg AJ, et al. : Practice guideline for the treatment of patients with major depressive disorder, third edition. https:\/\/psychiatryonline.org\/pb\/assets\/raw\/sitewide\/practice_guidelines\/guidelines\/mdd.pdf<\/li>\n<li>DGPPN : Ligne directrice S3 et ligne directrice nationale de soins (NVL) D\u00e9pression unipolaire. www.dgppn.de\/leitlinien-publikationen\/leitlinien.html<\/li>\n<li>Holsboer-Trachsler E, et al. : Le traitement somatique des troubles d\u00e9pressifs unipolaires 1\u00e8re partie. Forum Med Suisse 2010 ; 10(46) : 802-809.  &nbsp;<\/li>\n<li>Holsboer-Trachsler E, et al. : Le traitement somatique des troubles d\u00e9pressifs unipolaires 2\u00e8me partie. Forum M\u00e9dical Suisse. 2010;10(47):818-22.<\/li>\n<li>K\u00fcchenhoff J : Psychoth\u00e9rapie de la d\u00e9pression. Recommandations de traitement pour la psychoth\u00e9rapie de la d\u00e9pression. www.psychiatrie.ch\/sgpp\/<\/li>\n<li>Giania A, et al. : Guidelines pour les m\u00e9decins de premier recours : D\u00e9pression. Directive de mednetbern. Prim Hosp Care (fr) 2018 ; 18(05) : 78-81.<\/li>\n<li>CIM-10, www.icd-code.de<\/li>\n<\/ol>\n<p>&nbsp;<\/p>\n<p><em>PRATIQUE DU M\u00c9DECIN DE FAMILLE 2020 ; 15(2) : 19-20<\/em><\/p>\n","protected":false},"excerpt":{"rendered":"<p>Pour am\u00e9liorer la prise en charge des sympt\u00f4mes d\u00e9pressifs en soins primaires, il existe des guidelines sp\u00e9cifiquement adapt\u00e9s \u00e0 ce contexte. Il n&#8217;est pas rare que les m\u00e9decins g\u00e9n\u00e9ralistes soient&hellip;<\/p>\n","protected":false},"author":7,"featured_media":94423,"comment_status":"closed","ping_status":"","sticky":false,"template":"","format":"standard","meta":{"_acf_changed":false,"pmpro_default_level":"","cat_1_feature_home_top":false,"cat_2_editor_pick":false,"csco_eyebrow_text":"Soins g\u00e9r\u00e9s","footnotes":""},"category":[11531,11315,11489,11549],"tags":[14976,25659],"powerkit_post_featured":[],"class_list":["post-334383","post","type-post","status-publish","format-standard","has-post-thumbnail","category-formation-continue","category-medecine-interne-generale","category-psychiatrie-et-psychotherapie","category-rx-fr","tag-depression-fr","tag-soins-geres","pmpro-has-access"],"acf":[],"publishpress_future_action":{"enabled":false,"date":"2026-05-08 19:41:04","action":"change-status","newStatus":"draft","terms":[],"taxonomy":"category","extraData":[]},"publishpress_future_workflow_manual_trigger":{"enabledWorkflows":[]},"wpml_current_locale":"fr_FR","wpml_translations":{"it_IT":{"locale":"it_IT","id":334389,"slug":"valutazione-dei-disturbi-depressivi-nellassistenza-primaria","post_title":"Valutazione dei disturbi depressivi nell'assistenza primaria","href":"https:\/\/medizinonline.com\/it\/valutazione-dei-disturbi-depressivi-nellassistenza-primaria\/"},"pt_PT":{"locale":"pt_PT","id":334354,"slug":"avaliacao-das-perturbacoes-depressivas-nos-cuidados-primarios","post_title":"Avalia\u00e7\u00e3o das perturba\u00e7\u00f5es depressivas nos cuidados prim\u00e1rios","href":"https:\/\/medizinonline.com\/pt-pt\/avaliacao-das-perturbacoes-depressivas-nos-cuidados-primarios\/"},"es_ES":{"locale":"es_ES","id":334364,"slug":"evaluacion-de-los-trastornos-depresivos-en-atencion-primaria","post_title":"Evaluaci\u00f3n de los trastornos depresivos en atenci\u00f3n primaria","href":"https:\/\/medizinonline.com\/es\/evaluacion-de-los-trastornos-depresivos-en-atencion-primaria\/"}},"_links":{"self":[{"href":"https:\/\/medizinonline.com\/fr\/wp-json\/wp\/v2\/posts\/334383","targetHints":{"allow":["GET"]}}],"collection":[{"href":"https:\/\/medizinonline.com\/fr\/wp-json\/wp\/v2\/posts"}],"about":[{"href":"https:\/\/medizinonline.com\/fr\/wp-json\/wp\/v2\/types\/post"}],"author":[{"embeddable":true,"href":"https:\/\/medizinonline.com\/fr\/wp-json\/wp\/v2\/users\/7"}],"replies":[{"embeddable":true,"href":"https:\/\/medizinonline.com\/fr\/wp-json\/wp\/v2\/comments?post=334383"}],"version-history":[{"count":0,"href":"https:\/\/medizinonline.com\/fr\/wp-json\/wp\/v2\/posts\/334383\/revisions"}],"wp:featuredmedia":[{"embeddable":true,"href":"https:\/\/medizinonline.com\/fr\/wp-json\/wp\/v2\/media\/94423"}],"wp:attachment":[{"href":"https:\/\/medizinonline.com\/fr\/wp-json\/wp\/v2\/media?parent=334383"}],"wp:term":[{"taxonomy":"category","embeddable":true,"href":"https:\/\/medizinonline.com\/fr\/wp-json\/wp\/v2\/category?post=334383"},{"taxonomy":"post_tag","embeddable":true,"href":"https:\/\/medizinonline.com\/fr\/wp-json\/wp\/v2\/tags?post=334383"},{"taxonomy":"powerkit_post_featured","embeddable":true,"href":"https:\/\/medizinonline.com\/fr\/wp-json\/wp\/v2\/powerkit_post_featured?post=334383"}],"curies":[{"name":"wp","href":"https:\/\/api.w.org\/{rel}","templated":true}]}}