{"id":334627,"date":"2020-03-26T01:00:00","date_gmt":"2020-03-26T00:00:00","guid":{"rendered":"https:\/\/medizinonline.com\/protection-renforcee-pour-les-personnes-particulierement-vulnerables\/"},"modified":"2020-03-26T01:00:00","modified_gmt":"2020-03-26T00:00:00","slug":"protection-renforcee-pour-les-personnes-particulierement-vulnerables","status":"publish","type":"post","link":"https:\/\/medizinonline.com\/fr\/protection-renforcee-pour-les-personnes-particulierement-vulnerables\/","title":{"rendered":"Protection renforc\u00e9e pour les personnes particuli\u00e8rement vuln\u00e9rables"},"content":{"rendered":"<p><strong>Pour la plupart des gens, une maladie due au nouveau coronavirus est inoffensive. Toutefois, le virus peut \u00eatre dangereux pour les personnes \u00e2g\u00e9es de 65 ans et plus et pour les personnes ayant des ant\u00e9c\u00e9dents m\u00e9dicaux. C&#8217;est pourquoi la protection des personnes particuli\u00e8rement vuln\u00e9rables est d\u00e9sormais au c\u0153ur des mesures.<\/strong><\/p>\n<p> <!--more--> <\/p>\n<p>L&#8217;Organisation mondiale de la sant\u00e9 (OMS) a d\u00e9clar\u00e9 l&#8217;\u00e9tat d&#8217;urgence sanitaire international [1]. Cela signifie que tous les pays membres de l&#8217;OMS sont invit\u00e9s \u00e0 coordonner entre eux les mesures d&#8217;urgence recommand\u00e9es par l&#8217;organisation pour \u00e9viter toute propagation suppl\u00e9mentaire. Les experts mettent toutefois en garde contre la panique et soulignent qu&#8217;il est tr\u00e8s important de garder son calme et de prendre des mesures pr\u00e9ventives dans la situation actuelle. Ceci est particuli\u00e8rement vrai pour les personnes qui sont particuli\u00e8rement susceptibles de tomber gravement malades. Il s&#8217;agit notamment des personnes \u00e2g\u00e9es de 65 ans et plus et des personnes souffrant d&#8217;une maladie pr\u00e9existante telle que l&#8217;hypertension, une maladie respiratoire chronique, le diab\u00e8te, une maladie cardiovasculaire, un cancer ainsi que des maladies et des th\u00e9rapies qui affaiblissent le syst\u00e8me immunitaire [2].<\/p>\n<p>&nbsp;<\/p>\n<p><img fetchpriority=\"high\" decoding=\"async\" class=\" size-full wp-image-13488\" alt=\"\" src=\"https:\/\/medizinonline.com\/wp-content\/uploads\/2020\/03\/ubersicht1_cv1_s39.png\" style=\"height:416px; width:600px\" width=\"1100\" height=\"763\" srcset=\"https:\/\/medizinonline.com\/wp-content\/uploads\/2020\/03\/ubersicht1_cv1_s39.png 1100w, https:\/\/medizinonline.com\/wp-content\/uploads\/2020\/03\/ubersicht1_cv1_s39-800x555.png 800w, https:\/\/medizinonline.com\/wp-content\/uploads\/2020\/03\/ubersicht1_cv1_s39-120x83.png 120w, https:\/\/medizinonline.com\/wp-content\/uploads\/2020\/03\/ubersicht1_cv1_s39-90x62.png 90w, https:\/\/medizinonline.com\/wp-content\/uploads\/2020\/03\/ubersicht1_cv1_s39-320x222.png 320w, https:\/\/medizinonline.com\/wp-content\/uploads\/2020\/03\/ubersicht1_cv1_s39-560x388.png 560w\" sizes=\"(max-width: 1100px) 100vw, 1100px\" \/><\/p>\n<p>&nbsp;<\/p>\n<p>Jusqu&#8217;\u00e0 pr\u00e9sent, l&#8217;objectif principal de la lutte contre la propagation du coronavirus \u00e9tait de d\u00e9tecter et de traiter les personnes infect\u00e9es \u00e0 un stade pr\u00e9coce, d&#8217;identifier les cha\u00eenes de transmission et d&#8217;emp\u00eacher toute nouvelle transmission. Comme les manifestations de masse peuvent entra\u00eener de nombreuses contaminations qui ne peuvent pas \u00eatre retrac\u00e9es par la suite, elles ont \u00e9t\u00e9 temporairement interdites. Les mesures g\u00e9n\u00e9rales telles que se laver soigneusement les mains ou \u00e9ternuer dans le creux du bras font d&#8217;embl\u00e9e partie du quotidien du personnel m\u00e9dical. En revanche, il n&#8217;est gu\u00e8re possible d&#8217;\u00e9viter les personnes malades et de garder ses distances. Le risque d&#8217;infection doit donc \u00eatre r\u00e9duit au minimum par des mesures appropri\u00e9es<strong> (tableau 1).<\/strong> La version r\u00e9guli\u00e8rement mise \u00e0 jour des directives et recommandations valables pour la Suisse est disponible sur le site www.bag.admin.ch [3].<\/p>\n<p>&nbsp;<\/p>\n<p>Litt\u00e9rature :<\/p>\n<ol>\n<li>www.who.int\/health-topics\/coronavirus, dernier appel 07.03.2020<\/li>\n<li>www.bag.admin.ch\/bag\/de\/home\/das-bag\/aktuell\/medienmitteilungen.msg-id-78381.html, dernier appel 07.03.2020<\/li>\n<li>www.bag.admin.ch\/bag\/de\/home\/krankheiten\/infektionskrankheiten-bekaempfen\/meldesysteme-infektionskrankheiten\/meldepflichtige-ik\/meldeformulare.html, dernier appel 07.03.2020<\/li>\n<\/ol>\n<p>&nbsp;<\/p>\n<p><em>CARDIOVASC 2020 ; 19(1) : 39<\/em><\/p>\n","protected":false},"excerpt":{"rendered":"<p>Pour la plupart des gens, une maladie due au nouveau coronavirus est inoffensive. Toutefois, le virus peut \u00eatre dangereux pour les personnes \u00e2g\u00e9es de 65 ans et plus et pour&hellip;<\/p>\n","protected":false},"author":7,"featured_media":95477,"comment_status":"closed","ping_status":"","sticky":false,"template":"","format":"standard","meta":{"_acf_changed":false,"pmpro_default_level":"","cat_1_feature_home_top":false,"cat_2_editor_pick":false,"csco_eyebrow_text":"Coronavirus","footnotes":""},"category":[11523,11428,11315,11482,11549],"tags":[13253,13255,13191,25961],"powerkit_post_featured":[],"class_list":["post-334627","post","type-post","status-publish","format-standard","has-post-thumbnail","category-actualites","category-infectiologie","category-medecine-interne-generale","category-prevention-et-soins-de-sante","category-rx-fr","tag-corona-fr","tag-covid-fr","tag-covid-19-fr","tag-covid19-fr","pmpro-has-access"],"acf":[],"publishpress_future_action":{"enabled":false,"date":"2026-05-02 07:26:25","action":"change-status","newStatus":"draft","terms":[],"taxonomy":"category","extraData":[]},"publishpress_future_workflow_manual_trigger":{"enabledWorkflows":[]},"wpml_current_locale":"fr_FR","wpml_translations":{"it_IT":{"locale":"it_IT","id":334640,"slug":"maggiore-protezione-per-le-persone-particolarmente-vulnerabili","post_title":"Maggiore protezione per le persone particolarmente vulnerabili","href":"https:\/\/medizinonline.com\/it\/maggiore-protezione-per-le-persone-particolarmente-vulnerabili\/"},"pt_PT":{"locale":"pt_PT","id":334649,"slug":"aumento-da-proteccao-para-pessoas-particularmente-vulneraveis","post_title":"Aumento da protec\u00e7\u00e3o para pessoas particularmente vulner\u00e1veis","href":"https:\/\/medizinonline.com\/pt-pt\/aumento-da-proteccao-para-pessoas-particularmente-vulneraveis\/"},"es_ES":{"locale":"es_ES","id":334663,"slug":"mayor-proteccion-para-las-personas-especialmente-vulnerables","post_title":"Mayor protecci\u00f3n para las personas especialmente vulnerables","href":"https:\/\/medizinonline.com\/es\/mayor-proteccion-para-las-personas-especialmente-vulnerables\/"}},"_links":{"self":[{"href":"https:\/\/medizinonline.com\/fr\/wp-json\/wp\/v2\/posts\/334627","targetHints":{"allow":["GET"]}}],"collection":[{"href":"https:\/\/medizinonline.com\/fr\/wp-json\/wp\/v2\/posts"}],"about":[{"href":"https:\/\/medizinonline.com\/fr\/wp-json\/wp\/v2\/types\/post"}],"author":[{"embeddable":true,"href":"https:\/\/medizinonline.com\/fr\/wp-json\/wp\/v2\/users\/7"}],"replies":[{"embeddable":true,"href":"https:\/\/medizinonline.com\/fr\/wp-json\/wp\/v2\/comments?post=334627"}],"version-history":[{"count":0,"href":"https:\/\/medizinonline.com\/fr\/wp-json\/wp\/v2\/posts\/334627\/revisions"}],"wp:featuredmedia":[{"embeddable":true,"href":"https:\/\/medizinonline.com\/fr\/wp-json\/wp\/v2\/media\/95477"}],"wp:attachment":[{"href":"https:\/\/medizinonline.com\/fr\/wp-json\/wp\/v2\/media?parent=334627"}],"wp:term":[{"taxonomy":"category","embeddable":true,"href":"https:\/\/medizinonline.com\/fr\/wp-json\/wp\/v2\/category?post=334627"},{"taxonomy":"post_tag","embeddable":true,"href":"https:\/\/medizinonline.com\/fr\/wp-json\/wp\/v2\/tags?post=334627"},{"taxonomy":"powerkit_post_featured","embeddable":true,"href":"https:\/\/medizinonline.com\/fr\/wp-json\/wp\/v2\/powerkit_post_featured?post=334627"}],"curies":[{"name":"wp","href":"https:\/\/api.w.org\/{rel}","templated":true}]}}