{"id":334645,"date":"2020-03-23T01:00:00","date_gmt":"2020-03-23T00:00:00","guid":{"rendered":"https:\/\/medizinonline.com\/lallergie-comme-punition-des-dieux-arbres\/"},"modified":"2020-03-23T01:00:00","modified_gmt":"2020-03-23T00:00:00","slug":"lallergie-comme-punition-des-dieux-arbres","status":"publish","type":"post","link":"https:\/\/medizinonline.com\/fr\/lallergie-comme-punition-des-dieux-arbres\/","title":{"rendered":"L&#8217;allergie comme punition des dieux (arbres)"},"content":{"rendered":"<p><strong>Seuls 6 \u00e0 8 des types de pollen pr\u00e9sents en Europe centrale provoquent effectivement des maladies telles que le rhume des foins et l&#8217;asthme allergique. Le potentiel allerg\u00e8ne des arbres urbains n&#8217;a gu\u00e8re \u00e9t\u00e9 mis en avant jusqu&#8217;\u00e0 pr\u00e9sent. L&#8217;arbre des dieux est maintenant dans la ligne de mire.<\/strong><\/p>\n<p> <!--more--> <\/p>\n<p>Le Dr Paloma Carinanos de l&#8217;Universit\u00e9 de Grenade et ses coll\u00e8gues ont class\u00e9 23 parcs de la r\u00e9gion m\u00e9diterran\u00e9enne [1]. Ce sont les oliviers, les cypr\u00e8s, les fagac\u00e9es et les platanes qui y jouent le r\u00f4le le plus important dans le d\u00e9clenchement d&#8217;allergies en milieu urbain. Les scientifiques ont finalement d\u00e9velopp\u00e9 pour l&#8217;Europe ce que l&#8217;on appelle l&#8217;indice d&#8217;allerg\u00e9nicit\u00e9 des zones vertes (Urban Green Zone Allergenicity). Il y est notamment indiqu\u00e9 l&#8217;allerg\u00e9nicit\u00e9 de l&#8217;olivier, par exemple, par rapport \u00e0 d&#8217;autres arbres, le nombre d&#8217;arbres pr\u00e9sents \u00e0 l&#8217;endroit indiqu\u00e9, leur espacement et leur hauteur. Ils ont ainsi \u00e9tabli une liste des parcs qui conviennent aux personnes allergiques et de ceux qu&#8217;il vaut mieux \u00e9viter. &#8220;Ici aussi, nos villes ont besoin d&#8217;une planification des plantations d&#8217;un point de vue allergologique&#8221;, a comment\u00e9 le professeur Karl-Christian Bergmann, allergologue \u00e0 Berlin, lors de l&#8217;Allergo-Update. Les allergologues, p\u00e9diatres, m\u00e9decins de l&#8217;environnement et autres sp\u00e9cialistes devraient \u00eatre impliqu\u00e9s dans les discussions avec les urbanistes. &#8220;Impliquez-vous dans votre ville ou votre communaut\u00e9. Devise : ne pas abattre, mais r\u00e9fl\u00e9chir en replantant&#8221; !<\/p>\n<p>L&#8217;arbre des dieux (Ailanthus altissima) est un nouveau venu dans le collimateur des allergologues. Il s&#8217;agit d&#8217;un arbre \u00e0 feuilles caduques originaire du Vietnam et de Chine, mais que l&#8217;on trouve \u00e9galement sur le site de la Charit\u00e9 \u00e0 Berlin et qui se r\u00e9pand \u00e0 l&#8217;\u00e9tat sauvage sur le territoire de la capitale allemande. L&#8217;arbre divin colonise de pr\u00e9f\u00e9rence les endroits chauds et ensoleill\u00e9s et est donc volontiers pr\u00e9sent dans les \u00eelots de chaleur urbains. La croissance est consid\u00e9rable, il faut donc s&#8217;attendre \u00e0 une propagation accrue \u00e0 l&#8217;avenir, \u00e0 partir de l&#8217;\u00e2ge de 3 ans, l&#8217;arbre produit des graines. Il fleurit en juin et juillet et est pollinis\u00e9 par les insectes, mais le pollen se propage \u00e9galement par le vent.<\/p>\n<p>En Chine, un patient sur deux souffrant du rhume des foins voit sa rhinite allergique d\u00e9clench\u00e9e par ce pollen d&#8217;arbre divin. Le professeur Bergmann et ses coll\u00e8gues se sont alors demand\u00e9 quelle \u00e9tait la situation \u00e0 Berlin [2]. &#8220;Nous avons identifi\u00e9 les premiers patients sensibilis\u00e9s \u00e0 l&#8217;ailante. Lors d&#8217;une provocation nasale avec du pollen d&#8217;ailanthe, nous avons observ\u00e9 une baisse du flux nasal&#8221;. Par cons\u00e9quent, le flux inspiratoire nasal positif (PNIF, L) a diminu\u00e9 dans les deux parties du nez avant, 10 min apr\u00e8s NaCl et 15 min apr\u00e8s le pollen d&#8217;ailanthe.  <strong>(Fig. 1).<\/strong><\/p>\n<p>&nbsp;<\/p>\n<p><img fetchpriority=\"high\" decoding=\"async\" class=\" size-full wp-image-13573\" alt=\"\" src=\"https:\/\/medizinonline.com\/wp-content\/uploads\/2020\/03\/abb1_pa1_s29.png\" style=\"height:536px; width:400px\" width=\"759\" height=\"1017\"><\/p>\n<p>&nbsp;<\/p>\n<p>Par cons\u00e9quent, m\u00eame sous nos latitudes, les personnes sensibilis\u00e9es peuvent r\u00e9agir par le nez \u00e0 l&#8217;arbre divin. L&#8217;Union europ\u00e9enne a r\u00e9agi en inscrivant le gaulth\u00e9rie sur la &#8220;liste des esp\u00e8ces exotiques envahissantes d&#8217;importance communautaire&#8221; en 2019. L&#8217;arbre est ainsi plac\u00e9 sous surveillance et l&#8217;importation, le commerce et la plantation de l&#8217;arbre dans l&#8217;espace public sont interdits.<\/p>\n<p><em>Source : Allergo-Update Berlin (D)<\/em><\/p>\n<p>&nbsp;<\/p>\n<p>\nLitt\u00e9rature :<\/p>\n<ol>\n<li>Carinanos P, et al : Int J Environ Res Public Health 2019;16 : doi : 10.3390\/ijerph16081357<\/li>\n<li>Bergmann KC, et al : Allergo J. Int 2020 accept\u00e9. DOI: 10.1007\/s40629-020-00122-w<\/li>\n<\/ol>\n<p>&nbsp;<\/p>\n<p><em>InFo PNEUMOLOGIE &amp; ALLERGOLOGIE 2020 ; 2(1) : 29<\/em><\/p>\n","protected":false},"excerpt":{"rendered":"<p>Seuls 6 \u00e0 8 des types de pollen pr\u00e9sents en Europe centrale provoquent effectivement des maladies telles que le rhume des foins et l&#8217;asthme allergique. Le potentiel allerg\u00e8ne des arbres&hellip;<\/p>\n","protected":false},"author":7,"featured_media":95777,"comment_status":"closed","ping_status":"","sticky":false,"template":"","format":"standard","meta":{"_acf_changed":false,"pmpro_default_level":"","cat_1_feature_home_top":false,"cat_2_editor_pick":false,"csco_eyebrow_text":"Pollen d'arbre ","footnotes":""},"category":[11349,11315,11477,11535,11549],"tags":[25189,19879,25973,22789],"powerkit_post_featured":[],"class_list":["post-334645","post","type-post","status-publish","format-standard","has-post-thumbnail","category-allergologie-et-immunologie-clinique","category-medecine-interne-generale","category-pneumologie-fr","category-rapports-de-congres","category-rx-fr","tag-allergenes","tag-allergie-au-pollen","tag-flux-inspiratoire","tag-pollen-darbre","pmpro-has-access"],"acf":[],"publishpress_future_action":{"enabled":false,"date":"2026-05-04 03:20:33","action":"change-status","newStatus":"draft","terms":[],"taxonomy":"category","extraData":[]},"publishpress_future_workflow_manual_trigger":{"enabledWorkflows":[]},"wpml_current_locale":"fr_FR","wpml_translations":{"it_IT":{"locale":"it_IT","id":334657,"slug":"lallergia-come-punizione-degli-dei-alberi","post_title":"L'allergia come punizione degli dei (alberi)","href":"https:\/\/medizinonline.com\/it\/lallergia-come-punizione-degli-dei-alberi\/"},"pt_PT":{"locale":"pt_PT","id":334667,"slug":"alergia-como-castigo-dos-deusesarvores","post_title":"Alergia como castigo dos deuses(\u00e1rvores)","href":"https:\/\/medizinonline.com\/pt-pt\/alergia-como-castigo-dos-deusesarvores\/"},"es_ES":{"locale":"es_ES","id":334632,"slug":"la-alergia-como-castigo-de-los-diosesarboles","post_title":"La alergia como castigo de los dioses(\u00e1rboles)","href":"https:\/\/medizinonline.com\/es\/la-alergia-como-castigo-de-los-diosesarboles\/"}},"_links":{"self":[{"href":"https:\/\/medizinonline.com\/fr\/wp-json\/wp\/v2\/posts\/334645","targetHints":{"allow":["GET"]}}],"collection":[{"href":"https:\/\/medizinonline.com\/fr\/wp-json\/wp\/v2\/posts"}],"about":[{"href":"https:\/\/medizinonline.com\/fr\/wp-json\/wp\/v2\/types\/post"}],"author":[{"embeddable":true,"href":"https:\/\/medizinonline.com\/fr\/wp-json\/wp\/v2\/users\/7"}],"replies":[{"embeddable":true,"href":"https:\/\/medizinonline.com\/fr\/wp-json\/wp\/v2\/comments?post=334645"}],"version-history":[{"count":0,"href":"https:\/\/medizinonline.com\/fr\/wp-json\/wp\/v2\/posts\/334645\/revisions"}],"wp:featuredmedia":[{"embeddable":true,"href":"https:\/\/medizinonline.com\/fr\/wp-json\/wp\/v2\/media\/95777"}],"wp:attachment":[{"href":"https:\/\/medizinonline.com\/fr\/wp-json\/wp\/v2\/media?parent=334645"}],"wp:term":[{"taxonomy":"category","embeddable":true,"href":"https:\/\/medizinonline.com\/fr\/wp-json\/wp\/v2\/category?post=334645"},{"taxonomy":"post_tag","embeddable":true,"href":"https:\/\/medizinonline.com\/fr\/wp-json\/wp\/v2\/tags?post=334645"},{"taxonomy":"powerkit_post_featured","embeddable":true,"href":"https:\/\/medizinonline.com\/fr\/wp-json\/wp\/v2\/powerkit_post_featured?post=334645"}],"curies":[{"name":"wp","href":"https:\/\/api.w.org\/{rel}","templated":true}]}}