{"id":334698,"date":"2020-03-06T01:00:00","date_gmt":"2020-03-06T00:00:00","guid":{"rendered":"https:\/\/medizinonline.com\/nouvelle-option-en-cas-dallergie-a-lambroisie\/"},"modified":"2020-03-06T01:00:00","modified_gmt":"2020-03-06T00:00:00","slug":"nouvelle-option-en-cas-dallergie-a-lambroisie","status":"publish","type":"post","link":"https:\/\/medizinonline.com\/fr\/nouvelle-option-en-cas-dallergie-a-lambroisie\/","title":{"rendered":"Nouvelle option en cas d&#8217;allergie \u00e0 l&#8217;ambroisie"},"content":{"rendered":"<p><strong>L&#8217;ambroisie est hautement allerg\u00e8ne et pose probl\u00e8me \u00e0 de plus en plus de personnes allergiques en Suisse \u00e9galement. En Allemagne, c&#8217;est la premi\u00e8re fois qu&#8217;un comprim\u00e9 d&#8217;allerg\u00e8ne est autoris\u00e9 pour une immunoth\u00e9rapie sp\u00e9cifique (SIT) en cas d&#8217;allergie au pollen d&#8217;ambroisie (ragweed).<\/strong><\/p>\n<p> <!--more--> <\/p>\n<p>Avec <sup>RAGWIZAX\u00ae<\/sup>, le fabricant r\u00e9pond aux exigences r\u00e9glementaires pour l&#8217;immunoth\u00e9rapie sp\u00e9cifique : ainsi, une autorisation de mise sur le march\u00e9 n&#8217;est actuellement exig\u00e9e, conform\u00e9ment au r\u00e8glement sur les allerg\u00e8nes th\u00e9rapeutiques (TAV), que pour les allerg\u00e8nes principaux (pollens de gramin\u00e9es et d&#8217;arbres et acariens), et non pour les allerg\u00e8nes rares comme l&#8217;ambroisie.<\/p>\n<p>L&#8217;ambroisie est consid\u00e9r\u00e9e comme une plante hautement allerg\u00e8ne. Elle est originaire d&#8217;Am\u00e9rique du Nord, mais se r\u00e9pand de plus en plus en Europe centrale. Jusqu&#8217;\u00e0 pr\u00e9sent, on la trouvait surtout le long des routes, sur les chantiers de construction ou dans les champs en friche. Cette prolif\u00e9ration est notamment due aux semences import\u00e9es. Le pollen peut parcourir des milliers de kilom\u00e8tres. \u00c0 long terme, les scientifiques s&#8217;attendent \u00e0 ce que la fr\u00e9quence et la pr\u00e9valence des allergies \u00e0 l&#8217;ambroisie augmentent.<\/p>\n<p>&#8220;Le plus souvent, le pollen d&#8217;ambroisie pose probl\u00e8me aux personnes allergiques qui r\u00e9agissent au pollen de l&#8217;armoise commune &#8211; et vice versa&#8221;, explique le professeur J\u00f6rg Kleine-Tebbe, allergologue \u00e0 Berlin. &#8220;Il convient de d\u00e9terminer quel est l&#8217;allerg\u00e8ne responsable des sympt\u00f4mes d&#8217;allergie en effectuant un test d&#8217;allergie chez le m\u00e9decin&#8221;.<\/p>\n<p>Les sympt\u00f4mes typiques de l&#8217;allergie \u00e0 l&#8217;ambroisie ressemblent \u00e0 ceux du rhume des foins en cas d&#8217;allergie aux gramin\u00e9es ou aux pollens d&#8217;arbres et vont des d\u00e9mangeaisons oculaires, des \u00e9ternuements, des \u00e9coulements nasaux ou une congestion nasale \u00e0 une toux s\u00e8che, une sensation d&#8217;oppression thoracique et une dyspn\u00e9e. Ces troubles apparaissent typiquement \u00e0 la fin de l&#8217;\u00e9t\u00e9. Le probl\u00e8me de l&#8217;ambroisie pour les patients concern\u00e9s est avant tout la forte allerg\u00e9nicit\u00e9 de la plante : il suffit de dix grains de pollen d&#8217;ambroisie par m\u00e8tre cube d&#8217;air pour d\u00e9clencher une allergie ou de l&#8217;asthme.<\/p>\n<p>&#8220;Chez de nombreuses personnes allergiques, l&#8217;inflammation passe des voies respiratoires sup\u00e9rieures aux voies respiratoires inf\u00e9rieures, et une inflammation chronique et de l&#8217;asthme peuvent alors se d\u00e9velopper&#8221;, explique le professeur Kleine-Tebbe. Aux \u00c9tats-Unis, l&#8217;ambroisie est d\u00e9j\u00e0 consid\u00e9r\u00e9e comme la principale cause de l&#8217;asthme saisonnier. &#8220;Cette \u00e9volution ne peut \u00eatre stopp\u00e9e que par une hyposensibilisation&#8221;.<\/p>\n<p><sup>RAGWIZAX\u00ae<\/sup> est indiqu\u00e9 pour le traitement de la rhinite allergique indiqu\u00e9e par le pollen d&#8217;ambroisie chez les adultes \u00e2g\u00e9s de 18 \u00e0 50 ans, avec ou sans conjonctivite, qui ne peut pas \u00eatre trait\u00e9e de mani\u00e8re satisfaisante par des m\u00e9dicaments symptomatiques. Le traitement par <sup>RAGWIZAX\u00ae<\/sup> doit \u00eatre administr\u00e9 au moins 12 semaines avant le d\u00e9but de la saison du pollen d&#8217;ambroisie et sur une p\u00e9riode de trois ans. Il est recommand\u00e9 de prendre un comprim\u00e9 par jour.<\/p>\n<p><em>Source : ALK-Abell\u00f3<\/em><\/p>\n<p>&nbsp;<\/p>\n<p><em>InFo PNEUMOLOGIE &amp; ALLERGOLOGIE 2019 ; 1(3) : 32 (publi\u00e9 le 7.12.19, ahead of print)<\/em><\/p>\n","protected":false},"excerpt":{"rendered":"<p>L&#8217;ambroisie est hautement allerg\u00e8ne et pose probl\u00e8me \u00e0 de plus en plus de personnes allergiques en Suisse \u00e9galement. En Allemagne, c&#8217;est la premi\u00e8re fois qu&#8217;un comprim\u00e9 d&#8217;allerg\u00e8ne est autoris\u00e9 pour&hellip;<\/p>\n","protected":false},"author":7,"featured_media":93827,"comment_status":"closed","ping_status":"","sticky":false,"template":"","format":"standard","meta":{"_acf_changed":false,"pmpro_default_level":"","cat_1_feature_home_top":false,"cat_2_editor_pick":false,"csco_eyebrow_text":"Hyposensibilisation  ","footnotes":""},"category":[11349,11545,11549],"tags":[26036,12338,26038,26044],"powerkit_post_featured":[],"class_list":["post-334698","post","type-post","status-publish","format-standard","has-post-thumbnail","category-allergologie-et-immunologie-clinique","category-marche-medecine","category-rx-fr","tag-ambroisie","tag-asthme","tag-ragweed-fr","tag-ragwizax-fr","pmpro-has-access"],"acf":[],"publishpress_future_action":{"enabled":false,"date":"2026-05-06 06:10:18","action":"change-status","newStatus":"draft","terms":[],"taxonomy":"category","extraData":[]},"publishpress_future_workflow_manual_trigger":{"enabledWorkflows":[]},"wpml_current_locale":"fr_FR","wpml_translations":{"it_IT":{"locale":"it_IT","id":334710,"slug":"nuova-opzione-per-lallergia-allambrosia","post_title":"Nuova opzione per l'allergia all'ambrosia","href":"https:\/\/medizinonline.com\/it\/nuova-opzione-per-lallergia-allambrosia\/"},"pt_PT":{"locale":"pt_PT","id":334717,"slug":"nova-opcao-para-a-alergia-a-tasneira","post_title":"Nova op\u00e7\u00e3o para a alergia a tasneira","href":"https:\/\/medizinonline.com\/pt-pt\/nova-opcao-para-a-alergia-a-tasneira\/"},"es_ES":{"locale":"es_ES","id":334727,"slug":"nueva-opcion-para-la-alergia-a-la-ambrosia","post_title":"Nueva opci\u00f3n para la alergia a la ambros\u00eda","href":"https:\/\/medizinonline.com\/es\/nueva-opcion-para-la-alergia-a-la-ambrosia\/"}},"_links":{"self":[{"href":"https:\/\/medizinonline.com\/fr\/wp-json\/wp\/v2\/posts\/334698","targetHints":{"allow":["GET"]}}],"collection":[{"href":"https:\/\/medizinonline.com\/fr\/wp-json\/wp\/v2\/posts"}],"about":[{"href":"https:\/\/medizinonline.com\/fr\/wp-json\/wp\/v2\/types\/post"}],"author":[{"embeddable":true,"href":"https:\/\/medizinonline.com\/fr\/wp-json\/wp\/v2\/users\/7"}],"replies":[{"embeddable":true,"href":"https:\/\/medizinonline.com\/fr\/wp-json\/wp\/v2\/comments?post=334698"}],"version-history":[{"count":0,"href":"https:\/\/medizinonline.com\/fr\/wp-json\/wp\/v2\/posts\/334698\/revisions"}],"wp:featuredmedia":[{"embeddable":true,"href":"https:\/\/medizinonline.com\/fr\/wp-json\/wp\/v2\/media\/93827"}],"wp:attachment":[{"href":"https:\/\/medizinonline.com\/fr\/wp-json\/wp\/v2\/media?parent=334698"}],"wp:term":[{"taxonomy":"category","embeddable":true,"href":"https:\/\/medizinonline.com\/fr\/wp-json\/wp\/v2\/category?post=334698"},{"taxonomy":"post_tag","embeddable":true,"href":"https:\/\/medizinonline.com\/fr\/wp-json\/wp\/v2\/tags?post=334698"},{"taxonomy":"powerkit_post_featured","embeddable":true,"href":"https:\/\/medizinonline.com\/fr\/wp-json\/wp\/v2\/powerkit_post_featured?post=334698"}],"curies":[{"name":"wp","href":"https:\/\/api.w.org\/{rel}","templated":true}]}}