{"id":334726,"date":"2020-03-02T00:00:00","date_gmt":"2020-03-01T23:00:00","guid":{"rendered":"https:\/\/medizinonline.com\/coup-de-projecteur-sur-la-proliferation-des-plasmocytes-polyclonaux\/"},"modified":"2020-03-02T00:00:00","modified_gmt":"2020-03-01T23:00:00","slug":"coup-de-projecteur-sur-la-proliferation-des-plasmocytes-polyclonaux","status":"publish","type":"post","link":"https:\/\/medizinonline.com\/fr\/coup-de-projecteur-sur-la-proliferation-des-plasmocytes-polyclonaux\/","title":{"rendered":"Coup de projecteur sur la prolif\u00e9ration des plasmocytes polyclonaux"},"content":{"rendered":"<p><strong>Les plasmocytoses r\u00e9actives sont rares, mais elles sont alors souvent prononc\u00e9es. Vous devez \u00eatre immunis\u00e9 contre une maladie r\u00e9active (polyclonale) et monoclonale P<\/strong><strong>La multiplication des cellules lasmiques peut \u00eatre d\u00e9limit\u00e9e. Un diagnostic diff\u00e9rentiel pr\u00e9cis permet un traitement efficace.<\/strong><\/p>\n<p> <!--more--> <\/p>\n<p>La plasmocytose r\u00e9actionnelle a \u00e9t\u00e9 d\u00e9crite pour la premi\u00e8re fois en 1988 comme une prolif\u00e9ration polyclonale de plasmocytes dans le sang p\u00e9riph\u00e9rique et est globalement rare [1,2]. Les maladies associ\u00e9es \u00e0 une prolif\u00e9ration de plasmocytes r\u00e9actifs comprennent d&#8217;une part des processus non n\u00e9oplasiques tels que les maladies auto-immunes, les infections et les an\u00e9mies par d\u00e9ficit en substrat, et d&#8217;autre part des processus n\u00e9oplasiques malins, en particulier les maladies tumorales h\u00e9matologiques [3,4]. Dans la plupart des cas, l&#8217;ampleur de la prolif\u00e9ration des plasmocytes est faible et souvent limit\u00e9e \u00e0 la moelle osseuse, mais des plasmocytoses prononc\u00e9es sont possibles et peuvent conduire \u00e0 un diagnostic de suspicion de leuc\u00e9mie \u00e0 plasmocytes <strong>(tableau 1)<\/strong> [3\u201310].<\/p>\n<p>&nbsp;<\/p>\n<p><img fetchpriority=\"high\" decoding=\"async\" class=\" size-full wp-image-13252\" alt=\"\" src=\"https:\/\/medizinonline.com\/wp-content\/uploads\/2020\/03\/tab1_oh1_s5_0.png\" style=\"height:641px; width:600px\" width=\"1100\" height=\"1175\" srcset=\"https:\/\/medizinonline.com\/wp-content\/uploads\/2020\/03\/tab1_oh1_s5_0.png 1100w, https:\/\/medizinonline.com\/wp-content\/uploads\/2020\/03\/tab1_oh1_s5_0-800x855.png 800w, https:\/\/medizinonline.com\/wp-content\/uploads\/2020\/03\/tab1_oh1_s5_0-120x128.png 120w, https:\/\/medizinonline.com\/wp-content\/uploads\/2020\/03\/tab1_oh1_s5_0-90x96.png 90w, https:\/\/medizinonline.com\/wp-content\/uploads\/2020\/03\/tab1_oh1_s5_0-320x342.png 320w, https:\/\/medizinonline.com\/wp-content\/uploads\/2020\/03\/tab1_oh1_s5_0-560x598.png 560w\" sizes=\"(max-width: 1100px) 100vw, 1100px\" \/><\/p>\n<p>&nbsp;<\/p>\n<h2 id=\"rapport-de-cas\">Rapport de cas<\/h2>\n<p>Une patiente de 70 ans s&#8217;est pr\u00e9sent\u00e9e aux urgences d&#8217;un h\u00f4pital r\u00e9gional pour une dyspn\u00e9e aigu\u00eb aggrav\u00e9e. Deux semaines auparavant, le m\u00e9decin g\u00e9n\u00e9raliste a initi\u00e9 un traitement antibiotique en pr\u00e9sence d&#8217;un tableau clinique de pneumonie. En raison d&#8217;une dyspn\u00e9e persistante au-del\u00e0 du traitement antibiotique, un scanner thoracique a \u00e9t\u00e9 r\u00e9alis\u00e9, qui a r\u00e9v\u00e9l\u00e9 des embolies pulmonaires sous-segmentaires des deux c\u00f4t\u00e9s ainsi que des lymphad\u00e9nopathies diffuses d&#8217;un diam\u00e8tre maximal de 16 mm. Une anticoagulation orale par edoxaban a \u00e9t\u00e9 \u00e9tablie et une \u00e9valuation des lymphad\u00e9nopathies \u00e9tait pr\u00e9vue.<\/p>\n<p>Aux urgences, la patiente s&#8217;est pr\u00e9sent\u00e9e tachydyspn\u00e9ique avec une fr\u00e9quence respiratoire de 35\/min et une saturation en oxyg\u00e8ne de 93% inf\u00e9rieure \u00e0 5 litres d&#8217;oxyg\u00e8ne par minute. Pour le reste, les signes vitaux se pr\u00e9sentaient comme suit : DP 119\/81&nbsp;mmHg, pouls 81\/min, temp\u00e9rature 35,6\u00b0C. L&#8217;examen physique a mis en \u00e9vidence des bruits respiratoires obstructifs et un stridor inspiratoire. Le reste de l&#8217;examen physique \u00e9tait sans particularit\u00e9. En raison de la respiration obstructive, 125&nbsp;mg de m\u00e9thylprednisolone ont \u00e9t\u00e9 administr\u00e9s \u00e0 titre probatoire, ce qui a entra\u00een\u00e9 une r\u00e9gression partielle de la dyspn\u00e9e.<\/p>\n<p>&nbsp;<\/p>\n<p><img decoding=\"async\" class=\"size-full wp-image-13253 lazyload\" alt=\"\" data-src=\"https:\/\/medizinonline.com\/wp-content\/uploads\/2020\/03\/abb1_oh1_s5_0.jpg\" style=\"--smush-placeholder-width: 1100px; --smush-placeholder-aspect-ratio: 1100\/904;height:493px; width:600px\" width=\"1100\" height=\"904\" data-srcset=\"https:\/\/medizinonline.com\/wp-content\/uploads\/2020\/03\/abb1_oh1_s5_0.jpg 1100w, https:\/\/medizinonline.com\/wp-content\/uploads\/2020\/03\/abb1_oh1_s5_0-800x657.jpg 800w, https:\/\/medizinonline.com\/wp-content\/uploads\/2020\/03\/abb1_oh1_s5_0-120x99.jpg 120w, https:\/\/medizinonline.com\/wp-content\/uploads\/2020\/03\/abb1_oh1_s5_0-90x74.jpg 90w, https:\/\/medizinonline.com\/wp-content\/uploads\/2020\/03\/abb1_oh1_s5_0-320x263.jpg 320w, https:\/\/medizinonline.com\/wp-content\/uploads\/2020\/03\/abb1_oh1_s5_0-560x460.jpg 560w\" data-sizes=\"(max-width: 1100px) 100vw, 1100px\" src=\"data:image\/svg+xml;base64,PHN2ZyB3aWR0aD0iMSIgaGVpZ2h0PSIxIiB4bWxucz0iaHR0cDovL3d3dy53My5vcmcvMjAwMC9zdmciPjwvc3ZnPg==\" \/><\/p>\n<p>&nbsp;<\/p>\n<p>Le sang p\u00e9riph\u00e9rique a r\u00e9v\u00e9l\u00e9 une an\u00e9mie avec une h\u00e9moglobine de 77&nbsp;g\/L, des taux de plaquettes normaux et une leucocytose de 20,4&nbsp;G\/L, due \u00e0 l&#8217;exsudation de 29,5% de plasmocytes. En outre, les \u00e9rythrocytes pr\u00e9sentaient une forte formation de rouleaux d&#8217;argent, ce qui indique la pr\u00e9sence d&#8217;une paraprot\u00e9in\u00e9mie. Il en r\u00e9sulte une augmentation de la prot\u00e9ine s\u00e9rique totale de 106&nbsp;g\/L (intervalle de r\u00e9f\u00e9rence : 62-80&nbsp;g\/L), une l\u00e9g\u00e8re diminution de l&#8217;albumine de 28&nbsp;g\/L (intervalle de r\u00e9f\u00e9rence : 32-46&nbsp;g\/L) et une augmentation de la lactate d\u00e9shydrog\u00e9nase (LDH) de 987&nbsp;U\/L (intervalle de r\u00e9f\u00e9rence : 232-430&nbsp;U\/L).<\/p>\n<p>Cette constellation de r\u00e9sultats a conduit \u00e0 suspecter une leuc\u00e9mie \u00e0 cellules plasmatiques et la dyspn\u00e9e aigu\u00eb a \u00e9t\u00e9 interpr\u00e9t\u00e9e comme un signe possible de syndrome d&#8217;hyperviscosit\u00e9. La patiente a donc \u00e9t\u00e9 adress\u00e9e \u00e0 notre h\u00f4pital central pour l&#8217;\u00e9valuation d&#8217;une plasmaph\u00e9r\u00e8se.<\/p>\n<p>&nbsp;<\/p>\n<p><img decoding=\"async\" class=\"size-full wp-image-13254 lazyload\" alt=\"\" data-src=\"https:\/\/medizinonline.com\/wp-content\/uploads\/2020\/03\/tab2_oh1_s6_0.png\" style=\"--smush-placeholder-width: 1100px; --smush-placeholder-aspect-ratio: 1100\/886;height:483px; width:600px\" width=\"1100\" height=\"886\" data-srcset=\"https:\/\/medizinonline.com\/wp-content\/uploads\/2020\/03\/tab2_oh1_s6_0.png 1100w, https:\/\/medizinonline.com\/wp-content\/uploads\/2020\/03\/tab2_oh1_s6_0-800x644.png 800w, https:\/\/medizinonline.com\/wp-content\/uploads\/2020\/03\/tab2_oh1_s6_0-120x97.png 120w, https:\/\/medizinonline.com\/wp-content\/uploads\/2020\/03\/tab2_oh1_s6_0-90x72.png 90w, https:\/\/medizinonline.com\/wp-content\/uploads\/2020\/03\/tab2_oh1_s6_0-320x258.png 320w, https:\/\/medizinonline.com\/wp-content\/uploads\/2020\/03\/tab2_oh1_s6_0-560x451.png 560w\" data-sizes=\"(max-width: 1100px) 100vw, 1100px\" src=\"data:image\/svg+xml;base64,PHN2ZyB3aWR0aD0iMSIgaGVpZ2h0PSIxIiB4bWxucz0iaHR0cDovL3d3dy53My5vcmcvMjAwMC9zdmciPjwvc3ZnPg==\" \/><\/p>\n<p>&nbsp;<\/p>\n<p>Lors de la prise en charge, la patiente se trouvait dans un \u00e9tat cardiopulmonaire stable avec une situation respiratoire compens\u00e9e. Aucun autre sympt\u00f4me n\u00e9cessitant un traitement et pouvant \u00eatre li\u00e9 \u00e0 l&#8217;hyperviscosit\u00e9 n&#8217;a \u00e9t\u00e9 constat\u00e9, de sorte que la plasmaph\u00e9r\u00e8se n&#8217;\u00e9tait pas indiqu\u00e9e. Les r\u00e9sultats externes impressionnants de plasmocytose p\u00e9riph\u00e9rique \u00e0 29% ont \u00e9t\u00e9 confirm\u00e9s.<strong>  (Tab.&nbsp;2) (Fig.&nbsp;1).<\/strong>  Les analyses de sang ult\u00e9rieures ont r\u00e9v\u00e9l\u00e9 une augmentation significative des immunoglobulines (IgG, IgM, IgA) et des cha\u00eenes l\u00e9g\u00e8res libres dans le s\u00e9rum, mais le rapport des cha\u00eenes l\u00e9g\u00e8res n&#8217;est pas significatif.  <strong>(tableau 3).<\/strong>  Une large bande lambda d&#8217;IgM a \u00e9t\u00e9 d\u00e9tect\u00e9e en immunofixation, mais il n&#8217;a pas \u00e9t\u00e9 possible de diff\u00e9rencier avec certitude une bande clonale avec di\/multim\u00e9risation d&#8217;un mod\u00e8le polyclonal. La \u03b22-microglobuline \u00e9tait \u00e9galement \u00e9lev\u00e9e \u00e0 17,6&nbsp;mg\/L (plage de r\u00e9f\u00e9rence &lt;2,5&nbsp;mg\/L). Pour poursuivre le diagnostic, il a fallu proc\u00e9der \u00e0 une clarification de la clonalit\u00e9 des plasmocytes par immunoph\u00e9notypage.<\/p>\n<p>D&#8217;un point de vue immunoph\u00e9notypique, les plasmocytes dans le sang p\u00e9riph\u00e9rique \u00e9taient clairement plus nombreux dans la porte classique des plasmocytes (CD38++CD138++). Celles-ci ont montr\u00e9 une expression de CD45 ainsi que des marqueurs physiologiques des plasmocytes CD19 et CD27. Il n&#8217;y a pas eu d&#8217;expression de marqueurs aberrants (CD20, CD28, CD56 et CD117), ni de restriction des cha\u00eenes l\u00e9g\u00e8res cytoplasmiques, de sorte qu&#8217;en r\u00e9sum\u00e9, on a assist\u00e9 \u00e0 une prolif\u00e9ration de plasmocytes polyclonaux <strong>(Fig.&nbsp;2).<\/strong><\/p>\n<p>&nbsp;<\/p>\n<p><img decoding=\"async\" class=\"size-full wp-image-13255 lazyload\" alt=\"\" data-src=\"https:\/\/medizinonline.com\/wp-content\/uploads\/2020\/03\/abb2_oh1_s6.png\" style=\"--smush-placeholder-width: 1100px; --smush-placeholder-aspect-ratio: 1100\/615;height:335px; width:600px\" width=\"1100\" height=\"615\" src=\"data:image\/svg+xml;base64,PHN2ZyB3aWR0aD0iMSIgaGVpZ2h0PSIxIiB4bWxucz0iaHR0cDovL3d3dy53My5vcmcvMjAwMC9zdmciPjwvc3ZnPg==\"><\/p>\n<p>&nbsp;<\/p>\n<p>L&#8217;analyse immunoph\u00e9notypique des lymphocytes n&#8217;a pas permis de mettre en \u00e9vidence une population de cellules B clonales. En revanche, le compartiment des cellules T a montr\u00e9 un d\u00e9placement du rapport CD4:CD8 en faveur des lymphocytes T CD4 positifs (6,5:1 dans la pr\u00e9sente \u00e9tude ; plage de r\u00e9f\u00e9rence dans le sang p\u00e9riph\u00e9rique : rapport CD4:CD8 2:1) ainsi qu&#8217;une petite population avec une expression r\u00e9duite de CD3 (CD3dim).  <strong>(Fig.3).<\/strong>  Dans l&#8217;\u00e9tude de suivi, un immunoph\u00e9notype CD4+CD3dimPD-1+CD10+ a \u00e9t\u00e9 attribu\u00e9 \u00e0 cette population anormale.  <strong>(ill.&nbsp;4)  <\/strong>et elle s&#8217;est av\u00e9r\u00e9e clonale pour la cha\u00eene TCR-V\u03b220 sur la base de l&#8217;analyse TCR. Le r\u00e9sultat \u00e9tait donc compatible avec un lymphome p\u00e9riph\u00e9rique non hodgkinien \u00e0 cellules T (LNH-T) de type lymphome angio-immunoblastique \u00e0 cellules T (AITL).<\/p>\n<p>&nbsp;<\/p>\n<p><img decoding=\"async\" class=\"size-full wp-image-13256 lazyload\" alt=\"\" data-src=\"https:\/\/medizinonline.com\/wp-content\/uploads\/2020\/03\/abb3-4_oh1_s6.png\" style=\"--smush-placeholder-width: 1100px; --smush-placeholder-aspect-ratio: 1100\/586;height:320px; width:600px\" width=\"1100\" height=\"586\" src=\"data:image\/svg+xml;base64,PHN2ZyB3aWR0aD0iMSIgaGVpZ2h0PSIxIiB4bWxucz0iaHR0cDovL3d3dy53My5vcmcvMjAwMC9zdmciPjwvc3ZnPg==\"><\/p>\n<p>&nbsp;<\/p>\n<p>En raison de la dyspn\u00e9e persistante, un nouveau scanner a \u00e9t\u00e9 r\u00e9alis\u00e9. L&#8217;examen n&#8217;a pas r\u00e9v\u00e9l\u00e9 d&#8217;embolie pulmonaire, mais a mis en \u00e9vidence plusieurs lymphad\u00e9nopathies, la plus importante \u00e9tant inguinale gauche (35\u00d722&nbsp;mm) <strong>(fig.&nbsp;5).<\/strong> Une ex\u00e9r\u00e8se des ganglions lymphatiques axillaires droits a \u00e9t\u00e9 r\u00e9alis\u00e9e en cons\u00e9quence, confirmant le diagnostic de lymphome angio-immunoblastique \u00e0 cellules T (AITL). L&#8217;examen de la moelle osseuse a montr\u00e9 une atteinte m\u00e9dullaire de l&#8217;AITL avec une infiltration de 10 \u00e0 15% ainsi qu&#8217;une prolif\u00e9ration m\u00e9dullaire de plasmocytes polyclonaux de 20%.<\/p>\n<p>&nbsp;<\/p>\n<p><img decoding=\"async\" class=\"size-full wp-image-13257 lazyload\" alt=\"\" data-src=\"https:\/\/medizinonline.com\/wp-content\/uploads\/2020\/03\/abb5-oh1_s7.jpg\" style=\"--smush-placeholder-width: 1100px; --smush-placeholder-aspect-ratio: 1100\/404;height:220px; width:600px\" width=\"1100\" height=\"404\" src=\"data:image\/svg+xml;base64,PHN2ZyB3aWR0aD0iMSIgaGVpZ2h0PSIxIiB4bWxucz0iaHR0cDovL3d3dy53My5vcmcvMjAwMC9zdmciPjwvc3ZnPg==\"><\/p>\n<p>&nbsp;<\/p>\n<p>Le diagnostic de lymphome angio-immunoblastique \u00e0 cellules T (AITL) de stade IV Ann-Arbor avec plasmocytose r\u00e9active a donc \u00e9t\u00e9 pos\u00e9.  <strong>(ill.&nbsp;6).  <\/strong>Initialement, un traitement cytor\u00e9ducteur \u00e0 base de corticost\u00e9ro\u00efdes \u00e0 haute dose a \u00e9t\u00e9 administr\u00e9, ce qui a permis d&#8217;observer une am\u00e9lioration rapide de l&#8217;\u00e9tat clinique et une nette r\u00e9gression de l&#8217;hyperglobulin\u00e9mie G\/M\/A \u00e0 court terme.<strong>  (Tab.&nbsp;3).  <\/strong>Apr\u00e8s confirmation du diagnostic, un traitement cibl\u00e9 sur l&#8217;AITL a \u00e9t\u00e9 mis en place avec CHOP.<\/p>\n<h2 id=\"\">&nbsp;<\/h2>\n<h2 id=\"-2\"><img decoding=\"async\" class=\"size-full wp-image-13258 lazyload\" alt=\"\" data-src=\"https:\/\/medizinonline.com\/wp-content\/uploads\/2020\/03\/abb6_oh1_s7.jpg\" style=\"--smush-placeholder-width: 1100px; --smush-placeholder-aspect-ratio: 1100\/1228;height:670px; width:600px\" width=\"1100\" height=\"1228\" src=\"data:image\/svg+xml;base64,PHN2ZyB3aWR0aD0iMSIgaGVpZ2h0PSIxIiB4bWxucz0iaHR0cDovL3d3dy53My5vcmcvMjAwMC9zdmciPjwvc3ZnPg==\"><\/h2>\n<h2 id=\"-3\">&nbsp;<\/h2>\n<h2 id=\"definition\">D\u00e9finition<\/h2>\n<p>La plasmocytose est d\u00e9finie comme une prolif\u00e9ration de plasmocytes dans le sang p\u00e9riph\u00e9rique et peut \u00eatre d&#8217;origine n\u00e9oplasique, dans le sens d&#8217;une maladie clonale des plasmocytes, mais aussi d&#8217;origine r\u00e9actionnelle [12]. La plasmocytose r\u00e9actionnelle a \u00e9t\u00e9 d\u00e9crite pour la premi\u00e8re fois en 1988 par Peterson et al. d\u00e9crites comme des &#8220;prolif\u00e9rations immunoblastiques polyclonales syst\u00e9miques&#8221; chez quatre patients pr\u00e9sentant une prolif\u00e9ration plasmocytaire polyclonale dans le sang p\u00e9riph\u00e9rique [1,2].<\/p>\n<p>Dans la litt\u00e9rature, le terme plasmocytose est parfois assimil\u00e9 \u00e0 une prolif\u00e9ration de plasmocytes en g\u00e9n\u00e9ral et le compartiment concern\u00e9 (sang p\u00e9riph\u00e9rique, moelle osseuse, autres tissus) est pr\u00e9cis\u00e9.<\/p>\n<h2 id=\"epidemiologie-et-etiologie\">\u00c9pid\u00e9miologie et \u00e9tiologie<\/h2>\n<p>Les plasmocytoses r\u00e9actives sont un ph\u00e9nom\u00e8ne rare, avec peu de cas rapport\u00e9s, alors que les prolif\u00e9rations de plasmocytes r\u00e9actifs dans la moelle osseuse sont relativement fr\u00e9quentes [13,14]. Batdorf et al. ont constat\u00e9 une prolif\u00e9ration de plasmocytes (d\u00e9finie comme &gt;2,0% de plasmocytes) chez 8,8% (303\/3435) des 3435 examens de moelle osseuse. Dans une \u00e9tude plus restreinte men\u00e9e par Gupta et al. 830 examens de la moelle osseuse ont \u00e9t\u00e9 trait\u00e9s et une prolif\u00e9ration de plasmocytes (d\u00e9finie comme &gt;3,5% de plasmocytes) a \u00e9t\u00e9 constat\u00e9e dans 13,7% (114\/830) des cas. Dans les deux \u00e9tudes, la prolif\u00e9ration des plasmocytes \u00e9tait due \u00e0 un my\u00e9lome plasmocytaire dans moins de 10% des cas [3,4].<\/p>\n<p>Les maladies associ\u00e9es aux prolif\u00e9rations de plasmocytes r\u00e9actifs sont d&#8217;une part des causes non malignes telles que les an\u00e9mies par carence en substrat, les an\u00e9mies h\u00e9molytiques, les infections (en particulier le VIH), les maladies auto-immunes et les maladies du foie (en particulier en cas de cirrhose du foie), et d&#8217;autre part des processus malins. Dans ce dernier cas, il s&#8217;agissait dans 15,7% \u00e0 55,4% des cas d&#8217;une tumeur h\u00e9matologique.  [3,4]. L&#8217;ampleur de la prolif\u00e9ration des plasmocytes \u00e9tait de 5 \u00e0 24% en cas d&#8217;\u00e9tiologie non n\u00e9oplasique, de moins de 10% en cas d&#8217;an\u00e9mie et de 10 \u00e0 30% en cas d&#8217;infection ou de moelle osseuse hypoplasique [3]. Les prolif\u00e9rations r\u00e9actives de plasmocytes peuvent \u00e9galement \u00eatre dues \u00e0 des m\u00e9dicaments. Par exemple, une \u00e9tude de Zamarin et al. a montr\u00e9 que chez 20% des patients atteints de my\u00e9lome plasmocytaire, une exposition prolong\u00e9e au l\u00e9nalidomide (&gt;6 mois), on observe une hyperglobulin\u00e9mie polyclonale et une prolif\u00e9ration de plasmocytes m\u00e9dullaires de 5 \u00e0 20% (m\u00e9diane 12%) [15]. Ce ph\u00e9nom\u00e8ne est associ\u00e9 \u00e0 une survie sans progression prolong\u00e9e, le m\u00e9canisme n&#8217;est pas clair.<\/p>\n<p>On ne trouve que des rapports de cas de plasmocytoses r\u00e9actives, mais il n&#8217;est pas inattendu que le spectre des maladies sous-jacentes soit comparable : on trouve ainsi des rapports de plasmocytoses dans le cadre d&#8217;infections virales (h\u00e9patite aigu\u00eb A, virus Ebstein-Barr, parvovirus B19, dengue, virus SFTS) mais aussi bact\u00e9riennes (S. aureus, K. pneumoniae) [5,7,10,16\u201320]. Un cas a \u00e9t\u00e9 d\u00e9crit chez une patiente atteinte du syndrome de Sj\u00f6gren [8]. En outre, plusieurs cas de plasmocytoses prononc\u00e9es sont associ\u00e9s \u00e0 des lymphomes angio-immunoblastiques \u00e0 cellules T et, dans un cas, un lien est m\u00eame postul\u00e9 avec un my\u00e9lome \u00e0 plasmocytes coexistant [6,9,13,21,22]. Bien que les cas rapport\u00e9s pr\u00e9sentent tous une plasmocytose importante, les plasmocytoses r\u00e9actionnelles sont vraisemblablement faibles dans la plupart des cas ; par exemple, dans une s\u00e9rie de cas de Jego et al. seulement 2 patients sur 10 ont eu une \u00e9ruption de plasmocytes &gt;20% sur [23].<\/p>\n<h2 id=\"physiopathologie\">Physiopathologie<\/h2>\n<p>Dans les prolif\u00e9rations plasmocytaires r\u00e9actives, il existe un m\u00e9lange de pr\u00e9curseurs de plasmocytes (blastes plasmocytaires) et de pr\u00e9curseurs (plasmocytes pr\u00e9coces), qui pr\u00e9sentent tous une expression homog\u00e8ne de CD45bright, alors que dans la moelle osseuse normale et le my\u00e9lome plasmocytaire, l&#8217;expression de CD45 est h\u00e9t\u00e9rog\u00e8ne [24]. Le m\u00e9canisme exact qui conduit \u00e0 la prolif\u00e9ration n&#8217;est pas connu, mais une augmentation de la s\u00e9cr\u00e9tion de cytokines semble \u00eatre une cause probable, d&#8217;autant plus que l&#8217;IL-2 et l&#8217;IL-10 sont des stimulants puissants pour la formation de blastes plasmatiques et de plasmocytes pr\u00e9coces [25]. L&#8217;IL-6 renforce cet effet et est essentielle \u00e0 la survie des plasmocytes [25,26].<\/p>\n<p>Le lymphome angio-immunoblastique \u00e0 cellules T se caract\u00e9rise histologiquement par un infiltrat inflammatoire polymorphe et, par rapport aux autres lymphomes p\u00e9riph\u00e9riques \u00e0 cellules T, il est plus souvent associ\u00e9 \u00e0 des taux \u00e9lev\u00e9s de cytokines s\u00e9riques (dont l&#8217;IL-6 et l&#8217;IL-10). Cette observation sugg\u00e8re que dans ces cas, la prolif\u00e9ration r\u00e9active de plasmocytes associ\u00e9e est m\u00e9di\u00e9e par des cytokines. Des cas isol\u00e9s ont \u00e9t\u00e9 d\u00e9crits dans la litt\u00e9rature, dans lesquels une prolif\u00e9ration monoclonale de plasmocytes a \u00e9galement \u00e9t\u00e9 constat\u00e9e [13,27,28].<\/p>\n<h2 id=\"messages-take-home\">Messages Take-Home<\/h2>\n<ul>\n<li>Les plasmocytoses r\u00e9actives sont rares, mais peuvent \u00eatre importantes (\u00e9puisement des plasmocytes &gt;20%).<\/li>\n<li>En cas de plasmocytose, il est possible de distinguer rapidement et de mani\u00e8re fiable une prolif\u00e9ration plasmocytaire r\u00e9active (polyclonale) d&#8217;une prolif\u00e9ration plasmocytaire monoclonale gr\u00e2ce \u00e0 un immunoph\u00e9notypage par cytom\u00e9trie de flux \u00e0 partir du sang p\u00e9riph\u00e9rique.<\/li>\n<li>Le diagnostic diff\u00e9rentiel porte principalement sur les infections, les tumeurs malignes (en particulier les tumeurs h\u00e9matologiques) et les maladies auto-immunes.<\/li>\n<li>Le m\u00e9canisme pathologique exact n&#8217;est pas clair, une augmentation de la s\u00e9cr\u00e9tion de cytokines (IL-2, IL-6, IL-10) est possible comme cause.<\/li>\n<\/ul>\n<p>&nbsp;<\/p>\n<p>Litt\u00e9rature :<\/p>\n<ol>\n<li>Peterson LC, Kueck B Fau-Arthur DC, Arthur Dc Fau-Dedeker K, et al : Systemic polyclonal immunoblastic proliferations.<\/li>\n<li>Li L, et al : Prolif\u00e9ration de cellules plasmatiques polyclonales avec hypergammaglobulin\u00e9mie marqu\u00e9e et auto-antibodies multiples. Ann Clin Lab Sci 36, 479-484 (2006).<\/li>\n<li>Gupta M, et al : Profil \u00e9tiologique de la plasmocytose sur les aspirations de moelle osseuse. Dicle Medical Journal 43, 4, doi:10.5798\/diclemedj.0921.2016.01.0628 (2016).<\/li>\n<li>Batdorf B, Kroft S, Olteanu H, Harrington A : Reactive Bone Marrow Plasmacytosis : An Update for the Modern Era. American Journal of Clinical Pathology 142, A102-A102, doi:10.1093\/ajcp\/142.suppl1.102 %J American Journal of Clinical Pathology (2014).<\/li>\n<li>Shtalrid M, Shvidel L, Vorst E : Polyclonal Reactive Peripheral Blood Plasmacytosis Mimicking Plasma Cell Leukemia in a Patient with Staphylococcal Sepsis. Leukemia &amp; lymphoma 44, 379-380, doi:10.1080\/1042819021000029713 (2003).<\/li>\n<li>Ahsanuddin AN, Brynes RK, Li S : Plasmacytosis polyclonal du sang p\u00e9riph\u00e9rique mimant la leuc\u00e9mie \u00e0 cellules plasmatiques chez les patients atteints de lymphome T angio-immunoblastique : rapport de 3 cas et revue de la litt\u00e9rature. Int J Clin Exp Pathol 4, 416-420 (2011).<\/li>\n<li>Desborough MJ, Grech H : Epstein-Barr virus-driven bone marrow aplasia and plasmacytosis miming a plasma cell neoplasm. Br J Haematol 165, 272, doi:10.1111\/bjh.12721 (2014).<\/li>\n<li>Lee J, Chang Je Fau-Cho YJ, Cho Yj Fau-Han, et al. : cas de plasmacytose r\u00e9active mimant un my\u00e9lome multiple chez un patient atteint du syndrome de Sjogren primaire.<\/li>\n<li>Sokol K, et al : Plasmocytose p\u00e9riph\u00e9rique extr\u00eame imitant la leuc\u00e9mie \u00e0 cellules plasmatiques comme caract\u00e9ristique actuelle du lymphome angio-immunoblastique \u00e0 cellules T (AITL). Front Oncol 9, 509, doi:10.3389\/fonc.2019.00509 (2019).<\/li>\n<li>Zhang J, et al : Reactive plasmacytosis mimicking multiple myeloma associated with SFTS virus infection : a report of two cases and literature review. BMC Infect Dis 18, 528, doi:10.1186\/s12879-018-3431-z (2018).<\/li>\n<li>SH S, et al. : Classification OMS des tumeurs des tissus h\u00e9matopo\u00ef\u00e9tiques et lympho\u00efdes. IARC Press, Lyon Classification des tumeurs de l&#8217;OMS, 4e \u00e9dition r\u00e9vis\u00e9e, Volume 2 (2017).<\/li>\n<li>J., B. B., Karl-Anton K : L&#8217;h\u00e9mogramme &#8211; M\u00e9thodes de diagnostic et interpr\u00e9tation clinique. De Gruyter (2017).<\/li>\n<li>Xu J. et al : Lymphome T angio-immunoblastique avec my\u00e9lome plasmocytaire coexistant : un rapport de cas et une revue de la litt\u00e9rature. Tohoku J Exp Med 235, 283-288, doi:10.1620\/tjem.235.283 (2015).<\/li>\n<li>Pellat-Deceunynck C, et al : Les plasmocytoses r\u00e9actives, un mod\u00e8le pour l&#8217;\u00e9tude de la biologie des prog\u00e9niteurs et pr\u00e9curseurs de cellules plasmatiques humaines. The hematology journal : the official journal of the European Haematology Association \/ EHA 1, 362-366, doi:10.1038\/sj\/thj\/6200053 (2000).<\/li>\n<li>Zamarin D, et al : Polyclonal immune activation and marrow plasmacytosis in multiple myeloma patients receiving long-term lenalidomide therapy : incidence and prognostic significance. Leukemia 27, 2422-2424, doi:10.1038\/leu.2013.126 (2013).<\/li>\n<li>Wada T, et al. : Plasmocytose r\u00e9active du sang p\u00e9riph\u00e9rique chez un patient atteint d&#8217;h\u00e9patite A aigu\u00eb.<\/li>\n<li>Koduri PR, Naides SJ : Transient blood plasmacytosis in parvovirus B19 infection : a report of two cases. Ann Hematol 72, 49-51, doi:10.1007\/bf00663017 (1996).<\/li>\n<li>Thai KT, et al : Forte incidence de plasmocytose sanguine p\u00e9riph\u00e9rique chez les patients infect\u00e9s par le virus de la dengue. Clin Microbiol Infect 17, 1823-1828, doi:10.1111\/j.1469-0691.2010.03434.x (2011).<\/li>\n<li>Wada T, Iwata Y, Kamikawa Y, et al : Peripheral Blood Plasmacytosis in Severe Fever with Thrombocytopenia Syndrome. Jpn J Infect Dis 70, 470-471, doi:10.7883\/yoken.JJID.2016.575 (2017).<\/li>\n<li>Moon Y, et al : Klebsiella pneumoniae associated extreme plasmacytosis. Infect Chemother 45, 435-440, doi:10.3947\/ic.2013.45.4.435 (2013).<\/li>\n<li>Sakai H, et al : Lymphome T angio-immunoblastique se pr\u00e9sentant initialement avec un remplacement de la moelle osseuse et une plasmocytose p\u00e9riph\u00e9rique. Intern Med 46, 419-424, doi:10.2169\/internalmedicine.46.6121 (2007).<\/li>\n<li>Yamane A, Awaya N, Shimizu T, et al : Lymphome angio-immunoblastique \u00e0 cellules T avec prolif\u00e9ration polyclonale de cellules plasmatiques dans le sang et la moelle p\u00e9riph\u00e9riques. Acta Haematol 117, 74-77, doi:10.1159\/000096894 (2007).<\/li>\n<li>Jego G, et al : Les macytoses plasmatiques r\u00e9actives sont des expansions de plasmablasts qui conservent la capacit\u00e9 de se diff\u00e9rencier en cellules plasmatiques.<\/li>\n<li>Pellat-Deceunynck C, Bataille R : Cellules plasmatiques humaines normales et malignes : prolif\u00e9ration, diff\u00e9renciation, et expansions en relation avec l&#8217;expression du CD45. Blood Cells Mol Dis 32, 293-301, doi:10.1016\/j.bcmd.2003.12.001 (2004).<\/li>\n<li>Jego G, Bataille R, Pellat-Deceunynck C : L&#8217;interleukine-6 est un facteur de croissance pour les plasmablasts humains non malins. Blood 97, 1817-1822, doi:10.1182\/blood.v97.6.1817 (2001).<\/li>\n<li>Jourdan M, et al : L&#8217;IL-6 soutient la g\u00e9n\u00e9ration de cellules plasmatiques humaines de longue dur\u00e9e en combinaison avec soit l&#8217;APRIL soit des facteurs solubles de cellules stromales. Leukemia 28, 1647-1656, doi:10.1038\/leu.2014.61 (2014).<\/li>\n<li>Dogan A, Attygalle AD, Kyriakou C : Lymphome T angio-immunoblastique. Br J Haematol 121, 681-691, doi:10.1046\/j.1365-2141.2003.04335.x (2003).<\/li>\n<li>Yi JH, Ryu KJ, Ko YH, et al : Profiles of serum cytokines and their clinical implications in patients with peripheral T-cell lymphoma. Cytokine 113, 371-379, doi:10.1016\/j.cyto.2018.10.009 (2019).<\/li>\n<\/ol>\n<p>&nbsp;<\/p>\n<p><em>InFo ONKOLOGIE &amp; H\u00c9MATOLOGIE 2020 ; 8(1) : 4-8<\/em><\/p>\n","protected":false},"excerpt":{"rendered":"<p>Les plasmocytoses r\u00e9actives sont rares, mais elles sont alors souvent prononc\u00e9es. Vous devez \u00eatre immunis\u00e9 contre une maladie r\u00e9active (polyclonale) et monoclonale PLa multiplication des cellules lasmiques peut \u00eatre d\u00e9limit\u00e9e.&hellip;<\/p>\n","protected":false},"author":7,"featured_media":94569,"comment_status":"closed","ping_status":"closed","sticky":false,"template":"","format":"standard","meta":{"_acf_changed":false,"pmpro_default_level":"","cat_1_feature_home_top":false,"cat_2_editor_pick":false,"csco_eyebrow_text":"Plasmocytoses r\u00e9actives","footnotes":""},"category":[11531,11373,11389,11549],"tags":[26116,26113,26110],"powerkit_post_featured":[],"class_list":["post-334726","post","type-post","status-publish","format-standard","has-post-thumbnail","category-formation-continue","category-hematologie","category-oncologie","category-rx-fr","tag-liberation-de-cytokines","tag-multiplication-des-plasmocytes","tag-plasmocytose","pmpro-has-access"],"acf":[],"publishpress_future_action":{"enabled":false,"date":"2026-05-03 16:50:14","action":"change-status","newStatus":"draft","terms":[],"taxonomy":"category","extraData":[]},"publishpress_future_workflow_manual_trigger":{"enabledWorkflows":[]},"wpml_current_locale":"fr_FR","wpml_translations":{"it_IT":{"locale":"it_IT","id":334733,"slug":"proliferazione-delle-plasmacellule-policlonali-a-fuoco","post_title":"Proliferazione delle plasmacellule policlonali a fuoco","href":"https:\/\/medizinonline.com\/it\/proliferazione-delle-plasmacellule-policlonali-a-fuoco\/"},"pt_PT":{"locale":"pt_PT","id":334738,"slug":"proliferacao-de-celulas-plasma-policlonais-em-foco","post_title":"Prolifera\u00e7\u00e3o de c\u00e9lulas plasma policlonais em foco","href":"https:\/\/medizinonline.com\/pt-pt\/proliferacao-de-celulas-plasma-policlonais-em-foco\/"},"es_ES":{"locale":"es_ES","id":334741,"slug":"proliferacion-de-celulas-plasmaticas-policlonales-en-foco","post_title":"Proliferaci\u00f3n de c\u00e9lulas plasm\u00e1ticas policlonales en foco","href":"https:\/\/medizinonline.com\/es\/proliferacion-de-celulas-plasmaticas-policlonales-en-foco\/"}},"_links":{"self":[{"href":"https:\/\/medizinonline.com\/fr\/wp-json\/wp\/v2\/posts\/334726","targetHints":{"allow":["GET"]}}],"collection":[{"href":"https:\/\/medizinonline.com\/fr\/wp-json\/wp\/v2\/posts"}],"about":[{"href":"https:\/\/medizinonline.com\/fr\/wp-json\/wp\/v2\/types\/post"}],"author":[{"embeddable":true,"href":"https:\/\/medizinonline.com\/fr\/wp-json\/wp\/v2\/users\/7"}],"replies":[{"embeddable":true,"href":"https:\/\/medizinonline.com\/fr\/wp-json\/wp\/v2\/comments?post=334726"}],"version-history":[{"count":0,"href":"https:\/\/medizinonline.com\/fr\/wp-json\/wp\/v2\/posts\/334726\/revisions"}],"wp:featuredmedia":[{"embeddable":true,"href":"https:\/\/medizinonline.com\/fr\/wp-json\/wp\/v2\/media\/94569"}],"wp:attachment":[{"href":"https:\/\/medizinonline.com\/fr\/wp-json\/wp\/v2\/media?parent=334726"}],"wp:term":[{"taxonomy":"category","embeddable":true,"href":"https:\/\/medizinonline.com\/fr\/wp-json\/wp\/v2\/category?post=334726"},{"taxonomy":"post_tag","embeddable":true,"href":"https:\/\/medizinonline.com\/fr\/wp-json\/wp\/v2\/tags?post=334726"},{"taxonomy":"powerkit_post_featured","embeddable":true,"href":"https:\/\/medizinonline.com\/fr\/wp-json\/wp\/v2\/powerkit_post_featured?post=334726"}],"curies":[{"name":"wp","href":"https:\/\/api.w.org\/{rel}","templated":true}]}}