{"id":334792,"date":"2020-02-22T01:00:00","date_gmt":"2020-02-22T00:00:00","guid":{"rendered":"https:\/\/medizinonline.com\/meme-en-labsence-de-plaques-lamiante-peut-en-etre-la-cause\/"},"modified":"2020-02-22T01:00:00","modified_gmt":"2020-02-22T00:00:00","slug":"meme-en-labsence-de-plaques-lamiante-peut-en-etre-la-cause","status":"publish","type":"post","link":"https:\/\/medizinonline.com\/fr\/meme-en-labsence-de-plaques-lamiante-peut-en-etre-la-cause\/","title":{"rendered":"M\u00eame en l&#8217;absence de plaques, l&#8217;amiante peut en \u00eatre la cause"},"content":{"rendered":"<p><strong>L&#8217;anamn\u00e8se clinique et pratique quotidienne a tendance \u00e0 oublier que les maladies pneumologiques peuvent avoir des causes professionnelles. Dans le cas du cancer de l&#8217;amiante en particulier, on pensait jusqu&#8217;\u00e0 pr\u00e9sent que les plaques devaient toujours \u00eatre d\u00e9tectables. Une erreur, comme le montrent aujourd&#8217;hui les r\u00e9sultats d&#8217;une \u00e9tude.<\/strong><\/p>\n<p> <!--more--> <\/p>\n<p>Des m\u00e9decins du service de pathologie de Bochum ont \u00e9valu\u00e9 les analyses de poussi\u00e8res pulmonaires de 2015 en les comparant aux donn\u00e9es d&#8217;exposition (calculs d&#8217;ann\u00e9es de fibres) et \u00e0 la radiologie des poumons et de la pl\u00e8vre. Les chercheurs ont r\u00e9uni 1038 ensembles de donn\u00e9es, dont 36 en microscopie \u00e9lectronique. Le statut de la plaque \u00e9tait connu chez 727 patients et les calculs de l&#8217;ann\u00e9e de fibrose \u00e9taient disponibles chez 512. &#8220;Dennis Nowak, Munich, \u00e0 propos de l&#8217;\u00e9tude de Bochum. Mais dans le m\u00eame temps, il faut souligner que ce cas typique d&#8217;\u00e9tude r\u00e9trospective a tout de m\u00eame apport\u00e9 quelques informations tr\u00e8s int\u00e9ressantes : D&#8217;une part, en cas d&#8217;exposition professionnelle cumul\u00e9e \u00e9lev\u00e9e, sup\u00e9rieure \u00e0 25 fibres-ann\u00e9es, on a pu observer une corr\u00e9lation entre les fibres-ann\u00e9es calcul\u00e9es et la d\u00e9tection quantitative de corps asbestosiques dans les tissus pulmonaires. En cas de faible exposition, on trouve \u00e0 la fois un nombre faible et un nombre \u00e9lev\u00e9 de particules d&#8217;amiante dans les tissus. Il s&#8217;agissait non seulement d&#8217;asbestoses de grade I, mais aussi de grades II \u00e0 IV, avec un faible nombre d&#8217;ann\u00e9es-fibres \u00e0 un chiffre. Le professeur Nowak a trouv\u00e9 cela tr\u00e8s remarquable : &#8220;On peut maintenant se demander si tr\u00e8s peu d&#8217;amiante suffit \u00e0 provoquer une asbestose, ou si les calculs de fibres-ann\u00e9es sont trop bas&#8230;&#8221;<\/p>\n<p>L&#8217;autre enseignement de l&#8217;analyse est que, pour la moiti\u00e9 des asbestoses confirm\u00e9es par l&#8217;histologie (n=47 vs. 48), m\u00eame avec une \u00e9valuation compl\u00e8te des r\u00e9sultats radiologiques et, le cas \u00e9ch\u00e9ant, des examens compl\u00e9mentaires, il n&#8217;a pas \u00e9t\u00e9 possible d&#8217;obtenir des r\u00e9sultats fiables. r\u00e9sultats de l&#8217;autopsie, aucune plaque n&#8217;a \u00e9t\u00e9 trouv\u00e9e. La conclusion de l&#8217;expert \u00e9tait donc que l&#8217;id\u00e9e g\u00e9n\u00e9ralement admise selon laquelle des plaques sont presque toujours d\u00e9tectables dans les asbestoses et que l&#8217;absence de ces plaques plaide contre l&#8217;origine amiante d&#8217;une fibrose pulmonaire ne semble pas toujours valable d&#8217;apr\u00e8s ces donn\u00e9es. Selon le professeur Nowak, il n&#8217;est pas rare que l&#8217;examen histologique des tissus pulmonaires des patients ayant moins de 25 ann\u00e9es-fibres et ne pr\u00e9sentant aucun signe radiologique de modifications pulmonaires ou pleurales dues \u00e0 la poussi\u00e8re d&#8217;amiante puisse apporter la preuve compl\u00e8te d&#8217;une asbestose.<\/p>\n<p>\nLitt\u00e9rature compl\u00e9mentaire :<\/p>\n<ul>\n<li>Feder IS, Theile A, Tannapfel A : Histological findings and lung dust analysis as the basis for occupational disease compensation in asbestos-related lung cancer in Germany. International Journal of Occupational Medicine and Environmental Health 2018 ; 31 : 293-305.<\/li>\n<\/ul>\n<p>\n<em>InFo ONKOLOGIE &amp; H\u00c9MATOLOGIE 2019 ; 7(6) : 30<\/em><\/p>\n","protected":false},"excerpt":{"rendered":"<p>L&#8217;anamn\u00e8se clinique et pratique quotidienne a tendance \u00e0 oublier que les maladies pneumologiques peuvent avoir des causes professionnelles. Dans le cas du cancer de l&#8217;amiante en particulier, on pensait jusqu&#8217;\u00e0&hellip;<\/p>\n","protected":false},"author":7,"featured_media":93622,"comment_status":"closed","ping_status":"","sticky":false,"template":"","format":"standard","meta":{"_acf_changed":false,"pmpro_default_level":"","cat_1_feature_home_top":false,"cat_2_editor_pick":false,"csco_eyebrow_text":"Asbestose","footnotes":""},"category":[11523,11527,11389,11477,11549],"tags":[15294,26213,25331],"powerkit_post_featured":[],"class_list":["post-334792","post","type-post","status-publish","format-standard","has-post-thumbnail","category-actualites","category-etudes","category-oncologie","category-pneumologie-fr","category-rx-fr","tag-amiante","tag-asbestose-fr","tag-plaques-fr","pmpro-has-access"],"acf":[],"publishpress_future_action":{"enabled":false,"date":"2026-05-06 01:07:53","action":"change-status","newStatus":"draft","terms":[],"taxonomy":"category","extraData":[]},"publishpress_future_workflow_manual_trigger":{"enabledWorkflows":[]},"wpml_current_locale":"fr_FR","wpml_translations":{"it_IT":{"locale":"it_IT","id":334933,"slug":"anche-senza-placche-lamianto-puo-essere-il-responsabile","post_title":"Anche senza placche, l'amianto pu\u00f2 essere il responsabile","href":"https:\/\/medizinonline.com\/it\/anche-senza-placche-lamianto-puo-essere-il-responsabile\/"},"pt_PT":{"locale":"pt_PT","id":334940,"slug":"mesmo-sem-placas-o-amianto-pode-ser-o-culpado","post_title":"Mesmo sem placas, o amianto pode ser o culpado","href":"https:\/\/medizinonline.com\/pt-pt\/mesmo-sem-placas-o-amianto-pode-ser-o-culpado\/"},"es_ES":{"locale":"es_ES","id":334948,"slug":"incluso-sin-placas-el-amianto-puede-ser-el-culpable","post_title":"Incluso sin placas, el amianto puede ser el culpable","href":"https:\/\/medizinonline.com\/es\/incluso-sin-placas-el-amianto-puede-ser-el-culpable\/"}},"_links":{"self":[{"href":"https:\/\/medizinonline.com\/fr\/wp-json\/wp\/v2\/posts\/334792","targetHints":{"allow":["GET"]}}],"collection":[{"href":"https:\/\/medizinonline.com\/fr\/wp-json\/wp\/v2\/posts"}],"about":[{"href":"https:\/\/medizinonline.com\/fr\/wp-json\/wp\/v2\/types\/post"}],"author":[{"embeddable":true,"href":"https:\/\/medizinonline.com\/fr\/wp-json\/wp\/v2\/users\/7"}],"replies":[{"embeddable":true,"href":"https:\/\/medizinonline.com\/fr\/wp-json\/wp\/v2\/comments?post=334792"}],"version-history":[{"count":0,"href":"https:\/\/medizinonline.com\/fr\/wp-json\/wp\/v2\/posts\/334792\/revisions"}],"wp:featuredmedia":[{"embeddable":true,"href":"https:\/\/medizinonline.com\/fr\/wp-json\/wp\/v2\/media\/93622"}],"wp:attachment":[{"href":"https:\/\/medizinonline.com\/fr\/wp-json\/wp\/v2\/media?parent=334792"}],"wp:term":[{"taxonomy":"category","embeddable":true,"href":"https:\/\/medizinonline.com\/fr\/wp-json\/wp\/v2\/category?post=334792"},{"taxonomy":"post_tag","embeddable":true,"href":"https:\/\/medizinonline.com\/fr\/wp-json\/wp\/v2\/tags?post=334792"},{"taxonomy":"powerkit_post_featured","embeddable":true,"href":"https:\/\/medizinonline.com\/fr\/wp-json\/wp\/v2\/powerkit_post_featured?post=334792"}],"curies":[{"name":"wp","href":"https:\/\/api.w.org\/{rel}","templated":true}]}}