{"id":336577,"date":"2019-03-15T01:00:00","date_gmt":"2019-03-15T00:00:00","guid":{"rendered":"https:\/\/medizinonline.com\/la-psychoeducation-est-essentielle\/"},"modified":"2019-03-15T01:00:00","modified_gmt":"2019-03-15T00:00:00","slug":"la-psychoeducation-est-essentielle","status":"publish","type":"post","link":"https:\/\/medizinonline.com\/fr\/la-psychoeducation-est-essentielle\/","title":{"rendered":"La psycho\u00e9ducation est essentielle"},"content":{"rendered":"<p><strong>Si les adolescents sont peu r\u00e9sistants et ont des difficult\u00e9s de concentration, un examen m\u00e9dical du sommeil est indiqu\u00e9. Dans le traitement des diff\u00e9rents troubles du sommeil, une bonne psycho\u00e9ducation n&#8217;est pas la moindre des choses.<\/strong><\/p>\n<div alt=\"0\" id=\"SL_balloon_obj\" style=\"display: block;\">\n<div class=\"SL_ImTranslatorLogo\" id=\"SL_button\" style=\"background: rgba(0, 0, 0, 0) url(\"moz-extension:\/\/27c8b66b-4e69-a543-b12c-ee19d038addf\/content\/img\/util\/imtranslator-s.png\") repeat scroll 0% 0%; display: none; opacity: 1; left: 25px; top: -25px;\">&nbsp;<\/div>\n<div id=\"SL_shadow_translation_result2\" style=\"display: none;\">&nbsp;<\/div>\n<div id=\"SL_shadow_translator\" style=\"left: 25px; top: 0px; display: none;\">\n<div id=\"SL_planshet\">\n<div id=\"SL_arrow_up\" style=\"background: rgba(0, 0, 0, 0) url(\"moz-extension:\/\/27c8b66b-4e69-a543-b12c-ee19d038addf\/content\/img\/util\/up.png\") repeat scroll 0% 0%;\">&nbsp;<\/div>\n<div id=\"SL_Bproviders\">&nbsp;<\/div>\n<div id=\"SL_alert_bbl\" style=\"display: none;\">\n<div id=\"SLHKclose\" style=\"background: rgba(0, 0, 0, 0) url(\"moz-extension:\/\/27c8b66b-4e69-a543-b12c-ee19d038addf\/content\/img\/util\/delete.png\") repeat scroll 0% 0%;\">&nbsp;<\/div>\n<div id=\"SL_alert_cont\">&nbsp;<\/div>\n<\/div>\n<div id=\"SL_TB\">\n<table cellspacing=\"1\" id=\"SL_tables\">\n<tr>\n<td align=\"right\" class=\"SL_td\" width=\"10%\"><input id=\"SL_locer\" title=\"Sauvegarder la langue\" type=\"checkbox\"><\/td>\n<td align=\"left\" class=\"SL_td\" width=\"20%\"><select id=\"SL_lng_from\" style=\"background: rgb(255, 255, 255) url(\"moz-extension:\/\/27c8b66b-4e69-a543-b12c-ee19d038addf\/content\/img\/util\/select.png\") no-repeat scroll 100% 0px;\"><option value=\"auto\">Reconna\u00eetre la langue<\/option><option value=\"af\">Afrikaans<\/option><option value=\"sq\">Albanais<\/option><option value=\"sur\">Amharique<\/option><option value=\"ar\">Arabe<\/option><option value=\"hy\">Arm\u00e9nien<\/option><option value=\"az\">Azerba\u00efdjanais<\/option><option value=\"eu\">Basque<\/option><option value=\"bn\">Bengali<\/option><option value=\"my\">Birman<\/option><option value=\"bs\">Bosniaque<\/option><option value=\"bg\">Bulgare<\/option><option value=\"ceb\">Cebuano<\/option><option value=\"ny\">Chichewa<\/option><option value=\"zh-TW\">Chinois trad<\/option><option value=\"zh-CN\">Chinois vers\u00e9<\/option><option value=\"da\">Danois<\/option><option value=\"fr\">Allemand<\/option><option value=\"en\">Anglais<\/option><option value=\"eo\">Esp\u00e9ranto<\/option><option value=\"et\">Estonien<\/option><option value=\"tl\">Filipino<\/option><option value=\"fi\">Finlandais<\/option><option value=\"fr\">Fran\u00e7ais<\/option><option value=\"fy\">Frison<\/option><option value=\"gl\">Galicien<\/option><option value=\"ka\">G\u00e9orgien<\/option><option value=\"el\">Grec<\/option><option value=\"gu\">Gujarati<\/option><option value=\"ht\">Ha\u00eftien<\/option><option value=\"ha\">Hausa<\/option><option value=\"haw\">Hawaiien<\/option><option value=\"iw\">H\u00e9breu<\/option><option value=\"salut\">Hindi<\/option><option value=\"hmn\">Hmong<\/option><option value=\"ig\">Igbo<\/option><option value=\"id\">Indon\u00e9sien<\/option><option value=\"ga\">Irlandais<\/option><option value=\"is\">Islandais<\/option><option value=\"it\">Italien<\/option><option value=\"oui\">Japonais<\/option><option value=\"jw\">Javanais<\/option><option value=\"yi\">Yiddish<\/option><option value=\"kn\">Kannada<\/option><option value=\"kk\">Kazakh<\/option><option value=\"ca\">Catalan<\/option><option value=\"km\">Khmers<\/option><option value=\"ky\">Kirghiz<\/option><option value=\"ko\">Cor\u00e9en<\/option><option value=\"co\">Corse<\/option><option value=\"hr\">Croate<\/option><option value=\"ku\">Kurde<\/option><option value=\"lo\">Lao<\/option><option value=\"la\">Latin<\/option><option value=\"lv\">En letton<\/option><option value=\"lt\">Lituanien<\/option><option value=\"lb\">Luxembourgeois<\/option><option value=\"mg\">Malagasy<\/option><option value=\"ml\">Malayalam<\/option><option value=\"ms\">Malais<\/option><option value=\"mt\">Maltais<\/option><option value=\"mi\">Maori<\/option><option value=\"mr\">Marathi<\/option><option value=\"mk\">Mac\u00e9donien<\/option><option value=\"mn\">Mongol<\/option><option value=\"ne\">N\u00e9palais<\/option><option value=\"nl\">N\u00e9erlandais<\/option><option value=\"no\">Norv\u00e9gien<\/option><option value=\"ps\">Pashto<\/option><option value=\"fa\">Persan<\/option><option value=\"pl\">Polonais<\/option><option value=\"pt\">Portugais<\/option><option value=\"pa\">Punjabi<\/option><option value=\"ro\">Roumain<\/option><option value=\"ru\">Russe<\/option><option value=\"sm\">Samoan<\/option><option value=\"gd\">ga\u00e9lique \u00e9cossais<\/option><option value=\"sv\">Su\u00e9dois<\/option><option value=\"sr\">Serbe<\/option><option value=\"st\">Sesotho<\/option><option value=\"sn\">Shona<\/option><option value=\"sd\">Sindhi<\/option><option value=\"si\">Cinghalais<\/option><option value=\"sk\">Slovaque<\/option><option value=\"sl\">Slov\u00e8ne<\/option><option value=\"ainsi\">Somali<\/option><option value=\"il\">Espagnol<\/option><option value=\"sw\">Swahili<\/option><option value=\"su\">Sundanais<\/option><option value=\"tg\">Tadjik<\/option><option value=\"ta\">Tamil<\/option><option value=\"te\">Telugu<\/option><option value=\"th\">Tha\u00eflandais<\/option><option value=\"cs\">Tch\u00e8que<\/option><option value=\"tr\">Turc<\/option><option value=\"uk\">Ukrainien<\/option><option value=\"hu\">Hongrois<\/option><option value=\"ur\">Urdu<\/option><option value=\"uz\">Ouzbek<\/option><option value=\"vi\">Vietnamien<\/option><option value=\"cy\">Gallois<\/option><option value=\"be\">Bi\u00e9lorusse<\/option><option value=\"xh\">Xhosa<\/option><option value=\"yo\">Yoruba<\/option><option value=\"sur\">Zulu<\/option><\/select><\/td>\n<td align=\"center\" class=\"SL_td\" width=\"3\">\n<div id=\"SL_switch_b\" style=\"background: rgba(0, 0, 0, 0) url(\"moz-extension:\/\/27c8b66b-4e69-a543-b12c-ee19d038addf\/content\/img\/util\/switchb.png\") repeat scroll 0% 0%;\" title=\"Changer de langue\">&nbsp;<\/div>\n<\/td>\n<td align=\"left\" class=\"SL_td\" width=\"20%\"><select id=\"SL_lng_to\" style=\"background: rgb(255, 255, 255) url(\"moz-extension:\/\/27c8b66b-4e69-a543-b12c-ee19d038addf\/content\/img\/util\/select.png\") no-repeat scroll 100% 0px;\"><option value=\"af\">Afrikaans<\/option><option value=\"sq\">Albanais<\/option><option value=\"sur\">Amharique<\/option><option value=\"ar\">Arabe<\/option><option value=\"hy\">Arm\u00e9nien<\/option><option value=\"az\">Azerba\u00efdjanais<\/option><option value=\"eu\">Basque<\/option><option value=\"bn\">Bengali<\/option><option value=\"my\">Birman<\/option><option value=\"bs\">Bosniaque<\/option><option value=\"bg\">Bulgare<\/option><option value=\"ceb\">Cebuano<\/option><option value=\"ny\">Chichewa<\/option><option value=\"zh-TW\">Chinois trad<\/option><option value=\"zh-CN\">Chinois vers\u00e9<\/option><option value=\"da\">Danois<\/option><option selected value=\"fr\">Allemand<\/option><option value=\"en\">Anglais<\/option><option value=\"eo\">Esp\u00e9ranto<\/option><option value=\"et\">Estonien<\/option><option value=\"tl\">Filipino<\/option><option value=\"fi\">Finlandais<\/option><option value=\"fr\">Fran\u00e7ais<\/option><option value=\"fy\">Frison<\/option><option value=\"gl\">Galicien<\/option><option value=\"ka\">G\u00e9orgien<\/option><option value=\"el\">Grec<\/option><option value=\"gu\">Gujarati<\/option><option value=\"ht\">Ha\u00eftien<\/option><option value=\"ha\">Hausa<\/option><option value=\"haw\">Hawaiien<\/option><option value=\"iw\">H\u00e9breu<\/option><option value=\"salut\">Hindi<\/option><option value=\"hmn\">Hmong<\/option><option value=\"ig\">Igbo<\/option><option value=\"id\">Indon\u00e9sien<\/option><option value=\"ga\">Irlandais<\/option><option value=\"is\">Islandais<\/option><option value=\"it\">Italien<\/option><option value=\"oui\">Japonais<\/option><option value=\"jw\">Javanais<\/option><option value=\"yi\">Yiddish<\/option><option value=\"kn\">Kannada<\/option><option value=\"kk\">Kazakh<\/option><option value=\"ca\">Catalan<\/option><option value=\"km\">Khmer<\/option><option value=\"ky\">Kirghiz<\/option><option value=\"ko\">Cor\u00e9en<\/option><option value=\"co\">Corse<\/option><option value=\"hr\">Croate<\/option><option value=\"ku\">Kurde<\/option><option value=\"lo\">Lao<\/option><option value=\"la\">Latin<\/option><option value=\"lv\">En letton<\/option><option value=\"lt\">Lituanien<\/option><option value=\"lb\">Luxembourgeois<\/option><option value=\"mg\">Malagasy<\/option><option value=\"ml\">Malayalam<\/option><option value=\"ms\">Malais<\/option><option value=\"mt\">Maltais<\/option><option value=\"mi\">Maori<\/option><option value=\"mr\">Marathi<\/option><option value=\"mk\">Mac\u00e9donien<\/option><option value=\"mn\">Mongol<\/option><option value=\"ne\">N\u00e9palais<\/option><option value=\"nl\">N\u00e9erlandais<\/option><option value=\"no\">Norv\u00e9gien<\/option><option value=\"ps\">Pashto<\/option><option value=\"fa\">Persan<\/option><option value=\"pl\">Polonais<\/option><option value=\"pt\">Portugais<\/option><option value=\"pa\">Punjabi<\/option><option value=\"ro\">Roumain<\/option><option value=\"ru\">Russe<\/option><option value=\"sm\">Samoan<\/option><option value=\"gd\">ga\u00e9lique \u00e9cossais<\/option><option value=\"sv\">Su\u00e9dois<\/option><option value=\"sr\">Serbe<\/option><option value=\"st\">Sesotho<\/option><option value=\"sn\">Shona<\/option><option value=\"sd\">Sindhi<\/option><option value=\"si\">Cinghalais<\/option><option value=\"sk\">Slovaque<\/option><option value=\"sl\">Slov\u00e8ne<\/option><option value=\"ainsi\">Somali<\/option><option value=\"il\">Espagnol<\/option><option value=\"sw\">Swahili<\/option><option value=\"su\">Sundanais<\/option><option value=\"tg\">Tadjik<\/option><option value=\"ta\">Tamil<\/option><option value=\"te\">Telugu<\/option><option value=\"th\">Tha\u00eflandais<\/option><option value=\"cs\">Tch\u00e8que<\/option><option value=\"tr\">Turc<\/option><option value=\"uk\">Ukrainien<\/option><option value=\"hu\">Hongrois<\/option><option value=\"ur\">Urdu<\/option><option value=\"uz\">Ouzbek<\/option><option value=\"vi\">Vietnamien<\/option><option value=\"cy\">Gallois<\/option><option value=\"be\">Bi\u00e9lorusse<\/option><option value=\"xh\">Xhosa<\/option><option value=\"yo\">Yoruba<\/option><option value=\"sur\">Zulu<\/option><\/select><\/td>\n<td align=\"center\" class=\"SL_td\" width=\"8%\">\n<div id=\"SL_TTS_voice\" style=\"background: rgba(0, 0, 0, 0) url(\"moz-extension:\/\/27c8b66b-4e69-a543-b12c-ee19d038addf\/content\/img\/util\/ttsvoice.png\") repeat scroll 0% 0%;\" title=\"undefined\">&nbsp;<\/div>\n<\/td>\n<td align=\"center\" class=\"SL_td\" width=\"8%\">\n<div class=\"SL_copy\" id=\"SL_copy\" style=\"background: rgba(0, 0, 0, 0) url(\"moz-extension:\/\/27c8b66b-4e69-a543-b12c-ee19d038addf\/content\/img\/util\/copy.png\") repeat scroll 0% 0%;\" title=\"Copier\">&nbsp;<\/div>\n<\/td>\n<td align=\"center\" class=\"SL_td\" width=\"8%\">\n<div id=\"SL_bbl_font_patch\">&nbsp;<\/div>\n<div class=\"SL_bbl_font\" id=\"SL_bbl_font\" style=\"background: rgba(0, 0, 0, 0) url(\"moz-extension:\/\/27c8b66b-4e69-a543-b12c-ee19d038addf\/content\/img\/util\/font.png\") repeat scroll 0% 0%;\" title=\"Taille de la police\">&nbsp;<\/div>\n<\/td>\n<td align=\"center\" class=\"SL_td\" width=\"8%\">\n<div id=\"SL_bbl_help\" style=\"background: rgba(0, 0, 0, 0) url(\"moz-extension:\/\/27c8b66b-4e69-a543-b12c-ee19d038addf\/content\/img\/util\/bhelp.png\") repeat scroll 0% 0%;\" title=\"Aide\">&nbsp;<\/div>\n<\/td>\n<td align=\"right\" class=\"SL_td\" width=\"15%\">\n<div class=\"SL_pin_off\" id=\"SL_pin\" style=\"background: rgba(0, 0, 0, 0) url(\"moz-extension:\/\/27c8b66b-4e69-a543-b12c-ee19d038addf\/content\/img\/util\/pin-on.png\") repeat scroll 0% 0%;\" title=\"Clouer le traducteur pop-up\">&nbsp;<\/div>\n<\/td>\n<\/tr>\n<\/table>\n<\/div>\n<\/div>\n<div id=\"SL_shadow_translation_result\" style=\"visibility: visible;\">&nbsp;<\/div>\n<div class=\"SL_loading\" id=\"SL_loading\" style=\"background: rgba(0, 0, 0, 0) url(\"moz-extension:\/\/27c8b66b-4e69-a543-b12c-ee19d038addf\/content\/img\/util\/loading.gif\") repeat scroll 0% 0%;\">&nbsp;<\/div>\n<div id=\"SL_player2\">&nbsp;<\/div>\n<div id=\"SL_alert100\">La fonction son est limit\u00e9e \u00e0 200 caract\u00e8res<\/div>\n<div id=\"SL_Balloon_options\" style=\"background: rgb(255, 255, 255) url(\"moz-extension:\/\/27c8b66b-4e69-a543-b12c-ee19d038addf\/content\/img\/util\/bg3.png\") repeat scroll 0% 0%;\">\n<div id=\"SL_arrow_down\" style=\"background: rgba(0, 0, 0, 0) url(\"moz-extension:\/\/27c8b66b-4e69-a543-b12c-ee19d038addf\/content\/img\/util\/down.png\") repeat scroll 0% 0%;\">&nbsp;<\/div>\n<table id=\"SL_tbl_opt\" style=\"width:100%\">\n<tr>\n<td align=\"center\" class=\"SL_td\" width=\"5%\"><input checked id=\"SL_BBL_locer\" title=\"Bouton Afficher dans le traducteur 3 secondes\" type=\"checkbox\"><\/td>\n<td align=\"left\" class=\"SL_td\" width=\"5%\">\n<div id=\"SL_BBL_IMG\" style=\"background: rgba(0, 0, 0, 0) url(\"moz-extension:\/\/27c8b66b-4e69-a543-b12c-ee19d038addf\/content\/img\/util\/bbl-logo.png\") repeat scroll 0% 0%;\" title=\"Bouton Afficher dans le traducteur 3 secondes\">&nbsp;<\/div>\n<\/td>\n<td align=\"center\" class=\"SL_td\" width=\"70%\"><a class=\"SL_options\" href=\"\/\/27c8b66b-4e69-a543-b12c-ee19d038addf\/content\/html\/options\/options.html?bbl\" id=\"SL_opt1\" target=\"_blank\" title=\"Afficher les options\" rel=\"noopener\">Options<\/a>: <a class=\"SL_options\" href=\"\/\/27c8b66b-4e69-a543-b12c-ee19d038addf\/content\/html\/options\/options.html?hist\" id=\"SL_opt2\" target=\"_blank\" title=\"Historique de la traduction\" rel=\"noopener\">Histoire<\/a>: <a class=\"SL_options\" href=\"\/\/27c8b66b-4e69-a543-b12c-ee19d038addf\/content\/html\/options\/options.html?feed\" id=\"SL_opt3\" target=\"_blank\" title=\"R\u00e9troaction\" rel=\"noopener\">R\u00e9troaction<\/a>: <a class=\"SL_options\" href=\"https:\/\/www.paypal.com\/cgi-bin\/webscr?cmd=_s-xclick&amp;hosted_button_id=GD9D8CPW8HFA2\" id=\"SL_opt4\" target=\"_blank\" title=\"Contribuer\" rel=\"noopener\">Donate<\/a><\/td>\n<td align=\"right\" class=\"SL_td\" width=\"15%\"><span class=\"SL_options\" id=\"SL_Balloon_Close\" title=\"Fermer\">Fermer<\/span><\/td>\n<\/tr>\n<\/table>\n<\/div>\n<\/div>\n<\/div>\n<p> <!--more--> <\/p>\n<p>Un sommeil suffisant et de bonne qualit\u00e9 est essentiel pour un d\u00e9veloppement sain et une bonne capacit\u00e9 d&#8217;apprentissage. Cependant, les troubles du sommeil touchent d\u00e9j\u00e0 environ 25% des enfants et des adolescents. Les sympt\u00f4mes les plus courants sont la fatigue, l&#8217;\u00e9puisement pendant la journ\u00e9e, les difficult\u00e9s de concentration, l&#8217;irritabilit\u00e9 et une faible r\u00e9sistance au stress. Il n&#8217;est pas rare qu&#8217;ils soient secondaires ou comorbides \u00e0 des troubles li\u00e9s au d\u00e9veloppement, ce qui constitue un d\u00e9fi en mati\u00e8re de diagnostic diff\u00e9rentiel. Outre les cons\u00e9quences de tels troubles sur les enfants eux-m\u00eames, les troubles du sommeil chez l&#8217;enfant et l&#8217;adolescent provoquent \u00e9galement un stress subjectif et physiologiquement mesurable chez les parents [1]. Les m\u00e9decins g\u00e9n\u00e9ralistes ou les p\u00e9diatres sont souvent les premiers \u00e0 \u00eatre confront\u00e9s \u00e0 cette probl\u00e9matique. Dans cet article, nous allons donc donner un aper\u00e7u des troubles du sommeil les plus courants dans ces groupes d&#8217;\u00e2ge et pr\u00e9senter les premi\u00e8res \u00e9tapes diagnostiques utiles et les possibilit\u00e9s de traitement.<\/p>\n<h2 id=\"insomnie\">Insomnie<\/h2>\n<p><strong>Sympt\u00f4mes : <\/strong>Les troubles insomniaques se manifestent par des difficult\u00e9s d&#8217;endormissement ou des r\u00e9veils pr\u00e9coces ; chez les nourrissons, ils peuvent se traduire par des pleurs. Selon les directives en vigueur, si de tels sympt\u00f4mes se manifestent &gt;3 jours par semaine pendant &gt;3 mois, il s&#8217;agit d&#8217;une forme chronique [2]. Outre le stress nocturne, les personnes concern\u00e9es sont \u00e9galement fatigu\u00e9es et d\u00e9concentr\u00e9es le jour, ce qui est souvent mal diagnostiqu\u00e9 comme un pr\u00e9tendu trouble du d\u00e9ficit de l&#8217;attention avec hyperactivit\u00e9 (TDAH) [3]. En effet, les enfants atteints de TDAH pr\u00e9sentent \u00e9galement des temps d&#8217;endormissement plus longs et une architecture du sommeil modifi\u00e9e par rapport aux groupes de contr\u00f4le sains [4].<\/p>\n<p>Les troubles du sommeil peuvent \u00e9galement \u00eatre dus \u00e0 une mauvaise hygi\u00e8ne de sommeil. Une revue de 36 \u00e9tudes a montr\u00e9 un lien entre l&#8217;utilisation g\u00e9n\u00e9rale des m\u00e9dias (t\u00e9l\u00e9vision, ordinateur, jeux \u00e9lectroniques, Internet, smartphones) et le retard du coucher ainsi que la r\u00e9duction de la dur\u00e9e totale du sommeil [5]. Une enqu\u00eate men\u00e9e aupr\u00e8s de 390 jeunes \u00e2g\u00e9s de 12 \u00e0 20 ans a confirm\u00e9 le lien entre la possession d&#8217;un smartphone et l&#8217;heure du coucher plus tardive. L&#8217;utilisation de m\u00e9dias \u00e9lectroniques au lit avant de s&#8217;endormir a \u00e9t\u00e9 corr\u00e9l\u00e9e n\u00e9gativement avec la longueur du sommeil et positivement avec les sympt\u00f4mes de d\u00e9pression et les difficult\u00e9s \u00e0 dormir [6].<\/p>\n<p>&nbsp;<\/p>\n<p><img fetchpriority=\"high\" decoding=\"async\" class=\" size-full wp-image-11531\" alt=\"\" src=\"https:\/\/medizinonline.com\/wp-content\/uploads\/2019\/03\/abb1_hp3_s10.jpg\" style=\"height:353px; width:600px\" width=\"1100\" height=\"648\" srcset=\"https:\/\/medizinonline.com\/wp-content\/uploads\/2019\/03\/abb1_hp3_s10.jpg 1100w, https:\/\/medizinonline.com\/wp-content\/uploads\/2019\/03\/abb1_hp3_s10-800x471.jpg 800w, https:\/\/medizinonline.com\/wp-content\/uploads\/2019\/03\/abb1_hp3_s10-120x71.jpg 120w, https:\/\/medizinonline.com\/wp-content\/uploads\/2019\/03\/abb1_hp3_s10-90x53.jpg 90w, https:\/\/medizinonline.com\/wp-content\/uploads\/2019\/03\/abb1_hp3_s10-320x189.jpg 320w, https:\/\/medizinonline.com\/wp-content\/uploads\/2019\/03\/abb1_hp3_s10-560x330.jpg 560w\" sizes=\"(max-width: 1100px) 100vw, 1100px\" \/><\/p>\n<p>&nbsp;<\/p>\n<p><strong>Diagnostic :<\/strong> des questionnaires tels que le Sleep Self-Report (version fran\u00e7aise : SSR-FR 7-12) peuvent \u00eatre utilis\u00e9s \u00e0 des fins diagnostiques. Il est \u00e9galement utile de documenter pr\u00e9cis\u00e9ment le comportement de sommeil dans un journal de sommeil tenu pendant 14 jours (enfant, soutien des parents) <strong>(tab.&nbsp;1).<\/strong> Parall\u00e8lement, un actom\u00e8tre peut enregistrer l&#8217;activit\u00e9 et l&#8217;exposition \u00e0 la lumi\u00e8re sur 24 heures <strong>(fig.&nbsp;1).<\/strong> L&#8217;enregistrement pr\u00e9cis des comportements de sommeil et d&#8217;\u00e9veil fournit des points de d\u00e9part pour des options th\u00e9rapeutiques.<\/p>\n<p>&nbsp;<\/p>\n<p><img decoding=\"async\" class=\"size-full wp-image-11532 lazyload\" alt=\"\" data-src=\"https:\/\/medizinonline.com\/wp-content\/uploads\/2019\/03\/tab1_hp3_s9.png\" style=\"--smush-placeholder-width: 1100px; --smush-placeholder-aspect-ratio: 1100\/1120;height:611px; width:600px\" width=\"1100\" height=\"1120\" data-srcset=\"https:\/\/medizinonline.com\/wp-content\/uploads\/2019\/03\/tab1_hp3_s9.png 1100w, https:\/\/medizinonline.com\/wp-content\/uploads\/2019\/03\/tab1_hp3_s9-800x815.png 800w, https:\/\/medizinonline.com\/wp-content\/uploads\/2019\/03\/tab1_hp3_s9-80x80.png 80w, https:\/\/medizinonline.com\/wp-content\/uploads\/2019\/03\/tab1_hp3_s9-120x122.png 120w, https:\/\/medizinonline.com\/wp-content\/uploads\/2019\/03\/tab1_hp3_s9-90x92.png 90w, https:\/\/medizinonline.com\/wp-content\/uploads\/2019\/03\/tab1_hp3_s9-320x326.png 320w, https:\/\/medizinonline.com\/wp-content\/uploads\/2019\/03\/tab1_hp3_s9-560x570.png 560w\" data-sizes=\"(max-width: 1100px) 100vw, 1100px\" src=\"data:image\/svg+xml;base64,PHN2ZyB3aWR0aD0iMSIgaGVpZ2h0PSIxIiB4bWxucz0iaHR0cDovL3d3dy53My5vcmcvMjAwMC9zdmciPjwvc3ZnPg==\" \/><\/p>\n<p>&nbsp;<\/p>\n<p>Il arrive que les parents surestiment le besoin de sommeil de leur enfant et \u00e9tablissent ainsi de mauvaises habitudes de sommeil. Le diagnostic diff\u00e9rentiel doit \u00eatre pos\u00e9 en pensant aux troubles anxieux ou aux troubles affectifs [7].<\/p>\n<p><strong>Traitement :<\/strong> Diff\u00e9rentes mesures de th\u00e9rapie cognitivo-comportementale de l&#8217;insomnie (CBT-I) sont disponibles sur le plan th\u00e9rapeutique [8]. Il s&#8217;agit notamment du contr\u00f4le des stimuli (se lever et pratiquer une activit\u00e9 calme et agr\u00e9able d\u00e8s que l&#8217;on se sent mal \u00e0 l&#8217;aise au lit), d&#8217;horaires de coucher et de journ\u00e9es limit\u00e9s et r\u00e9guliers, de techniques de relaxation et de techniques cognitives (techniques de mentalisation). En outre, des mesures d&#8217;hygi\u00e8ne du sommeil sont enseign\u00e9es <strong>(encadr\u00e9), <\/strong>qui donnent \u00e9galement des indications sur le soutien du rythme tout au long de la journ\u00e9e [10].<\/p>\n<p>&nbsp;<\/p>\n<p><img decoding=\"async\" class=\"size-full wp-image-11533 lazyload\" alt=\"\" data-src=\"https:\/\/medizinonline.com\/wp-content\/uploads\/2019\/03\/kasten_hp3_s10.png\" style=\"--smush-placeholder-width: 1100px; --smush-placeholder-aspect-ratio: 1100\/1038;height:566px; width:600px\" width=\"1100\" height=\"1038\" data-srcset=\"https:\/\/medizinonline.com\/wp-content\/uploads\/2019\/03\/kasten_hp3_s10.png 1100w, https:\/\/medizinonline.com\/wp-content\/uploads\/2019\/03\/kasten_hp3_s10-800x755.png 800w, https:\/\/medizinonline.com\/wp-content\/uploads\/2019\/03\/kasten_hp3_s10-120x113.png 120w, https:\/\/medizinonline.com\/wp-content\/uploads\/2019\/03\/kasten_hp3_s10-90x85.png 90w, https:\/\/medizinonline.com\/wp-content\/uploads\/2019\/03\/kasten_hp3_s10-320x302.png 320w, https:\/\/medizinonline.com\/wp-content\/uploads\/2019\/03\/kasten_hp3_s10-560x528.png 560w\" data-sizes=\"(max-width: 1100px) 100vw, 1100px\" src=\"data:image\/svg+xml;base64,PHN2ZyB3aWR0aD0iMSIgaGVpZ2h0PSIxIiB4bWxucz0iaHR0cDovL3d3dy53My5vcmcvMjAwMC9zdmciPjwvc3ZnPg==\" \/><\/p>\n<p>&nbsp;<\/p>\n<h2 id=\"parasomnie\">Parasomnie<\/h2>\n<p><strong>Les sympt\u00f4mes : <\/strong>Le terme parasomnie est d\u00e9riv\u00e9 du fait que ces sympt\u00f4mes apparaissent en dehors du sommeil et n&#8217;affectent pas n\u00e9cessairement la qualit\u00e9 et le caract\u00e8re r\u00e9parateur du sommeil. Parmi les parasomnies, on distingue celles qui surviennent pendant le sommeil paradoxal et celles qui surviennent \u00e0 partir du sommeil NREM. Ces derniers incluent le somnambulisme, le fait de parler en dormant, le pavor nocturnus et les cauchemars. Les parasomnies NREM sont des troubles de l&#8217;\u00e9veil dont la pr\u00e9valence peut atteindre 40% chez les enfants avant l&#8217;\u00e2ge pr\u00e9scolaire. Souvent, les troubles sont r\u00e9mittents \u00e0 la fin de l&#8217;adolescence [11]. En raison de leur m\u00e9canisme suppos\u00e9, ils se produisent plus fr\u00e9quemment dans la premi\u00e8re partie de la nuit, qui est proportionnellement plus riche en sommeil NREM. Une autre parasomnie qui affecte principalement les enfants est l&#8217;\u00e9nur\u00e9sie (pipi au lit). Alors que cela se produit encore \u00e0 43% chez les enfants de trois ans, l&#8217;incidence se r\u00e9duit \u00e0 20% chez les enfants de quatre ans et \u00e0 1-2% chez les adolescents.<\/p>\n<p><strong>Diagnostic : <\/strong>le diagnostic repose g\u00e9n\u00e9ralement sur des donn\u00e9es anamnestiques \u00e9trang\u00e8res ou des enregistrements vid\u00e9o des \u00e9pisodes. Le diagnostic diff\u00e9rentiel doit porter sur l&#8217;\u00e9pilepsie nocturne du lobe frontal. Il existe ici des caract\u00e9ristiques concr\u00e8tes dans la polysomnographie (PSG) qui sont d\u00e9cisives pour le diagnostic.<\/p>\n<p><strong>Traitement : <\/strong>la psycho\u00e9ducation et le soulagement des parents et des enfants sont essentiels dans le traitement. La plupart du temps, il n&#8217;est pas n\u00e9cessaire de recourir \u00e0 des m\u00e9dicaments. Il est important de s\u00e9curiser l&#8217;environnement afin de prot\u00e9ger l&#8217;enfant des blessures. Il convient \u00e9galement d&#8217;\u00e9viter autant que possible les facteurs aggravants tels que le manque de sommeil et le stress et de traiter les causes des r\u00e9veils nocturnes (\u00e9veil). En cas de souffrance tr\u00e8s importante, de risque de blessure ou d&#8217;occasions particuli\u00e8res, le clonaz\u00e9pam peut \u00eatre utilis\u00e9 hors \u00e9tiquette pour une dur\u00e9e limit\u00e9e [12].<\/p>\n<p>En cas d&#8217;\u00e9nur\u00e9sie, le conditionnement op\u00e9rant par renforcement positif et s\u00e9r\u00e9nit\u00e9 est plus efficace que la punition [13]. Chez les enfants qui font pipi au lit, il faut rechercher des sympt\u00f4mes de troubles respiratoires li\u00e9s au sommeil (ronflements, pauses respiratoires, sommeil agit\u00e9) [14].<\/p>\n<h2 id=\"troubles-du-rythme-circadien\">Troubles du rythme circadien<\/h2>\n<p><strong>Les sympt\u00f4mes : <\/strong>Alors que les sympt\u00f4mes parasomniaques s&#8217;estompent souvent chez les \u00e9coliers et les adolescents, les conflits avec l&#8217;horloge interne se multiplient \u00e0 l&#8217;adolescence. Outre les changements chronobiologiques (la pression du sommeil s&#8217;accumule plus lentement chez les adolescents plus \u00e2g\u00e9s que chez les jeunes enfants, processus de maturation du syst\u00e8me circadien) [15], les changements dans l&#8217;environnement psychosocial des adolescents jouent \u00e9galement un r\u00f4le (ind\u00e9pendance croissante, opportunit\u00e9s et obligations, consommation de m\u00e9dias). Un rythme veille-sommeil irr\u00e9gulier ou un syndrome de phases de sommeil retard\u00e9es ou avanc\u00e9es peuvent avoir un impact consid\u00e9rable sur l&#8217;\u00e9tat d&#8217;esprit diurne. Les patients se plaignent souvent de difficult\u00e9s \u00e0 s&#8217;endormir ou de fatigue matinale, souvent accompagn\u00e9e de retards \u00e0 l&#8217;\u00e9cole. La pr\u00e9valence chez les adolescents est \u00e9lev\u00e9e, de 7 \u00e0 16%.<\/p>\n<p><strong>Diagnostic :<\/strong> outre une anamn\u00e8se pr\u00e9cise, il est recommand\u00e9 d&#8217;utiliser un protocole de sommeil sur au moins 14 jours <strong>(tableau 1). <\/strong>En outre, des questionnaires peuvent \u00eatre utilis\u00e9s pour d\u00e9terminer le chronotype (t\u00e9l\u00e9chargeables sur www.dgsm.de) [16]. En outre, la production de m\u00e9latonine dans la salive peut \u00eatre enregistr\u00e9e afin d&#8217;obtenir une image du rythme veille-sommeil de l&#8217;individu [17].<\/p>\n<p><strong>Traitement : <\/strong>un traitement combin\u00e9 comprenant des \u00e9l\u00e9ments de th\u00e9rapie cognitivo-comportementale de l&#8217;insomnie (TCC-I) et un d\u00e9calage du rythme est recommand\u00e9. Le d\u00e9calage du rythme est obtenu par l&#8217;\u00e9tablissement d&#8217;horaires de coucher r\u00e9guliers, l&#8217;exposition \u00e0 la lumi\u00e8re le matin (lumi\u00e8re du jour ou lampe m\u00e9dicale), l&#8217;exercice physique pendant la journ\u00e9e et, si n\u00e9cessaire, l&#8217;administration programm\u00e9e de m\u00e9latonine (th\u00e9rapie off-label) [18].<\/p>\n<h2 id=\"autres-troubles-du-sommeil\">Autres troubles du sommeil<\/h2>\n<p>Dans ce num\u00e9ro, le professeur Johannes Mathis nous parle de la narcolepsie, dont le principal sympt\u00f4me est une somnolence diurne chronique qui dure plus de trois mois. L&#8217;\u00e9valuation se fait dans un laboratoire du sommeil avec PSG et un test de latence du sommeil pendant la journ\u00e9e.<\/p>\n<p>L&#8217;apn\u00e9e obstructive du sommeil (ronflement, pauses respiratoires, transpiration, sommeil agit\u00e9) est pr\u00e9sente chez 1 \u00e0 2 % des enfants. Les sympt\u00f4mes sont, outre la fatigue diurne, une baisse des r\u00e9sultats scolaires et des troubles du comportement [19]. La polygraphie est recommand\u00e9e comme m\u00e9thode de d\u00e9pistage (mesure \u00e0 domicile sur 8 canaux) ; les oxym\u00e8tres sont impr\u00e9cis, en particulier chez les enfants. Une polysomnographie vid\u00e9o du sommeil (examen en laboratoire du sommeil) est recommand\u00e9e pour une clarification d\u00e9finitive.<\/p>\n<p>Les troubles du mouvement s&#8217;expriment par des myoclonies chez les nourrissons, et par des mouvements rythmiques de la t\u00eate, des bercements ou des grincements de dents (bruxisme) chez les enfants d&#8217;\u00e2ge pr\u00e9scolaire. Dans la mesure o\u00f9 il n&#8217;y a pas de blessures, les sympt\u00f4mes sont inoffensifs et se terminent g\u00e9n\u00e9ralement spontan\u00e9ment avant l&#8217;\u00e2ge de quatre ans. Le bruxisme peut \u00eatre li\u00e9 au stress ou \u00e0 l&#8217;anxi\u00e9t\u00e9 ainsi qu&#8217;\u00e0 la croissance des dents (dents de lait et secondes dents).<\/p>\n<h2 id=\"messages-take-home\">Messages Take-Home<\/h2>\n<ul>\n<li>En cas de difficult\u00e9s de concentration et de faible r\u00e9sistance \u00e0 l&#8217;effort, il faut penser \u00e0 un examen m\u00e9dical du sommeil, en plus des troubles li\u00e9s au d\u00e9veloppement.<\/li>\n<li>Le traitement de l&#8217;insomnie doit tenir compte des besoins individuels de l&#8217;enfant en mati\u00e8re de sommeil. Outre des heures de coucher r\u00e9guli\u00e8res et des rituels d&#8217;endormissement, il convient \u00e9galement de faire attention \u00e0 la consommation de m\u00e9dias.<\/li>\n<li>Les parasomnies NREM, comme le somnambulisme et les cris pendant le sommeil, sont fr\u00e9quentes chez les enfants et ont un bon pronostic. Il est important d&#8217;informer et de s\u00e9curiser l&#8217;environnement. En cas d&#8217;apparition de l\u00e9sions, un examen en laboratoire du sommeil est recommand\u00e9.<\/li>\n<li>Si les adolescents signalent des difficult\u00e9s \u00e0 s&#8217;endormir et une fatigue matinale, il faut \u00e9galement penser \u00e0 un retard du rythme veille-sommeil.<\/li>\n<li>En cas d&#8217;\u00e9nur\u00e9sie et de ronflement, le laboratoire du sommeil doit exclure l&#8217;apn\u00e9e obstructive du sommeil.<\/li>\n<\/ul>\n<p>&nbsp;<\/p>\n<p>Litt\u00e9rature :<\/p>\n<ol>\n<li>Brandhorst I, et al. : La r\u00e9action de r\u00e9veil au cortisol chez les m\u00e8res de jeunes enfants ayant des probl\u00e8mes de sommeil. Effets d&#8217;un programme de traitement bas\u00e9 sur Internet (Mini-KiSS Online). Somnologie 2017 ; 21(1) : 53-66.<\/li>\n<li>AASM : Classification Internationale des Troubles du Sommeil. Troisi\u00e8me \u00e9dition (ICSD-3). 2014.<\/li>\n<li>Kneifel G : Troubles du sommeil. Fr\u00e9quent &#8211; et nettement sous-estim\u00e9. Dtsch Arztebl International 2016 ; 15 : 124-127.<\/li>\n<li>Virring A, et al : Le sommeil perturb\u00e9 dans le trouble d&#8217;hyperactivit\u00e9 avec d\u00e9ficit de l&#8217;attention (TDAH) n&#8217;est pas une question de comorbidit\u00e9 psychiatrique ou de pr\u00e9sentation du TDAH. J Sleep Res 2016 ; 25(3) : 333-340.<\/li>\n<li>Cain N, Gradisar M : Electronic media use and sleep in school-aged children and adolescents. Un examen. Sleep Med 2010 ; 11(8) : 735-742.<\/li>\n<li>Lemola S, et al. : Adolescents&#8217; electronic media use at night, sleep disturbance, and depressive symptoms in the smartphone age. J Youth Adolesc 2015 ; 44(2) : 405-418.<\/li>\n<li>Brown WJ, et al : A review of sleep disturbance in children and adolescents with anxiety. J Sleep Res 2018 ; 27(3) : e12635.<\/li>\n<li>\u00c5slund L, et al. : Cognitive and Behavioral Interventions to Improve Sleep in School-Age Children and Adolescents. A Systematic Review and Meta-Analysis. J Clin Sleep Med 2018 ; 14(11) : 1937-1947.<\/li>\n<li>Halal CSE, Nunes ML : Education \u00e0 l&#8217;hygi\u00e8ne du sommeil des enfants : quelles sont les approches efficaces ? Une revue syst\u00e9matique. J Pediatr (Rio J) 2014 ; 90(5) : 449-456.<\/li>\n<li>Kerzel S, et al. : Construire des ponts &#8211; la m\u00e9decine du sommeil des enfants cr\u00e9e des liens. Aktuelle Kinderschlafmedizin 2017. Dresde : kleanthes Verlag f\u00fcr Medizin und Pr\u00e4vention, 2017.<\/li>\n<li>Jenni O, Benz C : Troubles du sommeil. P\u00e9diatrie up2date 2007 ; 2 : 309-333.<\/li>\n<li>Kotagal S : Traitement des dyssomnies et des parasomnies chez l&#8217;enfant. Curr Treat Options Neurol 2012 ; 14(6) : 630-649.<\/li>\n<li>Sinha R, Raut S : Gestion de l&#8217;\u00e9nur\u00e9sie nocturne. Mythes et r\u00e9alit\u00e9s. World J Nephrol 2016 ; 5(4) : 328-338.<\/li>\n<li>Zaffanello M, et al : Obstructive sleep-disordered breathing, enuresis and combined disorders in children : chance or related association ? Swiss medical weekly 2017 ; 147 : w14400.<\/li>\n<li>Carskadon MA, et al. : Adolescent Sleep Patterns, Circadian Timing, and Sleepiness at a Transition to Early School Days. Sleep 1998 ; 21(8) : 871-881.<\/li>\n<li>Werner H, et al. : Assessment of Chronotype in Four- to Eleven-Year-Old Children : Reliability and Validity of the Children&#8217;s Chronotype Questionnaire (CCTQ). Chronobiol Int 2009 ; 26(5) : 992-1014.<\/li>\n<li>Pandi-Perumal SR, et al : Dim light melatonin onset (DLMO) : a tool for the analysis of circadian phase in human sleep and chronobiological disorders. Prog Neuropsychopharmacol Biol Psychiatry 2007 ; 31(1) : 1-11.<\/li>\n<li>Kirchhoff F, et al. : Utilisation de la m\u00e9latonine chez les enfants souffrant de troubles du sommeil : Prise de position du groupe de travail p\u00e9diatrique de la Deutsche Gesellschaft f\u00fcr Schlafforschung und Schlafmedizin e.V. (DGSM). In : Erler T, Paditz E, Hg : Zeit Alter Schlaf : Aktuelle Kinderschlafmedizin 2018. Dresden : kleanthes Verlag f\u00fcr Medizin und Pr\u00e4vention, 2018 : 68-82.<\/li>\n<li>Hunter SJ, et al : Effet de la s\u00e9v\u00e9rit\u00e9 de la respiration perturb\u00e9e par le sommeil sur les mesures de performance cognitive dans une large cohorte communautaire de jeunes enfants scolaris\u00e9s. Am J Respir Crit Care Med 2016 ; 194(6) : 739-747.<\/li>\n<\/ol>\n<p>&nbsp;<\/p>\n<p><em>PRATIQUE DU M\u00c9DECIN DE FAMILLE 2019 ; 14(3) : 8-10<\/em><\/p>\n","protected":false},"excerpt":{"rendered":"<p>Si les adolescents sont peu r\u00e9sistants et ont des difficult\u00e9s de concentration, un examen m\u00e9dical du sommeil est indiqu\u00e9. Dans le traitement des diff\u00e9rents troubles du sommeil, une bonne psycho\u00e9ducation&hellip;<\/p>\n","protected":false},"author":7,"featured_media":87701,"comment_status":"closed","ping_status":"","sticky":false,"template":"","format":"standard","meta":{"_acf_changed":false,"pmpro_default_level":"","cat_1_feature_home_top":false,"cat_2_editor_pick":false,"csco_eyebrow_text":"Troubles du sommeil chez les enfants et les adolescents","footnotes":""},"category":[11531,11383,11458,11489,11549],"tags":[30047,30037,18681,24860,25490,19420,30052,30042,20696],"powerkit_post_featured":[],"class_list":["post-336577","post","type-post","status-publish","format-standard","has-post-thumbnail","category-formation-continue","category-neurologie-fr","category-pediatrie","category-psychiatrie-et-psychotherapie","category-rx-fr","tag-apnee-obstructive-du-sommeil","tag-besoin-de-sommeil","tag-insomnie-fr","tag-narcolepsie","tag-parasomnie-fr","tag-psychoeducation-fr","tag-somnambulisme","tag-trouble-du-rythme-circadien","tag-troubles-du-sommeil-fr","pmpro-has-access"],"acf":[],"publishpress_future_action":{"enabled":false,"date":"2026-05-07 02:27:30","action":"change-status","newStatus":"draft","terms":[],"taxonomy":"category","extraData":[]},"publishpress_future_workflow_manual_trigger":{"enabledWorkflows":[]},"wpml_current_locale":"fr_FR","wpml_translations":{"it_IT":{"locale":"it_IT","id":336586,"slug":"la-psicoeducazione-e-centrale","post_title":"La psicoeducazione \u00e8 centrale","href":"https:\/\/medizinonline.com\/it\/la-psicoeducazione-e-centrale\/"},"pt_PT":{"locale":"pt_PT","id":336590,"slug":"a-psicoeducacao-e-central","post_title":"A psicoeduca\u00e7\u00e3o \u00e9 central","href":"https:\/\/medizinonline.com\/pt-pt\/a-psicoeducacao-e-central\/"},"es_ES":{"locale":"es_ES","id":336547,"slug":"la-psicoeducacion-es-fundamental","post_title":"La psicoeducaci\u00f3n es fundamental","href":"https:\/\/medizinonline.com\/es\/la-psicoeducacion-es-fundamental\/"}},"_links":{"self":[{"href":"https:\/\/medizinonline.com\/fr\/wp-json\/wp\/v2\/posts\/336577","targetHints":{"allow":["GET"]}}],"collection":[{"href":"https:\/\/medizinonline.com\/fr\/wp-json\/wp\/v2\/posts"}],"about":[{"href":"https:\/\/medizinonline.com\/fr\/wp-json\/wp\/v2\/types\/post"}],"author":[{"embeddable":true,"href":"https:\/\/medizinonline.com\/fr\/wp-json\/wp\/v2\/users\/7"}],"replies":[{"embeddable":true,"href":"https:\/\/medizinonline.com\/fr\/wp-json\/wp\/v2\/comments?post=336577"}],"version-history":[{"count":0,"href":"https:\/\/medizinonline.com\/fr\/wp-json\/wp\/v2\/posts\/336577\/revisions"}],"wp:featuredmedia":[{"embeddable":true,"href":"https:\/\/medizinonline.com\/fr\/wp-json\/wp\/v2\/media\/87701"}],"wp:attachment":[{"href":"https:\/\/medizinonline.com\/fr\/wp-json\/wp\/v2\/media?parent=336577"}],"wp:term":[{"taxonomy":"category","embeddable":true,"href":"https:\/\/medizinonline.com\/fr\/wp-json\/wp\/v2\/category?post=336577"},{"taxonomy":"post_tag","embeddable":true,"href":"https:\/\/medizinonline.com\/fr\/wp-json\/wp\/v2\/tags?post=336577"},{"taxonomy":"powerkit_post_featured","embeddable":true,"href":"https:\/\/medizinonline.com\/fr\/wp-json\/wp\/v2\/powerkit_post_featured?post=336577"}],"curies":[{"name":"wp","href":"https:\/\/api.w.org\/{rel}","templated":true}]}}