{"id":336613,"date":"2019-02-28T02:00:00","date_gmt":"2019-02-28T01:00:00","guid":{"rendered":"https:\/\/medizinonline.com\/chute-de-cheveux-possibilites-et-limites-du-traitement\/"},"modified":"2019-02-28T02:00:00","modified_gmt":"2019-02-28T01:00:00","slug":"chute-de-cheveux-possibilites-et-limites-du-traitement","status":"publish","type":"post","link":"https:\/\/medizinonline.com\/fr\/chute-de-cheveux-possibilites-et-limites-du-traitement\/","title":{"rendered":"Chute de cheveux &#8211; Possibilit\u00e9s et limites du traitement"},"content":{"rendered":"<p><strong>Dans le cas de l&#8217;alop\u00e9cie cicatricielle et androg\u00e9n\u00e9tique en particulier, les r\u00e9sultats des traitements pharmacologiques sont souvent insatisfaisants, ce qui peut \u00eatre tr\u00e8s p\u00e9nible pour les personnes concern\u00e9es. La greffe de cheveux est un moyen de traiter durablement cette forme de perte de cheveux et d&#8217;autres, bien que les chances de succ\u00e8s varient d&#8217;une personne \u00e0 l&#8217;autre.<\/strong><\/p>\n<p> <!--more--> <\/p>\n<p>L&#8217;article de synth\u00e8se suivant d\u00e9crit les possibilit\u00e9s et les limites des diff\u00e9rentes formes de perte de cheveux du point de vue d&#8217;une chirurgienne transplantatrice qui pratique r\u00e9guli\u00e8rement des greffes de cheveux dans son propre cabinet. Une partie des patients se pr\u00e9sentent directement pour une consultation et une partie des patients sont envoy\u00e9s par des dermatologues.<\/p>\n<h2 id=\"apercu-des-indications\">Aper\u00e7u des indications<\/h2>\n<p>L&#8217;alop\u00e9cie androg\u00e9nique est la raison la plus fr\u00e9quente et la plus classique de la transplantation de cheveux, aussi bien chez les hommes que chez les femmes. Le mod\u00e8le de perte de cheveux chez l&#8217;homme est class\u00e9 selon Norwood I-VII [1] et d\u00e9crit le mod\u00e8le typique de perte de cheveux chez l&#8217;homme dans la r\u00e9gion du coin de la calvitie, du front et du vertex.<\/p>\n<p>Chez les femmes, la perte de cheveux est g\u00e9n\u00e9ralement diffuse sur le dessus de la t\u00eate, d\u00e9crite par la classification de Ludwig [2]. Si la perte de cheveux est tr\u00e8s \u00e9tendue chez les femmes, la greffe de cheveux est d\u00e9conseill\u00e9e. S&#8217;il s&#8217;agit d&#8217;un amincissement limit\u00e9 \u00e0 base large dans la r\u00e9gion ant\u00e9rieure du sommet de la t\u00eate qui se termine en pointe vers l&#8217;arri\u00e8re (mod\u00e8le de sapin, classification d&#8217;Olsen), il peut \u00eatre densifi\u00e9 au moyen d&#8217;une greffe de cheveux, ce qui am\u00e9liore consid\u00e9rablement la qualit\u00e9 de vie des patientes. Si une femme a constitutionnellement un front tr\u00e8s haut, la ligne capillaire peut \u00eatre avanc\u00e9e par la greffe de cheveux. Les patients transgenres (d&#8217;homme \u00e0 femme) ayant une calvitie ont le d\u00e9sir d&#8217;avoir une ligne capillaire f\u00e9minine, qui peut \u00eatre f\u00e9minis\u00e9e de mani\u00e8re tr\u00e8s \u00e9l\u00e9gante et naturelle par une greffe de cheveux.<\/p>\n<p>Les cicatrices dans le capillitium d&#8217;\u00e9tiologies diverses sont souvent un probl\u00e8me majeur pour les patients. Souvent, ces cicatrices vous rappellent une p\u00e9riode traumatisante. Par exemple, \u00e0 un accident avec br\u00fblure, ou \u00e0 un diagnostic de tumeur avec les cons\u00e9quences d&#8217;une chirurgie tumorale invasive ou d&#8217;une radioth\u00e9rapie, ou apr\u00e8s le traitement d&#8217;un maquillage permanent inesth\u00e9tique au niveau des sourcils, etc. Pour ces patients \u00e9galement, la greffe de cheveux repr\u00e9sente une solution th\u00e9rapeutique sans risque et peu douloureuse, mais tr\u00e8s efficace.<\/p>\n<p>&nbsp;<\/p>\n<p><img fetchpriority=\"high\" decoding=\"async\" class=\" size-full wp-image-11482\" alt=\"\" src=\"https:\/\/medizinonline.com\/wp-content\/uploads\/2019\/02\/abb1_dp1_s9.jpg\" style=\"height:246px; width:600px\" width=\"1100\" height=\"451\" srcset=\"https:\/\/medizinonline.com\/wp-content\/uploads\/2019\/02\/abb1_dp1_s9.jpg 1100w, https:\/\/medizinonline.com\/wp-content\/uploads\/2019\/02\/abb1_dp1_s9-800x328.jpg 800w, https:\/\/medizinonline.com\/wp-content\/uploads\/2019\/02\/abb1_dp1_s9-120x49.jpg 120w, https:\/\/medizinonline.com\/wp-content\/uploads\/2019\/02\/abb1_dp1_s9-90x37.jpg 90w, https:\/\/medizinonline.com\/wp-content\/uploads\/2019\/02\/abb1_dp1_s9-320x131.jpg 320w, https:\/\/medizinonline.com\/wp-content\/uploads\/2019\/02\/abb1_dp1_s9-560x230.jpg 560w\" sizes=\"(max-width: 1100px) 100vw, 1100px\" \/><\/p>\n<p>&nbsp;<\/p>\n<h2 id=\"quelles-sont-les-possibilites\">Quelles sont les possibilit\u00e9s ?<\/h2>\n<p>Toutes les parties poilues du corps se pr\u00eatent en principe au pr\u00e9l\u00e8vement de follicules pileux et ceux-ci peuvent en principe \u00eatre transplant\u00e9s n&#8217;importe o\u00f9. Ceux qui ne sont pas eux-m\u00eames touch\u00e9s par la perte de cheveux peuvent difficilement comprendre l&#8217;ampleur de la souffrance de ces patients. L&#8217;intervention chirurgicale par greffe de cheveux permet souvent d&#8217;am\u00e9liorer la qualit\u00e9 de vie de mani\u00e8re simple. Il est \u00e9galement int\u00e9ressant de noter les diff\u00e9rences culturelles en mati\u00e8re de perte de cheveux. Dans les pays d&#8217;origine musulmane, les hommes subissent souvent des greffes au niveau de la barbe et dans les pays asiatiques, il existe un d\u00e9sir de pilosit\u00e9 mammaire.<\/p>\n<p>La greffe de cheveux dans les zones d\u00e9garnies convient en principe \u00e0 toutes les r\u00e9gions du corps (capillitium, sourcils, barbe ainsi que pilosit\u00e9 pubescente ou thoracique), quelle que soit l&#8217;\u00e9tiologie. La greffe de cheveux dans les cicatrices est aujourd&#8217;hui une alternative m\u00e9dicale viable aux interventions majeures telles que les op\u00e9rations d&#8217;expandeur, les plasties par lambeau ou les greffes de peau. Par rapport aux interventions mentionn\u00e9es ci-dessus, la transplantation capillaire est beaucoup moins invasive pour le patient (pas d&#8217;anesth\u00e9sie, pas d&#8217;hospitalisation et, dans la plupart des cas, seulement une incapacit\u00e9 de travail de deux jours). Les frais de gu\u00e9rison sont \u00e9galement fortement minimis\u00e9s.<\/p>\n<p>&nbsp;<\/p>\n<p><img decoding=\"async\" class=\"size-full wp-image-11483 lazyload\" alt=\"\" data-src=\"https:\/\/medizinonline.com\/wp-content\/uploads\/2019\/02\/abb2_dp1_s9.jpg\" style=\"--smush-placeholder-width: 1100px; --smush-placeholder-aspect-ratio: 1100\/502;height:274px; width:600px\" width=\"1100\" height=\"502\" data-srcset=\"https:\/\/medizinonline.com\/wp-content\/uploads\/2019\/02\/abb2_dp1_s9.jpg 1100w, https:\/\/medizinonline.com\/wp-content\/uploads\/2019\/02\/abb2_dp1_s9-800x365.jpg 800w, https:\/\/medizinonline.com\/wp-content\/uploads\/2019\/02\/abb2_dp1_s9-120x55.jpg 120w, https:\/\/medizinonline.com\/wp-content\/uploads\/2019\/02\/abb2_dp1_s9-90x41.jpg 90w, https:\/\/medizinonline.com\/wp-content\/uploads\/2019\/02\/abb2_dp1_s9-320x146.jpg 320w, https:\/\/medizinonline.com\/wp-content\/uploads\/2019\/02\/abb2_dp1_s9-560x256.jpg 560w\" data-sizes=\"(max-width: 1100px) 100vw, 1100px\" src=\"data:image\/svg+xml;base64,PHN2ZyB3aWR0aD0iMSIgaGVpZ2h0PSIxIiB4bWxucz0iaHR0cDovL3d3dy53My5vcmcvMjAwMC9zdmciPjwvc3ZnPg==\" \/><\/p>\n<p>&nbsp;<\/p>\n<h2 id=\"quelles-sont-les-limitations\">Quelles sont les limitations ?<\/h2>\n<p>Du point de vue de l&#8217;assurance maladie, les co\u00fbts de l&#8217;intervention ne sont malheureusement pas pris en charge dans la plupart des cas. En ce qui concerne la faisabilit\u00e9 m\u00e9dicale, les restrictions suivantes s&#8217;appliquent :<\/p>\n<p>Lors d&#8217;une greffe de cheveux, il n&#8217;est pas possible de transplanter un nombre illimit\u00e9 de follicules pileux. Le nombre de greffes de cheveux (&#8220;greffons&#8221; ; \u00e9galement appel\u00e9s &#8220;unit\u00e9s folliculaires&#8221;) est limit\u00e9 d&#8217;une part par le nombre de follicules pileux disponibles (en cas de calvitie constitutionnelle, celui-ci est limit\u00e9 \u00e0 l&#8217;arri\u00e8re de la t\u00eate et \u00e0 la r\u00e9gion temporale) et d&#8217;autre part par la dur\u00e9e de l&#8217;intervention et l&#8217;\u00e9tendue de la surface \u00e0 transplanter en raison de la dose quotidienne maximale d&#8217;anesth\u00e9sie locale.<\/p>\n<p>La transplantation de cheveux ne doit \u00eatre envisag\u00e9e qu&#8217;apr\u00e8s stabilisation de la perte de cheveux par un traitement pharmacologique \u00e0 long terme \u00e0 base de finast\u00e9ride ou par l&#8217;application topique de minoxidil.<\/p>\n<p>En cas d&#8217;alop\u00e9cie cicatricielle due \u00e0 une \u00e9tiologie inflammatoire, comme l&#8217;alop\u00e9cie fibrosante frontale, le lichen planopilaire ou l&#8217;alop\u00e9cie fibrosante \u00e0 distribution pattern (FAPD), le processus inflammatoire doit \u00eatre \u00e9limin\u00e9 pour que l&#8217;intervention soit efficace. Il est difficile d&#8217;en juger, tant sur le plan clinique qu&#8217;histologique. M\u00eame dans ce cas, la greffe de cheveux n&#8217;est pas toujours un succ\u00e8s et il manque des \u00e9tudes fiables \u00e0 ce sujet.<\/p>\n<p>La transplantation capillaire est d\u00e9conseill\u00e9e chez l&#8217;enfant : Premi\u00e8rement, par manque de compliance dans les dix jours suivant une intervention chirurgicale (manipulation soigneuse des greffons). Deuxi\u00e8mement, la longue dur\u00e9e de l&#8217;op\u00e9ration chez un enfant n\u00e9cessite une anesth\u00e9sie (plut\u00f4t qu&#8217;une anesth\u00e9sie locale), ce qui repr\u00e9sente un risque inutile d&#8217;un point de vue m\u00e9dical. Il est recommand\u00e9 d&#8217;attendre la fin de la pubert\u00e9 avant de proc\u00e9der \u00e0 une intervention chirurgicale.<\/p>\n<p>&nbsp;<\/p>\n<p><img decoding=\"async\" class=\"size-full wp-image-11484 lazyload\" alt=\"\" data-src=\"https:\/\/medizinonline.com\/wp-content\/uploads\/2019\/02\/abb3_dp1_s9.jpg\" style=\"--smush-placeholder-width: 1100px; --smush-placeholder-aspect-ratio: 1100\/380;height:207px; width:600px\" width=\"1100\" height=\"380\" data-srcset=\"https:\/\/medizinonline.com\/wp-content\/uploads\/2019\/02\/abb3_dp1_s9.jpg 1100w, https:\/\/medizinonline.com\/wp-content\/uploads\/2019\/02\/abb3_dp1_s9-800x276.jpg 800w, https:\/\/medizinonline.com\/wp-content\/uploads\/2019\/02\/abb3_dp1_s9-120x41.jpg 120w, https:\/\/medizinonline.com\/wp-content\/uploads\/2019\/02\/abb3_dp1_s9-90x31.jpg 90w, https:\/\/medizinonline.com\/wp-content\/uploads\/2019\/02\/abb3_dp1_s9-320x111.jpg 320w, https:\/\/medizinonline.com\/wp-content\/uploads\/2019\/02\/abb3_dp1_s9-560x193.jpg 560w\" data-sizes=\"(max-width: 1100px) 100vw, 1100px\" src=\"data:image\/svg+xml;base64,PHN2ZyB3aWR0aD0iMSIgaGVpZ2h0PSIxIiB4bWxucz0iaHR0cDovL3d3dy53My5vcmcvMjAwMC9zdmciPjwvc3ZnPg==\" \/><\/p>\n<p>&nbsp;<\/p>\n<p>Si une zone de cheveux clairsem\u00e9s, c&#8217;est-\u00e0-dire pas encore compl\u00e8tement d\u00e9garnie, est \u00e9paissie par une greffe de cheveux, cela entra\u00eene souvent, surtout chez les femmes, une &#8220;perte de choc&#8221; tr\u00e8s prononc\u00e9e des cheveux encore pr\u00e9sents. Il s&#8217;agit d&#8217;une complication temporaire de la transplantation capillaire qui, pendant les six premiers mois postop\u00e9ratoires, entra\u00eene un amincissement encore plus important de la densit\u00e9 capillaire pr\u00e9op\u00e9ratoire. La condition pr\u00e9alable \u00e0 la calvitie passag\u00e8re est que le patient soit psychologiquement stable.<\/p>\n<p>Chez les tr\u00e8s jeunes patients souffrant d&#8217;alop\u00e9cie constitutionnelle, la progression future de l&#8217;alop\u00e9cie androg\u00e9n\u00e9tique doit \u00eatre soigneusement \u00e9valu\u00e9e et planifi\u00e9e afin d&#8217;\u00e9viter le &#8220;overharvesting&#8221;, ce qui signifie que l&#8217;on ne transplante pas des follicules pileux affect\u00e9s par la perte de cheveux. Cela est souvent difficile \u00e0 anticiper chez les tr\u00e8s jeunes patients. Premi\u00e8rement, ces greffes tomberaient \u00e0 nouveau \u00e0 long terme, deuxi\u00e8mement, les cicatrices caus\u00e9es par le pr\u00e9l\u00e8vement seraient visibles et troisi\u00e8mement, cela pourrait entra\u00eener un mod\u00e8le de perte de cheveux non naturel dont les patients souffriraient \u00e9norm\u00e9ment et qu&#8217;il ne serait plus possible de corriger faute de cheveux de donneurs.<\/p>\n<p>La transplantation de poils corporels et de barbe dans le capillitium n&#8217;est pas satisfaisante d&#8217;un point de vue esth\u00e9tique et elle est d\u00e9conseill\u00e9e.<\/p>\n<p>&nbsp;<\/p>\n<p><img decoding=\"async\" class=\"size-full wp-image-11485 lazyload\" alt=\"\" data-src=\"https:\/\/medizinonline.com\/wp-content\/uploads\/2019\/02\/abb4_dp1_s10.jpg\" style=\"--smush-placeholder-width: 1100px; --smush-placeholder-aspect-ratio: 1100\/759;height:414px; width:600px\" width=\"1100\" height=\"759\" data-srcset=\"https:\/\/medizinonline.com\/wp-content\/uploads\/2019\/02\/abb4_dp1_s10.jpg 1100w, https:\/\/medizinonline.com\/wp-content\/uploads\/2019\/02\/abb4_dp1_s10-800x552.jpg 800w, https:\/\/medizinonline.com\/wp-content\/uploads\/2019\/02\/abb4_dp1_s10-120x83.jpg 120w, https:\/\/medizinonline.com\/wp-content\/uploads\/2019\/02\/abb4_dp1_s10-90x62.jpg 90w, https:\/\/medizinonline.com\/wp-content\/uploads\/2019\/02\/abb4_dp1_s10-320x221.jpg 320w, https:\/\/medizinonline.com\/wp-content\/uploads\/2019\/02\/abb4_dp1_s10-560x386.jpg 560w\" data-sizes=\"(max-width: 1100px) 100vw, 1100px\" src=\"data:image\/svg+xml;base64,PHN2ZyB3aWR0aD0iMSIgaGVpZ2h0PSIxIiB4bWxucz0iaHR0cDovL3d3dy53My5vcmcvMjAwMC9zdmciPjwvc3ZnPg==\" \/><\/p>\n<p>&nbsp;<\/p>\n<h2 id=\"conclusion\">Conclusion<\/h2>\n<p>Le traitement pharmacologique de la perte de cheveux est souvent insatisfaisant, surtout dans le cas de l&#8217;alop\u00e9cie cicatricielle comme dans celui de l&#8217;alop\u00e9cie androg\u00e9n\u00e9tique. Comme nous le savons tous tr\u00e8s bien, ces patients souffrent \u00e9norm\u00e9ment et une intervention chirurgicale comme la greffe de cheveux est la seule alternative. Il s&#8217;agit d&#8217;une intervention peu invasive ; la technique de la greffe de cheveux a beaucoup \u00e9volu\u00e9 et est devenue incontournable dans le domaine de la m\u00e9decine et de la chirurgie plastique et esth\u00e9tique. Dans la plupart des cas, elle aide le patient \u00e0 obtenir un bon r\u00e9sultat, 100% naturel et durable &#8211; \u00e0 condition que l&#8217;indication soit pos\u00e9e de mani\u00e8re professionnelle, conservatrice et avec retenue.<\/p>\n<p>La plupart des greffes de cheveux sont de nature cosm\u00e9tique et esth\u00e9tique et ne sont pas n\u00e9cessaires sur le plan m\u00e9dical. Mais ces patients sont \u00e9galement tr\u00e8s reconnaissants de l&#8217;existence de la greffe de cheveux et appr\u00e9cient beaucoup l&#8217;am\u00e9lioration de la qualit\u00e9 de vie qui en r\u00e9sulte.<\/p>\n<h2 id=\"messages-take-home\">Messages Take-Home<\/h2>\n<ul>\n<li>80% des hommes et 50% des femmes sont touch\u00e9s par la perte de cheveux h\u00e9r\u00e9ditaire. La souffrance des patients souffrant d&#8217;alop\u00e9cie, quelle que soit sa forme (alop\u00e9cie constitutionnelle, alop\u00e9cie cicatricielle), est \u00e9norme.<\/li>\n<li>Pour aider ces patients dont la perte de cheveux a caus\u00e9 des dommages irr\u00e9versibles, il ne reste finalement qu&#8217;une intervention chirurgicale comme la greffe de cheveux. Si l&#8217;indication est correctement pos\u00e9e (chute de cheveux constitutionnelle stable), il s&#8217;agit de la seule solution th\u00e9rapeutique durable.<\/li>\n<li>La transplantation capillaire est une intervention peu risqu\u00e9e et peu douloureuse. Elle est r\u00e9alis\u00e9e en ambulatoire, sous anesth\u00e9sie locale et sous somnolence, au sein du cabinet.<\/li>\n<\/ul>\n<p>&nbsp;<\/p>\n<p>Litt\u00e9rature :<\/p>\n<ol>\n<li>Norwood OT : Male pattern baldness : Classification and incidence.&nbsp;South Med J&nbsp;1975 ; 68 : 1359-1365.<\/li>\n<li>Olsen EA : Perte de cheveux mod\u00e8le f\u00e9minin. J Am Acad Dermatol 2001 ; 45(Suppl) : S70-80.<\/li>\n<\/ol>\n<p>&nbsp;<\/p>\n<p><em>DERMATOLOGIE PRATIQUE 2019 ; 29(1) : 8-10<\/em><\/p>\n","protected":false},"excerpt":{"rendered":"<p>Dans le cas de l&#8217;alop\u00e9cie cicatricielle et androg\u00e9n\u00e9tique en particulier, les r\u00e9sultats des traitements pharmacologiques sont souvent insatisfaisants, ce qui peut \u00eatre tr\u00e8s p\u00e9nible pour les personnes concern\u00e9es. La greffe&hellip;<\/p>\n","protected":false},"author":7,"featured_media":87430,"comment_status":"closed","ping_status":"","sticky":false,"template":"","format":"standard","meta":{"_acf_changed":false,"pmpro_default_level":"","cat_1_feature_home_top":false,"cat_2_editor_pick":false,"csco_eyebrow_text":"Indications de la transplantation capillaire","footnotes":""},"category":[11362,11531,11549],"tags":[12236,12239,30131],"powerkit_post_featured":[],"class_list":["post-336613","post","type-post","status-publish","format-standard","has-post-thumbnail","category-dermatologie-et-venerologie","category-formation-continue","category-rx-fr","tag-alopecie","tag-chute-de-cheveux","tag-olsen-greffe-de-cheveux","pmpro-has-access"],"acf":[],"publishpress_future_action":{"enabled":false,"date":"2026-05-06 10:59:00","action":"change-status","newStatus":"draft","terms":[],"taxonomy":"category","extraData":[]},"publishpress_future_workflow_manual_trigger":{"enabledWorkflows":[]},"wpml_current_locale":"fr_FR","wpml_translations":{"it_IT":{"locale":"it_IT","id":336621,"slug":"perdita-di-capelli-possibilita-e-limiti-della-terapia","post_title":"Perdita di capelli - possibilit\u00e0 e limiti della terapia","href":"https:\/\/medizinonline.com\/it\/perdita-di-capelli-possibilita-e-limiti-della-terapia\/"},"pt_PT":{"locale":"pt_PT","id":336628,"slug":"queda-de-cabelo-possibilidades-e-limites-da-terapia","post_title":"Queda de cabelo - possibilidades e limites da terapia","href":"https:\/\/medizinonline.com\/pt-pt\/queda-de-cabelo-possibilidades-e-limites-da-terapia\/"},"es_ES":{"locale":"es_ES","id":336597,"slug":"caida-del-cabello-posibilidades-y-limites-de-la-terapia","post_title":"Ca\u00edda del cabello: posibilidades y l\u00edmites de la terapia","href":"https:\/\/medizinonline.com\/es\/caida-del-cabello-posibilidades-y-limites-de-la-terapia\/"}},"_links":{"self":[{"href":"https:\/\/medizinonline.com\/fr\/wp-json\/wp\/v2\/posts\/336613","targetHints":{"allow":["GET"]}}],"collection":[{"href":"https:\/\/medizinonline.com\/fr\/wp-json\/wp\/v2\/posts"}],"about":[{"href":"https:\/\/medizinonline.com\/fr\/wp-json\/wp\/v2\/types\/post"}],"author":[{"embeddable":true,"href":"https:\/\/medizinonline.com\/fr\/wp-json\/wp\/v2\/users\/7"}],"replies":[{"embeddable":true,"href":"https:\/\/medizinonline.com\/fr\/wp-json\/wp\/v2\/comments?post=336613"}],"version-history":[{"count":0,"href":"https:\/\/medizinonline.com\/fr\/wp-json\/wp\/v2\/posts\/336613\/revisions"}],"wp:featuredmedia":[{"embeddable":true,"href":"https:\/\/medizinonline.com\/fr\/wp-json\/wp\/v2\/media\/87430"}],"wp:attachment":[{"href":"https:\/\/medizinonline.com\/fr\/wp-json\/wp\/v2\/media?parent=336613"}],"wp:term":[{"taxonomy":"category","embeddable":true,"href":"https:\/\/medizinonline.com\/fr\/wp-json\/wp\/v2\/category?post=336613"},{"taxonomy":"post_tag","embeddable":true,"href":"https:\/\/medizinonline.com\/fr\/wp-json\/wp\/v2\/tags?post=336613"},{"taxonomy":"powerkit_post_featured","embeddable":true,"href":"https:\/\/medizinonline.com\/fr\/wp-json\/wp\/v2\/powerkit_post_featured?post=336613"}],"curies":[{"name":"wp","href":"https:\/\/api.w.org\/{rel}","templated":true}]}}