{"id":336764,"date":"2019-01-29T08:26:56","date_gmt":"2019-01-29T07:26:56","guid":{"rendered":"https:\/\/medizinonline.com\/nous-voulons-grandir\/"},"modified":"2019-01-29T08:26:56","modified_gmt":"2019-01-29T07:26:56","slug":"nous-voulons-grandir","status":"publish","type":"post","link":"https:\/\/medizinonline.com\/fr\/nous-voulons-grandir\/","title":{"rendered":"&#8220;Nous voulons grandir !&#8221;"},"content":{"rendered":"<p><strong>Aide, information, mise en r\u00e9seau, \u00e9changes professionnels et plus encore &#8211; la SSAD est <em>le<\/em> point de contact et la plate-forme d&#8217;information pour la pr\u00e9vention et la promotion de la sant\u00e9 en cas d&#8217;anxi\u00e9t\u00e9 et de d\u00e9pression ainsi que de leurs comorbidit\u00e9s. Quelles sont les offres qui int\u00e9ressent les m\u00e9decins ? Nous avons pos\u00e9 la question \u00e0 la pr\u00e9sidente.<\/strong><\/p>\n<div style=\"display: block;\">\n<div style=\"display: none;\">\n<div>\n<div>\n<table cellspacing=\"1\">\n<tbody>\n<tr>\n<td><strong>Reconna\u00eetre une langueAfrikaansAlbanaisAmhariqueArabeArm\u00e9nienAzerba\u00efdjanaisBasqueBengaliBirmanBosniaqueBulgareCebuanoChichewaChinois tradChinois verD\u00e4nischDeutschEnglischEsperantoEstnischFilipinoFinnischFranz\u00f6sischFriesischGalizischGeorgischGriechischGujaratiHaitianischHausaHawaiischHebr\u00e4ischHindiHmongIgboIndonesischIrischIsl\u00e4ndischItalienischJapanischJavanesischJiddischKannadaKasachischKatalanischKhmerKirgisischKoreanischKorsischKroatischKurdischLaoLateinishLettischLitauischLuxemburgischMalagasyMalayalamMalaysischMaltesischMaoriMarathiMazedonischMongolischNepalesischNiederl\u00e4ndischNorwegischPaschtuPersischPolnischPortugiesischPunjabiRum\u00e4nischRussischSamoanischSchottisch-ga\u00e9liqueSu\u00e9doisSerbeSesothoShonaSindhiSinghalaisSlovaqueSlov\u00e8neSomaliEspagnolSuaheliSundanaisTadjikTamilTeluguTha\u00eflandaisTurcUkrainienHongroisUrduUzbekVietnamienGalloisBi\u00e9lorusseXhosaYorubaZulu<\/strong><\/td>\n<td>\n<div id=\"SL_switch_b\" style=\"background: rgba(0, 0, 0, 0) url(\"moz-extension:\/\/27c8b66b-4e69-a543-b12c-ee19d038addf\/content\/img\/util\/switchb.png\") repeat scroll 0% 0%;\" title=\"Changer de langue\">&nbsp;<\/div>\n<\/td>\n<td>\n<div style=\"display: block;\">\n<div style=\"display: none;\">\n<div>\n<div>\n<table cellspacing=\"1\">\n<tbody>\n<tr>\n<td><strong><strong>AfrikaansAlbanaisAmhariqueArabeArm\u00e9nienAzerba\u00efdjanaisBasqueBengaliBirmanBosniaqueBulgareCebuanoChichewaChinois tradChinois verD\u00e4nischDeutschEnglischEsperantoEstnischFilipinoFinnischFranz\u00f6sischFriesischGalizischGeorgischGriechischGujaratiHaitianischHausaHawaiischHebr\u00e4ischHindiHmongIgboIndonesischIrischIsl\u00e4ndischItalienischJapanischJavanesischJiddischKannadaKasachischKatalanischKhmerKirgisischKoreanischKorsischKroatischKurdischLaoLateinishLettischLitauischLuxemburgischMalagasyMalayalamMalaysischMaltesischMaoriMarathiMazedonischMongolischNepalesischNiederl\u00e4ndischNorwegischPaschtuPersischPolnischPortugiesischPunjabiRum\u00e4nischRussischSamoanischSchottisch-ga\u00e9liqueSu\u00e9doisSerbeSesothoShonaSindhiSinghalaisSlovaqueSlov\u00e8neSomaliEspagnolSuaheliSundanaisTadjikTamilTeluguTha\u00eflandaisTurcUkrainienHongroisUrduUzbekVietnamienGalloisBi\u00e9lorusseXhosaYorubaZulu<\/strong><\/strong><\/td>\n<td>\n<div id=\"SL_TTS_voice\" style=\"background: rgba(0, 0, 0, 0) url(\"moz-extension:\/\/27c8b66b-4e69-a543-b12c-ee19d038addf\/content\/img\/util\/ttsvoice.png\") repeat scroll 0% 0%;\" title=\"undefined\">&nbsp;<\/div>\n<\/td>\n<td>\n<div class=\"SL_copy\" id=\"SL_copy\" style=\"background: rgba(0, 0, 0, 0) url(\"moz-extension:\/\/27c8b66b-4e69-a543-b12c-ee19d038addf\/content\/img\/util\/copy.png\") repeat scroll 0% 0%;\" title=\"Copier\">&nbsp;<\/div>\n<\/td>\n<td>\n<div id=\"SL_bbl_font_patch\">&nbsp;<\/div>\n<div class=\"SL_bbl_font\" id=\"SL_bbl_font\" style=\"background: rgba(0, 0, 0, 0) url(\"moz-extension:\/\/27c8b66b-4e69-a543-b12c-ee19d038addf\/content\/img\/util\/font.png\") repeat scroll 0% 0%;\" title=\"Taille de la police\">&nbsp;<\/div>\n<\/td>\n<td>\n<div id=\"SL_bbl_help\" style=\"background: rgba(0, 0, 0, 0) url(\"moz-extension:\/\/27c8b66b-4e69-a543-b12c-ee19d038addf\/content\/img\/util\/bhelp.png\") repeat scroll 0% 0%;\" title=\"Aide\">&nbsp;<\/div>\n<\/td>\n<td>\n<div class=\"SL_pin_off\" id=\"SL_pin\" style=\"background: rgba(0, 0, 0, 0) url(\"moz-extension:\/\/27c8b66b-4e69-a543-b12c-ee19d038addf\/content\/img\/util\/pin-on.png\") repeat scroll 0% 0%;\" title=\"Clouer le traducteur pop-up\">&nbsp;<\/div>\n<\/td>\n<\/tr>\n<\/tbody>\n<\/table><\/div>\n<\/p><\/div>\n<div id=\"SL_shadow_translation_result\" style=\"visibility: visible;\">&nbsp;<\/div>\n<div class=\"SL_loading\" id=\"SL_loading\" style=\"background: rgba(0, 0, 0, 0) url(\"moz-extension:\/\/27c8b66b-4e69-a543-b12c-ee19d038addf\/content\/img\/util\/loading.gif\") repeat scroll 0% 0%;\">&nbsp;<\/div>\n<div id=\"SL_player2\">&nbsp;<\/div>\n<div id=\"SL_alert100\"><strong><strong><strong>La fonction son est limit\u00e9e \u00e0 200 caract\u00e8res<\/strong><\/strong><\/strong><\/div>\n<div id=\"SL_Balloon_options\" style=\"background: rgb(255, 255, 255) url(\"moz-extension:\/\/27c8b66b-4e69-a543-b12c-ee19d038addf\/content\/img\/util\/bg3.png\") repeat scroll 0% 0%;\">\n<div id=\"SL_arrow_down\" style=\"background: rgba(0, 0, 0, 0) url(\"moz-extension:\/\/27c8b66b-4e69-a543-b12c-ee19d038addf\/content\/img\/util\/down.png\") repeat scroll 0% 0%;\">&nbsp;<\/div>\n<table id=\"SL_tbl_opt\" style=\"width:100%\">\n<tbody>\n<tr>\n<td>&nbsp;<\/td>\n<td>\n<div id=\"SL_BBL_IMG\" style=\"background: rgba(0, 0, 0, 0) url(\"moz-extension:\/\/27c8b66b-4e69-a543-b12c-ee19d038addf\/content\/img\/util\/bbl-logo.png\") repeat scroll 0% 0%;\" title=\"Bouton Afficher dans le traducteur 3 secondes\">&nbsp;<\/div>\n<\/td>\n<td><strong><strong><strong><a class=\"SL_options\" href=\"\/\/27c8b66b-4e69-a543-b12c-ee19d038addf\/content\/html\/options\/options.html?bbl\" target=\"_blank\" title=\"Afficher les options\" rel=\"noopener\">Options<\/a>: <a class=\"SL_options\" href=\"\/\/27c8b66b-4e69-a543-b12c-ee19d038addf\/content\/html\/options\/options.html?hist\" target=\"_blank\" title=\"Historique de la traduction\" rel=\"noopener\">Histoire<\/a>: <a class=\"SL_options\" href=\"\/\/27c8b66b-4e69-a543-b12c-ee19d038addf\/content\/html\/options\/options.html?feed\" target=\"_blank\" title=\"R\u00e9troaction\" rel=\"noopener\">R\u00e9troaction<\/a>: <a class=\"SL_options\" href=\"https:\/\/www.paypal.com\/cgi-bin\/webscr?cmd=_s-xclick&amp;hosted_button_id=GD9D8CPW8HFA2\" target=\"_blank\" title=\"Contribuer\" rel=\"noopener\">Donate<\/a><\/strong><\/strong><\/strong><\/td>\n<td><strong><strong><strong>Fermoir<\/strong><\/strong><\/strong><\/td>\n<\/tr>\n<\/tbody>\n<\/table><\/div>\n<\/p><\/div>\n<\/p><\/div>\n<\/td>\n<\/tr>\n<\/tbody>\n<\/table>\n<\/div>\n<\/div>\n<\/div>\n<\/div>\n<p> <!--more--> <\/p>\n<p><strong>Holsboer-Trachsler, vous \u00eates pr\u00e9sidente de la SSAD. Qu&#8217;est-ce que le SGAD exactement ?<\/strong><br \/>\n<strong><br \/>\n  <em>Prof. Holsboer-Trachsler : <\/em><br \/>\n<\/strong>La Soci\u00e9t\u00e9 suisse pour l&#8217;anxi\u00e9t\u00e9 et la d\u00e9pression (SSAD) est une soci\u00e9t\u00e9 sp\u00e9cialis\u00e9e dans les maladies psychiatriques les plus courantes. Elle est active dans les domaines de la pr\u00e9vention et de la promotion de la sant\u00e9, notamment en ce qui concerne la d\u00e9pression et les troubles anxieux ainsi que leurs comorbidit\u00e9s. L&#8217;association promeut des mesures de formation, de formation continue et de perfectionnement pour les m\u00e9decins et veut contribuer \u00e0 la sensibilisation du public. Gr\u00e2ce \u00e0 son action constante, l&#8217;association a pu devenir, au cours des derni\u00e8res ann\u00e9es, la plate-forme d&#8217;information et le point de contact pour les personnes concern\u00e9es, leurs proches, les personnes int\u00e9ress\u00e9es, les m\u00e9decins, les sp\u00e9cialistes, les m\u00e9dias, les entreprises et les politiques. Et nous voulons continuer \u00e0 nous d\u00e9velopper, \u00e0 cro\u00eetre et donc \u00e0 poursuivre nos objectifs de mani\u00e8re coh\u00e9rente.<\/p>\n<p><strong>Sur quels sujets les m\u00e9decins peuvent-ils s&#8217;informer aupr\u00e8s de la SSAD ?<\/strong><br \/>\nL&#8217;un des principaux objectifs de la SSAD est de produire et de diffuser des recommandations de traitement actualis\u00e9es. Entre-temps, des recommandations de traitement ont \u00e9t\u00e9 \u00e9labor\u00e9es pour l&#8217;anxi\u00e9t\u00e9, la d\u00e9pression et le burnout, une premi\u00e8re mise \u00e0 jour \u00e9tant d\u00e9j\u00e0 disponible pour le traitement de la d\u00e9pression. Dans ce domaine, la SSAD a fait \u0153uvre de pionnier. A l&#8217;initiative de la soci\u00e9t\u00e9, des recommandations de traitement suisses ont \u00e9t\u00e9 \u00e9labor\u00e9es pour la premi\u00e8re fois en collaboration avec la SSPP, la SGBP, la SGZ et le SEB. Ces derniers mettent \u00e0 disposition des algorithmes qui indiquent des proc\u00e9dures concr\u00e8tes et simplifient ainsi le traitement dans la pratique quotidienne.<\/p>\n<p><strong>Y a-t-il d&#8217;autres possibilit\u00e9s d&#8217;information ?<\/strong><br \/>\nPour ses membres, la SSAD met r\u00e9guli\u00e8rement \u00e0 disposition, via diff\u00e9rents canaux, des actualit\u00e9s sur les maladies psychiatriques les plus courantes. Par exemple, des informations sur les r\u00e9sultats d&#8217;\u00e9tudes r\u00e9cemment publi\u00e9s ou sur les \u00e9v\u00e9nements \u00e0 venir.<\/p>\n<p><strong>Vous avez dit que la SSAD encourageait les mesures de formation, de formation postgradu\u00e9e et de formation continue pour les m\u00e9decins. Quelles sont les possibilit\u00e9s dans ce domaine ?<\/strong><br \/>\nLa SSAD organise chaque ann\u00e9e le Swiss Forum for Mood and Anxiety Disorders (SFMAD). Il s&#8217;adresse aux m\u00e9decins g\u00e9n\u00e9ralistes, internistes et psychiatres et est certifi\u00e9 par la SSPP, la SSMI et la CPS avec les cr\u00e9dits correspondants.<\/p>\n<p><strong>Que pouvons-nous attendre du prochain SFMAD ?<\/strong><br \/>\nEn 2019, le SFMAD en sera \u00e0 sa dixi\u00e8me \u00e9dition. Le programme couvre \u00e0 la fois les normes de traitement actuelles et les d\u00e9veloppements et progr\u00e8s dans le domaine de l&#8217;anxi\u00e9t\u00e9 et de la d\u00e9pression. Il sera question de l&#8217;\u00e9tat de l&#8217;art des troubles anxieux, avec un accent sur l&#8217;\u00e9pig\u00e9n\u00e9tique, la pr\u00e9diction et le d\u00e9veloppement de la d\u00e9pression chez l&#8217;adolescent et l&#8217;adulte, ainsi que le traitement de la d\u00e9pression chez l&#8217;enfant et l&#8217;adolescent. La participation au symposium, qui aura lieu le 4&nbsp;avril 2019 de 13h30 \u00e0 18h \u00e0 Zurich, est gratuite pour les membres de la SSAD.<\/p>\n<p><a href=\"https:\/\/assets.medizinonline.com\/sites\/default\/files\/sgad_10_sfmad_2019_programm_0.pdf\">Programme du symposium (PDF)<\/a><\/p>\n<p>&nbsp;<\/p>\n<p><strong>Y a-t-il d\u00e9j\u00e0 un programme le matin ?<\/strong><br \/>\nC&#8217;est la quatri\u00e8me fois que la SGAD organise un cours acc\u00e9l\u00e9r\u00e9 le matin du SFMAD. Cette ann\u00e9e, de 11h30 \u00e0 12h30, la psychoth\u00e9rapie personnalis\u00e9e et modulaire fera l&#8217;objet d&#8217;un cours sur les progr\u00e8s de la psychoth\u00e9rapie. Cette partie de l&#8217;\u00e9v\u00e9nement est \u00e9galement certifi\u00e9e par des cr\u00e9dits correspondants.<\/p>\n<p><strong>D&#8217;autres \u00e9v\u00e9nements sont-ils pr\u00e9vus ?<\/strong><br \/>\nLe 3 octobre 2019, un symposium de la SSAD se tiendra pour la deuxi\u00e8me fois en Suisse romande. En outre, comme chaque ann\u00e9e, un symposium de la SSAD sera organis\u00e9 lors du congr\u00e8s annuel de la SSPP.<\/p>\n<p><strong>Quels sont les domaines d&#8217;expertise repr\u00e9sent\u00e9s au sein de la SSAD ?<\/strong><br \/>\nLe conseil d&#8217;administration est compos\u00e9 de psychiatres et de m\u00e9decins g\u00e9n\u00e9ralistes travaillant dans des h\u00f4pitaux universitaires, des h\u00f4pitaux prioritaires, en priv\u00e9 ou en tant que prestataires de soins primaires. En outre, les psychoth\u00e9rapeutes peuvent d\u00e9sormais \u00e9galement demander \u00e0 devenir membres de la SSAD.<\/p>\n<p><strong>Comment devenir membre de la SSAD ?<\/strong><br \/>\nIl est possible de faire une demande d&#8217;adh\u00e9sion sur http:\/\/sgad.ch\/about-sgad\/mitgliedschaft\/, chaque demande \u00e9tant examin\u00e9e s\u00e9par\u00e9ment par le conseil d&#8217;administration. Vous serez ensuite ajout\u00e9 \u00e0 l&#8217;annuaire des membres sur www.sgad.ch. Celui-ci permet aux patients de trouver un m\u00e9decin traitant ou un th\u00e9rapeute pr\u00e8s de chez eux.<\/p>\n<p><strong>Quel est le co\u00fbt de l&#8217;adh\u00e9sion ?<\/strong><br \/>\nLa cotisation annuelle est de 100 CHF. Comme indiqu\u00e9 pr\u00e9c\u00e9demment, il comprend la participation gratuite au SFMAD et des frais de participation r\u00e9duits pour le cours acc\u00e9l\u00e9r\u00e9 du matin. De plus, les membres re\u00e7oivent gratuitement la revue sp\u00e9cialis\u00e9e &#8220;InFo NEUROLOGIE &amp; PSYCHIATRIE&#8221;. Cette revue est notre organe de publication officiel. L&#8217;adh\u00e9sion est donc \u00e9galement rentable financi\u00e8rement et nous sommes heureux d&#8217;accueillir de nouveaux membres.<\/p>\n<p>&nbsp;<\/p>\n<p><em>InFo NEUROLOGIE &amp; PSYCHIATRIE 2019 ; 17(1) : publi\u00e9 le 20.12.18 (ahead of print)<\/em><\/p>\n","protected":false},"excerpt":{"rendered":"<p>Aide, information, mise en r\u00e9seau, \u00e9changes professionnels et plus encore &#8211; la SSAD est le point de contact et la plate-forme d&#8217;information pour la pr\u00e9vention et la promotion de la&hellip;<\/p>\n","protected":false},"author":7,"featured_media":86157,"comment_status":"closed","ping_status":"","sticky":false,"template":"","format":"standard","meta":{"_acf_changed":false,"pmpro_default_level":"","cat_1_feature_home_top":false,"cat_2_editor_pick":false,"csco_eyebrow_text":"Soci\u00e9t\u00e9 suisse pour l'anxi\u00e9t\u00e9 et la d\u00e9pression (SSAD)","footnotes":""},"category":[11523,11539,11482,11489,11549],"tags":[14976,14978,30463],"powerkit_post_featured":[],"class_list":["post-336764","post","type-post","status-publish","format-standard","has-post-thumbnail","category-actualites","category-interviews-fr","category-prevention-et-soins-de-sante","category-psychiatrie-et-psychotherapie","category-rx-fr","tag-depression-fr","tag-peur","tag-sgad-fr","pmpro-has-access"],"acf":[],"publishpress_future_action":{"enabled":false,"date":"2026-05-09 12:22:43","action":"change-status","newStatus":"draft","terms":[],"taxonomy":"category","extraData":[]},"publishpress_future_workflow_manual_trigger":{"enabledWorkflows":[]},"wpml_current_locale":"fr_FR","wpml_translations":{"it_IT":{"locale":"it_IT","id":336772,"slug":"vogliamo-crescere","post_title":"\"Vogliamo crescere!\"","href":"https:\/\/medizinonline.com\/it\/vogliamo-crescere\/"},"pt_PT":{"locale":"pt_PT","id":336775,"slug":"queremos-crescer","post_title":"\"Queremos crescer!\"","href":"https:\/\/medizinonline.com\/pt-pt\/queremos-crescer\/"},"es_ES":{"locale":"es_ES","id":336798,"slug":"queremos-crecer","post_title":"\"\u00a1Queremos crecer!\"","href":"https:\/\/medizinonline.com\/es\/queremos-crecer\/"}},"_links":{"self":[{"href":"https:\/\/medizinonline.com\/fr\/wp-json\/wp\/v2\/posts\/336764","targetHints":{"allow":["GET"]}}],"collection":[{"href":"https:\/\/medizinonline.com\/fr\/wp-json\/wp\/v2\/posts"}],"about":[{"href":"https:\/\/medizinonline.com\/fr\/wp-json\/wp\/v2\/types\/post"}],"author":[{"embeddable":true,"href":"https:\/\/medizinonline.com\/fr\/wp-json\/wp\/v2\/users\/7"}],"replies":[{"embeddable":true,"href":"https:\/\/medizinonline.com\/fr\/wp-json\/wp\/v2\/comments?post=336764"}],"version-history":[{"count":0,"href":"https:\/\/medizinonline.com\/fr\/wp-json\/wp\/v2\/posts\/336764\/revisions"}],"wp:featuredmedia":[{"embeddable":true,"href":"https:\/\/medizinonline.com\/fr\/wp-json\/wp\/v2\/media\/86157"}],"wp:attachment":[{"href":"https:\/\/medizinonline.com\/fr\/wp-json\/wp\/v2\/media?parent=336764"}],"wp:term":[{"taxonomy":"category","embeddable":true,"href":"https:\/\/medizinonline.com\/fr\/wp-json\/wp\/v2\/category?post=336764"},{"taxonomy":"post_tag","embeddable":true,"href":"https:\/\/medizinonline.com\/fr\/wp-json\/wp\/v2\/tags?post=336764"},{"taxonomy":"powerkit_post_featured","embeddable":true,"href":"https:\/\/medizinonline.com\/fr\/wp-json\/wp\/v2\/powerkit_post_featured?post=336764"}],"curies":[{"name":"wp","href":"https:\/\/api.w.org\/{rel}","templated":true}]}}