{"id":337703,"date":"2018-07-28T02:00:00","date_gmt":"2018-07-28T00:00:00","guid":{"rendered":"https:\/\/medizinonline.com\/lactivite-physique-est-elle-un-facteur-de-risque-pour-la-sla\/"},"modified":"2018-07-28T02:00:00","modified_gmt":"2018-07-28T00:00:00","slug":"lactivite-physique-est-elle-un-facteur-de-risque-pour-la-sla","status":"publish","type":"post","link":"https:\/\/medizinonline.com\/fr\/lactivite-physique-est-elle-un-facteur-de-risque-pour-la-sla\/","title":{"rendered":"L&#8217;activit\u00e9 physique est-elle un facteur de risque pour la SLA ?"},"content":{"rendered":"<p><strong>Il serait important de savoir si l&#8217;activit\u00e9 physique constitue un risque pour le d\u00e9veloppement de la SLA afin de comprendre la pathogen\u00e8se. Cette relation a \u00e9t\u00e9 examin\u00e9e dans le cadre d&#8217;une \u00e9tude cas-t\u00e9moins multinationale bas\u00e9e sur la population.<\/strong><\/p>\n<div style=\"display: block;\">\n<div style=\"display: none;\">\n<div>\n<div>\n<table cellspacing=\"1\">\n<tbody>\n<tr>\n<td><strong>Reconna\u00eetre une langueAfrikaansAlbanaisArabeArm\u00e9nienAzerba\u00efdjanaisBasqueBengaliBosniaqueBulgareBirmanCebuanoChichewaChinois (ver)Chinois (trad)D\u00e4nischDeutschEnglischEsperantoEstnischFinnischFranz\u00f6sischGalizischGeorgischGriechischGujaratiHaitianischHausaHebr\u00e4ischHindiHmongIgboIndonesischIrischIsl\u00e4ndischItalienischJapanischJavanesischJiddischKannadaKasachischKatalanischKhmerKoreanischKroatischLaoLateinishLettischLitauischMalabarischMalagasyMalaysischMaltesischMaoriMarathischMazedonischMongolischNepalesischNiederl\u00e4ndischNorwegischPersischPolnischPortugiesischPunjabiRum\u00e4nischRussischSchwedischSerbischSesothoSinghalesischSlowakischSlowenischSomaliSpanischSuaheliSundanesischTadschikischTagalogTamilTeluguThail\u00e4ndischTschechischT\u00fcrkischUkrainischUngarischUrduUzbekischVietnamesischWalisischWei\u00dfrussischYorubaZulu<\/strong><\/td>\n<td>\n<div id=\"SL_switch_b\" style=\"background: rgba(0, 0, 0, 0) url(\"moz-extension:\/\/27c8b66b-4e69-a543-b12c-ee19d038addf\/content\/img\/util\/switchb.png\") repeat scroll 0% 0%;\" title=\"Changer de langue\">&nbsp;<\/div>\n<\/td>\n<td>\n<div style=\"display: block;\">\n<div style=\"display: none;\">\n<div>\n<div>\n<table cellspacing=\"1\">\n<tbody>\n<tr>\n<td><strong><strong>AfrikaansAlbanaisArabeArm\u00e9nienAzerba\u00efdjanaisBasqueBengaliBosniaqueBulgareBirmanCebuanoChichewaChinois (ver)Chinois (trad)D\u00e4nischDeutschEnglischEsperantoEstnischFinnischFranz\u00f6sischGalizischGeorgischGriechischGujaratiHaitianischHausaHebr\u00e4ischHindiHmongIgboIndonesischIrischIsl\u00e4ndischItalienischJapanischJavanesischJiddischKannadaKasachischKatalanischKhmerKoreanischKroatischLaoLateinishLettischLitauischMalabarischMalagasyMalaysischMaltesischMaoriMarathischMazedonischMongolischNepalesischNiederl\u00e4ndischNorwegischPersischPolnischPortugiesischPunjabiRum\u00e4nischRussischSchwedischSerbischSesothoSinghalesischSlowakischSlowenischSomaliSpanischSuaheliSundanesischTadschikischTagalogTamilTeluguThail\u00e4ndischTschechischT\u00fcrkischUkrainischUngarischUrduUzbekischVietnamesischWalisischWei\u00dfrussischYorubaZulu<\/strong><\/strong><\/td>\n<td>\n<div id=\"SL_TTS_voice\" style=\"background: rgba(0, 0, 0, 0) url(\"moz-extension:\/\/27c8b66b-4e69-a543-b12c-ee19d038addf\/content\/img\/util\/ttsvoice.png\") repeat scroll 0% 0%;\" title=\"undefined\">&nbsp;<\/div>\n<\/td>\n<td>\n<div class=\"SL_copy\" id=\"SL_copy\" style=\"background: rgba(0, 0, 0, 0) url(\"moz-extension:\/\/27c8b66b-4e69-a543-b12c-ee19d038addf\/content\/img\/util\/copy.png\") repeat scroll 0% 0%;\" title=\"Copier\">&nbsp;<\/div>\n<\/td>\n<td>\n<div id=\"SL_bbl_font_patch\">&nbsp;<\/div>\n<div class=\"SL_bbl_font\" id=\"SL_bbl_font\" style=\"background: rgba(0, 0, 0, 0) url(\"moz-extension:\/\/27c8b66b-4e69-a543-b12c-ee19d038addf\/content\/img\/util\/font.png\") repeat scroll 0% 0%;\" title=\"Taille de la police\">&nbsp;<\/div>\n<\/td>\n<td>\n<div id=\"SL_bbl_help\" style=\"background: rgba(0, 0, 0, 0) url(\"moz-extension:\/\/27c8b66b-4e69-a543-b12c-ee19d038addf\/content\/img\/util\/bhelp.png\") repeat scroll 0% 0%;\" title=\"Aide\">&nbsp;<\/div>\n<\/td>\n<td>\n<div class=\"SL_pin_off\" id=\"SL_pin\" style=\"background: rgba(0, 0, 0, 0) url(\"moz-extension:\/\/27c8b66b-4e69-a543-b12c-ee19d038addf\/content\/img\/util\/pin-on.png\") repeat scroll 0% 0%;\" title=\"Clouer le traducteur pop-up\">&nbsp;<\/div>\n<\/td>\n<\/tr>\n<\/tbody>\n<\/table><\/div>\n<\/p><\/div>\n<div id=\"SL_shadow_translation_result\" style=\"visibility: visible;\">&nbsp;<\/div>\n<div class=\"SL_loading\" id=\"SL_loading\" style=\"background: rgba(0, 0, 0, 0) url(\"moz-extension:\/\/27c8b66b-4e69-a543-b12c-ee19d038addf\/content\/img\/util\/loading.gif\") repeat scroll 0% 0%;\">&nbsp;<\/div>\n<div id=\"SL_player2\">&nbsp;<\/div>\n<div id=\"SL_alert100\"><strong><strong><strong>La fonction son est limit\u00e9e \u00e0 200 caract\u00e8res<\/strong><\/strong><\/strong><\/div>\n<div id=\"SL_Balloon_options\" style=\"background: rgb(255, 255, 255) url(\"moz-extension:\/\/27c8b66b-4e69-a543-b12c-ee19d038addf\/content\/img\/util\/bg3.png\") repeat scroll 0% 0%;\">\n<div id=\"SL_arrow_down\" style=\"background: rgba(0, 0, 0, 0) url(\"moz-extension:\/\/27c8b66b-4e69-a543-b12c-ee19d038addf\/content\/img\/util\/down.png\") repeat scroll 0% 0%;\">&nbsp;<\/div>\n<table id=\"SL_tbl_opt\" style=\"width:100%\">\n<tbody>\n<tr>\n<td>&nbsp;<\/td>\n<td>\n<div id=\"SL_BBL_IMG\" style=\"background: rgba(0, 0, 0, 0) url(\"moz-extension:\/\/27c8b66b-4e69-a543-b12c-ee19d038addf\/content\/img\/util\/bbl-logo.png\") repeat scroll 0% 0%;\" title=\"Bouton Afficher dans le traducteur 3 secondes\">&nbsp;<\/div>\n<\/td>\n<td><strong><strong><strong><a class=\"SL_options\" href=\"\/\/27c8b66b-4e69-a543-b12c-ee19d038addf\/content\/html\/options\/options.html?bbl\" target=\"_blank\" title=\"Afficher les options\" rel=\"noopener\">Options<\/a>: <a class=\"SL_options\" href=\"\/\/27c8b66b-4e69-a543-b12c-ee19d038addf\/content\/html\/options\/options.html?hist\" target=\"_blank\" title=\"Historique de la traduction\" rel=\"noopener\">Histoire<\/a>: <a class=\"SL_options\" href=\"\/\/27c8b66b-4e69-a543-b12c-ee19d038addf\/content\/html\/options\/options.html?feed\" target=\"_blank\" title=\"R\u00e9troaction\" rel=\"noopener\">R\u00e9troaction<\/a>: <a class=\"SL_options\" href=\"https:\/\/www.paypal.com\/cgi-bin\/webscr?cmd=_s-xclick&amp;hosted_button_id=GD9D8CPW8HFA2\" target=\"_blank\" title=\"Contribuer\" rel=\"noopener\">Donate<\/a><\/strong><\/strong><\/strong><\/td>\n<td><strong><strong><strong>Fermer<\/strong><\/strong><\/strong><\/td>\n<\/tr>\n<\/tbody>\n<\/table><\/div>\n<\/p><\/div>\n<\/p><\/div>\n<\/td>\n<\/tr>\n<\/tbody>\n<\/table>\n<\/div>\n<\/div>\n<\/div>\n<\/div>\n<p> <!--more--> <\/p>\n<p><strong>Contexte : <\/strong>l&#8217;activit\u00e9 physique a toujours \u00e9t\u00e9 consid\u00e9r\u00e9e comme un facteur de risque pour le d\u00e9veloppement de la SLA. Outre les rapports sur les sportifs c\u00e9l\u00e8bres qui ont ensuite d\u00e9velopp\u00e9 une SLA, les donn\u00e9es de la litt\u00e9rature \u00e9taient jusqu&#8217;\u00e0 pr\u00e9sent variables, allant des mises en garde contre le sport en tant que facteur de risque \u00e0 son approbation en tant que mesure pr\u00e9ventive. Il serait important de savoir si l&#8217;activit\u00e9 physique constitue un risque pour le d\u00e9veloppement de la SLA afin de mieux comprendre la pathogen\u00e8se. Cette relation a \u00e9t\u00e9 examin\u00e9e dans l&#8217;\u00e9tude cas-t\u00e9moins multinationale bas\u00e9e sur la population de Visser et al.<\/p>\n<p><strong>Patients et m\u00e9thodologie : <\/strong>Les participants ont \u00e9t\u00e9 recrut\u00e9s dans le cadre de l&#8217;\u00e9tude cas-t\u00e9moins men\u00e9e par le consortium Euro-MOTOR entre 2011 et 2014. Tous r\u00e9pondaient aux crit\u00e8res de diagnostic El-Escorial r\u00e9vis\u00e9s pour une SLA possible ou probable. Les contr\u00f4les ont \u00e9t\u00e9 recrut\u00e9s par des m\u00e9decins g\u00e9n\u00e9ralistes dans le cadre de visites de routine et ont \u00e9t\u00e9 appari\u00e9s en termes d&#8217;\u00e2ge, de sexe et de lieu de r\u00e9sidence.<\/p>\n<p>Un questionnaire standardis\u00e9 a \u00e9t\u00e9 utilis\u00e9 pour tous les participants \u00e0 l&#8217;\u00e9tude. Celui-ci comprenait des donn\u00e9es d\u00e9mographiques, la consommation d&#8217;alcool et de tabac (jamais, auparavant, active ; Pack Years, ann\u00e9es de tabagisme), l&#8217;\u00e9ducation, les activit\u00e9s professionnelles pass\u00e9es et actuelles, les traumatismes ainsi que le sport et les hobbies avec indication de la dur\u00e9e de la pratique en ann\u00e9es et en heures par semaine. Enfin, les activit\u00e9s physiques ont \u00e9t\u00e9 calcul\u00e9es \u00e0 l&#8217;aide du &#8220;Compensium of Physical Activities&#8221; et indiqu\u00e9es comme &#8220;metabolic aquivalent of task=MET&#8221; :<\/p>\n<p>&nbsp;<\/p>\n<p><img fetchpriority=\"high\" decoding=\"async\" class=\" size-full wp-image-10518\" alt=\"\" src=\"https:\/\/medizinonline.com\/wp-content\/uploads\/2018\/07\/formel_np4.png\" style=\"height:89px; width:400px\" width=\"867\" height=\"129\"><\/p>\n<p>&nbsp;<\/p>\n<p><strong>R\u00e9sultats : <\/strong>Au total, 1557 patients et 2922 t\u00e9moins ont \u00e9t\u00e9 inclus dans l&#8217;\u00e9tude. Les patients \u00e9taient plus susceptibles de fumer et de boire moins d&#8217;alcool. Apr\u00e8s ajustement pour l&#8217;\u00e2ge, le sexe, l&#8217;\u00e9ducation, le tabac\/l&#8217;alcool et la r\u00e9gion, une association lin\u00e9aire a \u00e9t\u00e9 trouv\u00e9e entre l&#8217;activit\u00e9 physique et le risque de SLA : plus l&#8217;activit\u00e9 physique est importante, plus le risque de d\u00e9velopper une SLA est \u00e9lev\u00e9 (OR 1,06 ; 1,04-1,09). L&#8217;activit\u00e9 physique n&#8217;a cependant pas eu d&#8217;influence sur le ph\u00e9notype (r\u00e9gion du corps initialement touch\u00e9e, \u00e2ge de la maladie).<\/p>\n<p><strong>Conclusion des auteurs : <\/strong>les auteurs ont montr\u00e9 une association lin\u00e9aire entre l&#8217;activit\u00e9 physique et le risque de d\u00e9velopper une SLA. L&#8217;activit\u00e9 physique a \u00e9t\u00e9 un facteur de risque ind\u00e9pendant, m\u00eame apr\u00e8s correction des toxines li\u00e9es \u00e0 l&#8217;emploi, comme les pesticides. Une personne plus active que la moyenne (&gt;75%) voyait son risque de SLA augmenter de 26% par rapport \u00e0 une personne moins active que la moyenne (&lt;25%). Les auteurs ne peuvent pas exclure totalement l&#8217;influence, par exemple, de petits traumatismes qui peuvent \u00eatre associ\u00e9s au sport ou de certains r\u00e9gimes alimentaires que les sportifs peuvent suivre. Une autre indication que l&#8217;activit\u00e9 physique est un facteur de risque ind\u00e9pendant est le fait que la SLA se manifeste plus souvent dans la main dominante au d\u00e9but.<\/p>\n<p><strong>Commentaire :<\/strong> Visser et al. ont men\u00e9 une grande \u00e9tude multicentrique et multinationale afin d&#8217;\u00e9tablir plus pr\u00e9cis\u00e9ment le lien, jusqu&#8217;ici peu clair, entre l&#8217;activit\u00e9 physique et le risque de SLA. La conclusion int\u00e9ressante de cette \u00e9tude est la relation lin\u00e9aire entre les deux facteurs. Par cons\u00e9quent, le risque de SLA n&#8217;est pas seulement \u00e9lev\u00e9 chez les sportifs de haut niveau, mais aussi chez les personnes ayant une activit\u00e9 physique sup\u00e9rieure \u00e0 la moyenne.<\/p>\n<p>&nbsp;<\/p>\n<p>&nbsp;<\/p>\n<p><em>InFo NEUROLOGIE &amp; PSYCHIATRIE 2018 ; 16(4) : 18<\/em><\/p>\n","protected":false},"excerpt":{"rendered":"<p>Il serait important de savoir si l&#8217;activit\u00e9 physique constitue un risque pour le d\u00e9veloppement de la SLA afin de comprendre la pathogen\u00e8se. Cette relation a \u00e9t\u00e9 examin\u00e9e dans le cadre&hellip;<\/p>\n","protected":false},"author":7,"featured_media":80440,"comment_status":"closed","ping_status":"","sticky":false,"template":"","format":"standard","meta":{"_acf_changed":false,"pmpro_default_level":"","cat_1_feature_home_top":false,"cat_2_editor_pick":false,"csco_eyebrow_text":"Scl\u00e9rose lat\u00e9rale amyotrophique (SLA)","footnotes":""},"category":[11527,11383,11549],"tags":[24476,32679],"powerkit_post_featured":[],"class_list":["post-337703","post","type-post","status-publish","format-standard","has-post-thumbnail","category-etudes","category-neurologie-fr","category-rx-fr","tag-als-fr","tag-sclerose-laterale-amyotrophique","pmpro-has-access"],"acf":[],"publishpress_future_action":{"enabled":false,"date":"2026-05-04 03:19:32","action":"change-status","newStatus":"draft","terms":[],"taxonomy":"category","extraData":[]},"publishpress_future_workflow_manual_trigger":{"enabledWorkflows":[]},"wpml_current_locale":"fr_FR","wpml_translations":{"it_IT":{"locale":"it_IT","id":337663,"slug":"lattivita-fisica-e-un-fattore-di-rischio-per-la-sla","post_title":"L'attivit\u00e0 fisica \u00e8 un fattore di rischio per la SLA?","href":"https:\/\/medizinonline.com\/it\/lattivita-fisica-e-un-fattore-di-rischio-per-la-sla\/"},"pt_PT":{"locale":"pt_PT","id":337668,"slug":"a-actividade-fisica-e-um-factor-de-risco-para-a-als","post_title":"A actividade f\u00edsica \u00e9 um factor de risco para a ALS?","href":"https:\/\/medizinonline.com\/pt-pt\/a-actividade-fisica-e-um-factor-de-risco-para-a-als\/"},"es_ES":{"locale":"es_ES","id":337679,"slug":"es-la-actividad-fisica-un-factor-de-riesgo-para-la-ela","post_title":"\u00bfEs la actividad f\u00edsica un factor de riesgo para la ELA?","href":"https:\/\/medizinonline.com\/es\/es-la-actividad-fisica-un-factor-de-riesgo-para-la-ela\/"}},"_links":{"self":[{"href":"https:\/\/medizinonline.com\/fr\/wp-json\/wp\/v2\/posts\/337703","targetHints":{"allow":["GET"]}}],"collection":[{"href":"https:\/\/medizinonline.com\/fr\/wp-json\/wp\/v2\/posts"}],"about":[{"href":"https:\/\/medizinonline.com\/fr\/wp-json\/wp\/v2\/types\/post"}],"author":[{"embeddable":true,"href":"https:\/\/medizinonline.com\/fr\/wp-json\/wp\/v2\/users\/7"}],"replies":[{"embeddable":true,"href":"https:\/\/medizinonline.com\/fr\/wp-json\/wp\/v2\/comments?post=337703"}],"version-history":[{"count":0,"href":"https:\/\/medizinonline.com\/fr\/wp-json\/wp\/v2\/posts\/337703\/revisions"}],"wp:featuredmedia":[{"embeddable":true,"href":"https:\/\/medizinonline.com\/fr\/wp-json\/wp\/v2\/media\/80440"}],"wp:attachment":[{"href":"https:\/\/medizinonline.com\/fr\/wp-json\/wp\/v2\/media?parent=337703"}],"wp:term":[{"taxonomy":"category","embeddable":true,"href":"https:\/\/medizinonline.com\/fr\/wp-json\/wp\/v2\/category?post=337703"},{"taxonomy":"post_tag","embeddable":true,"href":"https:\/\/medizinonline.com\/fr\/wp-json\/wp\/v2\/tags?post=337703"},{"taxonomy":"powerkit_post_featured","embeddable":true,"href":"https:\/\/medizinonline.com\/fr\/wp-json\/wp\/v2\/powerkit_post_featured?post=337703"}],"curies":[{"name":"wp","href":"https:\/\/api.w.org\/{rel}","templated":true}]}}