{"id":337800,"date":"2018-07-08T02:00:00","date_gmt":"2018-07-08T00:00:00","guid":{"rendered":"https:\/\/medizinonline.com\/registre-suisse-de-la-sclerose-en-plaques-un-premier-bilan\/"},"modified":"2018-07-08T02:00:00","modified_gmt":"2018-07-08T00:00:00","slug":"registre-suisse-de-la-sclerose-en-plaques-un-premier-bilan","status":"publish","type":"post","link":"https:\/\/medizinonline.com\/fr\/registre-suisse-de-la-sclerose-en-plaques-un-premier-bilan\/","title":{"rendered":"Registre suisse de la scl\u00e9rose en plaques : un premier bilan"},"content":{"rendered":"<p><strong>Avec le Registre suisse de la scl\u00e9rose en plaques, la Soci\u00e9t\u00e9 suisse de la scl\u00e9rose en plaques a lanc\u00e9 en 2016 un projet qui fonctionne selon le principe de la science citoyenne. Lors de la &#8220;Journ\u00e9e mondiale de la SEP&#8221; 2018, des personnes touch\u00e9es par la maladie, des professionnels de la sant\u00e9 et des repr\u00e9sentants de la Soci\u00e9t\u00e9 SEP ont fait le point.<\/strong><\/p>\n<div style=\"display: block;\">\n<div style=\"display: none;\">\n<div>\n<div>\n<table cellspacing=\"1\">\n<tbody>\n<tr>\n<td><strong>Reconna\u00eetre une langueAfrikaansAlbanaisArabeArm\u00e9nienAzerba\u00efdjanaisBasqueBengaliBosniaqueBulgareBirmanCebuanoChichewaChinois (ver)Chinois (trad)D\u00e4nischDeutschEnglischEsperantoEstnischFinnischFranz\u00f6sischGalizischGeorgischGriechischGujaratiHaitianischHausaHebr\u00e4ischHindiHmongIgboIndonesischIrischIsl\u00e4ndischItalienischJapanischJavanesischJiddischKannadaKasachischKatalanischKhmerKoreanischKroatischLaoLateinishLettischLitauischMalabarischMalagasyMalaysischMaltesischMaoriMarathischMazedonischMongolischNepalesischNiederl\u00e4ndischNorwegischPersischPolnischPortugiesischPunjabiRum\u00e4nischRussischSchwedischSerbischSesothoSinghalesischSlowakischSlowenischSomaliSpanischSuaheliSundanesischTadschikischTagalogTamilTeluguThail\u00e4ndischTschechischT\u00fcrkischUkrainischUngarischUrduUzbekischVietnamesischWalisischWei\u00dfrussischYorubaZulu<\/strong><\/td>\n<td>\n<div id=\"SL_switch_b\" style=\"background: rgba(0, 0, 0, 0) url(\"moz-extension:\/\/27c8b66b-4e69-a543-b12c-ee19d038addf\/content\/img\/util\/switchb.png\") repeat scroll 0% 0%;\" title=\"Changer de langue\">&nbsp;<\/div>\n<\/td>\n<td>\n<div style=\"display: block;\">\n<div style=\"display: none;\">\n<div>\n<div>\n<table cellspacing=\"1\">\n<tbody>\n<tr>\n<td><strong><strong>AfrikaansAlbanaisArabeArm\u00e9nienAzerba\u00efdjanaisBasqueBengaliBosniaqueBulgareBirmanCebuanoChichewaChinois (ver)Chinois (trad)D\u00e4nischDeutschEnglischEsperantoEstnischFinnischFranz\u00f6sischGalizischGeorgischGriechischGujaratiHaitianischHausaHebr\u00e4ischHindiHmongIgboIndonesischIrischIsl\u00e4ndischItalienischJapanischJavanesischJiddischKannadaKasachischKatalanischKhmerKoreanischKroatischLaoLateinishLettischLitauischMalabarischMalagasyMalaysischMaltesischMaoriMarathischMazedonischMongolischNepalesischNiederl\u00e4ndischNorwegischPersischPolnischPortugiesischPunjabiRum\u00e4nischRussischSchwedischSerbischSesothoSinghalesischSlowakischSlowenischSomaliSpanischSuaheliSundanesischTadschikischTagalogTamilTeluguThail\u00e4ndischTschechischT\u00fcrkischUkrainischUngarischUrduUzbekischVietnamesischWalisischWei\u00dfrussischYorubaZulu<\/strong><\/strong><\/td>\n<td>\n<div id=\"SL_TTS_voice\" style=\"background: rgba(0, 0, 0, 0) url(\"moz-extension:\/\/27c8b66b-4e69-a543-b12c-ee19d038addf\/content\/img\/util\/ttsvoice.png\") repeat scroll 0% 0%;\" title=\"undefined\">&nbsp;<\/div>\n<\/td>\n<td>\n<div class=\"SL_copy\" id=\"SL_copy\" style=\"background: rgba(0, 0, 0, 0) url(\"moz-extension:\/\/27c8b66b-4e69-a543-b12c-ee19d038addf\/content\/img\/util\/copy.png\") repeat scroll 0% 0%;\" title=\"Copier\">&nbsp;<\/div>\n<\/td>\n<td>\n<div id=\"SL_bbl_font_patch\">&nbsp;<\/div>\n<div class=\"SL_bbl_font\" id=\"SL_bbl_font\" style=\"background: rgba(0, 0, 0, 0) url(\"moz-extension:\/\/27c8b66b-4e69-a543-b12c-ee19d038addf\/content\/img\/util\/font.png\") repeat scroll 0% 0%;\" title=\"Taille de la police\">&nbsp;<\/div>\n<\/td>\n<td>\n<div id=\"SL_bbl_help\" style=\"background: rgba(0, 0, 0, 0) url(\"moz-extension:\/\/27c8b66b-4e69-a543-b12c-ee19d038addf\/content\/img\/util\/bhelp.png\") repeat scroll 0% 0%;\" title=\"Aide\">&nbsp;<\/div>\n<\/td>\n<td>\n<div class=\"SL_pin_off\" id=\"SL_pin\" style=\"background: rgba(0, 0, 0, 0) url(\"moz-extension:\/\/27c8b66b-4e69-a543-b12c-ee19d038addf\/content\/img\/util\/pin-on.png\") repeat scroll 0% 0%;\" title=\"Clouer le traducteur pop-up\">&nbsp;<\/div>\n<\/td>\n<\/tr>\n<\/tbody>\n<\/table><\/div>\n<\/p><\/div>\n<div id=\"SL_shadow_translation_result\" style=\"visibility: visible;\">&nbsp;<\/div>\n<div class=\"SL_loading\" id=\"SL_loading\" style=\"background: rgba(0, 0, 0, 0) url(\"moz-extension:\/\/27c8b66b-4e69-a543-b12c-ee19d038addf\/content\/img\/util\/loading.gif\") repeat scroll 0% 0%;\">&nbsp;<\/div>\n<div id=\"SL_player2\">&nbsp;<\/div>\n<div id=\"SL_alert100\"><strong><strong><strong>La fonction son est limit\u00e9e \u00e0 200 caract\u00e8res<\/strong><\/strong><\/strong><\/div>\n<div id=\"SL_Balloon_options\" style=\"background: rgb(255, 255, 255) url(\"moz-extension:\/\/27c8b66b-4e69-a543-b12c-ee19d038addf\/content\/img\/util\/bg3.png\") repeat scroll 0% 0%;\">\n<div id=\"SL_arrow_down\" style=\"background: rgba(0, 0, 0, 0) url(\"moz-extension:\/\/27c8b66b-4e69-a543-b12c-ee19d038addf\/content\/img\/util\/down.png\") repeat scroll 0% 0%;\">&nbsp;<\/div>\n<table id=\"SL_tbl_opt\" style=\"width:100%\">\n<tbody>\n<tr>\n<td>&nbsp;<\/td>\n<td>\n<div id=\"SL_BBL_IMG\" style=\"background: rgba(0, 0, 0, 0) url(\"moz-extension:\/\/27c8b66b-4e69-a543-b12c-ee19d038addf\/content\/img\/util\/bbl-logo.png\") repeat scroll 0% 0%;\" title=\"Bouton Afficher dans le traducteur 3 secondes\">&nbsp;<\/div>\n<\/td>\n<td><strong><strong><strong><a class=\"SL_options\" href=\"\/\/27c8b66b-4e69-a543-b12c-ee19d038addf\/content\/html\/options\/options.html?bbl\" target=\"_blank\" title=\"Afficher les options\" rel=\"noopener\">Options<\/a>: <a class=\"SL_options\" href=\"\/\/27c8b66b-4e69-a543-b12c-ee19d038addf\/content\/html\/options\/options.html?hist\" target=\"_blank\" title=\"Historique de la traduction\" rel=\"noopener\">Histoire<\/a>: <a class=\"SL_options\" href=\"\/\/27c8b66b-4e69-a543-b12c-ee19d038addf\/content\/html\/options\/options.html?feed\" target=\"_blank\" title=\"R\u00e9troaction\" rel=\"noopener\">R\u00e9troaction<\/a>: <a class=\"SL_options\" href=\"https:\/\/www.paypal.com\/cgi-bin\/webscr?cmd=_s-xclick&amp;hosted_button_id=GD9D8CPW8HFA2\" target=\"_blank\" title=\"Contribuer\" rel=\"noopener\">Donate<\/a><\/strong><\/strong><\/strong><\/td>\n<td><strong><strong><strong>Fermer<\/strong><\/strong><\/strong><\/td>\n<\/tr>\n<\/tbody>\n<\/table><\/div>\n<\/p><\/div>\n<\/p><\/div>\n<\/td>\n<\/tr>\n<\/tbody>\n<\/table>\n<\/div>\n<\/div>\n<\/div>\n<\/div>\n<p> <!--more--> <\/p>\n<p>On estime que 2,5 millions de personnes dans le monde souffrent de scl\u00e9rose en plaques, dont environ 700 000 en Europe [1]. Les donn\u00e9es relatives \u00e0 la situation en Suisse datent des ann\u00e9es 1990. Le nombre d&#8217;inscriptions au Registre suisse de la scl\u00e9rose en plaques (SMSR) montre que le chiffre de 10 000 \u00e0 15 000 personnes atteintes doit \u00eatre adapt\u00e9 [2]. L&#8217;une des raisons pour lesquelles on sait si peu de choses sur la propagation de la scl\u00e9rose en plaques est que, comme de nombreuses maladies, la SEP n&#8217;est pas soumise \u00e0 d\u00e9claration obligatoire. Milo Puhan, directeur de l&#8217;Institut d&#8217;\u00e9pid\u00e9miologie, de biostatistique et de pr\u00e9vention de l&#8217;Universit\u00e9 de Zurich (EBPI). Lui et son \u00e9quipe sont responsables de l&#8217;analyse des donn\u00e9es du registre.<\/p>\n<h2 id=\"le-registre-suisse-de-la-sclerose-en-plaques-un-projet-pionnier\">Le registre suisse de la scl\u00e9rose en plaques, un projet pionnier<\/h2>\n<p>Le Registre suisse de la scl\u00e9rose en plaques a \u00e9t\u00e9 initi\u00e9 par des membres concern\u00e9s de la Soci\u00e9t\u00e9 suisse de la scl\u00e9rose en plaques. En 2016, la Soci\u00e9t\u00e9 SEP a mis en \u0153uvre le registre en tant qu&#8217;\u00e9tude d&#8217;observation d&#8217;une dur\u00e9e de 25 ans [3]. Le projet suit l&#8217;approche de la science citoyenne, d\u00e9sormais de plus en plus utilis\u00e9e : en tant qu&#8217;experts de la SEP, les personnes concern\u00e9es alimentent directement le registre avec leurs informations et contribuent ainsi \u00e0 la constitution d&#8217;une large base de donn\u00e9es (encadr\u00e9). Ainsi, le Registre suisse de la scl\u00e9rose en plaques est avant tout un recueil de donn\u00e9es qui peut donner des informations sur la maladie ainsi que sur l&#8217;utilisation et l&#8217;effet des traitements, explique Patricia Monin, directrice de la Soci\u00e9t\u00e9 SEP, lors d&#8217;une table ronde organis\u00e9e \u00e0 l&#8217;occasion de la Journ\u00e9e mondiale de la SEP 2018 [4]. Les personnes concern\u00e9es peuvent t\u00e9moigner de leur exp\u00e9rience quotidienne et partager ces connaissances. Cela se fait par le biais d&#8217;enqu\u00eates et de journaux intimes, accessibles en ligne apr\u00e8s inscription sur la plateforme de la Soci\u00e9t\u00e9 SEP ; la participation aux enqu\u00eates est \u00e9galement possible par courrier.<\/p>\n<p>Cette nouvelle possibilit\u00e9 de transfert de connaissances et de mise en r\u00e9seau est tr\u00e8s appr\u00e9ci\u00e9e par les participants \u00e0 l&#8217;\u00e9tude d\u00e9j\u00e0 inscrits. &#8220;Nous sommes une communaut\u00e9 de connaissances&#8221;, d\u00e9clare Ivy Spring, atteinte de SEP, ce qui permet de se soutenir mutuellement. L&#8217;objectif est de permettre aux personnes concern\u00e9es de se rencontrer.<\/p>\n<p>Le projet est enti\u00e8rement financ\u00e9 par des dons, sans participation de groupes d&#8217;int\u00e9r\u00eats politiques ou \u00e9conomiques. La mise en \u0153uvre scientifique est assur\u00e9e par les chercheurs de l&#8217;EBPI, dont l&#8217;int\u00e9r\u00eat pour la connaissance se concentre sur le v\u00e9cu individuel des personnes concern\u00e9es. Il s&#8217;agit donc d&#8217;un projet pionnier en Suisse ; des registres de la SEP existent d\u00e9j\u00e0 en Allemagne et en Grande-Bretagne, entre autres. Les crit\u00e8res d&#8217;\u00e9valuation primaires de l&#8217;\u00e9tude concernent la qualit\u00e9 de vie : comment les personnes atteintes de scl\u00e9rose en plaques vivent-elles avec leur maladie ou leur handicap ? \u00e0 quoi ressemble votre quotidien personnel et professionnel ? Quelles sont les formes de th\u00e9rapies m\u00e9dicamenteuses, non m\u00e9dicamenteuses et alternatives utilis\u00e9es et dans quelle mesure sont-elles accessibles ? Les crit\u00e8res d&#8217;\u00e9valuation secondaires du SMSR se concentrent sur les sympt\u00f4mes, qui peuvent varier consid\u00e9rablement d&#8217;une personne \u00e0 l&#8217;autre et selon le stade, les effets ind\u00e9sirables des m\u00e9dicaments et la fr\u00e9quence des pouss\u00e9es de SEP. En faisant participer des patients atteints de SEP, les initiateurs esp\u00e8rent \u00e9galement obtenir des informations sur le nombre r\u00e9el de personnes touch\u00e9es [3]. Les donn\u00e9es doivent permettre d&#8217;am\u00e9liorer les formes de traitement et la qualit\u00e9 de vie des personnes atteintes de SEP. Elles sont stock\u00e9es sous forme crypt\u00e9e et anonyme dans les locaux de l&#8217;Universit\u00e9 de Zurich.<\/p>\n<p>&nbsp;<\/p>\n<p><img fetchpriority=\"high\" decoding=\"async\" class=\" size-full wp-image-10514\" alt=\"\" src=\"https:\/\/medizinonline.com\/wp-content\/uploads\/2018\/07\/kasten_citizen_np4.png\" style=\"height:476px; width:600px\" width=\"1100\" height=\"873\"><\/p>\n<p>&nbsp;<\/p>\n<h2 id=\"completer-les-etudes-cliniques-avec-des-connaissances-empiriques\">Compl\u00e9ter les \u00e9tudes cliniques avec des connaissances empiriques<\/h2>\n<p>En se concentrant sur le quotidien des personnes atteintes, le Registre suisse de la scl\u00e9rose en plaques offre un compl\u00e9ment aux \u00e9tudes cliniques telles que l&#8217;\u00e9tude de cohorte suisse sur la scl\u00e9rose en plaques (SMSC). Dans le cadre du SMSC, 960 patients atteints de SEP sont r\u00e9guli\u00e8rement examin\u00e9s depuis 2012. Tous les six ou douze mois, il y a un entretien, une prise de sang, un examen neurologique et, si c&#8217;est m\u00e9dicalement indiqu\u00e9, un test IRM standardis\u00e9. L&#8217;objectif est d&#8217;\u00e9tudier 1 000 \u00e0 2 000 personnes atteintes de la maladie sur une p\u00e9riode de dix ans afin d&#8217;\u00e9tudier l&#8217;effet \u00e0 long terme et la s\u00e9curit\u00e9 des traitements m\u00e9dicamenteux [5,6]. Les donn\u00e9es des SMSC et des dossiers m\u00e9dicaux (avec le consentement des patients) sont \u00e0 leur tour int\u00e9gr\u00e9es dans le registre. Le SMSR et le SMSC \u00e9tablissent tous deux une m\u00e9decine P4 : la gestion de la maladie doit \u00eatre pr\u00e9ventive, prospective, personnalis\u00e9e et participative. La participation des personnes atteintes de SEP est particuli\u00e8rement importante lorsque des sympt\u00f4mes dits &#8220;doux&#8221;, comme la fatigue, doivent \u00eatre enregistr\u00e9s et trait\u00e9s. Pour le professeur Pasquale Calabrese, directeur du d\u00e9partement de neurosciences cognitives de l&#8217;universit\u00e9 de B\u00e2le, la qualit\u00e9 de vie est plus qu&#8217;un simple \u00e9tat physique ; elle a \u00e9galement une dimension sociale, spirituelle, psychologique et cognitive. &#8220;Ce sont toutes des choses qui sont trait\u00e9es de mani\u00e8re secondaire dans les essais cliniques classiques. Le fait que nous les mettions en avant ici [im SMSR] est le c\u00f4t\u00e9 r\u00e9volutionnaire de la chose&#8221;.<\/p>\n<h2 id=\"la-sortie-du-registre-ms\">La sortie du registre MS<\/h2>\n<p>Pour \u00e9valuer le construit multidimensionnel qu&#8217;est la qualit\u00e9 de vie, le personnel de l&#8217;EBPI a recours \u00e0 des questionnaires que les participants \u00e0 l&#8217;\u00e9tude peuvent remplir en ligne ou par courrier. Chaque mois, les donn\u00e9es analys\u00e9es sont mises \u00e0 la disposition des personnes int\u00e9ress\u00e9es sous la forme d&#8217;un &#8220;graphique mensuel&#8221; sur le site Internet de la Soci\u00e9t\u00e9 SEP. En mars, la Soci\u00e9t\u00e9 SEP a publi\u00e9 une repr\u00e9sentation sur le th\u00e8me du &#8220;changement de comportement apr\u00e8s le diagnostic&#8221; <strong>(Fig. 1).<\/strong> Il est frappant de constater une r\u00e9duction des activit\u00e9s physiques ainsi qu&#8217;un renoncement \u00e0 l&#8217;alcool chez 40% des personnes interrog\u00e9es. Une diminution est \u00e9galement observ\u00e9e dans le domaine des contacts sociaux. En revanche, une attention accrue est accord\u00e9e \u00e0 une meilleure gestion du stress, \u00e0 des techniques de relaxation ainsi qu&#8217;\u00e0 une bonne hygi\u00e8ne de sommeil.<\/p>\n<p>&nbsp;<\/p>\n<p><img decoding=\"async\" class=\"size-full wp-image-10515 lazyload\" alt=\"\" data-src=\"https:\/\/medizinonline.com\/wp-content\/uploads\/2018\/07\/abb1_np4_s4.png\" style=\"--smush-placeholder-width: 1100px; --smush-placeholder-aspect-ratio: 1100\/860;height:469px; width:600px\" width=\"1100\" height=\"860\" src=\"data:image\/svg+xml;base64,PHN2ZyB3aWR0aD0iMSIgaGVpZ2h0PSIxIiB4bWxucz0iaHR0cDovL3d3dy53My5vcmcvMjAwMC9zdmciPjwvc3ZnPg==\"><\/p>\n<p>&nbsp;<\/p>\n<p>Diff\u00e9rents experts sont impliqu\u00e9s dans le processus de recherche : Personnes concern\u00e9es, m\u00e9decins sp\u00e9cialistes, chercheurs fondamentaux, neurologues, psychologues, infirmiers et kin\u00e9sith\u00e9rapeutes. Le d\u00e9veloppement du registre de la SEP se fait \u00e9galement en collaboration avec les personnes concern\u00e9es ; les participants \u00e0 l&#8217;\u00e9tude peuvent faire des suggestions lors des r\u00e9unions annuelles des groupes de r\u00e9sonance, qui r\u00e9unissent des experts techniques, des membres de la Soci\u00e9t\u00e9 SEP et des personnes concern\u00e9es.<\/p>\n<p>Le Dr Christoph Lotter, vice-directeur de la Soci\u00e9t\u00e9 SEP, est convaincu que le Registre suisse de la SEP contribuera \u00e0 d\u00e9velopper une compr\u00e9hension des besoins r\u00e9els des personnes atteintes de SEP et \u00e0 mieux r\u00e9partir les ressources. Thomas Heiniger, pr\u00e9sident du Conseil d&#8217;Etat zurichois et directeur de la sant\u00e9, est du m\u00eame avis : &#8220;Le registre de la SEP offre une occasion unique aux personnes atteintes de faire part de leur point de vue personnel et de leurs besoins, et de contribuer ainsi \u00e0 ce que les questions vraiment pertinentes pour elles soient clarifi\u00e9es&#8221;. Andrew Chan (Centre neurologique de l&#8217;H\u00f4pital de l&#8217;\u00cele \u00e0 Berne) aura des cons\u00e9quences importantes, notamment en ce qui concerne l&#8217;acc\u00e8s et le co\u00fbt des m\u00e9dicaments ou le nombre de places en r\u00e9\u00e9ducation et en physioth\u00e9rapie.<\/p>\n<p>&nbsp;<\/p>\n<p>Litt\u00e9rature :<\/p>\n<ol>\n<li>Browne P, et al : Atlas of Multiple Sclerosis 2013 : A growing global problem with widely inequity. Neurology 2014 ; 83(11) : 1022-1024.<\/li>\n<li>Soci\u00e9t\u00e9 suisse de la scl\u00e9rose en plaques : rapport annuel 2017. La Soci\u00e9t\u00e9 suisse de la scl\u00e9rose en plaques en faits et en chiffres.<\/li>\n<li>Registre suisse de la scl\u00e9rose en plaques (SMSR). 2016. https:\/\/clinicaltrials.gov\/ct2\/show\/NCT02980640<\/li>\n<li>Table ronde sur le registre suisse de la scl\u00e9rose en plaques. 30 mai 2018. www.multiplesklerose.ch\/de\/spenden-helfen\/benefizevents\/welt-ms-tag\/<\/li>\n<li>Dosanto G, et al : The Swiss Multiple Sclerosis Cohort-Study (SMSC) : A Prospective Swiss Wide Investigation of Key Phases in Disease Evolution and New Treatment Options. PLoS One 2016 ; 11(3) : e0152347.<\/li>\n<li>\u00c9tude de cohorte sur la scl\u00e9rose en plaques en Suisse (SMSC). 2015. https:\/\/clinicaltrials.gov\/ct2\/show\/NCT02433028<\/li>\n<li>Soci\u00e9t\u00e9 suisse de la scl\u00e9rose en plaques : Registre suisse de la SEP : changement de comportement apr\u00e8s le diagnostic. Graphique mensuel du 23 mars 2017. www.multiplesklerose.ch\/de\/aktuelles\/detail\/schweizer-ms-register-verhaltensaenderung-nach-der-diagnose\/<\/li>\n<li>Science et Cit\u00e9 : La Suisse appelle les jeunes. 2018. www.schweiz-forscht.ch<\/li>\n<li>Centre d&#8217;excellence Citizen Science. 2018. www.cc-cs.uzh.ch\/de.html<\/li>\n<\/ol>\n<p>&nbsp;<\/p>\n<p><em>InFo NEUROLOGIE &amp; PSYCHIATRIE 2018 ; 16(4) : 3-5<\/em><\/p>\n","protected":false},"excerpt":{"rendered":"<p>Avec le Registre suisse de la scl\u00e9rose en plaques, la Soci\u00e9t\u00e9 suisse de la scl\u00e9rose en plaques a lanc\u00e9 en 2016 un projet qui fonctionne selon le principe de la&hellip;<\/p>\n","protected":false},"author":7,"featured_media":80410,"comment_status":"closed","ping_status":"","sticky":false,"template":"","format":"standard","meta":{"_acf_changed":false,"pmpro_default_level":"","cat_1_feature_home_top":false,"cat_2_editor_pick":false,"csco_eyebrow_text":"Cr\u00e9er des connaissances avec la science citoyenne","footnotes":""},"category":[11523,11383,11505,11549],"tags":[15599,32926,12371],"powerkit_post_featured":[],"class_list":["post-337800","post","type-post","status-publish","format-standard","has-post-thumbnail","category-actualites","category-neurologie-fr","category-rhumatologie","category-rx-fr","tag-ms-fr","tag-ms-register-suisse","tag-sclerose-en-plaques","pmpro-has-access"],"acf":[],"publishpress_future_action":{"enabled":false,"date":"2026-05-07 12:09:26","action":"change-status","newStatus":"draft","terms":[],"taxonomy":"category","extraData":[]},"publishpress_future_workflow_manual_trigger":{"enabledWorkflows":[]},"wpml_current_locale":"fr_FR","wpml_translations":{"it_IT":{"locale":"it_IT","id":337806,"slug":"registro-svizzero-della-sm-una-prima-valutazione","post_title":"Registro svizzero della SM: una prima valutazione","href":"https:\/\/medizinonline.com\/it\/registro-svizzero-della-sm-una-prima-valutazione\/"},"pt_PT":{"locale":"pt_PT","id":337812,"slug":"registo-de-em-suico-uma-primeira-avaliacao","post_title":"Registo de EM su\u00ed\u00e7o: Uma primeira avalia\u00e7\u00e3o","href":"https:\/\/medizinonline.com\/pt-pt\/registo-de-em-suico-uma-primeira-avaliacao\/"},"es_ES":{"locale":"es_ES","id":337781,"slug":"registro-suizo-de-em-una-primera-evaluacion","post_title":"Registro suizo de EM: una primera evaluaci\u00f3n","href":"https:\/\/medizinonline.com\/es\/registro-suizo-de-em-una-primera-evaluacion\/"}},"_links":{"self":[{"href":"https:\/\/medizinonline.com\/fr\/wp-json\/wp\/v2\/posts\/337800","targetHints":{"allow":["GET"]}}],"collection":[{"href":"https:\/\/medizinonline.com\/fr\/wp-json\/wp\/v2\/posts"}],"about":[{"href":"https:\/\/medizinonline.com\/fr\/wp-json\/wp\/v2\/types\/post"}],"author":[{"embeddable":true,"href":"https:\/\/medizinonline.com\/fr\/wp-json\/wp\/v2\/users\/7"}],"replies":[{"embeddable":true,"href":"https:\/\/medizinonline.com\/fr\/wp-json\/wp\/v2\/comments?post=337800"}],"version-history":[{"count":0,"href":"https:\/\/medizinonline.com\/fr\/wp-json\/wp\/v2\/posts\/337800\/revisions"}],"wp:featuredmedia":[{"embeddable":true,"href":"https:\/\/medizinonline.com\/fr\/wp-json\/wp\/v2\/media\/80410"}],"wp:attachment":[{"href":"https:\/\/medizinonline.com\/fr\/wp-json\/wp\/v2\/media?parent=337800"}],"wp:term":[{"taxonomy":"category","embeddable":true,"href":"https:\/\/medizinonline.com\/fr\/wp-json\/wp\/v2\/category?post=337800"},{"taxonomy":"post_tag","embeddable":true,"href":"https:\/\/medizinonline.com\/fr\/wp-json\/wp\/v2\/tags?post=337800"},{"taxonomy":"powerkit_post_featured","embeddable":true,"href":"https:\/\/medizinonline.com\/fr\/wp-json\/wp\/v2\/powerkit_post_featured?post=337800"}],"curies":[{"name":"wp","href":"https:\/\/api.w.org\/{rel}","templated":true}]}}