{"id":338226,"date":"2018-04-18T02:00:00","date_gmt":"2018-04-18T00:00:00","guid":{"rendered":"https:\/\/medizinonline.com\/les-troubles-du-sommeil-chez-les-personnes-agees\/"},"modified":"2018-04-18T02:00:00","modified_gmt":"2018-04-18T00:00:00","slug":"les-troubles-du-sommeil-chez-les-personnes-agees","status":"publish","type":"post","link":"https:\/\/medizinonline.com\/fr\/les-troubles-du-sommeil-chez-les-personnes-agees\/","title":{"rendered":"Les troubles du sommeil chez les personnes \u00e2g\u00e9es"},"content":{"rendered":"<p><strong>Les troubles du sommeil chez les personnes \u00e2g\u00e9es peuvent se manifester dans une spirale cause-effet-cause : La d\u00e9pression, les troubles cognitifs ou la d\u00e9mence peuvent \u00eatre en corr\u00e9lation avec les troubles du sommeil. Le Dr Roland Kunz, Zurich, a expliqu\u00e9 ces relations, a expliqu\u00e9 le besoin de sommeil chez les personnes \u00e2g\u00e9es et a donn\u00e9 des recommandations sur la mani\u00e8re de g\u00e9rer les troubles du sommeil chez les personnes \u00e2g\u00e9es.<\/strong><\/p>\n<div style=\"display: block;\">\n<div style=\"display: none;\">\n<div>\n<div>\n<table cellspacing=\"1\">\n<tbody>\n<tr>\n<td><strong>Reconna\u00eetre une langueAfrikaansAlbanaisArabeArm\u00e9nienAzerba\u00efdjanaisBasqueBengaliBosniaqueBulgareBirmanCebuanoChichewaChinois (ver)Chinois (trad)D\u00e4nischDeutschEnglischEsperantoEstnischFinnischFranz\u00f6sischGalizischGeorgischGriechischGujaratiHaitianischHausaHebr\u00e4ischHindiHmongIgboIndonesischIrischIsl\u00e4ndischItalienischJapanischJavanesischJiddischKannadaKasachischKatalanischKhmerKoreanischKroatischLaoLateinishLettischLitauischMalabarischMalagasyMalaysischMaltesischMaoriMarathischMazedonischMongolischNepalesischNiederl\u00e4ndischNorwegischPersischPolnischPortugiesischPunjabiRum\u00e4nischRussischSchwedischSerbischSesothoSinghalesischSlowakischSlowenischSomaliSpanischSuaheliSundanesischTadschikischTagalogTamilTeluguThail\u00e4ndischTschechischT\u00fcrkischUkrainischUngarischUrduUzbekischVietnamesischWalisischWei\u00dfrussischYorubaZulu<\/strong><\/td>\n<td>\n<div id=\"SL_switch_b\" style=\"background: rgba(0, 0, 0, 0) url(\"moz-extension:\/\/27c8b66b-4e69-a543-b12c-ee19d038addf\/content\/img\/util\/switchb.png\") repeat scroll 0% 0%;\" title=\"Changer de langue\">&nbsp;<\/div>\n<\/td>\n<td>\n<div style=\"display: block;\">\n<div style=\"display: none;\">\n<div>\n<div>\n<table cellspacing=\"1\">\n<tbody>\n<tr>\n<td><strong><strong>AfrikaansAlbanaisArabeArm\u00e9nienAzerba\u00efdjanaisBasqueBengaliBosniaqueBulgareBirmanCebuanoChichewaChinois (ver)Chinois (trad)D\u00e4nischDeutschEnglischEsperantoEstnischFinnischFranz\u00f6sischGalizischGeorgischGriechischGujaratiHaitianischHausaHebr\u00e4ischHindiHmongIgboIndonesischIrischIsl\u00e4ndischItalienischJapanischJavanesischJiddischKannadaKasachischKatalanischKhmerKoreanischKroatischLaoLateinishLettischLitauischMalabarischMalagasyMalaysischMaltesischMaoriMarathischMazedonischMongolischNepalesischNiederl\u00e4ndischNorwegischPersischPolnischPortugiesischPunjabiRum\u00e4nischRussischSchwedischSerbischSesothoSinghalesischSlowakischSlowenischSomaliSpanischSuaheliSundanesischTadschikischTagalogTamilTeluguThail\u00e4ndischTschechischT\u00fcrkischUkrainischUngarischUrduUzbekischVietnamesischWalisischWei\u00dfrussischYorubaZulu<\/strong><\/strong><\/td>\n<td>\n<div id=\"SL_TTS_voice\" style=\"background: rgba(0, 0, 0, 0) url(\"moz-extension:\/\/27c8b66b-4e69-a543-b12c-ee19d038addf\/content\/img\/util\/ttsvoice.png\") repeat scroll 0% 0%;\" title=\"\u00c9couter\">&nbsp;<\/div>\n<\/td>\n<td>\n<div class=\"SL_copy\" id=\"SL_copy\" style=\"background: rgba(0, 0, 0, 0) url(\"moz-extension:\/\/27c8b66b-4e69-a543-b12c-ee19d038addf\/content\/img\/util\/copy.png\") repeat scroll 0% 0%;\" title=\"Copier\">&nbsp;<\/div>\n<\/td>\n<td>\n<div id=\"SL_bbl_font_patch\">&nbsp;<\/div>\n<div class=\"SL_bbl_font\" id=\"SL_bbl_font\" style=\"background: rgba(0, 0, 0, 0) url(\"moz-extension:\/\/27c8b66b-4e69-a543-b12c-ee19d038addf\/content\/img\/util\/font.png\") repeat scroll 0% 0%;\" title=\"Taille de la police\">&nbsp;<\/div>\n<\/td>\n<td>\n<div id=\"SL_bbl_help\" style=\"background: rgba(0, 0, 0, 0) url(\"moz-extension:\/\/27c8b66b-4e69-a543-b12c-ee19d038addf\/content\/img\/util\/bhelp.png\") repeat scroll 0% 0%;\" title=\"Aide\">&nbsp;<\/div>\n<\/td>\n<td>\n<div class=\"SL_pin_off\" id=\"SL_pin\" style=\"background: rgba(0, 0, 0, 0) url(\"moz-extension:\/\/27c8b66b-4e69-a543-b12c-ee19d038addf\/content\/img\/util\/pin-on.png\") repeat scroll 0% 0%;\" title=\"Clouer le traducteur pop-up\">&nbsp;<\/div>\n<\/td>\n<\/tr>\n<\/tbody>\n<\/table><\/div>\n<\/p><\/div>\n<div id=\"SL_shadow_translation_result\" style=\"visibility: visible;\">&nbsp;<\/div>\n<div class=\"SL_loading\" id=\"SL_loading\" style=\"background: rgba(0, 0, 0, 0) url(\"moz-extension:\/\/27c8b66b-4e69-a543-b12c-ee19d038addf\/content\/img\/util\/loading.gif\") repeat scroll 0% 0%;\">&nbsp;<\/div>\n<div id=\"SL_player2\">&nbsp;<\/div>\n<div id=\"SL_alert100\"><strong><strong><strong>La fonction son est limit\u00e9e \u00e0 200 caract\u00e8res<\/strong><\/strong><\/strong><\/div>\n<div id=\"SL_Balloon_options\" style=\"background: rgb(255, 255, 255) url(\"moz-extension:\/\/27c8b66b-4e69-a543-b12c-ee19d038addf\/content\/img\/util\/bg3.png\") repeat scroll 0% 0%;\">\n<div id=\"SL_arrow_down\" style=\"background: rgba(0, 0, 0, 0) url(\"moz-extension:\/\/27c8b66b-4e69-a543-b12c-ee19d038addf\/content\/img\/util\/down.png\") repeat scroll 0% 0%;\">&nbsp;<\/div>\n<table id=\"SL_tbl_opt\" style=\"width:100%\">\n<tbody>\n<tr>\n<td>&nbsp;<\/td>\n<td>\n<div id=\"SL_BBL_IMG\" style=\"background: rgba(0, 0, 0, 0) url(\"moz-extension:\/\/27c8b66b-4e69-a543-b12c-ee19d038addf\/content\/img\/util\/bbl-logo.png\") repeat scroll 0% 0%;\" title=\"Bouton Afficher dans le traducteur 3 secondes\">&nbsp;<\/div>\n<\/td>\n<td><strong><strong><strong><a class=\"SL_options\" href=\"\/\/27c8b66b-4e69-a543-b12c-ee19d038addf\/content\/html\/options\/options.html?bbl\" target=\"_blank\" title=\"Afficher les options\" rel=\"noopener\">Options<\/a>: <a class=\"SL_options\" href=\"\/\/27c8b66b-4e69-a543-b12c-ee19d038addf\/content\/html\/options\/options.html?hist\" target=\"_blank\" title=\"Historique de la traduction\" rel=\"noopener\">Histoire<\/a>: <a class=\"SL_options\" href=\"\/\/27c8b66b-4e69-a543-b12c-ee19d038addf\/content\/html\/options\/options.html?feed\" target=\"_blank\" title=\"R\u00e9troaction\" rel=\"noopener\">R\u00e9troaction<\/a>: <a class=\"SL_options\" href=\"https:\/\/www.paypal.com\/cgi-bin\/webscr?cmd=_s-xclick&amp;hosted_button_id=GD9D8CPW8HFA2\" target=\"_blank\" title=\"Contribuer\" rel=\"noopener\">Donate<\/a><\/strong><\/strong><\/strong><\/td>\n<td><strong><strong><strong>Fermoir<\/strong><\/strong><\/strong><\/td>\n<\/tr>\n<\/tbody>\n<\/table><\/div>\n<\/p><\/div>\n<\/p><\/div>\n<\/td>\n<\/tr>\n<\/tbody>\n<\/table>\n<\/div>\n<\/div>\n<\/div>\n<\/div>\n<p> <!--more--> <\/p>\n<p>Les probl\u00e8mes de sommeil se manifestent chez les patients \u00e2g\u00e9s par des plaintes selon lesquelles ils se r\u00e9veillent trop t\u00f4t le matin ou ne se sentent pas repos\u00e9s. Les patients \u00e2g\u00e9s souffrant de troubles du sommeil ont tendance \u00e0 pr\u00e9senter une morbidit\u00e9 accrue, une mauvaise qualit\u00e9 de sommeil pouvant par exemple entra\u00eener des troubles cognitifs ou une d\u00e9pression. Les patients se plaignent \u00e9galement souvent d&#8217;une r\u00e9duction de leurs performances. Les troubles du sommeil peuvent m\u00eame g\u00e9n\u00e9rer une pseudo-d\u00e9mence. Il s&#8217;ensuit un retrait social et donc un isolement chez soi &#8211; qui peut \u00e0 son tour se traduire par un d\u00e9calage du rythme de sommeil.<\/p>\n<p>Les troubles du sommeil les plus souvent cit\u00e9s par les patients sont les r\u00e9veils fr\u00e9quents ou\/et le fait de rester \u00e9veill\u00e9 pendant de longues p\u00e9riodes, explique le Dr Kunz. Cependant, cela peut aussi \u00eatre d\u00fb \u00e0 des changements physiologiques li\u00e9s \u00e0 l&#8217;\u00e2ge : Les phases de sommeil profond diminuent avec l&#8217;\u00e2ge &#8211; \u00e0 partir de 70 ans environ, elles se stabilisent \u00e0 un niveau plus bas. Les phases de sommeil paradoxal diminuent. Il en r\u00e9sulte une r\u00e9duction effective du temps de sommeil plus tard dans la vie.<\/p>\n<p>Le sommeil typique des personnes \u00e2g\u00e9es est entrecoup\u00e9 de p\u00e9riodes d&#8217;\u00e9veil. Les causes de ce ph\u00e9nom\u00e8ne sont encore en partie inconnues. Il existe certaines modifications endocriniennes dans lesquelles la m\u00e9latonine et le cortisol jouent un r\u00f4le. Chez une personne jeune, le pic de m\u00e9latonine est plus \u00e9lev\u00e9 pendant le sommeil que chez une personne \u00e2g\u00e9e. Et un taux de cortisol bas correspond en outre \u00e0 un pic \u00e9lev\u00e9 d&#8217;hormone de croissance, alors que c&#8217;est l&#8217;inverse chez les personnes \u00e2g\u00e9es. Ces facteurs endocriniens sont susceptibles d&#8217;avoir une influence sur l&#8217;architecture du sommeil chez les personnes \u00e2g\u00e9es.<\/p>\n<p>D&#8217;autres causes de troubles du sommeil sont \u00e9galement li\u00e9es \u00e0 l&#8217;\u00e9volution des conditions de vie des personnes \u00e2g\u00e9es et sont multiples : il s&#8217;agit par exemple de l&#8217;appauvrissement sensoriel ou de l&#8217;isolement d\u00fb \u00e0 la perte d&#8217;un \u00eatre cher. Lorsque la performance diminue, cela touche l&#8217;estime de soi, on ne se sent plus utile. Selon l&#8217;exp\u00e9rience de l&#8217;orateur, les soucis de nature financi\u00e8re ne doivent pas non plus \u00eatre sous-estim\u00e9s. Des ruminations, voire des d\u00e9pressions, peuvent en r\u00e9sulter. Les signes v\u00e9g\u00e9tatifs r\u00e9sultant de ce stress sont \u00e9galement g\u00eanants &#8211; par exemple, les pieds froids typiques. La baisse des performances physiques et psychologiques en soi peut \u00e9galement \u00eatre un facteur de stress. L&#8217;incapacit\u00e9 \u00e0 g\u00e9rer le temps nouvellement gagn\u00e9 apr\u00e8s la retraite entra\u00eene parall\u00e8lement un allongement du temps pass\u00e9 au lit (alors que le besoin de sommeil est moindre).<\/p>\n<h2 id=\"linfluence-des-comorbidites-et-des-medicaments\">L&#8217;influence des comorbidit\u00e9s et des m\u00e9dicaments<\/h2>\n<p>Le manque de sommeil profond fait augmenter la perception de la douleur. Les douleurs neuropathiques, qui sont typiquement des douleurs au repos, se manifestent par des picotements ou des d\u00e9mangeaisons. La d\u00e9pression interagit avec les troubles du sommeil : Les troubles du sommeil sont des sympt\u00f4mes de la d\u00e9pression, d&#8217;autre part les patients souffrant de troubles du sommeil sont susceptibles de d\u00e9velopper une d\u00e9pression. Dans ce cas, il est recommand\u00e9 de proc\u00e9der \u00e0 un d\u00e9pistage de la d\u00e9pression.<\/p>\n<p>Les troubles du sommeil peuvent \u00e9galement \u00eatre un signe pr\u00e9coce de d\u00e9mence, tandis qu&#8217;\u00e0 l&#8217;inverse, les troubles du sommeil peuvent r\u00e9duire les capacit\u00e9s cognitives. Dans le cadre d&#8217;interactions, les benzodiaz\u00e9pines utilis\u00e9es comme somnif\u00e8res peuvent \u00e9galement r\u00e9duire les capacit\u00e9s cognitives.<\/p>\n<p>Les patients atteints de la maladie de Parkinson et de d\u00e9mence \u00e0 corps de Lewy pr\u00e9sentent beaucoup plus souvent des troubles du comportement pendant le sommeil, par exemple ils parlent, rient, gesticulent. Il arrive que ces patients tombent du lit. Le syndrome d&#8217;apn\u00e9e obstructive du sommeil voit sa fr\u00e9quence augmenter avec l&#8217;\u00e2ge, renforc\u00e9e par l&#8217;alcool, les opiac\u00e9s et les benzodiaz\u00e9pines (risque de spirale). Le syndrome des jambes sans repos est tr\u00e8s fr\u00e9quent parmi les autres comorbidit\u00e9s, de m\u00eame que la BPCO, l&#8217;insuffisance cardiaque, le reflux gastro-\u0153sophagien &#8211; c&#8217;est-\u00e0-dire les probl\u00e8mes somatiques &#8211; et les probl\u00e8mes d&#8217;incontinence.<\/p>\n<p>Les m\u00e9dicaments, la caf\u00e9ine et l&#8217;alcool peuvent contribuer \u00e0 une diminution de la qualit\u00e9 du sommeil. Les ISRS fr\u00e9quemment prescrits contre la d\u00e9pression r\u00e9duisent par exemple les p\u00e9riodes de sommeil paradoxal. De plus, les diur\u00e9tiques interf\u00e8rent avec la sensation de vessie pleine, les b\u00eatabloquants suppriment la s\u00e9cr\u00e9tion de m\u00e9latonine. Les corticost\u00e9ro\u00efdes et les anticonvulsivants compl\u00e8tent cette liste.<\/p>\n<h2 id=\"evaluation-et-traitement\">\u00c9valuation et traitement<\/h2>\n<p>Lors de l&#8217;entretien d&#8217;anamn\u00e8se, il convient de d\u00e9terminer s&#8217;il s&#8217;agit d&#8217;un probl\u00e8me du patient ou de ses proches. La dur\u00e9e des troubles et l&#8217;existence d&#8217;\u00e9v\u00e9nements exceptionnels doivent \u00eatre v\u00e9rifi\u00e9es et une orientation sur le rythme de vie, les habitudes de sommeil et les prises de m\u00e9dicaments est n\u00e9cessaire. Les comorbidit\u00e9s doivent \u00eatre exclues. Un protocole de sommeil aide \u00e0 analyser la situation initiale. En l&#8217;absence de comorbidit\u00e9s, l&#8217;orateur recommande de pr\u00e9f\u00e9rer un traitement non pharmacologique (voir <strong>encadr\u00e9)<\/strong> \u00e0 un traitement pharmacologique.<\/p>\n<p>Dans le cas d&#8217;un traitement pharmacologique, il est judicieux de travailler avec des antid\u00e9presseurs s\u00e9datifs chez les patients vieillissants (voir<strong> encadr\u00e9)<\/strong>, explique Kunz. La trazodone (<sup>Trittico\u00ae<\/sup>), la <sup>mirtazapine\u00ae<\/sup> et la misan\u00e9rine (<sup>Tolvon\u00ae<\/sup>) sont des substances qui ont fait leurs preuves et qui n&#8217;entra\u00eenent pas le risque \u00e9lev\u00e9 de chute que pr\u00e9sentent les somnif\u00e8res classiques. Kunz est plut\u00f4t sceptique quant \u00e0 la m\u00e9latonine, les preuves \u00e9tant relativement faibles : environ un patient sur deux pr\u00e9sente une l\u00e9g\u00e8re am\u00e9lioration de la qualit\u00e9 du sommeil.<\/p>\n<p>Les classiques zolpidem, zoplicon (<sup>Imovane\u00ae<\/sup>) sont des quasi-&#8220;blockbusters&#8221;, le risque de chute avec ces substances n&#8217;est pas aussi \u00e9lev\u00e9 qu&#8217;avec les benzodiaz\u00e9pines, mais il est accru. Le risque de d\u00e9pendance n&#8217;est pas aussi prononc\u00e9. Il en va de m\u00eame pour les patients atteints de d\u00e9mence.<\/p>\n<p>Les neuroleptiques ne sont pas des somnif\u00e8res, ils doivent \u00eatre utilis\u00e9s de mani\u00e8re cibl\u00e9e en cas de sympt\u00f4mes psychotiques concomitants et de troubles du comportement avec une souffrance correspondante, mais pas comme somnif\u00e8res de routine.<\/p>\n<p>&nbsp;<\/p>\n<p><img fetchpriority=\"high\" decoding=\"async\" class=\" size-full wp-image-10005\" alt=\"\" src=\"https:\/\/medizinonline.com\/wp-content\/uploads\/2018\/04\/kasten_hp4_s42.png\" style=\"height:608px; width:600px\" width=\"1100\" height=\"1115\" srcset=\"https:\/\/medizinonline.com\/wp-content\/uploads\/2018\/04\/kasten_hp4_s42.png 1100w, https:\/\/medizinonline.com\/wp-content\/uploads\/2018\/04\/kasten_hp4_s42-800x811.png 800w, https:\/\/medizinonline.com\/wp-content\/uploads\/2018\/04\/kasten_hp4_s42-80x80.png 80w, https:\/\/medizinonline.com\/wp-content\/uploads\/2018\/04\/kasten_hp4_s42-120x122.png 120w, https:\/\/medizinonline.com\/wp-content\/uploads\/2018\/04\/kasten_hp4_s42-90x90.png 90w, https:\/\/medizinonline.com\/wp-content\/uploads\/2018\/04\/kasten_hp4_s42-320x324.png 320w, https:\/\/medizinonline.com\/wp-content\/uploads\/2018\/04\/kasten_hp4_s42-560x568.png 560w\" sizes=\"(max-width: 1100px) 100vw, 1100px\" \/><\/p>\n<p>&nbsp;<\/p>\n<h2 id=\"conclusion\">Conclusion<\/h2>\n<p>Dans la gestion non m\u00e9dicamenteuse des troubles du sommeil, il est utile d&#8217;impliquer les proches, par exemple en organisant des promenades communes le soir et d&#8217;autres routines avant l&#8217;endormissement. L&#8217;heure du coucher doit \u00eatre adapt\u00e9e \u00e0 la r\u00e9duction du besoin de sommeil. L&#8217;intervention sur une base pharmacologique ne devrait pas \u00eatre le premier choix, mais plut\u00f4t l&#8217;\u00e9valuation, le conseil et&nbsp; la mise en place de changements de comportement.<\/p>\n<p>\n<em>Source : 1er symposium SWICA : Troubles du sommeil et sant\u00e9 le 1er&nbsp;f\u00e9vrier 2018, Berne. Conf\u00e9rence : Les troubles du sommeil chez les personnes \u00e2g\u00e9es ; conf\u00e9rencier : Dr. med. Roland Kunz, Zurich.<\/em><\/p>\n<p>&nbsp;<\/p>\n<p><em>PRATIQUE DU M\u00c9DECIN DE FAMILLE 2018 ; 13(4) : 40-42<\/em><\/p>\n","protected":false},"excerpt":{"rendered":"<p>Les troubles du sommeil chez les personnes \u00e2g\u00e9es peuvent se manifester dans une spirale cause-effet-cause : La d\u00e9pression, les troubles cognitifs ou la d\u00e9mence peuvent \u00eatre en corr\u00e9lation avec les&hellip;<\/p>\n","protected":false},"author":7,"featured_media":76504,"comment_status":"closed","ping_status":"","sticky":false,"template":"","format":"standard","meta":{"_acf_changed":false,"pmpro_default_level":"","cat_1_feature_home_top":false,"cat_2_editor_pick":false,"csco_eyebrow_text":"Symposium SWICA 2018, Berne","footnotes":""},"category":[11368,11315,11489,11535,11549],"tags":[12103,14976,34253,18685],"powerkit_post_featured":[],"class_list":["post-338226","post","type-post","status-publish","format-standard","has-post-thumbnail","category-geriatrie-fr","category-medecine-interne-generale","category-psychiatrie-et-psychotherapie","category-rapports-de-congres","category-rx-fr","tag-demence-fr","tag-depression-fr","tag-manque-de-sommeil","tag-troubles-du-sommeil","pmpro-has-access"],"acf":[],"publishpress_future_action":{"enabled":false,"date":"2026-05-07 20:46:05","action":"change-status","newStatus":"draft","terms":[],"taxonomy":"category","extraData":[]},"publishpress_future_workflow_manual_trigger":{"enabledWorkflows":[]},"wpml_current_locale":"fr_FR","wpml_translations":{"it_IT":{"locale":"it_IT","id":338235,"slug":"disturbi-del-sonno-in-eta-avanzata","post_title":"Disturbi del sonno in et\u00e0 avanzata","href":"https:\/\/medizinonline.com\/it\/disturbi-del-sonno-in-eta-avanzata\/"},"pt_PT":{"locale":"pt_PT","id":338241,"slug":"perturbacoes-do-sono-na-velhice","post_title":"Perturba\u00e7\u00f5es do sono na velhice","href":"https:\/\/medizinonline.com\/pt-pt\/perturbacoes-do-sono-na-velhice\/"},"es_ES":{"locale":"es_ES","id":338207,"slug":"trastornos-del-sueno-en-la-vejez","post_title":"Trastornos del sue\u00f1o en la vejez","href":"https:\/\/medizinonline.com\/es\/trastornos-del-sueno-en-la-vejez\/"}},"_links":{"self":[{"href":"https:\/\/medizinonline.com\/fr\/wp-json\/wp\/v2\/posts\/338226","targetHints":{"allow":["GET"]}}],"collection":[{"href":"https:\/\/medizinonline.com\/fr\/wp-json\/wp\/v2\/posts"}],"about":[{"href":"https:\/\/medizinonline.com\/fr\/wp-json\/wp\/v2\/types\/post"}],"author":[{"embeddable":true,"href":"https:\/\/medizinonline.com\/fr\/wp-json\/wp\/v2\/users\/7"}],"replies":[{"embeddable":true,"href":"https:\/\/medizinonline.com\/fr\/wp-json\/wp\/v2\/comments?post=338226"}],"version-history":[{"count":0,"href":"https:\/\/medizinonline.com\/fr\/wp-json\/wp\/v2\/posts\/338226\/revisions"}],"wp:featuredmedia":[{"embeddable":true,"href":"https:\/\/medizinonline.com\/fr\/wp-json\/wp\/v2\/media\/76504"}],"wp:attachment":[{"href":"https:\/\/medizinonline.com\/fr\/wp-json\/wp\/v2\/media?parent=338226"}],"wp:term":[{"taxonomy":"category","embeddable":true,"href":"https:\/\/medizinonline.com\/fr\/wp-json\/wp\/v2\/category?post=338226"},{"taxonomy":"post_tag","embeddable":true,"href":"https:\/\/medizinonline.com\/fr\/wp-json\/wp\/v2\/tags?post=338226"},{"taxonomy":"powerkit_post_featured","embeddable":true,"href":"https:\/\/medizinonline.com\/fr\/wp-json\/wp\/v2\/powerkit_post_featured?post=338226"}],"curies":[{"name":"wp","href":"https:\/\/api.w.org\/{rel}","templated":true}]}}