{"id":338231,"date":"2018-04-17T02:00:00","date_gmt":"2018-04-17T00:00:00","guid":{"rendered":"https:\/\/medizinonline.com\/lasthme-bronchique-chez-les-enfants-et-les-adolescents\/"},"modified":"2018-04-17T02:00:00","modified_gmt":"2018-04-17T00:00:00","slug":"lasthme-bronchique-chez-les-enfants-et-les-adolescents","status":"publish","type":"post","link":"https:\/\/medizinonline.com\/fr\/lasthme-bronchique-chez-les-enfants-et-les-adolescents\/","title":{"rendered":"L&#8217;asthme bronchique chez les enfants et les adolescents"},"content":{"rendered":"<p><strong>Le traitement de l&#8217;asthme chez l&#8217;enfant repose aujourd&#8217;hui sur un suivi \u00e9troit du patient, incluant une formation \u00e0 l&#8217;autogestion. Mais est-ce vraiment de l&#8217;asthme ? Une question \u00e0 se poser en premier lieu. Les taux de surdiagnostic sont \u00e9lev\u00e9s.<\/strong><\/p>\n<div style=\"display: block;\">\n<div style=\"display: none;\">\n<div>\n<div>\n<table cellspacing=\"1\">\n<tbody>\n<tr>\n<td><strong>Reconna\u00eetre une langueAfrikaansAlbanaisArabeArm\u00e9nienAzerba\u00efdjanaisBasqueBengaliBosniaqueBulgareBirmanCebuanoChichewaChinois (ver)Chinois (trad)D\u00e4nischDeutschEnglischEsperantoEstnischFinnischFranz\u00f6sischGalizischGeorgischGriechischGujaratiHaitianischHausaHebr\u00e4ischHindiHmongIgboIndonesischIrischIsl\u00e4ndischItalienischJapanischJavanesischJiddischKannadaKasachischKatalanischKhmerKoreanischKroatischLaoLateinishLettischLitauischMalabarischMalagasyMalaysischMaltesischMaoriMarathischMazedonischMongolischNepalesischNiederl\u00e4ndischNorwegischPersischPolnischPortugiesischPunjabiRum\u00e4nischRussischSchwedischSerbischSesothoSinghalesischSlowakischSlowenischSomaliSpanischSuaheliSundanesischTadschikischTagalogTamilTeluguThail\u00e4ndischTschechischT\u00fcrkischUkrainischUngarischUrduUzbekischVietnamesischWalisischWei\u00dfrussischYorubaZulu<\/strong><\/td>\n<td>\n<div id=\"SL_switch_b\" style=\"background: rgba(0, 0, 0, 0) url(\"moz-extension:\/\/27c8b66b-4e69-a543-b12c-ee19d038addf\/content\/img\/util\/switchb.png\") repeat scroll 0% 0%;\" title=\"Changer de langue\">&nbsp;<\/div>\n<\/td>\n<td>\n<div style=\"display: block;\">\n<div style=\"display: none;\">\n<div>\n<div>\n<table cellspacing=\"1\">\n<tbody>\n<tr>\n<td><strong><strong>AfrikaansAlbanaisArabeArm\u00e9nienAzerba\u00efdjanaisBasqueBengaliBosniaqueBulgareBirmanCebuanoChichewaChinois (ver)Chinois (trad)D\u00e4nischDeutschEnglischEsperantoEstnischFinnischFranz\u00f6sischGalizischGeorgischGriechischGujaratiHaitianischHausaHebr\u00e4ischHindiHmongIgboIndonesischIrischIsl\u00e4ndischItalienischJapanischJavanesischJiddischKannadaKasachischKatalanischKhmerKoreanischKroatischLaoLateinishLettischLitauischMalabarischMalagasyMalaysischMaltesischMaoriMarathischMazedonischMongolischNepalesischNiederl\u00e4ndischNorwegischPersischPolnischPortugiesischPunjabiRum\u00e4nischRussischSchwedischSerbischSesothoSinghalesischSlowakischSlowenischSomaliSpanischSuaheliSundanesischTadschikischTagalogTamilTeluguThail\u00e4ndischTschechischT\u00fcrkischUkrainischUngarischUrduUzbekischVietnamesischWalisischWei\u00dfrussischYorubaZulu<\/strong><\/strong><\/td>\n<td>\n<div id=\"SL_TTS_voice\" style=\"background: rgba(0, 0, 0, 0) url(\"moz-extension:\/\/27c8b66b-4e69-a543-b12c-ee19d038addf\/content\/img\/util\/ttsvoice.png\") repeat scroll 0% 0%;\" title=\"\u00c9couter\">&nbsp;<\/div>\n<\/td>\n<td>\n<div class=\"SL_copy\" id=\"SL_copy\" style=\"background: rgba(0, 0, 0, 0) url(\"moz-extension:\/\/27c8b66b-4e69-a543-b12c-ee19d038addf\/content\/img\/util\/copy.png\") repeat scroll 0% 0%;\" title=\"Copier\">&nbsp;<\/div>\n<\/td>\n<td>\n<div id=\"SL_bbl_font_patch\">&nbsp;<\/div>\n<div class=\"SL_bbl_font\" id=\"SL_bbl_font\" style=\"background: rgba(0, 0, 0, 0) url(\"moz-extension:\/\/27c8b66b-4e69-a543-b12c-ee19d038addf\/content\/img\/util\/font.png\") repeat scroll 0% 0%;\" title=\"Taille de la police\">&nbsp;<\/div>\n<\/td>\n<td>\n<div id=\"SL_bbl_help\" style=\"background: rgba(0, 0, 0, 0) url(\"moz-extension:\/\/27c8b66b-4e69-a543-b12c-ee19d038addf\/content\/img\/util\/bhelp.png\") repeat scroll 0% 0%;\" title=\"Aide\">&nbsp;<\/div>\n<\/td>\n<td>\n<div class=\"SL_pin_off\" id=\"SL_pin\" style=\"background: rgba(0, 0, 0, 0) url(\"moz-extension:\/\/27c8b66b-4e69-a543-b12c-ee19d038addf\/content\/img\/util\/pin-on.png\") repeat scroll 0% 0%;\" title=\"Clouer le traducteur pop-up\">&nbsp;<\/div>\n<\/td>\n<\/tr>\n<\/tbody>\n<\/table><\/div>\n<\/p><\/div>\n<div id=\"SL_shadow_translation_result\" style=\"visibility: visible;\">&nbsp;<\/div>\n<div class=\"SL_loading\" id=\"SL_loading\" style=\"background: rgba(0, 0, 0, 0) url(\"moz-extension:\/\/27c8b66b-4e69-a543-b12c-ee19d038addf\/content\/img\/util\/loading.gif\") repeat scroll 0% 0%;\">&nbsp;<\/div>\n<div id=\"SL_player2\">&nbsp;<\/div>\n<div id=\"SL_alert100\"><strong><strong><strong>La fonction son est limit\u00e9e \u00e0 200 caract\u00e8res<\/strong><\/strong><\/strong><\/div>\n<div id=\"SL_Balloon_options\" style=\"background: rgb(255, 255, 255) url(\"moz-extension:\/\/27c8b66b-4e69-a543-b12c-ee19d038addf\/content\/img\/util\/bg3.png\") repeat scroll 0% 0%;\">\n<div id=\"SL_arrow_down\" style=\"background: rgba(0, 0, 0, 0) url(\"moz-extension:\/\/27c8b66b-4e69-a543-b12c-ee19d038addf\/content\/img\/util\/down.png\") repeat scroll 0% 0%;\">&nbsp;<\/div>\n<table id=\"SL_tbl_opt\" style=\"width:100%\">\n<tbody>\n<tr>\n<td>&nbsp;<\/td>\n<td>\n<div id=\"SL_BBL_IMG\" style=\"background: rgba(0, 0, 0, 0) url(\"moz-extension:\/\/27c8b66b-4e69-a543-b12c-ee19d038addf\/content\/img\/util\/bbl-logo.png\") repeat scroll 0% 0%;\" title=\"Bouton Afficher dans le traducteur 3 secondes\">&nbsp;<\/div>\n<\/td>\n<td><strong><strong><strong><a class=\"SL_options\" href=\"\/\/27c8b66b-4e69-a543-b12c-ee19d038addf\/content\/html\/options\/options.html?bbl\" target=\"_blank\" title=\"Afficher les options\" rel=\"noopener\">Options<\/a>: <a class=\"SL_options\" href=\"\/\/27c8b66b-4e69-a543-b12c-ee19d038addf\/content\/html\/options\/options.html?hist\" target=\"_blank\" title=\"Historique de la traduction\" rel=\"noopener\">Histoire<\/a>: <a class=\"SL_options\" href=\"\/\/27c8b66b-4e69-a543-b12c-ee19d038addf\/content\/html\/options\/options.html?feed\" target=\"_blank\" title=\"R\u00e9troaction\" rel=\"noopener\">R\u00e9troaction<\/a>: <a class=\"SL_options\" href=\"https:\/\/www.paypal.com\/cgi-bin\/webscr?cmd=_s-xclick&amp;hosted_button_id=GD9D8CPW8HFA2\" target=\"_blank\" title=\"Contribuer\" rel=\"noopener\">Donate<\/a><\/strong><\/strong><\/strong><\/td>\n<td><strong><strong><strong>Fermer<\/strong><\/strong><\/strong><\/td>\n<\/tr>\n<\/tbody>\n<\/table><\/div>\n<\/p><\/div>\n<\/p><\/div>\n<\/td>\n<\/tr>\n<\/tbody>\n<\/table>\n<\/div>\n<\/div>\n<\/div>\n<\/div>\n<p> <!--more--> <\/p>\n<p>Une analyse r\u00e9trospective de quatre centres acad\u00e9miques aux Pays-Bas a r\u00e9v\u00e9l\u00e9 que l&#8217;asthme chez les enfants \u00e2g\u00e9s de 6 \u00e0 18 ans \u00e9tait surdiagnostiqu\u00e9 dans plus de la moiti\u00e9 des cas, avec par cons\u00e9quent des traitements inutiles et des cons\u00e9quences sur la qualit\u00e9 de vie [1]. &#8220;Dans la pratique quotidienne, il y a toujours des cas o\u00f9 l&#8217;on ne sait pas tr\u00e8s bien si les sympt\u00f4mes sont dus \u00e0 l&#8217;asthme ou \u00e0 d&#8217;autres causes. Nicolas Regamey, pneumologue \u00e0 l&#8217;h\u00f4pital pour enfants de Lucerne. Cette derni\u00e8re est due au fait que les enfants ferment paradoxalement leurs cordes vocales lorsqu&#8217;ils respirent, c&#8217;est-\u00e0-dire qu&#8217;ils inspirent &#8220;mal&#8221;. En clinique, cela se traduit par un stridor inspiratoire d&#8217;apparition aigu\u00eb avec dyspn\u00e9e \u00e0 l&#8217;effort physique, au stress, aux odeurs ou aux allerg\u00e8nes. Apr\u00e8s quelques minutes, les sympt\u00f4mes disparaissent soudainement. Les jeunes adolescentes sont particuli\u00e8rement touch\u00e9es. Sur le plan th\u00e9rapeutique, il suffit g\u00e9n\u00e9ralement d&#8217;une information, combin\u00e9e \u00e0 des exercices vocaux ou \u00e0 une orthophonie.<\/p>\n<h2 id=\"diagnostic-de-lasthme\">Diagnostic de l&#8217;asthme<\/h2>\n<p>La premi\u00e8re chose \u00e0 faire pour diagnostiquer l&#8217;asthme est de rechercher des signes cliniques <strong>(aper\u00e7u&nbsp;1), <\/strong>auxquels s&#8217;ajoute la preuve d&#8217;une broncho-obstruction variable\/r\u00e9versible (clinique, spirom\u00e9trie). Les tests d&#8217;allergie ou la mesure de l&#8217;inflammation allergique des voies respiratoires (FeNO) sont utiles, mais ils ne sont ni sp\u00e9cifiques ni sensibles.<\/p>\n<p>&nbsp;<\/p>\n<p><img fetchpriority=\"high\" decoding=\"async\" class=\" size-full wp-image-10000\" alt=\"\" src=\"https:\/\/medizinonline.com\/wp-content\/uploads\/2018\/04\/ubersicht1_hp4_s45.png\" style=\"height:270px; width:400px\" width=\"873\" height=\"590\" srcset=\"https:\/\/medizinonline.com\/wp-content\/uploads\/2018\/04\/ubersicht1_hp4_s45.png 873w, https:\/\/medizinonline.com\/wp-content\/uploads\/2018\/04\/ubersicht1_hp4_s45-800x541.png 800w, https:\/\/medizinonline.com\/wp-content\/uploads\/2018\/04\/ubersicht1_hp4_s45-120x81.png 120w, https:\/\/medizinonline.com\/wp-content\/uploads\/2018\/04\/ubersicht1_hp4_s45-90x61.png 90w, https:\/\/medizinonline.com\/wp-content\/uploads\/2018\/04\/ubersicht1_hp4_s45-320x216.png 320w, https:\/\/medizinonline.com\/wp-content\/uploads\/2018\/04\/ubersicht1_hp4_s45-560x378.png 560w\" sizes=\"(max-width: 873px) 100vw, 873px\" \/><\/p>\n<p>&nbsp;<\/p>\n<p>La provocation \u00e0 la m\u00e9thacholine est bien adapt\u00e9e \u00e0 l&#8217;exclusion de l&#8217;asthme, moins \u00e0 sa confirmation. Les tests d&#8217;effort peuvent \u00eatre utilis\u00e9s \u00e0 cet effet. Ils sont soit r\u00e9alisables librement (&#8220;free running test&#8221;), c&#8217;est-\u00e0-dire que le jeune patient fait le tour de la maison ou monte les escaliers une fois et que le m\u00e9decin recueille des signes subjectifs, proc\u00e8de \u00e0 un examen clinique (essoufflement, toux, respiration sifflante, pouls, tension art\u00e9rielle), effectue une mesure de la <sub>SpO2<\/sub> et une spirom\u00e9trie avant\/apr\u00e8s. &#8220;Au LUKS, nous effectuons un test d&#8217;effort standardis\u00e9, appel\u00e9 Exercise-induced Athma Test&#8221;, a d\u00e9clar\u00e9 le conf\u00e9rencier. Dans ce cas, les patients sont soumis \u00e0 un effort sur tapis roulant pendant six \u00e0 huit minutes dans un air sec avec un taux d&#8217;humidit\u00e9 inf\u00e9rieur \u00e0 50%, suivi d&#8217;une spirom\u00e9trie apr\u00e8s 5, 10, 15, (30) minutes. Une chute du <sub>VEMS<\/sub> de 10% (15%) est diagnostique pour un asthme d&#8217;effort. &#8220;Souvent, les jeunes ferment pendant la phase de refroidissement&#8221;, a expliqu\u00e9 le professeur Regamey.<\/p>\n<p>Les diagnostics diff\u00e9rentiels de l&#8217;asthme sont nombreux. Comme nous l&#8217;avons mentionn\u00e9, il peut s&#8217;agir d&#8217;un simple d\u00e9conditionnement physique (notamment en cas d&#8217;ob\u00e9sit\u00e9) ou d&#8217;un dysfonctionnement des cordes vocales\/d&#8217;une dyscoordination respiratoire. Il faut \u00e9galement penser aux infections respiratoires banales et r\u00e9p\u00e9t\u00e9es (fr\u00e9quentation de la cr\u00e8che, exposition \u00e0 la fum\u00e9e de tabac). Le &#8220;postnasal drip&#8221;, le &#8220;cough hypersensitivity syndrome&#8221; (toux non sp\u00e9cifique prolong\u00e9e) et le reflux gastro-\u0153sophagien sont \u00e9galement des diagnostics diff\u00e9rentiels importants.<\/p>\n<h2 id=\"objectifs-de-la-therapie\">Objectifs de la th\u00e9rapie<\/h2>\n<p>&#8220;Maintenant que l&#8217;asthme a \u00e9t\u00e9 diagnostiqu\u00e9, que vais-je et dois-je traiter ? La pharmacoth\u00e9rapie doit \u00eatre aussi efficace, s\u00fbre et simple que possible.<br \/>\nEfficacit\u00e9 : &#8220;Nous ne pouvons pas gu\u00e9rir l&#8217;asthme, il faut le dire clairement aux parents&#8221;, a conseill\u00e9 le professeur Regamey. En principe, le traitement a pour objectif de contr\u00f4ler les sympt\u00f4mes, d&#8217;\u00e9viter les exacerbations (car les \u00e9pisodes r\u00e9p\u00e9t\u00e9s entra\u00eenent un remodelage des voies a\u00e9riennes) et donc d&#8217;emp\u00eacher une obstruction fixe, le tout avec le moins d&#8217;effets secondaires possible. &#8220;Ne conseillez en aucun cas \u00e0 un enfant asthmatique de ne pas faire de sport \u00e0 l&#8217;\u00e9cole. Il est important de ne pas limiter les activit\u00e9s&#8221;, a expliqu\u00e9 l&#8217;orateur. Le contr\u00f4le des sympt\u00f4mes doit \u00eatre ajust\u00e9 en cons\u00e9quence, de sorte qu&#8217;il n&#8217;y ait pas de sympt\u00f4mes diurnes ou moins de deux fois par semaine. La nuit, l&#8217;absence de sympt\u00f4mes doit \u00eatre recherch\u00e9e afin d&#8217;\u00e9viter les r\u00e9veils nocturnes. L&#8217;utilisation des &#8220;releveurs&#8221; devrait \u00eatre limit\u00e9e \u00e0 deux utilisations par semaine au maximum.<\/p>\n<p>Dans ce contexte, il convient de mentionner le sch\u00e9ma SMART (<sup>Symbicort\u00ae<\/sup> as Maintenance And Reliever Therapy) &#8211; un st\u00e9ro\u00efde (bud\u00e9sonide) associ\u00e9 \u00e0 un LABA \u00e0 action rapide (formot\u00e9rol). A la posologie de base relativement faible (en g\u00e9n\u00e9ral 2\u00d7\/j) s&#8217;ajoutent des doses suppl\u00e9mentaires selon les besoins (jusqu&#8217;\u00e0 6\u00d7\/j \u00e0 partir de 6 ans et 10\u00d7\/j \u00e0 partir de 12 ans). C&#8217;est \u00e9galement possible avec <sup>Flutiform\u00ae<\/sup>.<\/p>\n<p>Toutefois, cela n&#8217;est possible qu&#8217;au niveau 3 selon le sch\u00e9ma graduel des GINA Guidelines (qui s&#8217;applique \u00e9galement aux enfants). Auparavant, au niveau 1, les SABA peuvent \u00eatre utilis\u00e9s si n\u00e9cessaire, et \u00e0 partir du niveau 2, ils peuvent \u00eatre combin\u00e9s \u00e0 des CSI \u00e0 faible dose en tant que contr\u00f4leurs. Le montelukast, un antagoniste des leucotri\u00e8nes administr\u00e9 par voie orale, est une alternative pour les jeunes enfants et ceux qui craignent les st\u00e9ro\u00efdes. Outre le sch\u00e9ma SMART, les guidelines recommandent, \u00e0 partir du niveau 3, des CSI \u00e0 doses moyennes chez les enfants (surtout entre six et onze ans). Dans les \u00e9tapes sup\u00e9rieures (\u00e0 partir de l&#8217;\u00e9tape 4), la dose de CSI combin\u00e9e \u00e0 des LABA est ensuite encore augment\u00e9e si l&#8217;effet est insuffisant.<\/p>\n<p>Un asthme mal contr\u00f4l\u00e9 pendant l&#8217;enfance est un facteur de risque de mauvaise fonction pulmonaire \u00e0 l&#8217;\u00e2ge adulte. Ces patients commencent donc leur vie future avec un handicap : Le d\u00e9clin physiologique de la fonction pulmonaire avec l&#8217;\u00e2ge, mais aussi, bien s\u00fbr, les influences n\u00e9fastes telles que le tabagisme, etc. ont chez eux des cons\u00e9quences bien plus fatales que chez ceux qui commencent leur vie d&#8217;adulte avec une fonction pulmonaire normale<strong> (Fig.&nbsp;1).<\/strong><\/p>\n<p>&nbsp;<\/p>\n<p><img decoding=\"async\" class=\"size-full wp-image-10001 lazyload\" alt=\"\" data-src=\"https:\/\/medizinonline.com\/wp-content\/uploads\/2018\/04\/abb1_hp4_s46_0.png\" style=\"--smush-placeholder-width: 1100px; --smush-placeholder-aspect-ratio: 1100\/738;height:403px; width:600px\" width=\"1100\" height=\"738\" data-srcset=\"https:\/\/medizinonline.com\/wp-content\/uploads\/2018\/04\/abb1_hp4_s46_0.png 1100w, https:\/\/medizinonline.com\/wp-content\/uploads\/2018\/04\/abb1_hp4_s46_0-800x537.png 800w, https:\/\/medizinonline.com\/wp-content\/uploads\/2018\/04\/abb1_hp4_s46_0-120x81.png 120w, https:\/\/medizinonline.com\/wp-content\/uploads\/2018\/04\/abb1_hp4_s46_0-90x60.png 90w, https:\/\/medizinonline.com\/wp-content\/uploads\/2018\/04\/abb1_hp4_s46_0-320x215.png 320w, https:\/\/medizinonline.com\/wp-content\/uploads\/2018\/04\/abb1_hp4_s46_0-560x376.png 560w\" data-sizes=\"(max-width: 1100px) 100vw, 1100px\" src=\"data:image\/svg+xml;base64,PHN2ZyB3aWR0aD0iMSIgaGVpZ2h0PSIxIiB4bWxucz0iaHR0cDovL3d3dy53My5vcmcvMjAwMC9zdmciPjwvc3ZnPg==\" \/><\/p>\n<p>&nbsp;<\/p>\n<p><strong>S\u00e9curit\u00e9 : <\/strong>les corticost\u00e9ro\u00efdes en particulier ne jouissent g\u00e9n\u00e9ralement pas d&#8217;une bonne r\u00e9putation aupr\u00e8s de la population. Cependant, dans de nombreux cas, les avantages de la th\u00e9rapie d\u00e9passent les inconv\u00e9nients\/effets secondaires. Un effet secondaire possible souvent discut\u00e9 chez l&#8217;enfant est le retard de croissance avec r\u00e9duction cons\u00e9cutive de la taille, bien que, selon une \u00e9tude men\u00e9e avec le bud\u00e9sonide, ce retard soit relativement faible (env. -1,2&nbsp;cm, surtout chez les filles) [2]. Le traitement sans st\u00e9ro\u00efdes par voie orale avec le montelukast peut sembler plus attrayant dans ce cas et, en effet, l&#8217;adh\u00e9rence peut \u00eatre meilleure chez certains patients qui ont de profondes r\u00e9serves sur les CSI (y compris en ce qui concerne leur manipulation). Dans ce cas, il faut toutefois tenir compte des effets secondaires neuropsychiatriques [3]. Il est donc essentiel d&#8217;\u00e9valuer sans a priori les diff\u00e9rentes options de traitement avec les parents et les enfants.<\/p>\n<p><strong>Simplicit\u00e9 :<\/strong> les a\u00e9rosols-doseurs doivent toujours \u00eatre appliqu\u00e9s avec une chambre d&#8217;amor\u00e7age chez les enfants (avec un masque chez les plus petits). La coordination est ainsi facilit\u00e9e. Une fois activ\u00e9, l&#8217;a\u00e9rosol est ralenti et reste dans la chambre jusqu&#8217;\u00e0 l&#8217;inhalation. Les d\u00e9p\u00f4ts ind\u00e9sirables de la substance active au niveau oropharyng\u00e9 sont r\u00e9duits, mais l&#8217;utilisation de ces dispositifs est plut\u00f4t compliqu\u00e9e et n\u00e9cessite un nettoyage r\u00e9gulier (en raison d&#8217;une \u00e9ventuelle contamination bact\u00e9rienne). Il s&#8217;agit d&#8217;inspirer lentement et profond\u00e9ment \u00e0 partir de la pr\u00e9chambre pendant plusieurs respirations.<\/p>\n<p>Pour les enfants un peu plus \u00e2g\u00e9s, mais pas en cas de crise d&#8217;asthme s\u00e9v\u00e8re, les inhalateurs de poudre s\u00e8che sont envisageables. Les exemples incluent <sup>Diskus\u00ae<\/sup>, <sup>Turbuhaler\u00ae<\/sup> ou <sup>Ellipta\u00ae<\/sup>. La coordination ne pose pas de probl\u00e8me ici. La manipulation est relativement simple, mais un d\u00e9bit d&#8217;inhalation plus \u00e9lev\u00e9 est n\u00e9cessaire et m\u00eame une petite expiration dans le syst\u00e8me peut entra\u00eener une agglutination. Le principe de base est d&#8217;inspirer fortement et profond\u00e9ment, puis de retenir sa respiration.<\/p>\n<p>&#8220;L&#8217;inhalation correcte n\u00e9cessite une bonne formation et un suivi r\u00e9gulier. De toute fa\u00e7on, cela aide \u00e9norm\u00e9ment si les enfants sont inform\u00e9s de leur affection, de la mani\u00e8re de la g\u00e9rer correctement et de l&#8217;autogestion. Dans ce contexte, les formations aha ! sont recommand\u00e9es&#8221;, a d\u00e9clar\u00e9 l&#8217;orateur.<\/p>\n<h2 id=\"prevention-et-suivi\">Pr\u00e9vention et suivi<\/h2>\n<p>Outre la pharmacoth\u00e9rapie et l&#8217;\u00e9ducation des patients, la gestion optimale de l&#8217;asthme passe \u00e9galement par la pr\u00e9vention, c&#8217;est-\u00e0-dire l&#8217;\u00e9vitement des allerg\u00e8nes et des d\u00e9clencheurs. Il ne faut donc pas oublier le diagnostic d&#8217;allergie. Les acariens jouent le r\u00f4le le plus important et sont mieux trait\u00e9s par un assainissement cibl\u00e9 que par une d\u00e9sensibilisation. Toutefois, dans d&#8217;autres cas, elle peut \u00eatre tout \u00e0 fait indiqu\u00e9e.<\/p>\n<p>&nbsp;<\/p>\n<p><img decoding=\"async\" class=\"size-full wp-image-10002 lazyload\" alt=\"\" data-src=\"https:\/\/medizinonline.com\/wp-content\/uploads\/2018\/04\/abb2_hp4_s47.png\" style=\"--smush-placeholder-width: 1100px; --smush-placeholder-aspect-ratio: 1100\/806;height:440px; width:600px\" width=\"1100\" height=\"806\" data-srcset=\"https:\/\/medizinonline.com\/wp-content\/uploads\/2018\/04\/abb2_hp4_s47.png 1100w, https:\/\/medizinonline.com\/wp-content\/uploads\/2018\/04\/abb2_hp4_s47-800x586.png 800w, https:\/\/medizinonline.com\/wp-content\/uploads\/2018\/04\/abb2_hp4_s47-120x88.png 120w, https:\/\/medizinonline.com\/wp-content\/uploads\/2018\/04\/abb2_hp4_s47-90x66.png 90w, https:\/\/medizinonline.com\/wp-content\/uploads\/2018\/04\/abb2_hp4_s47-320x234.png 320w, https:\/\/medizinonline.com\/wp-content\/uploads\/2018\/04\/abb2_hp4_s47-560x410.png 560w\" data-sizes=\"(max-width: 1100px) 100vw, 1100px\" src=\"data:image\/svg+xml;base64,PHN2ZyB3aWR0aD0iMSIgaGVpZ2h0PSIxIiB4bWxucz0iaHR0cDovL3d3dy53My5vcmcvMjAwMC9zdmciPjwvc3ZnPg==\" \/><\/p>\n<p>&nbsp;<\/p>\n<p>L&#8217;examen des strat\u00e9gies non m\u00e9dicamenteuses et des facteurs environnementaux fait partie du suivi trimestriel de l&#8217;asthme <strong>(Fig.&nbsp;2).<\/strong> L&#8217;\u00e9volution du traitement y est enregistr\u00e9e et \u00e9valu\u00e9e. S&#8217;il y a un potentiel d&#8217;am\u00e9lioration, on peut adapter le traitement m\u00e9dicamenteux\/non m\u00e9dicamenteux et le consigner dans le plan de traitement \u00e9crit. Cette derni\u00e8re est utile, car les enfants \u00e9coutent g\u00e9n\u00e9ralement &#8220;\u00e0 moiti\u00e9&#8221; pendant la consultation et les adultes peuvent \u00eatre distraits par le comportement de leur enfant. Le plan de traitement \u00e9crit est affich\u00e9 sur le r\u00e9frig\u00e9rateur, par exemple, et indique le traitement de base, la r\u00e9serve avant l&#8217;effort physique, les adaptations en cas d&#8217;infection des voies respiratoires et le traitement d&#8217;urgence.<\/p>\n<p><em>Source : 11e cycle de printemps, 7-9 mars 2018, Lucerne<\/em><\/p>\n<p>&nbsp;<\/p>\n<p>Litt\u00e9rature :<\/p>\n<ol>\n<li>Looijmans-van den Akker I, van Luijn K, Verheij T : Overdiagnosis of asthma in children in primary care : a retrospective analysis. Br J Gen Pract 2016 Mar ; 66(644) : e152-157.<\/li>\n<li>Kelly HW, et al : Effet des glucocortico\u00efdes inhal\u00e9s dans l&#8217;enfance sur la taille adulte. N Engl J Med 2012 Sep 6 ; 367(10) : 904-912.<\/li>\n<li>Ernst P, Ernst G : Neuropsychiatric adverse effects of montelukast in children. Eur Respir J 2017 Aug 17 ; 50(2). pii : 1701020.<\/li>\n<li>Stocks J, Hislop A, Sonnappa S : D\u00e9veloppement pr\u00e9coce des poumons : effet \u00e0 long terme sur la sant\u00e9 et les maladies respiratoires. Lancet Respir Med 2013 Nov ; 1(9) : 728-742.<\/li>\n<\/ol>\n<p>&nbsp;<\/p>\n<p><em>PRATIQUE DU M\u00c9DECIN DE FAMILLE 2018 ; 13(4) : 45-47<\/em><\/p>\n","protected":false},"excerpt":{"rendered":"<p>Le traitement de l&#8217;asthme chez l&#8217;enfant repose aujourd&#8217;hui sur un suivi \u00e9troit du patient, incluant une formation \u00e0 l&#8217;autogestion. Mais est-ce vraiment de l&#8217;asthme ? Une question \u00e0 se poser&hellip;<\/p>\n","protected":false},"author":7,"featured_media":76467,"comment_status":"closed","ping_status":"closed","sticky":false,"template":"","format":"standard","meta":{"_acf_changed":false,"pmpro_default_level":"","cat_1_feature_home_top":false,"cat_2_editor_pick":false,"csco_eyebrow_text":"11e cycle de printemps \u00e0 Lucerne","footnotes":"","_members_access_role":[],"_members_access_error":""},"category":[11349,11315,11458,11477,11535,11549],"tags":[20304,12338,34261,34258],"powerkit_post_featured":[],"class_list":["post-338231","post","type-post","status-publish","format-standard","has-post-thumbnail","category-allergologie-et-immunologie-clinique","category-medecine-interne-generale","category-pediatrie","category-pneumologie-fr","category-rapports-de-congres","category-rx-fr","tag-acariens-de-la-poussiere-de-maison","tag-asthme","tag-prevention-des-declencheurs","tag-spirometrie-fr","pmpro-has-access"],"acf":[],"publishpress_future_action":{"enabled":false,"date":"2026-09-09 10:52:00","action":"change-status","newStatus":"draft","terms":[],"taxonomy":"category","extraData":[]},"publishpress_future_workflow_manual_trigger":{"enabledWorkflows":[]},"wpml_current_locale":"fr_FR","wpml_translations":{"it_IT":{"locale":"it_IT","id":338240,"slug":"asma-bronchiale-nei-bambini-e-negli-adolescenti","post_title":"Asma bronchiale nei bambini e negli adolescenti","href":"https:\/\/medizinonline.com\/it\/asma-bronchiale-nei-bambini-e-negli-adolescenti\/"},"pt_PT":{"locale":"pt_PT","id":338246,"slug":"asma-bronquica-em-criancas-e-adolescentes","post_title":"Asma br\u00f4nquica em crian\u00e7as e adolescentes","href":"https:\/\/medizinonline.com\/pt-pt\/asma-bronquica-em-criancas-e-adolescentes\/"},"es_ES":{"locale":"es_ES","id":338200,"slug":"asma-bronquial-en-ninos-y-adolescentes","post_title":"Asma bronquial en ni\u00f1os y adolescentes","href":"https:\/\/medizinonline.com\/es\/asma-bronquial-en-ninos-y-adolescentes\/"}},"_links":{"self":[{"href":"https:\/\/medizinonline.com\/fr\/wp-json\/wp\/v2\/posts\/338231","targetHints":{"allow":["GET"]}}],"collection":[{"href":"https:\/\/medizinonline.com\/fr\/wp-json\/wp\/v2\/posts"}],"about":[{"href":"https:\/\/medizinonline.com\/fr\/wp-json\/wp\/v2\/types\/post"}],"author":[{"embeddable":true,"href":"https:\/\/medizinonline.com\/fr\/wp-json\/wp\/v2\/users\/7"}],"replies":[{"embeddable":true,"href":"https:\/\/medizinonline.com\/fr\/wp-json\/wp\/v2\/comments?post=338231"}],"version-history":[{"count":0,"href":"https:\/\/medizinonline.com\/fr\/wp-json\/wp\/v2\/posts\/338231\/revisions"}],"wp:attachment":[{"href":"https:\/\/medizinonline.com\/fr\/wp-json\/wp\/v2\/media?parent=338231"}],"wp:term":[{"taxonomy":"category","embeddable":true,"href":"https:\/\/medizinonline.com\/fr\/wp-json\/wp\/v2\/category?post=338231"},{"taxonomy":"post_tag","embeddable":true,"href":"https:\/\/medizinonline.com\/fr\/wp-json\/wp\/v2\/tags?post=338231"},{"taxonomy":"powerkit_post_featured","embeddable":true,"href":"https:\/\/medizinonline.com\/fr\/wp-json\/wp\/v2\/powerkit_post_featured?post=338231"}],"curies":[{"name":"wp","href":"https:\/\/api.w.org\/{rel}","templated":true}]}}