{"id":338692,"date":"2018-01-31T01:00:00","date_gmt":"2018-01-31T00:00:00","guid":{"rendered":"https:\/\/medizinonline.com\/diagnostic-differentiel-des-demences-etat-de-lart\/"},"modified":"2018-01-31T01:00:00","modified_gmt":"2018-01-31T00:00:00","slug":"diagnostic-differentiel-des-demences-etat-de-lart","status":"publish","type":"post","link":"https:\/\/medizinonline.com\/fr\/diagnostic-differentiel-des-demences-etat-de-lart\/","title":{"rendered":"Diagnostic diff\u00e9rentiel des d\u00e9mences &#8211; Etat de l&#8217;art"},"content":{"rendered":"<p><strong>Le Dr Ibach, Frauenfeld, donne un aper\u00e7u de l&#8217;examen standardis\u00e9 des sympt\u00f4mes de la d\u00e9mence et explique les aspects du diagnostic diff\u00e9rentiel des diff\u00e9rentes d\u00e9mences.<\/strong><\/p>\n<p> <!--more--> <\/p>\n<p><strong>Le conf\u00e9rencier aborde les th\u00e8mes suivants :<\/strong><\/p>\n<p>Diagnostic clinique diff\u00e9rentiel<\/p>\n<p>Causes fr\u00e9quentes et rares<\/p>\n<p>Perspectives d&#8217;avenir : Biomarqueurs de la d\u00e9mence d&#8217;Alzheimer<\/p>\n<p>&nbsp;<\/p>\n<p>&nbsp;<\/p>\n<p>&nbsp;<\/p>\n<p><iframe frameborder=\"0\" height=\"564\" data-src=\"https:\/\/player.vimeo.com\/video\/247107415\" width=\"640\" src=\"data:image\/svg+xml;base64,PHN2ZyB3aWR0aD0iMSIgaGVpZ2h0PSIxIiB4bWxucz0iaHR0cDovL3d3dy53My5vcmcvMjAwMC9zdmciPjwvc3ZnPg==\" class=\"lazyload\" data-load-mode=\"1\"><\/iframe><\/p>\n<p><strong>D&#8217;autres vid\u00e9os de ce symposium :<\/strong><\/p>\n<p><a href=\"https:\/\/www.medizinonline.com\/artikel\/nicht-medikamentoese-behandlungsmoeglichkeiten-der-behavioralen-und-psychischen-symptome-bei\">Options de traitement non m\u00e9dicamenteux des sympt\u00f4mes comportementaux et psychologiques de la d\u00e9mence<\/a><\/p>\n<p><a href=\"https:\/\/www.medizinonline.com\/artikel\/medikamentoese-behandlung-bei-demenzsymptomen-bpsd\">Traitement m\u00e9dicamenteux des sympt\u00f4mes de la d\u00e9mence (BPSD)<\/a><\/p>\n<p><a href=\"https:\/\/www.medizinonline.com\/artikel\/neue-medikamentoese-ansaetze-zur-behandlung-der-alzheimer-demenz-was-bringt-die-zukunft\">Nouvelles approches m\u00e9dicamenteuses pour le traitement de la d\u00e9mence d&#8217;Alzheimer &#8211; que nous r\u00e9serve l&#8217;avenir ?<\/a><br \/>\n&nbsp;<\/p>\n<p>Une fois la vid\u00e9o termin\u00e9e, cliquez sur DEMARRER LE TEST.<\/p>\n","protected":false},"excerpt":{"rendered":"<p>Le Dr Ibach, Frauenfeld, donne un aper\u00e7u de l&#8217;examen standardis\u00e9 des sympt\u00f4mes de la d\u00e9mence et explique les aspects du diagnostic diff\u00e9rentiel des diff\u00e9rentes d\u00e9mences.<\/p>\n","protected":false},"author":7,"featured_media":73507,"comment_status":"closed","ping_status":"","sticky":false,"template":"","format":"standard","meta":{"_acf_changed":false,"pmpro_default_level":"","cat_1_feature_home_top":false,"cat_2_editor_pick":false,"csco_eyebrow_text":"Congr\u00e8s annuel 2017 de la SSPP, Berne - Pr\u00e9sentation vid\u00e9o","footnotes":""},"category":[12075,11489,11535,11549],"tags":[],"powerkit_post_featured":[],"class_list":["post-338692","post","type-post","status-publish","format-standard","has-post-thumbnail","category-formation-continue-avec-partenaire","category-psychiatrie-et-psychotherapie","category-rapports-de-congres","category-rx-fr","pmpro-has-access"],"acf":[],"publishpress_future_action":{"enabled":false,"date":"2026-05-04 09:13:32","action":"change-status","newStatus":"draft","terms":[],"taxonomy":"category","extraData":[]},"publishpress_future_workflow_manual_trigger":{"enabledWorkflows":[]},"wpml_current_locale":"fr_FR","wpml_translations":{"it_IT":{"locale":"it_IT","id":338694,"slug":"diagnosi-differenziale-della-demenza-stato-dellarte","post_title":"Diagnosi differenziale della demenza - Stato dell'arte","href":"https:\/\/medizinonline.com\/it\/diagnosi-differenziale-della-demenza-stato-dellarte\/"},"pt_PT":{"locale":"pt_PT","id":338700,"slug":"diagnostico-diferencial-da-demencia-estado-da-arte","post_title":"Diagn\u00f3stico diferencial da dem\u00eancia - Estado da arte","href":"https:\/\/medizinonline.com\/pt-pt\/diagnostico-diferencial-da-demencia-estado-da-arte\/"},"es_ES":{"locale":"es_ES","id":338709,"slug":"diagnostico-diferencial-de-la-demencia-estado-de-la-cuestion","post_title":"Diagn\u00f3stico diferencial de la demencia - Estado de la cuesti\u00f3n","href":"https:\/\/medizinonline.com\/es\/diagnostico-diferencial-de-la-demencia-estado-de-la-cuestion\/"}},"_links":{"self":[{"href":"https:\/\/medizinonline.com\/fr\/wp-json\/wp\/v2\/posts\/338692","targetHints":{"allow":["GET"]}}],"collection":[{"href":"https:\/\/medizinonline.com\/fr\/wp-json\/wp\/v2\/posts"}],"about":[{"href":"https:\/\/medizinonline.com\/fr\/wp-json\/wp\/v2\/types\/post"}],"author":[{"embeddable":true,"href":"https:\/\/medizinonline.com\/fr\/wp-json\/wp\/v2\/users\/7"}],"replies":[{"embeddable":true,"href":"https:\/\/medizinonline.com\/fr\/wp-json\/wp\/v2\/comments?post=338692"}],"version-history":[{"count":0,"href":"https:\/\/medizinonline.com\/fr\/wp-json\/wp\/v2\/posts\/338692\/revisions"}],"wp:featuredmedia":[{"embeddable":true,"href":"https:\/\/medizinonline.com\/fr\/wp-json\/wp\/v2\/media\/73507"}],"wp:attachment":[{"href":"https:\/\/medizinonline.com\/fr\/wp-json\/wp\/v2\/media?parent=338692"}],"wp:term":[{"taxonomy":"category","embeddable":true,"href":"https:\/\/medizinonline.com\/fr\/wp-json\/wp\/v2\/category?post=338692"},{"taxonomy":"post_tag","embeddable":true,"href":"https:\/\/medizinonline.com\/fr\/wp-json\/wp\/v2\/tags?post=338692"},{"taxonomy":"powerkit_post_featured","embeddable":true,"href":"https:\/\/medizinonline.com\/fr\/wp-json\/wp\/v2\/powerkit_post_featured?post=338692"}],"curies":[{"name":"wp","href":"https:\/\/api.w.org\/{rel}","templated":true}]}}