{"id":339457,"date":"2017-08-28T00:00:00","date_gmt":"2017-08-27T22:00:00","guid":{"rendered":"https:\/\/medizinonline.com\/role-des-medecins-generalistes-et-des-pediatres-dans-la-detection-precoce\/"},"modified":"2017-08-28T00:00:00","modified_gmt":"2017-08-27T22:00:00","slug":"role-des-medecins-generalistes-et-des-pediatres-dans-la-detection-precoce","status":"publish","type":"post","link":"https:\/\/medizinonline.com\/fr\/role-des-medecins-generalistes-et-des-pediatres-dans-la-detection-precoce\/","title":{"rendered":"R\u00f4le des m\u00e9decins g\u00e9n\u00e9ralistes et des p\u00e9diatres dans la d\u00e9tection pr\u00e9coce"},"content":{"rendered":"<p><strong>Les m\u00e9decins g\u00e9n\u00e9ralistes et les p\u00e9diatres ont un r\u00f4le central \u00e0 jouer dans le d\u00e9pistage pr\u00e9coce du spectre autistique. Ils doivent r\u00e9f\u00e9rer les enfants pour lesquels un trouble du spectre autistique (TSA) est clairement suspect\u00e9. En effet, les jeunes enfants atteints de troubles autistiques graves doivent \u00eatre trait\u00e9s le plus t\u00f4t possible et de mani\u00e8re intensive.<\/strong><\/p>\n<p> <!--more--> <\/p>\n<p>Presque simultan\u00e9ment, Leo Kanner en 1943 et Hans Asperger en 1944 ont publi\u00e9 leurs travaux sur les enfants atteints de troubles autistiques [1,2]. Alors que le travail de Kanner a rapidement acquis une renomm\u00e9e internationale, l&#8217;\u00e9tude d&#8217;Asperger n&#8217;a \u00e9t\u00e9 connue que par un petit groupe d&#8217;experts pendant plus de 40 ans. L&#8217;image du trouble autistique dans le monde professionnel et le grand public correspondait \u00e0 l&#8217;autisme infantile pr\u00e9coce, parfois appel\u00e9 &#8220;autisme de Kanner&#8221; : Enfants pr\u00e9sentant une grave alt\u00e9ration de l&#8217;interaction et de la communication, souvent d\u00e9pourvus de langage fonctionnel, sans relations identifiables autres que celles avec les personnes qui leur sont le plus proches, sans possibilit\u00e9 de g\u00e9rer leur vie quotidienne de mani\u00e8re autonome, handicap\u00e9s mentaux.<\/p>\n<p>Le concept de troubles autistiques a beaucoup \u00e9volu\u00e9 au cours des 30 derni\u00e8res ann\u00e9es. Il a \u00e9t\u00e9 reconnu que les enfants atteints d&#8217;autisme infantile et les enfants atteints du syndrome d&#8217;Asperger appartenaient au m\u00eame groupe de troubles appel\u00e9s &#8220;troubles envahissants du d\u00e9veloppement&#8221; (TED). De plus, ces derni\u00e8res ann\u00e9es, il est devenu \u00e9vident que les troubles autistiques ne peuvent pas \u00eatre clairement distingu\u00e9s les uns des autres. On parle donc de &#8220;spectre autistique&#8221; ou de &#8220;troubles du spectre autistique&#8221; (TSA).<\/p>\n<h2 id=\"diagnostic\">Diagnostic<\/h2>\n<p>Pour le diagnostic, le spectre autistique est actuellement encore divis\u00e9 en trois sous-diagnostics.<\/p>\n<p>Les enfants atteints d&#8217;autisme infantile pr\u00e9coce pr\u00e9sentent des sympt\u00f4mes marqu\u00e9s dans les domaines de la &#8220;communication&#8221;, de l'&#8221;interaction&#8221; et du &#8220;comportement de jeu&#8221;, et les sympt\u00f4mes sont visibles d\u00e8s les trois premi\u00e8res ann\u00e9es de vie.<\/p>\n<p>En revanche, les enfants atteints du syndrome d&#8217;Asperger ont un d\u00e9veloppement du langage normal et une intelligence au moins moyenne. Leurs probl\u00e8mes ne deviennent g\u00e9n\u00e9ralement \u00e9vidents que lorsqu&#8217;ils devraient jouer ou apprendre en groupe avec d&#8217;autres enfants.<\/p>\n<p>Le diagnostic d'&#8221;autisme atypique&#8221; est moins bien d\u00e9fini. Les enfants concern\u00e9s n&#8217;ont pas de probl\u00e8mes manifestes dans tous les domaines ou ceux-ci ne sont pas apparus aussi t\u00f4t et sont moins graves.<\/p>\n<p>Comme tous les diagnostics p\u00e9dopsychiatriques, l&#8217;autisme concerne des caract\u00e9ristiques dont l&#8217;intensit\u00e9 est tr\u00e8s variable et qui peuvent \u00e9galement \u00eatre pr\u00e9sentes chez des enfants non autistes. Cela signifie qu&#8217;il y a des enfants qui sont clairement autistes ou non autistes (neurotypiques), mais qu&#8217;il y a aussi beaucoup d&#8217;enfants qui se situent \u00e0 la limite de la gravit\u00e9 de leurs sympt\u00f4mes et pour lesquels m\u00eame des professionnels exp\u00e9riment\u00e9s peuvent avoir des avis diff\u00e9rents. Il n&#8217;y a pas que du noir et du blanc, mais entre les deux, de nombreuses nuances de gris.<\/p>\n<h2 id=\"frequence\">Fr\u00e9quence<\/h2>\n<p>Jusque dans les ann\u00e9es 80, l&#8217;autisme infantile \u00e9tait consid\u00e9r\u00e9 comme un trouble rare. Le concept de spectre autistique a permis d&#8217;\u00e9largir consid\u00e9rablement la d\u00e9finition et, par cons\u00e9quent, de poser beaucoup plus souvent le diagnostic de trouble du spectre autistique. L&#8217;augmentation la plus importante concerne les enfants ayant une intelligence moyenne \u00e0 sup\u00e9rieure \u00e0 la moyenne et pr\u00e9sentant des sympt\u00f4mes autistiques plut\u00f4t l\u00e9gers (syndrome d&#8217;Asperger, autisme de &#8220;haut niveau&#8221;). Mais aujourd&#8217;hui, le diagnostic d&#8217;autisme est \u00e9galement pos\u00e9 apr\u00e8s la r\u00e9alisation d&#8217;un diagnostic standardis\u00e9 chez les enfants souffrant d&#8217;un handicap mental, auxquels on avait jusqu&#8217;\u00e0 pr\u00e9sent souvent attribu\u00e9 des traits autistiques (par exemple aussi chez les enfants atteints de trisomie 21).<\/p>\n<p>Des \u00e9tudes men\u00e9es dans diff\u00e9rents pays montrent qu&#8217;environ 1% des enfants souffrent d&#8217;un trouble du spectre autistique. Environ un quart de ces enfants pr\u00e9sentent un autisme infantile pr\u00e9coce classique. 50 \u00e0 60% des enfants autistes ont une intelligence normale. Les gar\u00e7ons sont trois \u00e0 quatre fois plus touch\u00e9s par le TSA que les filles.<\/p>\n<h2 id=\"detection-precoce\">D\u00e9tection pr\u00e9coce<\/h2>\n<p>Les m\u00e9decins g\u00e9n\u00e9ralistes et les p\u00e9diatres ont un r\u00f4le central \u00e0 jouer dans le d\u00e9pistage pr\u00e9coce. Ils ne sont pas tenus de poser un diagnostic, mais doivent recenser les enfants pour lesquels il existe une forte suspicion de TSA et les orienter vers un service d&#8217;autisme pour un diagnostic complet<strong> (tableaux 1 et 2). <\/strong>Le plus souvent, les m\u00e9decins sont confront\u00e9s \u00e0 un enfant de 18 \u00e0 24 mois qui ne parle pas encore. Vous devez \u00e9valuer s&#8217;il s&#8217;agit d&#8217;un &#8220;late-talker&#8221; qui tente de compenser le manque de langage expressif par une communication non verbale avec un contact visuel, des mimiques et surtout des gestes, ou si l&#8217;enfant montre fondamentalement peu d&#8217;int\u00e9r\u00eat pour la communication et l&#8217;interaction.<\/p>\n<p>&nbsp;<\/p>\n<p><img fetchpriority=\"high\" decoding=\"async\" class=\" size-full wp-image-8963\" alt=\"\" src=\"https:\/\/medizinonline.com\/wp-content\/uploads\/2017\/08\/uebersicht1_2_hp8_s21.png\" style=\"height:608px; width:400px\" width=\"892\" height=\"1355\" srcset=\"https:\/\/medizinonline.com\/wp-content\/uploads\/2017\/08\/uebersicht1_2_hp8_s21.png 892w, https:\/\/medizinonline.com\/wp-content\/uploads\/2017\/08\/uebersicht1_2_hp8_s21-800x1215.png 800w, https:\/\/medizinonline.com\/wp-content\/uploads\/2017\/08\/uebersicht1_2_hp8_s21-120x182.png 120w, https:\/\/medizinonline.com\/wp-content\/uploads\/2017\/08\/uebersicht1_2_hp8_s21-90x137.png 90w, https:\/\/medizinonline.com\/wp-content\/uploads\/2017\/08\/uebersicht1_2_hp8_s21-320x486.png 320w, https:\/\/medizinonline.com\/wp-content\/uploads\/2017\/08\/uebersicht1_2_hp8_s21-560x851.png 560w\" sizes=\"(max-width: 892px) 100vw, 892px\" \/><\/p>\n<p>&nbsp;<\/p>\n<p>Des questionnaires comme le M-CHAT peuvent contribuer \u00e0 clarifier cette question. Gianpaolo Ramelli a montr\u00e9 pour le Tessin que l&#8217;utilisation syst\u00e9matique du M-CHAT permettait d&#8217;abaisser significativement l&#8217;\u00e2ge du diagnostic des troubles autistiques [3].<\/p>\n<h2 id=\"pourrait-il-sagir-du-syndrome-dasperger\">Pourrait-il s&#8217;agir du syndrome d&#8217;Asperger ?<\/h2>\n<p>La suspicion d&#8217;un syndrome d&#8217;Asperger <strong>(Aper\u00e7u 3)<\/strong> ne survient g\u00e9n\u00e9ralement que lorsqu&#8217;un enfant doit trouver sa place dans un groupe d&#8217;enfants. Selon la gravit\u00e9 des anomalies, cela peut \u00eatre d\u00e8s la cr\u00e8che ou la maternelle, ou peut-\u00eatre seulement \u00e0 l&#8217;\u00e9cole. Ces derni\u00e8res ann\u00e9es, de plus en plus de diagnostics d&#8217;Asperger ont \u00e9t\u00e9 pos\u00e9s chez les adultes.<\/p>\n<p>Les sympt\u00f4mes autistiques sont souvent plus difficiles \u00e0 identifier chez les filles. De ce fait, le diagnostic d&#8217;Asperger est souvent pos\u00e9 beaucoup plus tard chez elles que chez les gar\u00e7ons.<\/p>\n<p>&nbsp;<\/p>\n<h2 id=\"\"><img decoding=\"async\" class=\"size-full wp-image-8964 lazyload\" alt=\"\" data-src=\"https:\/\/medizinonline.com\/wp-content\/uploads\/2017\/08\/ubersicht3_hp8_s21.png\" style=\"--smush-placeholder-width: 892px; --smush-placeholder-aspect-ratio: 892\/686;height:308px; width:400px\" width=\"892\" height=\"686\" data-srcset=\"https:\/\/medizinonline.com\/wp-content\/uploads\/2017\/08\/ubersicht3_hp8_s21.png 892w, https:\/\/medizinonline.com\/wp-content\/uploads\/2017\/08\/ubersicht3_hp8_s21-800x615.png 800w, https:\/\/medizinonline.com\/wp-content\/uploads\/2017\/08\/ubersicht3_hp8_s21-120x92.png 120w, https:\/\/medizinonline.com\/wp-content\/uploads\/2017\/08\/ubersicht3_hp8_s21-90x68.png 90w, https:\/\/medizinonline.com\/wp-content\/uploads\/2017\/08\/ubersicht3_hp8_s21-320x246.png 320w, https:\/\/medizinonline.com\/wp-content\/uploads\/2017\/08\/ubersicht3_hp8_s21-560x431.png 560w\" data-sizes=\"(max-width: 892px) 100vw, 892px\" src=\"data:image\/svg+xml;base64,PHN2ZyB3aWR0aD0iMSIgaGVpZ2h0PSIxIiB4bWxucz0iaHR0cDovL3d3dy53My5vcmcvMjAwMC9zdmciPjwvc3ZnPg==\" \/><\/h2>\n<h2 id=\"causes\">Causes<\/h2>\n<p>La question des causes des troubles autistiques est d\u00e9battue depuis les premi\u00e8res descriptions en 1943 (Kanner) et 1944 (Asperger). Les deux premiers auteurs avaient une conception plus biologique du trouble. Kanner semble toutefois s&#8217;\u00eatre ensuite int\u00e9ress\u00e9 aux mod\u00e8les psychanalytiques dominants aux \u00c9tats-Unis dans les ann\u00e9es 40 \u00e0 70, dont l&#8217;exposant le plus connu \u00e9tait Bruno Bettelheim. Dans ce contexte, l&#8217;autisme infantile pr\u00e9coce a \u00e9t\u00e9 compris comme un trouble de l&#8217;attachement et de la relation et les m\u00e8res insensibles ont \u00e9t\u00e9 rendues responsables des troubles de leurs enfants (&#8220;refrigerator mothers&#8221;).<\/p>\n<p>Depuis les ann\u00e9es 70, les mod\u00e8les d&#8217;explication neurobiologiques sont au premier plan. Des \u00e9tudes sur les familles et les jumeaux avaient fourni des indications sur la base g\u00e9n\u00e9tique des troubles autistiques. Malheureusement, 30 ans de recherche g\u00e9n\u00e9tique ont fourni de nombreux r\u00e9sultats isol\u00e9s, mais pas un tableau complet de la g\u00e9n\u00e9tique de l&#8217;autisme. Comme un grand nombre de g\u00e8nes sont impliqu\u00e9s dans le d\u00e9veloppement normal du cerveau, de nombreuses erreurs g\u00e9n\u00e9tiques peuvent \u00e9galement conduire \u00e0 des anomalies qui aboutissent au tableau clinique de l&#8217;autisme. Les g\u00e8nes qui jouent un r\u00f4le important dans la formation des synapses semblent jouer un r\u00f4le particuli\u00e8rement important.<\/p>\n<p>En outre, certaines maladies neurologiques sont souvent associ\u00e9es \u00e0 l&#8217;autisme et sont caus\u00e9es par une mutation connue (comme la scl\u00e9rose tub\u00e9reuse).<\/p>\n<p>Les recherches de ces derni\u00e8res ann\u00e9es ont montr\u00e9 que des facteurs exog\u00e8nes pendant la grossesse, probablement bas\u00e9s sur une vuln\u00e9rabilit\u00e9 g\u00e9n\u00e9tique, peuvent augmenter le risque de troubles autistiques chez l&#8217;enfant. Cela a \u00e9t\u00e9 connu le plus longtemps pour l&#8217;infection intra-ut\u00e9rine par la rub\u00e9ole, qui a heureusement presque disparu gr\u00e2ce \u00e0 la vaccination.<\/p>\n<p>Les m\u00e9dicaments utilis\u00e9s pendant la grossesse, par exemple le valproate, peuvent \u00e9galement augmenter le risque d&#8217;autisme. La pollution de l&#8217;environnement par des insecticides, des polluants atmosph\u00e9riques ou des m\u00e9taux lourds peut \u00eatre impliqu\u00e9e dans le d\u00e9veloppement d&#8217;un trouble autistique. Des facteurs plus non sp\u00e9cifiques semblent \u00e9galement jouer un r\u00f4le. Ainsi, une \u00e9tude r\u00e9cente a montr\u00e9 que plusieurs \u00e9pisodes de fi\u00e8vre pendant la grossesse augmentaient consid\u00e9rablement le risque de d\u00e9velopper un trouble autistique [4].<\/p>\n<p>Le fait que les enfants issus de familles immigr\u00e9es soient plus souvent touch\u00e9s par des troubles autistiques graves que pr\u00e9vu n&#8217;a pas encore \u00e9t\u00e9 \u00e9lucid\u00e9. Plusieurs \u00e9tudes men\u00e9es en Su\u00e8de et en Angleterre l&#8217;ont d\u00e9montr\u00e9 pour des familles originaires d&#8217;Afrique de l&#8217;Est et d&#8217;Asie.<\/p>\n<p>Dans l&#8217;ensemble, il faut retenir que de nombreuses causes d&#8217;ordre g\u00e9n\u00e9tique et exog\u00e8ne peuvent probablement conduire \u00e0 des troubles autistiques. \u00c0 cet \u00e9gard, l&#8217;autisme ne diff\u00e8re pas des autres maladies psychiatriques. On ne peut pas non plus supposer que les causes d&#8217;un enfant atteint d&#8217;autisme pr\u00e9coce s\u00e9v\u00e8re avec retard mental et \u00e9pilepsie sont les m\u00eames que celles d&#8217;un adolescent Asperger surdou\u00e9.<\/p>\n<h2 id=\"therapie\">Th\u00e9rapie<\/h2>\n<p>Il existe un consensus international sur le fait que les jeunes enfants atteints de troubles autistiques graves doivent \u00eatre trait\u00e9s le plus t\u00f4t possible et de mani\u00e8re intensive. On peut distinguer les mod\u00e8les de th\u00e9rapie comportementale et de th\u00e9rapie par le jeu, les &#8220;\u00e9coles&#8221; s&#8217;\u00e9tant rapproch\u00e9es au cours des derni\u00e8res ann\u00e9es.<\/p>\n<p>Alors que de telles offres sont disponibles pour de nombreuses familles dans des pays comme les \u00c9tats-Unis ou le Canada, les possibilit\u00e9s sont limit\u00e9es en Suisse. L&#8217;AI a s\u00e9lectionn\u00e9 cinq centres de th\u00e9rapie dans le cadre d&#8217;un projet pilote (Zurich, Gen\u00e8ve, Muttenz, Aesch, Sorengo). Les centres diff\u00e8rent fortement en ce qui concerne les concepts appliqu\u00e9s et les professionnels impliqu\u00e9s.<\/p>\n<p>La clinique zurichoise de psychiatrie et psychoth\u00e9rapie pour enfants et adolescents (KJPP) propose depuis 2004 un traitement bas\u00e9 sur les travaux d&#8217;Ivar Lovaas et les principes de l&#8217;analyse comportementale Applied Behavior Analysis (ABA) [5]. De tels traitements sont appel\u00e9s Early Intensive Behavioural Intervention (EIBI) au niveau international, l&#8217;offre zurichoise s&#8217;appelle en r\u00e9f\u00e9rence \u00e0 cela &#8220;intervention comportementale intensive pr\u00e9coce&#8221; (FIVTI).<\/p>\n<p>Comme les enfants atteints de troubles autistiques n&#8217;apprennent pas en imitant et en exp\u00e9rimentant comme les autres enfants, ils ne franchissent que tr\u00e8s lentement les \u00e9tapes de leur d\u00e9veloppement. Avec FIVTI, nous cr\u00e9ons un environnement d&#8217;apprentissage qui r\u00e9pond aux besoins des enfants autistes et leur permet de rattraper les mati\u00e8res de d\u00e9veloppement qu&#8217;ils ont manqu\u00e9es et le retard de d\u00e9veloppement qui en d\u00e9coule. Pour atteindre cet objectif, nous essayons de travailler 25 \u00e0 35 heures par semaine avec l&#8217;enfant. Cela est n\u00e9cessaire car les enfants non autistes passent une grande partie de leur temps d&#8217;\u00e9veil \u00e0 des activit\u00e9s qui contribuent \u00e0 l&#8217;apprentissage et au d\u00e9veloppement. En fin de compte, l&#8217;objectif est de permettre \u00e0 l&#8217;enfant d&#8217;apprendre, comme les autres enfants, \u00e0 partir de son environnement naturel.<\/p>\n<p>Les parents sont un \u00e9l\u00e9ment central de la th\u00e9rapie. Vous prenez en charge vos propres s\u00e9ances de th\u00e9rapie et apprenez les techniques essentielles pour pouvoir maintenir l&#8217;apprentissage de l&#8217;enfant au quotidien. En outre, des consultations r\u00e9guli\u00e8res les aident \u00e0 mettre en pratique au quotidien les comp\u00e9tences acquises pendant la th\u00e9rapie. En outre, la gestion des difficult\u00e9s sp\u00e9cifiques \u00e0 la vie quotidienne, telles que les probl\u00e8mes d&#8217;alimentation et de sommeil, est discut\u00e9e et mise en pratique. Les psychologues accompagnent \u00e9galement les parents dans leur confrontation avec le diagnostic d&#8217;autisme. Si n\u00e9cessaire, il est possible de b\u00e9n\u00e9ficier d&#8217;un soutien th\u00e9rapeutique familial.<\/p>\n<p>L&#8217;objectif de la th\u00e9rapie est le meilleur d\u00e9veloppement possible dans les domaines &#8220;interaction sociale et d\u00e9veloppement \u00e9motionnel&#8221;, &#8220;communication et langage&#8221;, &#8220;comp\u00e9tences cognitives&#8221;, &#8220;autonomie et comp\u00e9tences quotidiennes&#8221; et &#8220;motricit\u00e9&#8221;. L&#8217;objectif g\u00e9n\u00e9ral est d&#8217;atteindre un niveau d&#8217;autonomie aussi \u00e9lev\u00e9 que possible dans tous les domaines de la vie quotidienne.<br \/>\nLes parents doivent \u00eatre en mesure d&#8217;enseigner \u00e0 l&#8217;enfant des comp\u00e9tences pratiques quotidiennes de mani\u00e8re autonome, de communiquer avec l&#8217;enfant et de le guider vers des activit\u00e9s de loisirs utiles.<\/p>\n<h2 id=\"therapie-individuelle-de-groupe-pour-le-syndrome-dasperger-lautisme-de-haut-niveau\">Th\u00e9rapie individuelle\/de groupe pour le syndrome d&#8217;Asperger, l&#8217;autisme de &#8220;haut niveau&#8221;.<\/h2>\n<p>Les enfants et les adolescents pr\u00e9sentant des troubles autistiques l\u00e9gers et une intelligence normale (syndrome d&#8217;Asperger, autisme de &#8220;haut niveau&#8221;) peuvent \u00eatre trait\u00e9s en th\u00e9rapie individuelle ou en groupe. L&#8217;approche de groupe pr\u00e9sente de nombreux avantages. Les jeunes rencontrent d&#8217;autres personnes concern\u00e9es qui luttent contre des probl\u00e8mes similaires, mais qui partagent peut-\u00eatre aussi des int\u00e9r\u00eats. Certains jeunes trouvent pour la premi\u00e8re fois dans le groupe un(e) ami(e) avec lequel ils peuvent \u00e9changer et prendre rendez-vous. Le groupe est \u00e9galement un environnement r\u00e9aliste pour exp\u00e9rimenter de nouvelles fa\u00e7ons de communiquer et d&#8217;interagir. Diff\u00e9rents programmes ont \u00e9t\u00e9 d\u00e9velopp\u00e9s \u00e0 cet effet. Nous menons l&#8217;entra\u00eenement de groupe KOMPASS (entra\u00eenement aux comp\u00e9tences pour les jeunes atteints de troubles du spectre autistique), d\u00e9velopp\u00e9 \u00e0 Zurich.<\/p>\n<p>L&#8217;entra\u00eenement en groupe COMPASS (Jenny, Goetschel, Isenschmid et Steinhausen 2012) [6] proc\u00e8de par th\u00e8mes et se concentre dans l&#8217;entra\u00eenement de base sur les th\u00e8mes suivants : les \u00e9motions, la communication sociale (small talk), la communication non verbale ainsi que la promotion du changement de perspective et de l&#8217;empathie. Cette formation est suivie d&#8217;une formation avanc\u00e9e dans laquelle les th\u00e8mes suivants sont abord\u00e9s : communication complexe, interactions complexes, th\u00e9orie de l&#8217;esprit.<\/p>\n<p>Dans les groupes COMPASS, les participants s&#8217;exercent \u00e0 ce qu&#8217;ils ont le plus de mal \u00e0 faire : les relations avec des personnes de leur \u00e2ge. La formation doit aider les personnes concern\u00e9es \u00e0 mieux se comprendre et \u00e0 mieux comprendre les autres. Ils doivent apprendre des scripts de comportement concrets pour faire face aux situations quotidiennes et approfondir leur compr\u00e9hension sociale. COMPASS part du principe, sur la base des r\u00e9sultats de la recherche, que les aptitudes sociales peuvent \u00eatre apprises consciemment et reproduites intellectuellement. La formation est tr\u00e8s structur\u00e9e. Les comp\u00e9tences sociales et les connaissances de base correspondantes sont rassembl\u00e9es et distribu\u00e9es sur des fiches d&#8217;information. Ainsi, les personnes concern\u00e9es, mais aussi leurs parents, leurs enseignants et leurs formateurs, disposent d&#8217;un mod\u00e8le de comportement \u00e0 apprendre et des informations de base n\u00e9cessaires.<\/p>\n<p>Les groupes COMPASS sont dirig\u00e9s par deux psychoth\u00e9rapeutes et se composent de sept \u00e0 neuf adolescents ou jeunes adultes \u00e2g\u00e9s d&#8217;environ 13 ans (niveau sup\u00e9rieur) pr\u00e9sentant un syndrome d&#8217;Asperger ou un autisme atypique. L&#8217;entra\u00eenement en groupe a lieu chaque semaine apr\u00e8s l&#8217;\u00e9cole ou l&#8217;apprentissage pendant 90 minutes. Les t\u00e2ches d&#8217;entra\u00eenement hebdomadaires (par exemple, exercices, observations) d&#8217;environ 20 minutes par semaine font partie int\u00e9grante du traitement de groupe. Trois soir\u00e9es d&#8217;information sont organis\u00e9es pour les parents et, avec l&#8217;accord des jeunes, pour leurs enseignants et formateurs. De plus, les participants actuels et anciens de COMPASS peuvent participer volontairement \u00e0 trois \u00e9v\u00e9nements sociaux par an (p. ex. apr\u00e8s-midi de cin\u00e9ma, escalade, soir\u00e9e barbecue).<\/p>\n<p>Le projet COMPASS est en cours depuis avril 2004. Les \u00e9valuations r\u00e9alis\u00e9es jusqu&#8217;\u00e0 pr\u00e9sent montrent une diminution significative des sympt\u00f4mes autistiques et une augmentation substantielle des comp\u00e9tences sociales.<\/p>\n<p>Les retours des jeunes concern\u00e9s, de leurs parents, mais aussi d&#8217;autres personnes de r\u00e9f\u00e9rence comme les enseignants et les formateurs sont tr\u00e8s encourageants. Il y a des changements significatifs dans le comportement et les possibilit\u00e9s d&#8217;interaction sociale s&#8217;am\u00e9liorent visiblement.<\/p>\n<h2 id=\"messages-take-home\">Messages Take-Home<\/h2>\n<ul>\n<li>Les m\u00e9decins g\u00e9n\u00e9ralistes et les p\u00e9diatres ont un r\u00f4le central \u00e0 jouer dans le d\u00e9pistage pr\u00e9coce. Ils ne sont pas tenus de poser un diagnostic, mais ils doivent recenser les enfants pour lesquels un trouble du spectre de l&#8217;autisme (TSA) est clairement suspect\u00e9 et les orienter vers un centre de l&#8217;autisme pour un diagnostic pr\u00e9cis.<\/li>\n<li>Il existe une opinion internationale selon laquelle les jeunes enfants atteints de troubles autistiques graves doivent \u00eatre trait\u00e9s le plus t\u00f4t possible et de mani\u00e8re intensive.<\/li>\n<li>Les enfants et les adolescents atteints de troubles autistiques l\u00e9gers et d&#8217;une intelligence normale (syndrome d&#8217;Asperger, autisme de &#8220;haut niveau&#8221;) peuvent \u00eatre trait\u00e9s individuellement ou en groupe, pour lesquels diff\u00e9rents programmes ont \u00e9t\u00e9 d\u00e9velopp\u00e9s (\u00e0 Zurich, formation de groupe KOMPASS).<\/li>\n<\/ul>\n<p>&nbsp;<\/p>\n<p>Litt\u00e9rature :<\/p>\n<ol>\n<li>Kanner L : Autistic Disturbances of Affective Contact. Nervous Child 1943 ; 2 : 217-250.<\/li>\n<li>Asperger H : Les psychopathies autistiques chez l&#8217;enfant. Archives de psychiatrie et de maladies nerveuses 1944 ; 117 : 73-136.<\/li>\n<li>Ramelli GP : D\u00e9pistage pr\u00e9coce des enfants atteints de troubles du spectre autistique : Exp\u00e9riences au Tessin. P\u00e4diatrica 2017 ; 28 : 39-40.<\/li>\n<li>Hornig M, et al : Fi\u00e8vre pr\u00e9natale et risque d&#8217;autisme. Mol Psychiatry 2017. DOI : 10.1038\/mp.2017.119 [Epub ahead of print].<\/li>\n<li>Lovaas OI : Enseigner aux enfants atteints de troubles du d\u00e9veloppement : le livre Me. New York : Plenum Press 1981.<\/li>\n<li>Jenny B, et al. : COMPASS &#8211; Entra\u00eenement zurichois des comp\u00e9tences pour les jeunes atteints de troubles du spectre autistique : Un manuel pratique pour les interventions de groupe et individuelles. Stuttgart : Kohlhammer 2012.<\/li>\n<\/ol>\n<p>&nbsp;<\/p>\n<p><em>PRATIQUE DU M\u00c9DECIN DE FAMILLE 2017 ; 12(8) : 20-23<\/em><\/p>\n","protected":false},"excerpt":{"rendered":"<p>Les m\u00e9decins g\u00e9n\u00e9ralistes et les p\u00e9diatres ont un r\u00f4le central \u00e0 jouer dans le d\u00e9pistage pr\u00e9coce du spectre autistique. Ils doivent r\u00e9f\u00e9rer les enfants pour lesquels un trouble du spectre&hellip;<\/p>\n","protected":false},"author":7,"featured_media":68881,"comment_status":"closed","ping_status":"","sticky":false,"template":"","format":"standard","meta":{"_acf_changed":false,"pmpro_default_level":"","cat_1_feature_home_top":false,"cat_2_editor_pick":false,"csco_eyebrow_text":"Troubles du spectre autistique chez l'enfant et l'adolescent","footnotes":""},"category":[11531,11315,11458,11489,11549],"tags":[20981,20971,37463,37468,37456,25397,37466,24686,24191,37447],"powerkit_post_featured":[],"class_list":["post-339457","post","type-post","status-publish","format-standard","has-post-thumbnail","category-formation-continue","category-medecine-interne-generale","category-pediatrie","category-psychiatrie-et-psychotherapie","category-rx-fr","tag-asperger-fr","tag-ass-fr","tag-autisme-atypique","tag-compass","tag-lautisme-infantile","tag-medecin-generaliste","tag-pediatre","tag-syndrome-dasperger","tag-troubles-du-spectre-autistique","tag-zurich","pmpro-has-access"],"acf":[],"publishpress_future_action":{"enabled":false,"date":"2026-05-05 06:52:17","action":"change-status","newStatus":"draft","terms":[],"taxonomy":"category","extraData":[]},"publishpress_future_workflow_manual_trigger":{"enabledWorkflows":[]},"wpml_current_locale":"fr_FR","wpml_translations":{"it_IT":{"locale":"it_IT","id":339477,"slug":"ruolo-dei-medici-di-base-e-dei-pediatri-nella-diagnosi-precoce","post_title":"Ruolo dei medici di base e dei pediatri nella diagnosi precoce","href":"https:\/\/medizinonline.com\/it\/ruolo-dei-medici-di-base-e-dei-pediatri-nella-diagnosi-precoce\/"},"pt_PT":{"locale":"pt_PT","id":339490,"slug":"papel-dos-medicos-de-clinica-geral-e-pediatras-na-deteccao-precoce","post_title":"Papel dos m\u00e9dicos de cl\u00ednica geral e pediatras na detec\u00e7\u00e3o precoce","href":"https:\/\/medizinonline.com\/pt-pt\/papel-dos-medicos-de-clinica-geral-e-pediatras-na-deteccao-precoce\/"},"es_ES":{"locale":"es_ES","id":339499,"slug":"papel-de-los-medicos-generalistas-y-pediatras-en-la-deteccion-precoz","post_title":"Papel de los m\u00e9dicos generalistas y pediatras en la detecci\u00f3n precoz","href":"https:\/\/medizinonline.com\/es\/papel-de-los-medicos-generalistas-y-pediatras-en-la-deteccion-precoz\/"}},"_links":{"self":[{"href":"https:\/\/medizinonline.com\/fr\/wp-json\/wp\/v2\/posts\/339457","targetHints":{"allow":["GET"]}}],"collection":[{"href":"https:\/\/medizinonline.com\/fr\/wp-json\/wp\/v2\/posts"}],"about":[{"href":"https:\/\/medizinonline.com\/fr\/wp-json\/wp\/v2\/types\/post"}],"author":[{"embeddable":true,"href":"https:\/\/medizinonline.com\/fr\/wp-json\/wp\/v2\/users\/7"}],"replies":[{"embeddable":true,"href":"https:\/\/medizinonline.com\/fr\/wp-json\/wp\/v2\/comments?post=339457"}],"version-history":[{"count":0,"href":"https:\/\/medizinonline.com\/fr\/wp-json\/wp\/v2\/posts\/339457\/revisions"}],"wp:featuredmedia":[{"embeddable":true,"href":"https:\/\/medizinonline.com\/fr\/wp-json\/wp\/v2\/media\/68881"}],"wp:attachment":[{"href":"https:\/\/medizinonline.com\/fr\/wp-json\/wp\/v2\/media?parent=339457"}],"wp:term":[{"taxonomy":"category","embeddable":true,"href":"https:\/\/medizinonline.com\/fr\/wp-json\/wp\/v2\/category?post=339457"},{"taxonomy":"post_tag","embeddable":true,"href":"https:\/\/medizinonline.com\/fr\/wp-json\/wp\/v2\/tags?post=339457"},{"taxonomy":"powerkit_post_featured","embeddable":true,"href":"https:\/\/medizinonline.com\/fr\/wp-json\/wp\/v2\/powerkit_post_featured?post=339457"}],"curies":[{"name":"wp","href":"https:\/\/api.w.org\/{rel}","templated":true}]}}