{"id":340101,"date":"2017-03-16T01:00:00","date_gmt":"2017-03-16T00:00:00","guid":{"rendered":"https:\/\/medizinonline.com\/les-allergies-alimentaires-sont-souvent-perdues-les-allergies-de-contact-demeurent\/"},"modified":"2017-03-16T01:00:00","modified_gmt":"2017-03-16T00:00:00","slug":"les-allergies-alimentaires-sont-souvent-perdues-les-allergies-de-contact-demeurent","status":"publish","type":"post","link":"https:\/\/medizinonline.com\/fr\/les-allergies-alimentaires-sont-souvent-perdues-les-allergies-de-contact-demeurent\/","title":{"rendered":"Les allergies alimentaires sont souvent perdues, les allergies de contact demeurent"},"content":{"rendered":"<p><strong>Les allergies font partie des maladies courantes. La plupart des personnes concern\u00e9es souffrent de rhume des foins, d&#8217;asthme au pollen et d&#8217;allergies de contact. Dans la petite enfance, outre l&#8217;ecz\u00e9ma atopique, les allergies alimentaires, le plus souvent aux \u0153ufs de poule, sont typiques. Les nouveaut\u00e9s en mati\u00e8re d&#8217;allergies alimentaires et d&#8217;allergies de contact ont \u00e9t\u00e9 discut\u00e9es lors de l&#8217;Allergo-Update 2017 \u00e0 Berlin.<\/strong><\/p>\n<p> <!--more--> <\/p>\n<p>Les allergies alimentaires primaires sont g\u00e9n\u00e9ralement des r\u00e9actions typiques imm\u00e9diates, tandis que les allergies alimentaires secondaires sont principalement associ\u00e9es au pollen, a rapport\u00e9 le professeur Dr Kirsten Beyer, p\u00e9diatre et immunologiste \u00e0 la Charit\u00e9 de Berlin. Les allergies aux \u0153ufs de poule sont les plus fr\u00e9quentes chez les jeunes enfants. Dans les pays germanophones, environ un enfant sur 50 est concern\u00e9 au cours de sa premi\u00e8re ann\u00e9e de vie [1]. Souvent, l&#8217;allergie aux \u0153ufs de poule commence d\u00e8s l&#8217;\u00e2ge de 4-6 mois, selon Beyer. Parmi les facteurs de risque de sensibilisation pr\u00e9coce \u00e0 l&#8217;\u0153uf de poule, elle a cit\u00e9 la dermatite atopique &#8211; environ 12% des jeunes enfants atteints de dermatite atopique sont \u00e9galement allergiques \u00e0 l&#8217;\u0153uf de poule &#8211; et l&#8217;accouchement par c\u00e9sarienne ; la proportion est m\u00eame d&#8217;environ un quart dans ce cas [2]. La bonne nouvelle :&nbsp; La moiti\u00e9 des enfants concern\u00e9s \u00e9taient cliniquement tol\u00e9rants en l&#8217;espace d&#8217;un an dans une grande \u00e9tude europ\u00e9enne [1].<\/p>\n<h2 id=\"sensibilisation-croisee-frequente-pollen-de-bouleau-et-de-noix\">Sensibilisation crois\u00e9e fr\u00e9quente : pollen de bouleau et de noix<\/h2>\n<p>Environ un enfant sur quatre souffrant de rhinite allergique pr\u00e9sente \u00e9galement une allergie alimentaire secondaire, suite \u00e0 une sensibilisation crois\u00e9e, par exemple entre le pollen de bouleau et les fruits \u00e0 coque (noisette, amande, cacahu\u00e8te) ou les pommes [3]. Selon Beyer, les allergies alimentaires secondaires se manifestent le plus souvent par des sympt\u00f4mes d&#8217;allergie orale tels qu&#8217;une urticaire de contact de la muqueuse buccale. Les r\u00e9actions respiratoires et cardiovasculaires graves seraient rares et plus typiques d&#8217;une allergie alimentaire primaire. &#8220;Ce n&#8217;est pas toujours de l&#8217;arachide&#8221;, a soulign\u00e9 M. Beyer. Les d\u00e9clencheurs les plus fr\u00e9quents de r\u00e9actions anaphylactiques dans la petite enfance sont l&#8217;\u0153uf de poule et le lait de vache.<\/p>\n<p>Le diagnostic d&#8217;une allergie alimentaire via l&#8217;anamn\u00e8se (\u00e9ventuellement avec un protocole de sympt\u00f4mes et d&#8217;aliments ou un test d&#8217;\u00e9viction) et des tests cutan\u00e9s (par exemple des prick-tests avec des aliments natifs) peut \u00eatre am\u00e9lior\u00e9 par la mesure des IgE sp\u00e9cifiques contre des allerg\u00e8nes individuels, poursuit l&#8217;immunologiste. Il ajoute que la mesure des IgE totales n&#8217;est g\u00e9n\u00e9ralement pas utile. Des tests de provocation orale sont g\u00e9n\u00e9ralement n\u00e9cessaires pour prouver avec certitude une allergie alimentaire. Elles doivent \u00eatre standardis\u00e9es et r\u00e9alis\u00e9es en milieu hospitalier.<\/p>\n<p>L&#8217;abstinence est l&#8217;intervention th\u00e9rapeutique la plus importante selon le guide sur les allergies alimentaires [4]. En outre, dans le cas d&#8217;allergies alimentaires primaires, une immunoth\u00e9rapie sp\u00e9cifique \u00e0 l&#8217;allerg\u00e8ne peut \u00eatre envisag\u00e9e, mais elle n&#8217;est actuellement utilis\u00e9e que dans le cadre d&#8217;\u00e9tudes contr\u00f4l\u00e9es. Les meilleurs r\u00e9sultats ont \u00e9t\u00e9 obtenus jusqu&#8217;\u00e0 pr\u00e9sent avec l&#8217;immunoth\u00e9rapie orale, a indiqu\u00e9 M. Beyer, tandis que l&#8217;immunoth\u00e9rapie \u00e9picutan\u00e9e constitue une alternative pr\u00e9sentant un bon profil de s\u00e9curit\u00e9. L&#8217;immunoth\u00e9rapie par voie sous-cutan\u00e9e ou sublinguale avec des allerg\u00e8nes polliniques ne doit \u00eatre utilis\u00e9e que si des sympt\u00f4mes respiratoires li\u00e9s au pollen sont \u00e9galement pr\u00e9sents.<\/p>\n<p>Les patients souffrant d&#8217;allergies alimentaires s\u00e9v\u00e8res ont \u00e9galement droit \u00e0 des provocations orales afin de documenter le d\u00e9veloppement de la tol\u00e9rance, a d\u00e9clar\u00e9 M. Beyer. &#8220;Un enfant sur 5 souffrant d&#8217;une allergie aux arachides perd son allergie&#8221;, a-t-elle d\u00e9clar\u00e9. Si la provocation, qui correspond \u00e0 un boost, est n\u00e9gative, les aliments concern\u00e9s doivent \u00eatre introduits si possible trois fois par semaine pour maintenir la tol\u00e9rance.<\/p>\n<h2 id=\"environ-un-europeen-sur-quatre-souffre-dune-allergie-de-contact\">Environ un Europ\u00e9en sur quatre souffre d&#8217;une allergie de contact<\/h2>\n<p>Les allergies de contact (type 4 retard\u00e9) sont incomparablement plus fr\u00e9quentes que les allergies alimentaires, leur \u00e9volution est g\u00e9n\u00e9ralement moins dramatique, mais elles peuvent devenir des obstacles importants dans le choix d&#8217;une profession. Environ un quart des Europ\u00e9ens souffrent d&#8217;une allergie de contact, selon une \u00e9tude transversale r\u00e9cente men\u00e9e sur 2400 personnes en Su\u00e8de, aux Pays-Bas, en Italie, au Portugal et en Allemagne (5], a rapport\u00e9 le professeur Christiane Bayerl, dermatologue aux cliniques Helios de Wiesbaden. Les atopiques ne pr\u00e9sentaient pas de risque accru et des diff\u00e9rences r\u00e9gionales significatives n&#8217;ont \u00e9t\u00e9 observ\u00e9es que pour le nickel, qui reste l&#8217;allerg\u00e8ne de contact num\u00e9ro 1, et le thiomersal, un conservateur utilis\u00e9 dans les produits ophtalmiques, les pr\u00e9parations de plasma sanguin et les cosm\u00e9tiques. Dans de nombreux pays, le thiomersal, autrefois pr\u00e9sent dans les vaccins, a \u00e9t\u00e9 retir\u00e9 \u00e0 juste titre de la s\u00e9rie de tests standard, a d\u00e9clar\u00e9 M. Bayerl.<\/p>\n<p>Selon les derniers chiffres publi\u00e9s par l&#8217;Association d&#8217;information des cliniques dermatologiques (IVDK) en Allemagne, en Autriche et en Suisse, le sulfate de nickel arrive en t\u00eate du hit-parade des allerg\u00e8nes de contact en 2015 (16%), suivi du m\u00e9lange de parfums I (8%), du baume du P\u00e9rou (6%) ainsi que de la m\u00e9thylsiothiazolinone (MI) et du MCI, conservateurs utilis\u00e9s dans les produits de soin des plaies et les cosm\u00e9tiques.  <strong>(tableau 1).<\/strong>  Les allergies de contact aux chromates (bichromate de potassium) ont augment\u00e9 (actuellement 4%), a rapport\u00e9 M. Bayerl. Les sulfites (par exemple dans les cosm\u00e9tiques et les photoprotecteurs, mais aussi dans les pr\u00e9parations topiques telles que les antifongiques et les cortico\u00efdes) ne figurent plus dans le top 10 des pays germanophones, mais ils pourraient avoir une importance professionnelle, par exemple pour les photographes, les coiffeurs, les viticulteurs\/brasseurs, les travailleurs de la chimie et les dentistes. En r\u00e8gle g\u00e9n\u00e9rale, la sensibilisation de contact serait de faible intensit\u00e9, \u00e0 l&#8217;exception du syndrome d&#8217;urticaire de contact. Chez les patients souffrant d&#8217;ecz\u00e9ma p\u00e9riorbitaire, il convient donc de tester \u00e9galement une \u00e9ventuelle allergie aux sulfites, a conseill\u00e9 la dermatologue. Si possible, les corticost\u00e9ro\u00efdes et les immunomodulateurs doivent \u00eatre arr\u00eat\u00e9s avant un test \u00e9picutan\u00e9, car ces substances peuvent supprimer la r\u00e9ponse au test.<\/p>\n<p>&nbsp;<\/p>\n<p><img fetchpriority=\"high\" decoding=\"async\" class=\" size-full wp-image-8412\" alt=\"\" src=\"https:\/\/medizinonline.com\/wp-content\/uploads\/2017\/03\/tab1_hp4_s40_0.png\" style=\"height:389px; width:600px\" width=\"1100\" height=\"713\" srcset=\"https:\/\/medizinonline.com\/wp-content\/uploads\/2017\/03\/tab1_hp4_s40_0.png 1100w, https:\/\/medizinonline.com\/wp-content\/uploads\/2017\/03\/tab1_hp4_s40_0-800x519.png 800w, https:\/\/medizinonline.com\/wp-content\/uploads\/2017\/03\/tab1_hp4_s40_0-120x78.png 120w, https:\/\/medizinonline.com\/wp-content\/uploads\/2017\/03\/tab1_hp4_s40_0-90x58.png 90w, https:\/\/medizinonline.com\/wp-content\/uploads\/2017\/03\/tab1_hp4_s40_0-320x207.png 320w, https:\/\/medizinonline.com\/wp-content\/uploads\/2017\/03\/tab1_hp4_s40_0-560x363.png 560w\" sizes=\"(max-width: 1100px) 100vw, 1100px\" \/><\/p>\n<p>&nbsp;<\/p>\n<h2 id=\"pas-rare-eczema-de-contact-du-a-linjection-de-lidocaine\">Pas rare : Ecz\u00e9ma de contact d\u00fb \u00e0 l&#8217;injection de lidoca\u00efne<\/h2>\n<p>L&#8217;ecz\u00e9ma de contact &#8211; dont la pr\u00e9valence au cours de la vie est de 10% chez les enfants et de 8% chez les adultes en Allemagne, selon une enqu\u00eate de l&#8217;Institut Robert Koch [7] &#8211; peut \u00e9galement \u00eatre d\u00e9clench\u00e9 chez les m\u00e9decins par l&#8217;injection d&#8217;anesth\u00e9siques locaux tels que la lidoca\u00efne, en raison de leur profession. Une \u00e9tude europ\u00e9enne \u00e9valuant plus de 400 cas d&#8217;ecz\u00e9ma des mains et des pieds, dont 30% combin\u00e9s, a r\u00e9v\u00e9l\u00e9 des allergies de contact chez plus de la moiti\u00e9 des personnes concern\u00e9es, souvent d&#8217;origine professionnelle.<\/p>\n<p>L&#8217;ecz\u00e9ma de contact peut \u00e9galement se d\u00e9velopper apr\u00e8s une exposition syst\u00e9mique \u00e0 des allerg\u00e8nes, par exemple des m\u00e9dicaments ou des aliments. Bayerl a d\u00e9crit le cas d&#8217;une femme de 56 ans qui, apr\u00e8s avoir consomm\u00e9 des champignons shiitake ou apr\u00e8s un contact avec la peau, a d\u00e9velopp\u00e9 des exanth\u00e8mes prurigineux et des traces de grattage sur la peau. Il s&#8217;est av\u00e9r\u00e9 qu&#8217;il s&#8217;agissait de shiitak\u00e9s cultiv\u00e9s sur une b\u00fbche et import\u00e9s de Chine. Il est possible que des r\u00e9sines aromatiques pr\u00e9sentes dans le bois ou des fongicides aient \u00e9t\u00e9 \u00e0 l&#8217;origine de la dermatite, a sp\u00e9cul\u00e9 M. Bayerl.<\/p>\n<p>Les patients \u00e9voquent souvent des allergies \u00e0 l&#8217;amalgame et \u00e0 la poussi\u00e8re de toner. Chez les patients pr\u00e9sentant des l\u00e9sions lich\u00e9no\u00efdes orales et des obturations \u00e0 l&#8217;amalgame, une allergie de contact \u00e0 l&#8217;amalgame est tout \u00e0 fait possible, a rapport\u00e9 M. Bayerl. Dans une \u00e9tude de cohorte prospective portant sur 53 patients pr\u00e9sentant des l\u00e9sions lich\u00e9no\u00efdes orales, une allergie de contact aux amalgames a \u00e9t\u00e9 mise en \u00e9vidence chez 59% d&#8217;entre eux. Les obturations ont \u00e9t\u00e9 retir\u00e9es chez 10 patients et les l\u00e9sions de la cavit\u00e9 buccale se sont am\u00e9lior\u00e9es chez tous, avec une gu\u00e9rison compl\u00e8te chez trois d&#8217;entre eux [9].<\/p>\n<p>Le professeur Dennis Nowak de l&#8217;h\u00f4pital universitaire de Munich, sp\u00e9cialiste de la m\u00e9decine du travail, a d\u00e9clar\u00e9 qu&#8217;il n&#8217;y avait aucune preuve d&#8217;un effet nocif de la poussi\u00e8re de toner. Le lien entre la poussi\u00e8re de toner et la dermatite de contact est tout aussi improbable. Selon M. Bayerl, une demande similaire d&#8217;un employ\u00e9 du fisc en Allemagne en tant qu&#8217;accident de service a \u00e9t\u00e9 rejet\u00e9e par le tribunal administratif sup\u00e9rieur de M\u00fcnster.<\/p>\n<p>&nbsp;<\/p>\n<p>Litt\u00e9rature :<\/p>\n<ol>\n<li>Xepapadaki P, et al : Allergy 2016 ; 71(3) : 350-357.<\/li>\n<li>Bellach J, et al : J Allergy Clin Immunol 2016, epub August 12.<\/li>\n<li>Mastrorilli C, et al : Allergy 2016 ; 71 : 1181-1191.<\/li>\n<li>Worm M, et al : Allergo J Int 2015 ; 24 : 257.<\/li>\n<li>Diepgen TL, et al : Br J Dermatol 2016 ; 174 : 319-329.<\/li>\n<li>Informationsverbund Dermatologischer Kliniken (IVDK) en Allemagne, en Autriche et en Suisse, www.ivdk.org\/en.<\/li>\n<li>Bergmann KH, et al : Allergo J Int 2016 ; 25 : 22-26.<\/li>\n<li>Agner T, et al : JEADV 2016 ; doi : 10.1111\/jdv.14016.<\/li>\n<li>Thanyavuthi A, et al : Dermatite 2016 ; 27 : 215-221.<\/li>\n<\/ol>\n<p>&nbsp;<\/p>\n<p><em>PRATIQUE DU M\u00c9DECIN DE FAMILLE 2017 ; 12(3) : 38-40<\/em><br \/>\n<em>DERMATOLOGIE PRATIQUE 2017 ; 27(2) : 35-36<\/em><\/p>\n","protected":false},"excerpt":{"rendered":"<p>Les allergies font partie des maladies courantes. La plupart des personnes concern\u00e9es souffrent de rhume des foins, d&#8217;asthme au pollen et d&#8217;allergies de contact. Dans la petite enfance, outre l&#8217;ecz\u00e9ma&hellip;<\/p>\n","protected":false},"author":7,"featured_media":64878,"comment_status":"closed","ping_status":"","sticky":false,"template":"","format":"standard","meta":{"_acf_changed":false,"pmpro_default_level":"","cat_1_feature_home_top":false,"cat_2_editor_pick":false,"csco_eyebrow_text":"Allergo-Update 2017, Berlin","footnotes":""},"category":[11349,11362,11315,11535,11549],"tags":[32956,12338,39207,13131,13569,39203,13461,13979],"powerkit_post_featured":[],"class_list":["post-340101","post","type-post","status-publish","format-standard","has-post-thumbnail","category-allergologie-et-immunologie-clinique","category-dermatologie-et-venerologie","category-medecine-interne-generale","category-rapports-de-congres","category-rx-fr","tag-allergie-de-contact","tag-asthme","tag-asthme-pollinique","tag-dermatite-atopique-fr-2","tag-eczema-fr","tag-nickel-fr","tag-rhume-des-foins","tag-urticaire","pmpro-has-access"],"acf":[],"publishpress_future_action":{"enabled":false,"date":"2026-05-02 07:28:38","action":"change-status","newStatus":"draft","terms":[],"taxonomy":"category","extraData":[]},"publishpress_future_workflow_manual_trigger":{"enabledWorkflows":[]},"wpml_current_locale":"fr_FR","wpml_translations":{"it_IT":{"locale":"it_IT","id":340115,"slug":"le-allergie-alimentari-spesso-si-perdono-quelle-da-contatto-rimangono","post_title":"Le allergie alimentari spesso si perdono, quelle da contatto rimangono.","href":"https:\/\/medizinonline.com\/it\/le-allergie-alimentari-spesso-si-perdono-quelle-da-contatto-rimangono\/"},"pt_PT":{"locale":"pt_PT","id":340123,"slug":"as-alergias-alimentares-sao-frequentemente-perdidas-as-alergias-de-contacto-permanecem","post_title":"As alergias alimentares s\u00e3o frequentemente perdidas, as alergias de contacto permanecem","href":"https:\/\/medizinonline.com\/pt-pt\/as-alergias-alimentares-sao-frequentemente-perdidas-as-alergias-de-contacto-permanecem\/"},"es_ES":{"locale":"es_ES","id":340130,"slug":"las-alergias-alimentarias-suelen-perderse-las-alergias-de-contacto-permanecen","post_title":"Las alergias alimentarias suelen perderse, las alergias de contacto permanecen","href":"https:\/\/medizinonline.com\/es\/las-alergias-alimentarias-suelen-perderse-las-alergias-de-contacto-permanecen\/"}},"_links":{"self":[{"href":"https:\/\/medizinonline.com\/fr\/wp-json\/wp\/v2\/posts\/340101","targetHints":{"allow":["GET"]}}],"collection":[{"href":"https:\/\/medizinonline.com\/fr\/wp-json\/wp\/v2\/posts"}],"about":[{"href":"https:\/\/medizinonline.com\/fr\/wp-json\/wp\/v2\/types\/post"}],"author":[{"embeddable":true,"href":"https:\/\/medizinonline.com\/fr\/wp-json\/wp\/v2\/users\/7"}],"replies":[{"embeddable":true,"href":"https:\/\/medizinonline.com\/fr\/wp-json\/wp\/v2\/comments?post=340101"}],"version-history":[{"count":0,"href":"https:\/\/medizinonline.com\/fr\/wp-json\/wp\/v2\/posts\/340101\/revisions"}],"wp:featuredmedia":[{"embeddable":true,"href":"https:\/\/medizinonline.com\/fr\/wp-json\/wp\/v2\/media\/64878"}],"wp:attachment":[{"href":"https:\/\/medizinonline.com\/fr\/wp-json\/wp\/v2\/media?parent=340101"}],"wp:term":[{"taxonomy":"category","embeddable":true,"href":"https:\/\/medizinonline.com\/fr\/wp-json\/wp\/v2\/category?post=340101"},{"taxonomy":"post_tag","embeddable":true,"href":"https:\/\/medizinonline.com\/fr\/wp-json\/wp\/v2\/tags?post=340101"},{"taxonomy":"powerkit_post_featured","embeddable":true,"href":"https:\/\/medizinonline.com\/fr\/wp-json\/wp\/v2\/powerkit_post_featured?post=340101"}],"curies":[{"name":"wp","href":"https:\/\/api.w.org\/{rel}","templated":true}]}}