{"id":340288,"date":"2017-02-09T01:00:00","date_gmt":"2017-02-09T00:00:00","guid":{"rendered":"https:\/\/medizinonline.com\/le-concept-du-trou-de-serrure-dans-la-neurochirurgie-mini-invasive\/"},"modified":"2017-02-09T01:00:00","modified_gmt":"2017-02-09T00:00:00","slug":"le-concept-du-trou-de-serrure-dans-la-neurochirurgie-mini-invasive","status":"publish","type":"post","link":"https:\/\/medizinonline.com\/fr\/le-concept-du-trou-de-serrure-dans-la-neurochirurgie-mini-invasive\/","title":{"rendered":"Le concept du trou de serrure dans la neurochirurgie mini-invasive"},"content":{"rendered":"<p><strong><em>Rapport de cas :<\/em> Le patient, \u00e2g\u00e9 de 56 ans, souffrait de maux de t\u00eate et de naus\u00e9es depuis trois mois, ainsi que d&#8217;un ralentissement psychomoteur croissant. Cliniquement, il pr\u00e9sentait une faiblesse de la branche buccale du nerf facial gauche, une h\u00e9mipar\u00e9sie l\u00e9g\u00e8re \u00e0 gauche accentu\u00e9e par les bras et une n\u00e9gligence vers la gauche. Un singultus a \u00e9t\u00e9 consid\u00e9r\u00e9 comme un signe d&#8217;augmentation de la pression intracr\u00e2nienne. Le m\u00e9decin g\u00e9n\u00e9raliste a initi\u00e9 un examen d&#8217;imagerie qui a r\u00e9v\u00e9l\u00e9 une volumineuse masse temporale droite.  <\/strong><\/p>\n<p> <!--more--> <\/p>\n<p><strong>Diagnostic par IRM : <\/strong>il s&#8217;agit d&#8217;une masse inhomog\u00e8ne de 60\u00d745\u00d740&nbsp;mm avec des parties solides et kystiques qui prennent le contraste en p\u00e9riph\u00e9rie. En outre, un \u0153d\u00e8me p\u00e9rifocal important est mis en \u00e9vidence. En fonction du d\u00e9placement de la ligne centrale de 12&nbsp;mm, la trajectoire de la pyramide est fortement d\u00e9cal\u00e9e vers la gauche. La tumeur atteint le thalamus et le m\u00e9senc\u00e9phale, qui sont \u00e9galement comprim\u00e9s et d\u00e9plac\u00e9s. La spectroscopie 1H et la perfusion RM sont en faveur de la pr\u00e9sence d&#8217;un gliome malin <strong>(Fig.&nbsp;1-3).<\/strong><\/p>\n<p>&nbsp;<\/p>\n<p><img fetchpriority=\"high\" decoding=\"async\" class=\" size-full wp-image-8254\" alt=\"\" src=\"https:\/\/medizinonline.com\/wp-content\/uploads\/2017\/02\/abb1_np1_s30.jpg\" style=\"height:366px; width:800px\" width=\"1100\" height=\"503\"><\/p>\n<p><img decoding=\"async\" class=\"size-full wp-image-8255 lazyload\" alt=\"\" data-src=\"https:\/\/medizinonline.com\/wp-content\/uploads\/2017\/02\/abb2_np1_s30.jpg\" style=\"--smush-placeholder-width: 1100px; --smush-placeholder-aspect-ratio: 1100\/724;height:527px; width:800px\" width=\"1100\" height=\"724\" src=\"data:image\/svg+xml;base64,PHN2ZyB3aWR0aD0iMSIgaGVpZ2h0PSIxIiB4bWxucz0iaHR0cDovL3d3dy53My5vcmcvMjAwMC9zdmciPjwvc3ZnPg==\"><\/p>\n<p><img decoding=\"async\" class=\"size-full wp-image-8256 lazyload\" alt=\"\" data-src=\"https:\/\/medizinonline.com\/wp-content\/uploads\/2017\/02\/abb3_np1_s30.jpg\" style=\"--smush-placeholder-width: 1100px; --smush-placeholder-aspect-ratio: 1100\/555;height:404px; width:800px\" width=\"1100\" height=\"555\" src=\"data:image\/svg+xml;base64,PHN2ZyB3aWR0aD0iMSIgaGVpZ2h0PSIxIiB4bWxucz0iaHR0cDovL3d3dy53My5vcmcvMjAwMC9zdmciPjwvc3ZnPg==\"><\/p>\n<p>&nbsp;<\/p>\n<p><strong>Op\u00e9ration :<\/strong> un traitement anti-\u0153d\u00e9mateux par dexam\u00e9thasone 16&nbsp;mg\/j a \u00e9t\u00e9 initi\u00e9 lors de l&#8217;hospitalisation. Le patient est plac\u00e9 sur le dos, la t\u00eate est fix\u00e9e en rotation vers la gauche et une IRM perop\u00e9ratoire est r\u00e9alis\u00e9e <strong>(Fig.&nbsp;4) <\/strong>.  <\/p>\n<p>&nbsp;<\/p>\n<p><img decoding=\"async\" class=\"size-full wp-image-8257 lazyload\" alt=\"\" data-src=\"https:\/\/medizinonline.com\/wp-content\/uploads\/2017\/02\/abb4-np1_s31.jpg\" style=\"--smush-placeholder-width: 861px; --smush-placeholder-aspect-ratio: 861\/985;height:458px; width:400px\" width=\"861\" height=\"985\" src=\"data:image\/svg+xml;base64,PHN2ZyB3aWR0aD0iMSIgaGVpZ2h0PSIxIiB4bWxucz0iaHR0cDovL3d3dy53My5vcmcvMjAwMC9zdmciPjwvc3ZnPg==\"><\/p>\n<p>&nbsp;<\/p>\n<p>Un neuromonitoring perop\u00e9ratoire multimodal avec SEP, EEG et stimulation motrice transcorticale est mis en place afin de surveiller les voies descendantes et ascendantes. Une petite craniotomie temporobasale de 2\u00d72&nbsp;cm est d\u00e9lib\u00e9r\u00e9ment pratiqu\u00e9e afin d&#8217;\u00e9viter une hernie du tissu c\u00e9r\u00e9bral par l&#8217;ouverture du cr\u00e2ne. Une pr\u00e9paration transcorticale en direction de la tumeur est alors effectu\u00e9e \u00e0 l&#8217;aide du microscope op\u00e9ratoire. Apr\u00e8s avoir d\u00e9charg\u00e9 plusieurs kystes tumoraux, il est possible de gagner suffisamment d&#8217;espace pour identifier la limite entre la tumeur et le tissu c\u00e9r\u00e9bral sain et proc\u00e9der \u00e0 la r\u00e9section le long de cette limite. Les zones de la cavit\u00e9 de r\u00e9section non visibles au microscope ne sont pas repr\u00e9sent\u00e9es par r\u00e9traction du tissu c\u00e9r\u00e9bral sain, mais inspect\u00e9es \u00e0 l&#8217;aide de l&#8217;endoscope et le tissu pathologique est retir\u00e9 sous contr\u00f4le endoscopique. Une IRM perop\u00e9ratoire renforc\u00e9e par produit de contraste montre \u00e0 la fin de l&#8217;op\u00e9ration la r\u00e9section compl\u00e8te de toutes les parties de la tumeur qui prennent le contraste<strong> (Fig.&nbsp;5).<\/strong><\/p>\n<p>&nbsp;<\/p>\n<p><img decoding=\"async\" class=\"size-full wp-image-8258 lazyload\" alt=\"\" data-src=\"https:\/\/medizinonline.com\/wp-content\/uploads\/2017\/02\/abb5_np1_s31.jpg\" style=\"--smush-placeholder-width: 1100px; --smush-placeholder-aspect-ratio: 1100\/539;height:392px; width:800px\" width=\"1100\" height=\"539\" src=\"data:image\/svg+xml;base64,PHN2ZyB3aWR0aD0iMSIgaGVpZ2h0PSIxIiB4bWxucz0iaHR0cDovL3d3dy53My5vcmcvMjAwMC9zdmciPjwvc3ZnPg==\"><\/p>\n<p>&nbsp;<\/p>\n<p><strong>\u00c9volution postop\u00e9ratoire :<\/strong> Le patient a pu \u00eatre extub\u00e9 sans probl\u00e8me et n&#8217;a pas pr\u00e9sent\u00e9 de nouveaux d\u00e9ficits neurologiques focaux. Par la suite, le ralentissement psychomoteur et l&#8217;h\u00e9mipar\u00e9sie se sont consid\u00e9rablement am\u00e9lior\u00e9s. Le traitement neuropathologique a r\u00e9v\u00e9l\u00e9 un glioblastome WHO IV\u00b0. Le patient a pu rentrer chez lui apr\u00e8s quatre jours et re\u00e7oit une radiochimioth\u00e9rapie combin\u00e9e avec Temodal en ambulatoire <strong>(fig.&nbsp;6).<\/strong><\/p>\n<p>&nbsp;<\/p>\n<p><img decoding=\"async\" class=\"size-full wp-image-8259 lazyload\" alt=\"\" data-src=\"https:\/\/medizinonline.com\/wp-content\/uploads\/2017\/02\/abb6_np1_s31.jpg\" style=\"--smush-placeholder-width: 1100px; --smush-placeholder-aspect-ratio: 1100\/513;height:373px; width:800px\" width=\"1100\" height=\"513\" src=\"data:image\/svg+xml;base64,PHN2ZyB3aWR0aD0iMSIgaGVpZ2h0PSIxIiB4bWxucz0iaHR0cDovL3d3dy53My5vcmcvMjAwMC9zdmciPjwvc3ZnPg==\"><\/p>\n<p>&nbsp;<\/p>\n<p><strong>Conclusion : <\/strong>les grosses l\u00e9sions spatiales sont souvent r\u00e9s\u00e9qu\u00e9es par des craniotomies \u00e9tendues, avec les l\u00e9sions des tissus sains que cela implique. Les tumeurs profondes sont toutefois pr\u00e9destin\u00e9es \u00e0 une approche chirurgicale mini-invasive <strong>(Fig.&nbsp;7) <\/strong>.  <\/p>\n<p>&nbsp;<\/p>\n<p><img decoding=\"async\" class=\"size-full wp-image-8260 lazyload\" alt=\"\" data-src=\"https:\/\/medizinonline.com\/wp-content\/uploads\/2017\/02\/abb7_np1_s31.jpg\" style=\"--smush-placeholder-width: 1100px; --smush-placeholder-aspect-ratio: 1100\/544;height:396px; width:800px\" width=\"1100\" height=\"544\" src=\"data:image\/svg+xml;base64,PHN2ZyB3aWR0aD0iMSIgaGVpZ2h0PSIxIiB4bWxucz0iaHR0cDovL3d3dy53My5vcmcvMjAwMC9zdmciPjwvc3ZnPg==\"><\/p>\n<p>&nbsp;<\/p>\n<p>L&#8217;utilisation syst\u00e9matique de la neuronavigation, de l&#8217;endoscopie perop\u00e9ratoire, du monitoring neurophysiologique et de l&#8217;IRM perop\u00e9ratoire permet une radicalit\u00e9 chirurgicale maximale tout en minimisant le traumatisme op\u00e9ratoire gr\u00e2ce \u00e0 une petite craniotomie en forme de trou de serrure. Ainsi, le tissu c\u00e9r\u00e9bral fonctionnellement intact dans la zone d&#8217;acc\u00e8s et autour de la l\u00e9sion est pr\u00e9serv\u00e9 et n&#8217;est pas affect\u00e9.<\/p>\n<p>&nbsp;<\/p>\n<p><em>InFo NEUROLOGIE &amp; PSYCHIATRIE 2017 ; 15(1) : 30-31<\/em><\/p>\n","protected":false},"excerpt":{"rendered":"<p>Rapport de cas : Le patient, \u00e2g\u00e9 de 56 ans, souffrait de maux de t\u00eate et de naus\u00e9es depuis trois mois, ainsi que d&#8217;un ralentissement psychomoteur croissant. Cliniquement, il pr\u00e9sentait&hellip;<\/p>\n","protected":false},"author":7,"featured_media":63690,"comment_status":"closed","ping_status":"","sticky":false,"template":"","format":"standard","meta":{"_acf_changed":false,"pmpro_default_level":"","cat_1_feature_home_top":false,"cat_2_editor_pick":false,"csco_eyebrow_text":"Grosse tumeur - grande entr\u00e9e ?  ","footnotes":""},"category":[11541,11399,11383,11549],"tags":[12694,27551,38867,39592],"powerkit_post_featured":[],"class_list":["post-340288","post","type-post","status-publish","format-standard","has-post-thumbnail","category-cases-fr","category-chirurgie-fr","category-neurologie-fr","category-rx-fr","tag-glioblastome-fr","tag-irm-fr","tag-neglect-fr","tag-singultus-fr","pmpro-has-access"],"acf":[],"publishpress_future_action":{"enabled":false,"date":"2026-05-06 18:22:59","action":"change-status","newStatus":"draft","terms":[],"taxonomy":"category","extraData":[]},"publishpress_future_workflow_manual_trigger":{"enabledWorkflows":[]},"wpml_current_locale":"fr_FR","wpml_translations":{"it_IT":{"locale":"it_IT","id":340296,"slug":"il-concetto-di-keyhole-nella-neurochirurgia-minimamente-invasiva","post_title":"Il concetto di keyhole nella neurochirurgia minimamente invasiva","href":"https:\/\/medizinonline.com\/it\/il-concetto-di-keyhole-nella-neurochirurgia-minimamente-invasiva\/"},"pt_PT":{"locale":"pt_PT","id":340304,"slug":"o-conceito-de-buraco-de-fechadura-em-neurocirurgia-minimamente-invasiva","post_title":"O conceito de buraco de fechadura em neurocirurgia minimamente invasiva","href":"https:\/\/medizinonline.com\/pt-pt\/o-conceito-de-buraco-de-fechadura-em-neurocirurgia-minimamente-invasiva\/"},"es_ES":{"locale":"es_ES","id":340310,"slug":"el-concepto-de-ojo-de-cerradura-en-neurocirugia-minimamente-invasiva","post_title":"El concepto de ojo de cerradura en neurocirug\u00eda m\u00ednimamente invasiva","href":"https:\/\/medizinonline.com\/es\/el-concepto-de-ojo-de-cerradura-en-neurocirugia-minimamente-invasiva\/"}},"_links":{"self":[{"href":"https:\/\/medizinonline.com\/fr\/wp-json\/wp\/v2\/posts\/340288","targetHints":{"allow":["GET"]}}],"collection":[{"href":"https:\/\/medizinonline.com\/fr\/wp-json\/wp\/v2\/posts"}],"about":[{"href":"https:\/\/medizinonline.com\/fr\/wp-json\/wp\/v2\/types\/post"}],"author":[{"embeddable":true,"href":"https:\/\/medizinonline.com\/fr\/wp-json\/wp\/v2\/users\/7"}],"replies":[{"embeddable":true,"href":"https:\/\/medizinonline.com\/fr\/wp-json\/wp\/v2\/comments?post=340288"}],"version-history":[{"count":0,"href":"https:\/\/medizinonline.com\/fr\/wp-json\/wp\/v2\/posts\/340288\/revisions"}],"wp:featuredmedia":[{"embeddable":true,"href":"https:\/\/medizinonline.com\/fr\/wp-json\/wp\/v2\/media\/63690"}],"wp:attachment":[{"href":"https:\/\/medizinonline.com\/fr\/wp-json\/wp\/v2\/media?parent=340288"}],"wp:term":[{"taxonomy":"category","embeddable":true,"href":"https:\/\/medizinonline.com\/fr\/wp-json\/wp\/v2\/category?post=340288"},{"taxonomy":"post_tag","embeddable":true,"href":"https:\/\/medizinonline.com\/fr\/wp-json\/wp\/v2\/tags?post=340288"},{"taxonomy":"powerkit_post_featured","embeddable":true,"href":"https:\/\/medizinonline.com\/fr\/wp-json\/wp\/v2\/powerkit_post_featured?post=340288"}],"curies":[{"name":"wp","href":"https:\/\/api.w.org\/{rel}","templated":true}]}}