{"id":341086,"date":"2016-07-23T02:00:00","date_gmt":"2016-07-23T00:00:00","guid":{"rendered":"https:\/\/medizinonline.com\/morsure-de-cigogne-et-touffe-de-cheveux-a-larriere-de-la-tete-dun-nourrisson\/"},"modified":"2016-07-23T02:00:00","modified_gmt":"2016-07-23T00:00:00","slug":"morsure-de-cigogne-et-touffe-de-cheveux-a-larriere-de-la-tete-dun-nourrisson","status":"publish","type":"post","link":"https:\/\/medizinonline.com\/fr\/morsure-de-cigogne-et-touffe-de-cheveux-a-larriere-de-la-tete-dun-nourrisson\/","title":{"rendered":"Morsure de cigogne et touffe de cheveux \u00e0 l&#8217;arri\u00e8re de la t\u00eate d&#8217;un nourrisson"},"content":{"rendered":"<p><strong><em>Rapport de cas : <\/em>Une fillette de six mois est adress\u00e9e pour une l\u00e9sion cutan\u00e9e cicatricielle circonscrite \u00e0 l&#8217;arri\u00e8re de la t\u00eate, pr\u00e9sente depuis la naissance. De plus, les parents signalent une rougeur circulaire persistante dans cette zone. L&#8217;anamn\u00e8se de la grossesse \u00e9tait sans particularit\u00e9 et l&#8217;enfant est n\u00e9 par c\u00e9sarienne \u00e0 la date pr\u00e9vue.<\/strong><\/p>\n<p> <!--more--> <\/p>\n<p><strong>Tableau clinique : <\/strong>sur le capillitium occipital, dans la zone de la ligne m\u00e9diane, on observe une tache \u00e9ryth\u00e9mateuse p\u00e2le, solitaire, bien d\u00e9limit\u00e9e, de forme ovale et de 5 mm de diam\u00e8tre. macula atrophique, sans poils, correspondant aspectuellement \u00e0 une fine membrane parchemin\u00e9e. La zone bien d\u00e9limit\u00e9e est entour\u00e9e d&#8217;une couronne \u00e9troite de poils sombres et denses <strong>(Fig. 1).<\/strong> L&#8217;enfant est par ailleurs en bonne sant\u00e9 et se d\u00e9veloppe bien.<\/p>\n<h2 id=\"quiz\">Quiz<\/h2>\n<p>Sur la base de ces informations, quel est le diagnostic le plus probable ?<br \/>\n<strong>A <\/strong>Cicatrice apr\u00e8s un traumatisme \u00e0 la naissance<br \/>\n<strong>B Aplasie <\/strong>cutis cong\u00e9nitale<br \/>\n<strong>C <\/strong>Naevus \u00e0 poils laineux<br \/>\n<strong>D<\/strong> Naevus psiloliparus<\/p>\n<p><img fetchpriority=\"high\" decoding=\"async\" class=\" size-full wp-image-7345\" alt=\"\" src=\"https:\/\/medizinonline.com\/wp-content\/uploads\/2016\/07\/abb1_dp3_s25.jpg\" style=\"height:754px; width:800px\" width=\"1100\" height=\"1037\"><\/p>\n<p>\n<strong>Bonne r\u00e9ponse et diagnostic : <\/strong>La bonne r\u00e9ponse est B. Il s&#8217;agit d&#8217;une aplasie cutis cong\u00e9nitale (ACC) avec ce que l&#8217;on appelle un &#8220;hair collar sign&#8221;.<\/p>\n<p><strong>Discussion :<\/strong> La pr\u00e9sentation dans le cas pr\u00e9sent correspond \u00e0 un ACC membraneux de type 1 selon Frieden [1]. (&#8220;Scalp ACC without multiple anomalies&#8221;), qui est le plus fr\u00e9quent et est souvent entour\u00e9 d&#8217;un \u00e9troit ourlet de cheveux \u00e9pais et sombres (appel\u00e9 &#8220;hair collar sign&#8221;). Il est int\u00e9ressant de noter qu&#8217;une malformation capillaire de type nevus simplex (morsure de cigogne) est g\u00e9n\u00e9ralement observ\u00e9e en p\u00e9rifocal au m\u00eame endroit, comme on peut le voir clairement sur les images.<\/p>\n<p>L&#8217;ACC est un d\u00e9faut cutan\u00e9 g\u00e9n\u00e9ralement circonscrit, acquis intra-ut\u00e9rin, caract\u00e9ris\u00e9 par l&#8217;absence d&#8217;apposition de l&#8217;\u00e9piderme et du derme, rarement de couches plus profondes, y compris l&#8217;os, la dure-m\u00e8re et les m\u00e9ninges [1,2]. Les causes \u00e9voqu\u00e9es sont des facteurs g\u00e9n\u00e9tiques, des traumatismes intra-ut\u00e9rins, des infections, des d\u00e9fauts amniotiques et des m\u00e9dicaments t\u00e9ratog\u00e8nes [1,3]. En s&#8217;appuyant sur la classification de Frieden [1], on distingue neuf formes diff\u00e9rentes d&#8217;ACC. Dans environ 80% des cas, l&#8217;ACC est localis\u00e9e au niveau du cuir chevelu. Le diagnostic de l&#8217;ACC est avant tout clinique. L&#8217;ACC est rarement associ\u00e9e \u00e0 des maladies syndromiques (notamment le syndrome d&#8217;Adams Oliver et le syndrome de Goltz-Gorlin), des dysplasies ectodermiques, des nevus \u00e9pidermiques et organo\u00efdes, des dysraphies cr\u00e2niennes, le f\u0153tus papyrac\u00e9, l&#8217;\u00e9pidermolyse bulleuse [1]. La plupart du temps, il s&#8217;agit d&#8217;une maladie sporadique, rarement d&#8217;une maladie autosomique dominante. L&#8217;aspect clinique de l&#8217;ACC est variable en fonction du sous-type. Dans le cas de l&#8217;ACC membraneuse isol\u00e9e de type I, les d\u00e9fauts de la peau sont g\u00e9n\u00e9ralement de taille maximale. 1-2 cm de diam\u00e8tre [4]. Apr\u00e8s la r\u00e9\u00e9pith\u00e9lialisation, qui peut avoir lieu in utero, on observe une cicatrice atrophique, terne et sans poils ; il arrive que plusieurs sites ACC soient adjacents. A la naissance, on observe des zones bien d\u00e9limit\u00e9es, \u00e9rosives ou ulc\u00e9r\u00e9es, ou un d\u00e9faut cutan\u00e9 circonscrit, sans poils, rouge comme du velours, recouvert d&#8217;une fine membrane parchemin\u00e9e (ACC membraneux) <strong>(Fig.&nbsp;2)<\/strong> [1,3]. L&#8217;ACC membraneuse, g\u00e9n\u00e9ralement localis\u00e9e dans la r\u00e9gion du vertex au voisinage de la vert\u00e8bre capillaire pari\u00e9tale, est la manifestation la plus fr\u00e9quente. Le &#8220;hair collar sign&#8221; <strong>(Fig.&nbsp;2)<\/strong> est consid\u00e9r\u00e9 par certains auteurs comme un marqueur relativement sp\u00e9cifique de la dysraphie du SNC iS. d&#8217;une enc\u00e9phaloc\u00e8le (rudimentaire) sous-jacente. Cependant, de nombreux petits ACC membranaires isol\u00e9s s&#8217;accompagnent d&#8217;un &#8220;hair collar sign&#8221; sans qu&#8217;il soit possible de d\u00e9celer des d\u00e9fauts sous-jacents du SNC. Le risque d&#8217;une telle malformation, et donc l&#8217;indication d&#8217;une imagerie sp\u00e9cifique (\u00e9chographie chez le tr\u00e8s jeune nourrisson et imagerie par r\u00e9sonance magn\u00e9tique), est particuli\u00e8rement pr\u00e9sent dans les situations suivantes :<\/p>\n<ul>\n<li>d\u00e9faut important, profond, irr\u00e9gulier (\u00e9ventuellement avec cro\u00fbtes, tissu de granulation, typiquement au vertex)<\/li>\n<li>d\u00e9faut osseux palpable<\/li>\n<li>en cas de <em>hair collar sign tr\u00e8s visible<\/em> et de localisation au milieu de l&#8217;occiput inf\u00e9rieur et en haut de l&#8217;occipital <strong>(fig. 2)<\/strong> ainsi qu&#8217;au-dessus de la colonne vert\u00e9brale<br \/>\n\t&nbsp;<\/li>\n<\/ul>\n<p><img decoding=\"async\" class=\"size-full wp-image-7346 lazyload\" alt=\"\" data-src=\"https:\/\/medizinonline.com\/wp-content\/uploads\/2016\/07\/abb2_dp3_s26.jpg\" style=\"--smush-placeholder-width: 851px; --smush-placeholder-aspect-ratio: 851\/755;height:355px; width:400px\" width=\"851\" height=\"755\" src=\"data:image\/svg+xml;base64,PHN2ZyB3aWR0aD0iMSIgaGVpZ2h0PSIxIiB4bWxucz0iaHR0cDovL3d3dy53My5vcmcvMjAwMC9zdmciPjwvc3ZnPg==\"><\/p>\n<p>\nChez notre patient, nous avons renonc\u00e9 \u00e0 un examen compl\u00e9mentaire d&#8217;imagerie en raison de la pr\u00e9sentation globalement discr\u00e8te et de l&#8217;absence des crit\u00e8res ci-dessus.<\/p>\n<p>Le traitement des petits ACC membraneux n&#8217;est pas obligatoire, mais peut \u00eatre r\u00e9alis\u00e9 au cours de l&#8217;\u00e9volution pour des raisons esth\u00e9tiques et consiste en l&#8217;excision totale de la l\u00e9sion. Pour les d\u00e9fauts plus profonds, une couverture chirurgicale par des greffes de peau est indiqu\u00e9e pour \u00e9viter les complications [2].<\/p>\n<p>&nbsp;<\/p>\n<p>Litt\u00e9rature :<\/p>\n<ol>\n<li>Paix IJ. Aplasia cutis congenita : a clinical review and proposal for classification. J Am Acad Dermatol 1986 ; 14(4) : 646-660.<\/li>\n<li>Maillet-Declerck M, Vinchon M, Guerreschi P et al. Aplasia cutis congenita : review of 29 cas and proposal of a therapeutic strategy. Eur J Pediatr Surg 2013 ; 23(2) : 89-93.<\/li>\n<li>Browning JC. Aplasia cutis congenita : approche de l&#8217;\u00e9valuation et de la prise en charge. Dermatol Ther 2013 ; 26(6) : 439-444.<\/li>\n<li>Mesrati H, Amouri M, Chaaben H, Masmoudi A, Boudaya S, Turki H. Aplasia cutis congenita : report of 22 cas. Int J Dermatol 2015 ; 54(12) : 1370-1375.<\/li>\n<\/ol>\n<p>\n<em>DERMATOLOGIE PRATIQUE 2016 ; 26(3) : 26-27<\/em><\/p>\n","protected":false},"excerpt":{"rendered":"<p>Rapport de cas : Une fillette de six mois est adress\u00e9e pour une l\u00e9sion cutan\u00e9e cicatricielle circonscrite \u00e0 l&#8217;arri\u00e8re de la t\u00eate, pr\u00e9sente depuis la naissance. De plus, les parents&hellip;<\/p>\n","protected":false},"author":7,"featured_media":57249,"comment_status":"closed","ping_status":"","sticky":false,"template":"","format":"standard","meta":{"_acf_changed":false,"pmpro_default_level":"","cat_1_feature_home_top":false,"cat_2_editor_pick":false,"csco_eyebrow_text":"Coin p\u00e9diatrique","footnotes":""},"category":[11541,11362,11458,11549],"tags":[33880,39311,41424],"powerkit_post_featured":[],"class_list":["post-341086","post","type-post","status-publish","format-standard","has-post-thumbnail","category-cases-fr","category-dermatologie-et-venerologie","category-pediatrie","category-rx-fr","tag-acc-fr","tag-naevus-fr","tag-signe-du-collier-de-cheveux","pmpro-has-access"],"acf":[],"publishpress_future_action":{"enabled":false,"date":"2026-05-04 03:20:38","action":"change-status","newStatus":"draft","terms":[],"taxonomy":"category","extraData":[]},"publishpress_future_workflow_manual_trigger":{"enabledWorkflows":[]},"wpml_current_locale":"fr_FR","wpml_translations":{"it_IT":{"locale":"it_IT","id":341092,"slug":"morso-di-cicogna-e-ciuffo-di-capelli-sulla-nuca-in-un-neonato","post_title":"Morso di cicogna e ciuffo di capelli sulla nuca in un neonato","href":"https:\/\/medizinonline.com\/it\/morso-di-cicogna-e-ciuffo-di-capelli-sulla-nuca-in-un-neonato\/"},"pt_PT":{"locale":"pt_PT","id":341104,"slug":"mordida-de-cegonha-e-tufo-de-cabelo-na-parte-de-tras-da-cabeca-num-bebe","post_title":"Mordida de cegonha e tufo de cabelo na parte de tr\u00e1s da cabe\u00e7a num beb\u00e9","href":"https:\/\/medizinonline.com\/pt-pt\/mordida-de-cegonha-e-tufo-de-cabelo-na-parte-de-tras-da-cabeca-num-bebe\/"},"es_ES":{"locale":"es_ES","id":341111,"slug":"mordedura-de-cigueena-y-mechon-de-pelo-en-la-nuca-en-un-lactante","post_title":"Mordedura de cig\u00fce\u00f1a y mech\u00f3n de pelo en la nuca en un lactante","href":"https:\/\/medizinonline.com\/es\/mordedura-de-cigueena-y-mechon-de-pelo-en-la-nuca-en-un-lactante\/"}},"_links":{"self":[{"href":"https:\/\/medizinonline.com\/fr\/wp-json\/wp\/v2\/posts\/341086","targetHints":{"allow":["GET"]}}],"collection":[{"href":"https:\/\/medizinonline.com\/fr\/wp-json\/wp\/v2\/posts"}],"about":[{"href":"https:\/\/medizinonline.com\/fr\/wp-json\/wp\/v2\/types\/post"}],"author":[{"embeddable":true,"href":"https:\/\/medizinonline.com\/fr\/wp-json\/wp\/v2\/users\/7"}],"replies":[{"embeddable":true,"href":"https:\/\/medizinonline.com\/fr\/wp-json\/wp\/v2\/comments?post=341086"}],"version-history":[{"count":0,"href":"https:\/\/medizinonline.com\/fr\/wp-json\/wp\/v2\/posts\/341086\/revisions"}],"wp:featuredmedia":[{"embeddable":true,"href":"https:\/\/medizinonline.com\/fr\/wp-json\/wp\/v2\/media\/57249"}],"wp:attachment":[{"href":"https:\/\/medizinonline.com\/fr\/wp-json\/wp\/v2\/media?parent=341086"}],"wp:term":[{"taxonomy":"category","embeddable":true,"href":"https:\/\/medizinonline.com\/fr\/wp-json\/wp\/v2\/category?post=341086"},{"taxonomy":"post_tag","embeddable":true,"href":"https:\/\/medizinonline.com\/fr\/wp-json\/wp\/v2\/tags?post=341086"},{"taxonomy":"powerkit_post_featured","embeddable":true,"href":"https:\/\/medizinonline.com\/fr\/wp-json\/wp\/v2\/powerkit_post_featured?post=341086"}],"curies":[{"name":"wp","href":"https:\/\/api.w.org\/{rel}","templated":true}]}}