{"id":341649,"date":"2016-04-10T02:00:00","date_gmt":"2016-04-10T00:00:00","guid":{"rendered":"https:\/\/medizinonline.com\/une-maladie-tres-rare-au-pronostic-difficile\/"},"modified":"2016-04-10T02:00:00","modified_gmt":"2016-04-10T00:00:00","slug":"une-maladie-tres-rare-au-pronostic-difficile","status":"publish","type":"post","link":"https:\/\/medizinonline.com\/fr\/une-maladie-tres-rare-au-pronostic-difficile\/","title":{"rendered":"Une maladie tr\u00e8s rare au pronostic difficile"},"content":{"rendered":"<p><strong>Au cours de mes nombreuses ann\u00e9es de travail au sein de la fondation, j&#8217;ai \u00e9t\u00e9 confront\u00e9 \u00e0 de nombreux cas de maladies rares. N\u00e9anmoins, un cas me pr\u00e9occupe particuli\u00e8rement. Il s&#8217;agit d&#8217;un patient ukrainien de 21 ans souffrant de la maladie d&#8217;Ollier.<\/strong><\/p>\n<p> <!--more--> <\/p>\n<p>R\u00e9cemment, notre fondation Orphanhealthcare a re\u00e7u le courrier d&#8217;une femme m\u00e9decin d&#8217;Ukraine. Elle nous y d\u00e9crivait le cas de Danylo*, 21 ans, et nous demandait de trouver des options th\u00e9rapeutiques pour aider le jeune homme et sa famille. Danylo souffre du tr\u00e8s rare syndrome d&#8217;Ollier, une forme d&#8217;enchondromatose au pronostic difficile.<\/p>\n<p><img fetchpriority=\"high\" decoding=\"async\" class=\" size-full wp-image-6920\" alt=\"\" src=\"https:\/\/medizinonline.com\/wp-content\/uploads\/2016\/04\/kasten_s8.png\" style=\"height:332px; width:342px\" width=\"342\" height=\"332\"><\/p>\n<p>Chez Danylo, les d\u00e9formations des phalanges et des m\u00e9tacarpiens sont tr\u00e8s prononc\u00e9es depuis l&#8217;enfance. Les excroissances cartilagineuses des deux mains sont d\u00e9sormais tr\u00e8s pro\u00e9minentes et handicapent fortement le patient dans sa vie quotidienne. Ainsi, certaines phalanges peuvent atteindre 90 mm de circonf\u00e9rence et 122 mm de longueur<strong> (Fig. 1).<\/strong> L&#8217;augmentation de la circonf\u00e9rence des tissus mous a en grande partie remplac\u00e9 le tissu osseux d&#8217;origine des doigts. Ce remaniement tissulaire a \u00e9galement eu lieu au niveau du radius et du cubitus, certains segments de ces deux os \u00e9tant encore reconnaissables. Le scanner r\u00e9v\u00e8le une dysplasie osseuse chondromateuse marqu\u00e9e des deux mains ainsi que des segments distaux des os de l&#8217;avant-bras.<\/p>\n<p><img decoding=\"async\" class=\"size-full wp-image-6921 lazyload\" alt=\"\" data-src=\"https:\/\/medizinonline.com\/wp-content\/uploads\/2016\/04\/abb1_hp3_s8.jpg\" style=\"--smush-placeholder-width: 725px; --smush-placeholder-aspect-ratio: 725\/469;height:388px; width:600px\" width=\"725\" height=\"469\" data-srcset=\"https:\/\/medizinonline.com\/wp-content\/uploads\/2016\/04\/abb1_hp3_s8.jpg 725w, https:\/\/medizinonline.com\/wp-content\/uploads\/2016\/04\/abb1_hp3_s8-120x78.jpg 120w, https:\/\/medizinonline.com\/wp-content\/uploads\/2016\/04\/abb1_hp3_s8-90x58.jpg 90w, https:\/\/medizinonline.com\/wp-content\/uploads\/2016\/04\/abb1_hp3_s8-320x207.jpg 320w, https:\/\/medizinonline.com\/wp-content\/uploads\/2016\/04\/abb1_hp3_s8-560x362.jpg 560w\" data-sizes=\"(max-width: 725px) 100vw, 725px\" src=\"data:image\/svg+xml;base64,PHN2ZyB3aWR0aD0iMSIgaGVpZ2h0PSIxIiB4bWxucz0iaHR0cDovL3d3dy53My5vcmcvMjAwMC9zdmciPjwvc3ZnPg==\" \/><\/p>\n<h2 id=\"previsions\">Pr\u00e9visions<\/h2>\n<p>Il n&#8217;existe pas encore d&#8217;\u00e9tablissements sp\u00e9cialis\u00e9s dans la th\u00e9rapie en Europe. Les l\u00e9sions isol\u00e9es sont trait\u00e9es par curetage. En cas de transition vers un chondrosarcome, celui-ci est trait\u00e9 selon le sch\u00e9ma classique. Le plus souvent, les patients sont adress\u00e9s \u00e0 des services ambulatoires d&#8217;oncologie et de chirurgie en cas de suspicion.<\/p>\n<h2 id=\"reseau\">R\u00e9seau<\/h2>\n<p>Il n&#8217;existe pas encore d&#8217;interlocuteur pour les personnes atteintes et leurs familles (au sens d&#8217;une organisation de patients pour cette maladie) en Europe. C&#8217;est l\u00e0 que nous intervenons en tant que fondation pour les maladies rares. Nous facilitons le transfert de connaissances dans un centre de comp\u00e9tences qui fonctionne gr\u00e2ce au b\u00e9n\u00e9volat. Concr\u00e8tement, nous pr\u00e9parons des informations pour le public professionnel et non professionnel et les diffusons par le biais de m\u00e9dias imprim\u00e9s et en ligne. Le centre lance des projets de recherche au niveau universitaire et promeut la visibilit\u00e9 et la formation continue par des campagnes, des conf\u00e9rences et des lectures de livres. En suivant cette voie, nous parviendrons \u00e0 am\u00e9liorer durablement la qualit\u00e9 de vie de Danylos, mais pas seulement.<\/p>\n<p>Si vous avez v\u00e9cu un cas similaire dans votre pratique, nous vous aidons \u00e0 le pr\u00e9senter (m\u00eame de mani\u00e8re anonyme) \u00e0 un public de professionnels. Cela nous permet de g\u00e9n\u00e9rer des connaissances qui, \u00e0 leur tour, stimulent le d\u00e9veloppement de meilleures th\u00e9rapies.<\/p>\n<p><em>*Nom modifi\u00e9<\/em><\/p>\n<p>&nbsp;<\/p>\n<p><em>PRATIQUE DU M\u00c9DECIN DE FAMILLE 2016 ; 11(3) : 8<\/em><\/p>\n","protected":false},"excerpt":{"rendered":"<p>Au cours de mes nombreuses ann\u00e9es de travail au sein de la fondation, j&#8217;ai \u00e9t\u00e9 confront\u00e9 \u00e0 de nombreux cas de maladies rares. N\u00e9anmoins, un cas me pr\u00e9occupe particuli\u00e8rement. Il&hellip;<\/p>\n","protected":false},"author":7,"featured_media":55583,"comment_status":"closed","ping_status":"","sticky":false,"template":"","format":"standard","meta":{"_acf_changed":false,"pmpro_default_level":"","cat_1_feature_home_top":false,"cat_2_editor_pick":false,"csco_eyebrow_text":"Dyschondroplasie\/maladie d'Ellier  ","footnotes":""},"category":[11523,11458,11505,11549],"tags":[31292,42642,42646],"powerkit_post_featured":[],"class_list":["post-341649","post","type-post","status-publish","format-standard","has-post-thumbnail","category-actualites","category-pediatrie","category-rhumatologie","category-rx-fr","tag-chondrosarcome","tag-dyschondroplasie-fr","tag-ollier-fr","pmpro-has-access"],"acf":[],"publishpress_future_action":{"enabled":false,"date":"2026-05-05 18:52:37","action":"change-status","newStatus":"draft","terms":[],"taxonomy":"category","extraData":[]},"publishpress_future_workflow_manual_trigger":{"enabledWorkflows":[]},"wpml_current_locale":"fr_FR","wpml_translations":{"it_IT":{"locale":"it_IT","id":341657,"slug":"una-malattia-molto-rara-con-una-prognosi-difficile","post_title":"Una malattia molto rara con una prognosi difficile","href":"https:\/\/medizinonline.com\/it\/una-malattia-molto-rara-con-una-prognosi-difficile\/"},"pt_PT":{"locale":"pt_PT","id":341663,"slug":"uma-doenca-muito-rara-com-um-prognostico-dificil","post_title":"Uma doen\u00e7a muito rara com um progn\u00f3stico dif\u00edcil","href":"https:\/\/medizinonline.com\/pt-pt\/uma-doenca-muito-rara-com-um-prognostico-dificil\/"},"es_ES":{"locale":"es_ES","id":341670,"slug":"una-enfermedad-muy-rara-de-dificil-pronostico","post_title":"Una enfermedad muy rara de dif\u00edcil pron\u00f3stico","href":"https:\/\/medizinonline.com\/es\/una-enfermedad-muy-rara-de-dificil-pronostico\/"}},"_links":{"self":[{"href":"https:\/\/medizinonline.com\/fr\/wp-json\/wp\/v2\/posts\/341649","targetHints":{"allow":["GET"]}}],"collection":[{"href":"https:\/\/medizinonline.com\/fr\/wp-json\/wp\/v2\/posts"}],"about":[{"href":"https:\/\/medizinonline.com\/fr\/wp-json\/wp\/v2\/types\/post"}],"author":[{"embeddable":true,"href":"https:\/\/medizinonline.com\/fr\/wp-json\/wp\/v2\/users\/7"}],"replies":[{"embeddable":true,"href":"https:\/\/medizinonline.com\/fr\/wp-json\/wp\/v2\/comments?post=341649"}],"version-history":[{"count":0,"href":"https:\/\/medizinonline.com\/fr\/wp-json\/wp\/v2\/posts\/341649\/revisions"}],"wp:featuredmedia":[{"embeddable":true,"href":"https:\/\/medizinonline.com\/fr\/wp-json\/wp\/v2\/media\/55583"}],"wp:attachment":[{"href":"https:\/\/medizinonline.com\/fr\/wp-json\/wp\/v2\/media?parent=341649"}],"wp:term":[{"taxonomy":"category","embeddable":true,"href":"https:\/\/medizinonline.com\/fr\/wp-json\/wp\/v2\/category?post=341649"},{"taxonomy":"post_tag","embeddable":true,"href":"https:\/\/medizinonline.com\/fr\/wp-json\/wp\/v2\/tags?post=341649"},{"taxonomy":"powerkit_post_featured","embeddable":true,"href":"https:\/\/medizinonline.com\/fr\/wp-json\/wp\/v2\/powerkit_post_featured?post=341649"}],"curies":[{"name":"wp","href":"https:\/\/api.w.org\/{rel}","templated":true}]}}