{"id":341806,"date":"2016-03-08T01:00:00","date_gmt":"2016-03-08T00:00:00","guid":{"rendered":"https:\/\/medizinonline.com\/la-suisse-fait-partie-des-pays-ou-lincidence-est-la-plus-elevee\/"},"modified":"2016-03-08T01:00:00","modified_gmt":"2016-03-08T00:00:00","slug":"la-suisse-fait-partie-des-pays-ou-lincidence-est-la-plus-elevee","status":"publish","type":"post","link":"https:\/\/medizinonline.com\/fr\/la-suisse-fait-partie-des-pays-ou-lincidence-est-la-plus-elevee\/","title":{"rendered":"La Suisse fait partie des pays o\u00f9 l&#8217;incidence est la plus \u00e9lev\u00e9e"},"content":{"rendered":"<p><strong>Le cancer du testicule est de plus en plus fr\u00e9quent dans les pays industrialis\u00e9s. Une \u00e9tude portant sur les tendances aux \u00c9tats-Unis et en Europe conclut que la Suisse, avec la Norv\u00e8ge et le Danemark, fait d\u00e9sormais partie des pays o\u00f9 l&#8217;incidence standardis\u00e9e par \u00e2ge est la plus \u00e9lev\u00e9e. Globalement, le nombre de nouveaux cas augmente de mani\u00e8re significative au niveau international.<\/strong><\/p>\n<p> <!--more--> <\/p>\n<p>Les deux bases de donn\u00e9es SEER-13 et EUREG ont servi de base \u00e0 l&#8217;\u00e9tude. Parmi les hommes am\u00e9ricains \u00e2g\u00e9s d&#8217;au moins 15 ans, les taux d&#8217;incidence des tumeurs germinales du testicule ont montr\u00e9 une nette tendance \u00e0 la hausse au cours des deux derni\u00e8res d\u00e9cennies. Alors que le taux \u00e9tait de 5,7\/100 000 en 1992, il \u00e9tait de 6,8\/100 000 en 2009. Le pourcentage d&#8217;augmentation annuelle \u00e9tait significatif, \u00e0 savoir 1,1%. Les taux de nouveaux cas les plus \u00e9lev\u00e9s ont \u00e9t\u00e9 observ\u00e9s chez les hommes blancs, suivis par les hommes d&#8217;Am\u00e9rique latine. En revanche, les hommes asiatiques et noirs \u00e9taient les moins susceptibles de tomber malades. Cependant, tous les groupes ont montr\u00e9 une augmentation au cours de la p\u00e9riode \u00e9tudi\u00e9e. <strong>Le tableau 1<\/strong> r\u00e9sume les chiffres d&#8217;incidence. Le pourcentage annuel d&#8217;augmentation \u00e9tait de 1,2% (p&lt;0,001) chez les hommes blancs. Cependant, c&#8217;est chez les hommes d&#8217;Am\u00e9rique latine qu&#8217;elle a \u00e9t\u00e9 la plus marqu\u00e9e : Entre 2002 et 2009, l&#8217;incidence a augment\u00e9 de 5,6% par an (p&lt;0,01).<\/p>\n<p><img fetchpriority=\"high\" decoding=\"async\" class=\" size-full wp-image-6830\" alt=\"\" src=\"https:\/\/medizinonline.com\/wp-content\/uploads\/2016\/03\/tab1_oh1_s1.png\" style=\"height:277px; width:800px\" width=\"1100\" height=\"381\"><\/p>\n<p>Parmi toutes les tumeurs \u00e0 cellules germinales enregistr\u00e9es, les s\u00e9minomes repr\u00e9sentaient 29% chez les 15-26 ans. En revanche, chez les plus de 40 ans, 78% des cas \u00e9taient d\u00e9j\u00e0 des s\u00e9minomes.<\/p>\n<h2 id=\"leurope-particulierement-touchee\">L&#8217;Europe particuli\u00e8rement touch\u00e9e<\/h2>\n<p>Dans 15 des 19 pays europ\u00e9ens \u00e9tudi\u00e9s, l&#8217;incidence du cancer du testicule a augment\u00e9 de mani\u00e8re significative (p&lt;0,05). La Suisse est l&#8217;un des pays les plus touch\u00e9s : Dans ce pays, le taux standardis\u00e9 par \u00e2ge des nouveaux cas est de 12,7\/100 000. La Suisse n&#8217;est d\u00e9pass\u00e9e que par le Danemark, avec un taux d&#8217;incidence de 13,4\/100 000. La Norv\u00e8ge a \u00e9galement un taux de 12,7\/100 000. Le pourcentage annuel d&#8217;augmentation \u00e9tait le plus \u00e9lev\u00e9 en Espagne, \u00e0 savoir 5,5% (IC \u00e0 95% : 3,9-7,0% ; p&lt;0,001).<\/p>\n<p>\n<em>Source : Nigam M, et al. : Increasing incidence of testicular cancer in the United States and Europe between 1992 and 2009. World Journal of Urology May 2015 ; 33(5) : 623-631.<\/em><\/p>\n<p>&nbsp;<\/p>\n<p><em>InFo ONKOLOGIE &amp; H\u00c4MATOLOGIE 2016 ; 4(1) : 1<\/em><\/p>\n","protected":false},"excerpt":{"rendered":"<p>Le cancer du testicule est de plus en plus fr\u00e9quent dans les pays industrialis\u00e9s. Une \u00e9tude portant sur les tendances aux \u00c9tats-Unis et en Europe conclut que la Suisse, avec&hellip;<\/p>\n","protected":false},"author":7,"featured_media":55258,"comment_status":"closed","ping_status":"","sticky":false,"template":"","format":"standard","meta":{"_acf_changed":false,"pmpro_default_level":"","cat_1_feature_home_top":false,"cat_2_editor_pick":false,"csco_eyebrow_text":"Cancer du testicule","footnotes":""},"category":[11523,11389,11549,11514],"tags":[13152],"powerkit_post_featured":[],"class_list":["post-341806","post","type-post","status-publish","format-standard","has-post-thumbnail","category-actualites","category-oncologie","category-rx-fr","category-urologie-fr","tag-cancer-du-testicule","pmpro-has-access"],"acf":[],"publishpress_future_action":{"enabled":false,"date":"2026-05-06 07:19:09","action":"change-status","newStatus":"draft","terms":[],"taxonomy":"category","extraData":[]},"publishpress_future_workflow_manual_trigger":{"enabledWorkflows":[]},"wpml_current_locale":"fr_FR","wpml_translations":{"it_IT":{"locale":"it_IT","id":341809,"slug":"la-svizzera-e-uno-dei-paesi-con-lincidenza-piu-alta-di","post_title":"La Svizzera \u00e8 uno dei Paesi con l'incidenza pi\u00f9 alta di","href":"https:\/\/medizinonline.com\/it\/la-svizzera-e-uno-dei-paesi-con-lincidenza-piu-alta-di\/"},"pt_PT":{"locale":"pt_PT","id":341786,"slug":"a-suica-e-um-dos-paises-com-maior-incidencia","post_title":"A Su\u00ed\u00e7a \u00e9 um dos pa\u00edses com maior incid\u00eancia","href":"https:\/\/medizinonline.com\/pt-pt\/a-suica-e-um-dos-paises-com-maior-incidencia\/"},"es_ES":{"locale":"es_ES","id":341795,"slug":"suiza-es-uno-de-los-paises-con-mayor-incidencia","post_title":"Suiza es uno de los pa\u00edses con mayor incidencia","href":"https:\/\/medizinonline.com\/es\/suiza-es-uno-de-los-paises-con-mayor-incidencia\/"}},"_links":{"self":[{"href":"https:\/\/medizinonline.com\/fr\/wp-json\/wp\/v2\/posts\/341806","targetHints":{"allow":["GET"]}}],"collection":[{"href":"https:\/\/medizinonline.com\/fr\/wp-json\/wp\/v2\/posts"}],"about":[{"href":"https:\/\/medizinonline.com\/fr\/wp-json\/wp\/v2\/types\/post"}],"author":[{"embeddable":true,"href":"https:\/\/medizinonline.com\/fr\/wp-json\/wp\/v2\/users\/7"}],"replies":[{"embeddable":true,"href":"https:\/\/medizinonline.com\/fr\/wp-json\/wp\/v2\/comments?post=341806"}],"version-history":[{"count":0,"href":"https:\/\/medizinonline.com\/fr\/wp-json\/wp\/v2\/posts\/341806\/revisions"}],"wp:featuredmedia":[{"embeddable":true,"href":"https:\/\/medizinonline.com\/fr\/wp-json\/wp\/v2\/media\/55258"}],"wp:attachment":[{"href":"https:\/\/medizinonline.com\/fr\/wp-json\/wp\/v2\/media?parent=341806"}],"wp:term":[{"taxonomy":"category","embeddable":true,"href":"https:\/\/medizinonline.com\/fr\/wp-json\/wp\/v2\/category?post=341806"},{"taxonomy":"post_tag","embeddable":true,"href":"https:\/\/medizinonline.com\/fr\/wp-json\/wp\/v2\/tags?post=341806"},{"taxonomy":"powerkit_post_featured","embeddable":true,"href":"https:\/\/medizinonline.com\/fr\/wp-json\/wp\/v2\/powerkit_post_featured?post=341806"}],"curies":[{"name":"wp","href":"https:\/\/api.w.org\/{rel}","templated":true}]}}