{"id":341995,"date":"2016-02-07T01:00:00","date_gmt":"2016-02-07T00:00:00","guid":{"rendered":"https:\/\/medizinonline.com\/une-therapie-cognitive-basee-sur-la-pleine-conscience-plutot-que-des-antidepresseurs\/"},"modified":"2016-02-07T01:00:00","modified_gmt":"2016-02-07T00:00:00","slug":"une-therapie-cognitive-basee-sur-la-pleine-conscience-plutot-que-des-antidepresseurs","status":"publish","type":"post","link":"https:\/\/medizinonline.com\/fr\/une-therapie-cognitive-basee-sur-la-pleine-conscience-plutot-que-des-antidepresseurs\/","title":{"rendered":"Une th\u00e9rapie cognitive bas\u00e9e sur la pleine conscience plut\u00f4t que des antid\u00e9presseurs ?"},"content":{"rendered":"<p><strong><em>Probl\u00e9matique : <\/em>La th\u00e9rapie cognitive bas\u00e9e sur la pleine conscience (MBCT) est-elle sup\u00e9rieure au traitement d&#8217;entretien par m\u00e9dicaments antid\u00e9presseurs en termes d&#8217;efficacit\u00e9 et de rentabilit\u00e9 ?<\/strong><\/p>\n<p> <!--more--> <\/p>\n<h2 id=\"contexte\">Contexte<\/h2>\n<p>Plusieurs \u00e9tudes ont montr\u00e9 que la pleine conscience est une capacit\u00e9 efficace pour r\u00e9duire le stress. La pleine conscience vise \u00e0 faire passer le patient d&#8217;un r\u00f4le actif d&#8217;\u00e9valuation \u00e0 un r\u00f4le d&#8217;observateur en observant les sensations corporelles, les \u00e9motions et les pens\u00e9es, et \u00e0 l&#8217;aider ainsi \u00e0 reconna\u00eetre les pens\u00e9es automatiques dans le but de vivre et d&#8217;agir plus consciemment.<\/p>\n<p>Le programme MBCT est utilis\u00e9 avec succ\u00e8s dans le traitement des troubles d\u00e9pressifs, des douleurs chroniques et dans la pr\u00e9vention des rechutes chez les patients souffrant de troubles li\u00e9s \u00e0 l&#8217;utilisation de substances.<\/p>\n<h2 id=\"patients-et-methodologie\">Patients et m\u00e9thodologie<\/h2>\n<p>La pr\u00e9sente publication est un essai contr\u00f4l\u00e9 randomis\u00e9 portant sur 424 patients (recrut\u00e9s dans 95 cabinets de m\u00e9decins g\u00e9n\u00e9ralistes du Royaume-Uni) ayant connu trois \u00e9pisodes d\u00e9pressifs ou plus et recevant un traitement d&#8217;entretien par antid\u00e9presseur au moment de l&#8217;inclusion dans l&#8217;\u00e9tude. Le premier groupe a pris le m\u00e9dicament pendant toute la p\u00e9riode d&#8217;observation. Le second groupe a particip\u00e9 \u00e0 un programme MBCT manualis\u00e9 de huit semaines avec quatre jours de remise \u00e0 niveau en cours de route. Parall\u00e8lement, une aide \u00e0 la r\u00e9duction ou \u00e0 l&#8217;arr\u00eat progressif de la m\u00e9dication a \u00e9t\u00e9 propos\u00e9e.<\/p>\n<p>Le temps \u00e9coul\u00e9 jusqu&#8217;\u00e0 la r\u00e9cidive des sympt\u00f4mes d\u00e9pressifs sur une p\u00e9riode de 24 mois a \u00e9t\u00e9 enregistr\u00e9 et compar\u00e9 entre les deux groupes.<\/p>\n<p>Il n&#8217;y avait pas de diff\u00e9rences significatives au sein des groupes en ce qui concerne la gravit\u00e9 de la maladie, la m\u00e9dication, les comorbidit\u00e9s ou le sexe. Les crit\u00e8res d&#8217;exclusion pour la participation \u00e0 l&#8217;\u00e9tude \u00e9taient la pr\u00e9sence d&#8217;un \u00e9pisode d\u00e9pressif majeur actuel, un trouble affectif bipolaire, la consommation de substances, une l\u00e9sion c\u00e9r\u00e9brale organique, une psychose, un comportement d&#8217;automutilation, un comportement antisocial et une psychoth\u00e9rapie simultan\u00e9e.<\/p>\n<h2 id=\"resultats\">R\u00e9sultats<\/h2>\n<p>Aucune diff\u00e9rence significative n&#8217;a \u00e9t\u00e9 observ\u00e9e entre les deux groupes en ce qui concerne le d\u00e9lai avant la r\u00e9cidive et le co\u00fbt du traitement. Dans le groupe MBCT, 71% ont cess\u00e9 de prendre des m\u00e9dicaments antid\u00e9presseurs et 17% les ont r\u00e9duits. 24% des sujets du groupe avec m\u00e9dication n&#8217;avaient pas de dose th\u00e9rapeutique. Ce n&#8217;est que chez les patients ayant subi de graves traumatismes dans l&#8217;enfance que la MBCT a r\u00e9duit le risque de r\u00e9cidive.<\/p>\n<h2 id=\"conclusions-des-auteurs\">Conclusions des auteurs<\/h2>\n<p>Les auteurs concluent que la MBCT n&#8217;est pas sup\u00e9rieure au traitement d&#8217;entretien par m\u00e9dicaments antid\u00e9presseurs, que ce soit en termes de r\u00e9cidive ou de rentabilit\u00e9, mais que la MBCT offre une alternative efficace \u00e0 la prise de m\u00e9dicaments.<\/p>\n<h2 id=\"commentaire\">Commentaire<\/h2>\n<p>Dans la pratique clinique, la question se pose souvent de savoir quelles options th\u00e9rapeutiques alternatives peuvent \u00eatre propos\u00e9es aux patients souffrant de troubles d\u00e9pressifs r\u00e9currents et souhaitant r\u00e9duire leur consommation de m\u00e9dicaments. Selon cette \u00e9tude, la MBCT constitue une m\u00e9thode d&#8217;une efficacit\u00e9 comparable \u00e0 celle du traitement d&#8217;entretien par antid\u00e9presseurs. Compte tenu du fait que la m\u00e9decine \u00e9volue de plus en plus vers un traitement personnalis\u00e9 et individuel, la th\u00e9rapie cognitive bas\u00e9e sur la pleine conscience offre une bonne opportunit\u00e9 de prendre en compte les besoins sp\u00e9cifiques de chaque patient.<\/p>\n<p>\n<em>InFo NEUROLOGIE &amp; PSYCHIATRIE 2016, 14(1) : 19<\/em><\/p>\n","protected":false},"excerpt":{"rendered":"<p>Probl\u00e9matique : La th\u00e9rapie cognitive bas\u00e9e sur la pleine conscience (MBCT) est-elle sup\u00e9rieure au traitement d&#8217;entretien par m\u00e9dicaments antid\u00e9presseurs en termes d&#8217;efficacit\u00e9 et de rentabilit\u00e9 ?<\/p>\n","protected":false},"author":7,"featured_media":54676,"comment_status":"closed","ping_status":"","sticky":false,"template":"","format":"standard","meta":{"_acf_changed":false,"pmpro_default_level":"","cat_1_feature_home_top":false,"cat_2_editor_pick":false,"csco_eyebrow_text":"Trouble d\u00e9pressif r\u00e9current","footnotes":""},"category":[11527,11489,11549],"tags":[],"powerkit_post_featured":[],"class_list":["post-341995","post","type-post","status-publish","format-standard","has-post-thumbnail","category-etudes","category-psychiatrie-et-psychotherapie","category-rx-fr","pmpro-has-access"],"acf":[],"publishpress_future_action":{"enabled":false,"date":"2026-05-08 05:26:24","action":"change-status","newStatus":"draft","terms":[],"taxonomy":"category","extraData":[]},"publishpress_future_workflow_manual_trigger":{"enabledWorkflows":[]},"wpml_current_locale":"fr_FR","wpml_translations":{"it_IT":{"locale":"it_IT","id":341999,"slug":"la-terapia-cognitiva-basata-sulla-mindfulness-invece-degli-antidepressivi","post_title":"La terapia cognitiva basata sulla mindfulness invece degli antidepressivi?","href":"https:\/\/medizinonline.com\/it\/la-terapia-cognitiva-basata-sulla-mindfulness-invece-degli-antidepressivi\/"},"pt_PT":{"locale":"pt_PT","id":342003,"slug":"terapia-cognitiva-baseada-no-cuidado-e-nao-em-antidepressivos","post_title":"Terapia cognitiva baseada no cuidado e n\u00e3o em antidepressivos?","href":"https:\/\/medizinonline.com\/pt-pt\/terapia-cognitiva-baseada-no-cuidado-e-nao-em-antidepressivos\/"},"es_ES":{"locale":"es_ES","id":342005,"slug":"terapia-cognitiva-basada-en-la-atencion-plena-en-lugar-de-antidepresivos","post_title":"\u00bfTerapia cognitiva basada en la atenci\u00f3n plena en lugar de antidepresivos?","href":"https:\/\/medizinonline.com\/es\/terapia-cognitiva-basada-en-la-atencion-plena-en-lugar-de-antidepresivos\/"}},"_links":{"self":[{"href":"https:\/\/medizinonline.com\/fr\/wp-json\/wp\/v2\/posts\/341995","targetHints":{"allow":["GET"]}}],"collection":[{"href":"https:\/\/medizinonline.com\/fr\/wp-json\/wp\/v2\/posts"}],"about":[{"href":"https:\/\/medizinonline.com\/fr\/wp-json\/wp\/v2\/types\/post"}],"author":[{"embeddable":true,"href":"https:\/\/medizinonline.com\/fr\/wp-json\/wp\/v2\/users\/7"}],"replies":[{"embeddable":true,"href":"https:\/\/medizinonline.com\/fr\/wp-json\/wp\/v2\/comments?post=341995"}],"version-history":[{"count":0,"href":"https:\/\/medizinonline.com\/fr\/wp-json\/wp\/v2\/posts\/341995\/revisions"}],"wp:featuredmedia":[{"embeddable":true,"href":"https:\/\/medizinonline.com\/fr\/wp-json\/wp\/v2\/media\/54676"}],"wp:attachment":[{"href":"https:\/\/medizinonline.com\/fr\/wp-json\/wp\/v2\/media?parent=341995"}],"wp:term":[{"taxonomy":"category","embeddable":true,"href":"https:\/\/medizinonline.com\/fr\/wp-json\/wp\/v2\/category?post=341995"},{"taxonomy":"post_tag","embeddable":true,"href":"https:\/\/medizinonline.com\/fr\/wp-json\/wp\/v2\/tags?post=341995"},{"taxonomy":"powerkit_post_featured","embeddable":true,"href":"https:\/\/medizinonline.com\/fr\/wp-json\/wp\/v2\/powerkit_post_featured?post=341995"}],"curies":[{"name":"wp","href":"https:\/\/api.w.org\/{rel}","templated":true}]}}