{"id":342215,"date":"2016-01-08T01:00:00","date_gmt":"2016-01-08T00:00:00","guid":{"rendered":"https:\/\/medizinonline.com\/le-spectre-des-lesions-cutanees-declenchees-par-les-uv-est-large\/"},"modified":"2016-01-08T01:00:00","modified_gmt":"2016-01-08T00:00:00","slug":"le-spectre-des-lesions-cutanees-declenchees-par-les-uv-est-large","status":"publish","type":"post","link":"https:\/\/medizinonline.com\/fr\/le-spectre-des-lesions-cutanees-declenchees-par-les-uv-est-large\/","title":{"rendered":"Le spectre des l\u00e9sions cutan\u00e9es d\u00e9clench\u00e9es par les UV est large"},"content":{"rendered":"<p><strong>La protection solaire est un sujet r\u00e9current qui revient en force au printemps, lorsque les journ\u00e9es s&#8217;allongent et que les heures d&#8217;ensoleillement augmentent. Quel rapport au soleil faut-il recommander aux patients et \u00e0 quoi faut-il faire particuli\u00e8rement attention en mati\u00e8re de photoprotection ? Dans une interview accord\u00e9e \u00e0 DERMATOLOGIE PRAXIS, le professeur Stephan Lautenschlager, m\u00e9decin-chef du service ambulatoire de dermatologie du Stadtspital Triemli, r\u00e9pond aux principales questions. En outre, il traite de l&#8217;apport en vitamine D et des aspects \u00e9pid\u00e9miologiques.<\/strong><\/p>\n<p> <!--more--> <\/p>\n<p><strong>Dr. Lautenschlager, l&#8217;exposition au soleil est une cause de cancer de la peau &#8211; la plupart des gens le savent aujourd&#8217;hui. Quelles autres maladies de la peau peuvent \u00eatre d\u00e9clench\u00e9es par une exposition excessive aux UV ?<\/strong><br \/>\n<strong><br \/>\n  <em>Prof. Dr Lautenschlager :<\/em><br \/>\n<\/strong> Outre les aspects positifs de l&#8217;exposition au soleil sur la peau tels que la chaleur, l&#8217;am\u00e9lioration de l&#8217;humeur, l&#8217;augmentation du confort et la synth\u00e8se de la vitamine D, il faut malheureusement mentionner une multitude d&#8217;effets secondaires en plus de la canc\u00e9rog\u00e9n\u00e8se UV, des coups de soleil ainsi que des dommages chroniques de la peau dus \u00e0 la lumi\u00e8re. Ainsi, de nombreux m\u00e9dicaments peuvent d\u00e9clencher des r\u00e9actions photodynamiques, notamment en cas d&#8217;exposition simultan\u00e9e aux UVA. En ce qui concerne les r\u00e9actions phototoxiques, qui sont beaucoup plus fr\u00e9quentes, il faut surtout mentionner les t\u00e9tracyclines. Ces r\u00e9actions peuvent se manifester sous forme de dermatite, de pigmentation, de photonycholyse ou de ce que l&#8217;on appelle une pseudoporphyrie. Les d\u00e9clencheurs typiques de la photoallergie sont l&#8217;hydrochlorothiazide et la ph\u00e9nothiazine. Les r\u00e9actions phyto-photoallergiques, par exemple apr\u00e8s un contact avec le cerfeuil g\u00e9ant, sont \u00e9galement \u00e0 mentionner dans ce contexte. En raison de leur fr\u00e9quence, il faut \u00e9galement mentionner les photodermatoses proprement dites &#8211; les photodermatoses idiopathiques (notamment la photodermatose polymorphe et l&#8217;urticaire solaire) -, les porphyries \u00e9tant tr\u00e8s rares.<\/p>\n<p>Il faut \u00e9galement mentionner les r\u00e9actions photo-provoqu\u00e9es sur la peau malade, comme dans certaines formes de lupus \u00e9ryth\u00e9mateux, de mucinoses, de dysk\u00e9ratose folliculaire et de dermatoses bulleuses. Il est bien connu que des maladies telles que l&#8217;herp\u00e8s labial, mais aussi parfois le lichen rugueux ou le psoriasis vulgaire, peuvent appara\u00eetre ou s&#8217;aggraver sous l&#8217;effet des UV. Les effets n\u00e9gatifs des rayons UV sont importants sur le plan cosm\u00e9tique dans le cas du chloasma et de la rosac\u00e9e. Le spectre des modifications cutan\u00e9es d\u00e9clench\u00e9es par les UV est donc tr\u00e8s large.<\/p>\n<p><strong>Existe-t-il m\u00eame un bronzage sain de la peau ou doit-on s&#8217;efforcer de garder la peau la plus p\u00e2le possible ?<\/strong><br \/>\nEn fait, contrairement \u00e0 la croyance populaire, un bronzage sain n&#8217;existe pas. Il est bien connu que le bronzage de la peau est un m\u00e9canisme de d\u00e9fense contre les rayons UV. Apr\u00e8s une journ\u00e9e de baignade au soleil, des centaines d&#8217;erreurs d&#8217;ADN qui se sont produites sont r\u00e9par\u00e9es pendant la nuit. Comme la Suisse est devenue une soci\u00e9t\u00e9 de plein air et que de nombreuses activit\u00e9s de loisirs se d\u00e9roulent \u00e0 l&#8217;ext\u00e9rieur, il faut donc trouver le bon moyen de g\u00e9rer le soleil. Il serait en outre r\u00e9jouissant que le clich\u00e9 du bronzage sain et sportif sous nos latitudes puisse \u00eatre quelque peu corrig\u00e9.<\/p>\n<p><strong>Quel est le type de protection solaire le plus judicieux ?<\/strong><br \/>\nSur la base de nombreuses \u00e9tudes, il s&#8217;est av\u00e9r\u00e9 que, premi\u00e8rement, la r\u00e9duction de l&#8217;exposition au soleil, deuxi\u00e8mement, la protection solaire textile et, troisi\u00e8mement, l&#8217;application correcte de produits de protection solaire appropri\u00e9s sont, dans cet ordre, les plus importants. Cependant, pour des raisons pratiques, la protection vestimentaire efficace a souvent moins de chances d&#8217;\u00eatre utilis\u00e9e chez nous que la cr\u00e8me solaire.<\/p>\n<p><strong>Quelles sont les diff\u00e9rences entre les cr\u00e8mes solaires, en dehors de l&#8217;indice de protection ?<\/strong><br \/>\nOutre le large \u00e9ventail de formes gal\u00e9niques diff\u00e9rentes, allant par exemple du Fluide Extr\u00eame \u00e0 la P\u00e2te, il convient avant tout de distinguer les filtres solaires physiques (inorganiques) des filtres chimiques (organiques). Afin de garantir une photoprotection optimale, les \u00e9crans solaires modernes \u00e0 large spectre contiennent souvent un nombre diff\u00e9rent de ces deux composants. Les micropigments inorganiques (dioxyde de titane et oxyde de zinc), qui r\u00e9fl\u00e9chissent principalement les rayons UV, ont souvent l&#8217;inconv\u00e9nient de donner \u00e0 la peau une certaine coloration blanche, ce qui peut \u00eatre consid\u00e9r\u00e9 comme g\u00eanant d&#8217;un point de vue cosm\u00e9tique.<\/p>\n<p><strong>Quelles sont les pr\u00e9cautions \u00e0 prendre lors de la manipulation des cr\u00e8mes solaires (quand les appliquer, quelle quantit\u00e9, \u00e0 quelle fr\u00e9quence les r\u00e9p\u00e9ter) ?<\/strong><br \/>\nDe loin, le facteur le plus important pour l&#8217;efficacit\u00e9 est l&#8217;application d&#8217;une quantit\u00e9 suffisante. La quantit\u00e9 appliqu\u00e9e lors du test des produits de protection solaire est de 2 <sup>mg\/cm2<\/sup>, ce qui, pour un adulte de taille moyenne, repr\u00e9sente environ 30 g pour une application sur tout le corps. Cette quantit\u00e9 n&#8217;est pratiquement jamais appliqu\u00e9e. Il est \u00e9galement important que la r\u00e9partition soit uniforme, ce qui peut \u00eatre particuli\u00e8rement difficile dans le dos et \u00e0 la limite du maillot de bain. En cas d&#8217;utilisation d&#8217;un \u00e9cran solaire organique, le produit doit \u00eatre appliqu\u00e9 15 \u00e0 30 minutes, de pr\u00e9f\u00e9rence, avant le d\u00e9but de l&#8217;exposition au soleil. Pendant ce temps, les filtres peuvent p\u00e9n\u00e9trer dans l&#8217;\u00e9piderme. Il est \u00e9galement pr\u00e9f\u00e9rable d&#8217;aller \u00e0 l&#8217;ombre apr\u00e8s la dur\u00e9e de protection d\u00e9finie par l&#8217;indice de protection solaire et de ne pas r\u00e9appliquer de cr\u00e8me. En revanche, il est n\u00e9cessaire de renouveler l&#8217;application de l&#8217;\u00e9cran solaire apr\u00e8s une baignade ou une transpiration prolong\u00e9e ou apr\u00e8s s&#8217;\u00eatre essuy\u00e9. En principe, il est essentiel de ne pas abuser des produits de protection solaire pour prolonger l&#8217;exposition au soleil.<\/p>\n<p><strong>Faut-il tenir compte des diff\u00e9rentes saisons pour se prot\u00e9ger du soleil &#8211; et si oui, comment ?<\/strong><br \/>\nEn fonction de la temp\u00e9rature, la gal\u00e9nique de la protection solaire doit \u00eatre prise en compte. En hiver notamment, il est pr\u00e9f\u00e9rable d&#8217;utiliser une base grasse plut\u00f4t qu&#8217;aqueuse pour le ski afin d&#8217;\u00e9viter d&#8217;\u00e9ventuels dommages dus au froid. En cons\u00e9quence, les bases aqueuses peuvent \u00eatre utilis\u00e9es plut\u00f4t \u00e0 des temp\u00e9ratures plus chaudes. En l&#8217;absence de maladies cutan\u00e9es n\u00e9cessitant une application tout au long de l&#8217;ann\u00e9e, il n&#8217;est pas n\u00e9cessaire d&#8217;appliquer quotidiennement un \u00e9cran solaire en hiver sous nos latitudes (\u00e0 l&#8217;exception du s\u00e9jour en montagne).<\/p>\n<p><strong>Une protection solaire syst\u00e9matique pr\u00e9sente-t-elle un risque de carence en vitamine D ?<\/strong><br \/>\nLes communiqu\u00e9s de presse ne cessent de saper les efforts de pr\u00e9vention du cancer de la peau en recommandant l&#8217;exposition au soleil pour la formation de vitamine D. Les m\u00e9dias ne sont pas en mesure de fournir des informations sur les effets de l&#8217;exposition au soleil. A l&#8217;exception de cas isol\u00e9s (comme par exemple suite \u00e0 la pr\u00e9vention stricte des UV chez les patients atteints de xeroderma pigmentosum), l&#8217;application d&#8217;une protection solaire syst\u00e9matique du printemps \u00e0 la fin de l&#8217;automne ne devrait pas entra\u00eener de risque significatif de carence en vitamine D. La production de vitamine D par l&#8217;organisme ne n\u00e9cessite qu&#8217;une tr\u00e8s faible dose de rayons UVB, par exemple quelques minutes par jour par temps ensoleill\u00e9 avec une exposition au soleil du visage, des mains et des avant-bras. Il va de soi que l&#8217;\u00e9quilibre en vitamine D et le m\u00e9tabolisme osseux doivent \u00eatre contr\u00f4l\u00e9s chez les personnes, en particulier les personnes \u00e2g\u00e9es, vivant dans des maisons de soins sans aucune exposition au soleil et, si n\u00e9cessaire, faire l&#8217;objet d&#8217;une substitution per os.<\/p>\n<p><strong>Est-il utile de &#8220;pr\u00e9-bronzer&#8221; sa peau dans un solarium ou de fr\u00e9quenter un solarium pour pr\u00e9venir une carence en vitamine D ?<\/strong><br \/>\nDe nouvelles donn\u00e9es montrent que le risque de d\u00e9velopper un m\u00e9lanome augmente consid\u00e9rablement en cas de bronzage pr\u00e9alable en solarium, m\u00eame si l&#8217;on \u00e9vite les coups de soleil, car la quantit\u00e9 totale de rayons UV augmente. Les donn\u00e9es indiquent un risque de m\u00e9lanome quatre fois plus \u00e9lev\u00e9 chez les utilisateurs de solarium, m\u00eame en l&#8217;absence d&#8217;ant\u00e9c\u00e9dents de coups de soleil. Il convient en outre de pr\u00e9ciser que le solarium n&#8217;\u00e9met pratiquement que des UVA, qui n&#8217;ont aucune importance pour la formation de vitamine D dans la peau.<\/p>\n<p><strong>Qu&#8217;en est-il de la protection solaire pour les personnes souffrant d&#8217;une maladie de la peau (acn\u00e9, psoriasis, dermatite s\u00e9borrh\u00e9ique, etc.) ?<\/strong><br \/>\nComme pour la saison, la base du produit joue ici un r\u00f4le. Les produits com\u00e9dog\u00e8nes et tr\u00e8s gras ne conviennent probablement pas \u00e0 un patient souffrant d&#8217;acn\u00e9 ou de s\u00e9borrh\u00e9e prononc\u00e9e, alors qu&#8217;ils peuvent \u00eatre utiles \u00e0 un patient souffrant de psoriasis.<\/p>\n<p>La Suisse a le taux d&#8217;incidence de m\u00e9lanome le plus \u00e9lev\u00e9 d&#8217;Europe. Comment \u00e9valuez-vous la situation concernant le rayonnement UV et les maladies de peau correspondantes en Suisse &#8211; la situation s&#8217;est-elle am\u00e9lior\u00e9e ces derni\u00e8res ann\u00e9es en ce qui concerne la protection solaire ?<\/p>\n<p>En fait, nous, les Suisses, avons une place de leader peu glorieuse dans ce domaine. Cependant, comme c&#8217;est souvent le cas, diff\u00e9rentes raisons sont d\u00e9terminantes. Outre l&#8217;exposition certainement \u00e9lev\u00e9e aux UV dans le cadre d&#8217;un comportement de loisirs correspondant ainsi que l&#8217;utilisation malheureusement encore lib\u00e9rale des solariums, il convient de mentionner l&#8217;esp\u00e9rance de vie \u00e9lev\u00e9e. En outre, de plus en plus de patients immunod\u00e9prim\u00e9s pr\u00e9sentent des tumeurs cutan\u00e9es. Toutefois, la qualit\u00e9 du diagnostic et l&#8217;enregistrement syst\u00e9matique dans des registres jouent \u00e9galement un r\u00f4le important dans le nombre \u00e9lev\u00e9 de tumeurs cutan\u00e9es.<\/p>\n<p><em><strong>Entretien : Andreas Grossmann<\/strong><\/em><\/p>\n<p>&nbsp;<\/p>\n<p><em>DERMATOLOGIE PRATIQUE 2015 ; 25(2) : 21-23<\/em><\/p>\n","protected":false},"excerpt":{"rendered":"<p>La protection solaire est un sujet r\u00e9current qui revient en force au printemps, lorsque les journ\u00e9es s&#8217;allongent et que les heures d&#8217;ensoleillement augmentent. Quel rapport au soleil faut-il recommander aux&hellip;<\/p>\n","protected":false},"author":7,"featured_media":50723,"comment_status":"closed","ping_status":"","sticky":false,"template":"","format":"standard","meta":{"_acf_changed":false,"pmpro_default_level":"","cat_1_feature_home_top":false,"cat_2_editor_pick":false,"csco_eyebrow_text":"Protection solaire","footnotes":""},"category":[11362,11539,11549],"tags":[19572,12368,19566,43732,43724,15469,13141],"powerkit_post_featured":[],"class_list":["post-342215","post","type-post","status-publish","format-standard","has-post-thumbnail","category-dermatologie-et-venerologie","category-interviews-fr","category-rx-fr","tag-creme-solaire","tag-melanome","tag-protection-solaire","tag-solarium-fr","tag-solariums-fr","tag-uv-fr","tag-vitamine-d","pmpro-has-access"],"acf":[],"publishpress_future_action":{"enabled":false,"date":"2026-05-06 12:42:45","action":"change-status","newStatus":"draft","terms":[],"taxonomy":"category","extraData":[]},"publishpress_future_workflow_manual_trigger":{"enabledWorkflows":[]},"wpml_current_locale":"fr_FR","wpml_translations":{"it_IT":{"locale":"it_IT","id":342220,"slug":"lo-spettro-dei-cambiamenti-cutanei-provocati-dai-raggi-uv-e-ampio","post_title":"Lo spettro dei cambiamenti cutanei provocati dai raggi UV \u00e8 ampio.","href":"https:\/\/medizinonline.com\/it\/lo-spettro-dei-cambiamenti-cutanei-provocati-dai-raggi-uv-e-ampio\/"},"pt_PT":{"locale":"pt_PT","id":342196,"slug":"o-espectro-de-alteracoes-da-pele-provocadas-pelos-raios-uv-e-amplo","post_title":"O espectro de altera\u00e7\u00f5es da pele provocadas pelos raios UV \u00e9 amplo","href":"https:\/\/medizinonline.com\/pt-pt\/o-espectro-de-alteracoes-da-pele-provocadas-pelos-raios-uv-e-amplo\/"},"es_ES":{"locale":"es_ES","id":342204,"slug":"el-espectro-de-alteraciones-cutaneas-provocadas-por-los-rayos-uv-es-amplio","post_title":"El espectro de alteraciones cut\u00e1neas provocadas por los rayos UV es amplio","href":"https:\/\/medizinonline.com\/es\/el-espectro-de-alteraciones-cutaneas-provocadas-por-los-rayos-uv-es-amplio\/"}},"_links":{"self":[{"href":"https:\/\/medizinonline.com\/fr\/wp-json\/wp\/v2\/posts\/342215","targetHints":{"allow":["GET"]}}],"collection":[{"href":"https:\/\/medizinonline.com\/fr\/wp-json\/wp\/v2\/posts"}],"about":[{"href":"https:\/\/medizinonline.com\/fr\/wp-json\/wp\/v2\/types\/post"}],"author":[{"embeddable":true,"href":"https:\/\/medizinonline.com\/fr\/wp-json\/wp\/v2\/users\/7"}],"replies":[{"embeddable":true,"href":"https:\/\/medizinonline.com\/fr\/wp-json\/wp\/v2\/comments?post=342215"}],"version-history":[{"count":0,"href":"https:\/\/medizinonline.com\/fr\/wp-json\/wp\/v2\/posts\/342215\/revisions"}],"wp:featuredmedia":[{"embeddable":true,"href":"https:\/\/medizinonline.com\/fr\/wp-json\/wp\/v2\/media\/50723"}],"wp:attachment":[{"href":"https:\/\/medizinonline.com\/fr\/wp-json\/wp\/v2\/media?parent=342215"}],"wp:term":[{"taxonomy":"category","embeddable":true,"href":"https:\/\/medizinonline.com\/fr\/wp-json\/wp\/v2\/category?post=342215"},{"taxonomy":"post_tag","embeddable":true,"href":"https:\/\/medizinonline.com\/fr\/wp-json\/wp\/v2\/tags?post=342215"},{"taxonomy":"powerkit_post_featured","embeddable":true,"href":"https:\/\/medizinonline.com\/fr\/wp-json\/wp\/v2\/powerkit_post_featured?post=342215"}],"curies":[{"name":"wp","href":"https:\/\/api.w.org\/{rel}","templated":true}]}}