{"id":342908,"date":"2015-08-24T01:00:00","date_gmt":"2015-08-23T23:00:00","guid":{"rendered":"https:\/\/medizinonline.com\/bien-eveille-et-pourtant-endormi\/"},"modified":"2015-08-24T01:00:00","modified_gmt":"2015-08-23T23:00:00","slug":"bien-eveille-et-pourtant-endormi","status":"publish","type":"post","link":"https:\/\/medizinonline.com\/fr\/bien-eveille-et-pourtant-endormi\/","title":{"rendered":"Bien \u00e9veill\u00e9 et pourtant endormi"},"content":{"rendered":"<p><strong>Comme beaucoup d&#8217;autres maladies, la narcolepsie ne se voit pas sur les visages des personnes qui en souffrent, mais les sympt\u00f4mes qui apparaissent soudainement sont tr\u00e8s p\u00e9nibles et r\u00e9duisent consid\u00e9rablement la qualit\u00e9 de vie. De plus, les personnes atteintes de narcolepsie sont souvent victimes d&#8217;exclusion et de rejet de la part de leur entourage.<\/strong><\/p>\n<p> <!--more--> <\/p>\n<p>La fr\u00e9quence de cette maladie, qui touche les enfants et les adultes, est de 2 \u00e0 5 pour 10 000 &#8211; la narcolepsie entre donc dans la cat\u00e9gorie des maladies rares. Environ 4000 personnes en sont atteintes en Suisse, mais beaucoup ne sont pas diagnostiqu\u00e9es de mani\u00e8re ad\u00e9quate. Cette maladie neurologique se caract\u00e9rise par diff\u00e9rents sympt\u00f4mes qui peuvent \u00eatre isol\u00e9s ou combin\u00e9s et qui vont de la somnolence diurne, des cataplexies, en passant par un sommeil nocturne perturb\u00e9, une paralysie du sommeil ou des hallucinations. C&#8217;est pourquoi on peut parler d&#8217;un ensemble de sympt\u00f4mes ou d&#8217;un syndrome pour la narcolepsie [1\u20133].<\/p>\n<h2 id=\"les-attaques-de-sommeil-entrainent-un-retrait-social\">Les attaques de sommeil entra\u00eenent un retrait social<\/h2>\n<p>Le sympt\u00f4me initial chez une majorit\u00e9 de patients est une somnolence diurne excessive. Les activit\u00e9s monotones telles que la lecture de longs textes, la conduite automobile, la t\u00e9l\u00e9vision, les conversations fatigantes ou m\u00eame les repas provoquent des crises d&#8217;assoupissement qui durent de quelques secondes \u00e0 quelques minutes [2]. M\u00eame un repos nocturne suffisant n&#8217;apporte pas d&#8217;am\u00e9lioration, car les sympt\u00f4mes peuvent appara\u00eetre quelques heures seulement apr\u00e8s le r\u00e9veil. Les personnes concern\u00e9es ne peuvent pas choisir le moment de ces crises de sommeil, car elles surviennent spontan\u00e9ment. Les personnes atteintes de narcolepsie se replient donc de plus en plus sur elles-m\u00eames et \u00e9vitent les situations en public, car leur comportement est irritant pour les autres. En cons\u00e9quence d&#8217;une maladie de longue dur\u00e9e, on observe de plus en plus de troubles de la m\u00e9moire et de la concentration ainsi qu&#8217;une prise de poids [2\u20134].<\/p>\n<h2 id=\"cataplexie-tomber-en-riant\">Cataplexie &#8211; tomber en riant<\/h2>\n<p>Le deuxi\u00e8me sympt\u00f4me tr\u00e8s impressionnant de la narcolepsie est la cataplexie, une perte de contr\u00f4le momentan\u00e9e des muscles de maintien sans trouble de la conscience. D\u00e9clench\u00e9e par des \u00e9motions fortes telles que la surprise, la joie, la frayeur, la honte ou le rire, la musculature mim\u00e9tique ainsi que les muscles bilat\u00e9raux du cou et des genoux ne fonctionnent pas. Le patient se plie, tombe ou des objets lui \u00e9chappent des mains. Les sympt\u00f4mes disparaissent aussi vite qu&#8217;ils apparaissent, mais ils peuvent survenir plusieurs fois par jour. La fr\u00e9quence des sympt\u00f4mes varie consid\u00e9rablement et ils sont \u00e9galement plus fr\u00e9quents lors de l&#8217;arr\u00eat des m\u00e9dicaments anticataleptiques.<\/p>\n<h2 id=\"alternance-de-veille-et-de-fatigue\">Alternance de veille et de fatigue<\/h2>\n<p>Un rythme de sommeil anormal est le troisi\u00e8me sympt\u00f4me, et le plus fr\u00e9quent, observ\u00e9 dans la narcolepsie. Dans ce cas, les patients trouvent le sommeil pendant quelques heures, puis se r\u00e9veillent en pleine forme. Cette situation peut \u00e9galement \u00eatre observ\u00e9e le jour, car les personnes concern\u00e9es ne se reposent pas suffisamment la nuit. Ce sympt\u00f4me est accompagn\u00e9 de la paralysie du sommeil, l&#8217;incapacit\u00e9 temporaire &#8211; au passage de l&#8217;\u00e9tat d&#8217;\u00e9veil au sommeil ou du sommeil \u00e0 l&#8217;\u00e9tat d&#8217;\u00e9veil &#8211; d&#8217;effectuer des mouvements volontaires ou de parler. Il est possible de mettre fin \u00e0 cet \u00e9tat en le touchant ou en lui parlant. De br\u00e8ves hallucinations visuelles, tactiles ou auditives sont parfois d\u00e9crites comme un sympt\u00f4me accompagnant ce passage de l&#8217;\u00e9tat de veille \u00e0 l&#8217;\u00e9tat de sommeil et inversement, et sont per\u00e7ues par les personnes concern\u00e9es comme proches de la r\u00e9alit\u00e9. De tels sympt\u00f4mes sont \u00e9galement associ\u00e9s \u00e0 la cataplexie.<\/p>\n<p>Un diagnostic est \u00e9tabli par un m\u00e9decin sp\u00e9cialiste ou dans un centre de recherche sur le sommeil en fonction de l&#8217;anamn\u00e8se. Il est fr\u00e9quent qu&#8217;une enqu\u00eate soit lanc\u00e9e tr\u00e8s tard, car les personnes concern\u00e9es se sentent incomprises et tentent de dissimuler les sympt\u00f4mes pour ne pas passer pour des paresseux ou des capricieux. Dans ce contexte, il est important de noter qu&#8217;il existe un risque accru d&#8217;accident lors de l&#8217;utilisation de machines ou de la conduite d&#8217;une voiture pour les personnes concern\u00e9es.<\/p>\n<p><strong>Informations pour le m\u00e9decin et le patient :<\/strong><br \/>\nwww.orpha.net<br \/>\nwww.hellwach-narkolepsie-erkennen.de<br \/>\nwww.dng-ev.de<\/p>\n<p>Litt\u00e9rature :<\/p>\n<ol>\n<li>Mayer G : Narcolepsie. G\u00e9n\u00e9tique &#8211; Immunog\u00e9n\u00e9tique &#8211; Troubles moteurs. Blackwell Wissenschafts-Verlag, Berlin, Vienne 2000.<\/li>\n<li>Mayer G : Narcolepsie &#8211; Atlas de poche sp\u00e9cial. \u00c9ditions Georg Thieme, Stuttgart 2006.<\/li>\n<li>Geisler P : Hypersomnie, narcolepsie et somnolence diurne. UNI-MED Verlag AG, Bremen, 1\u00e8re \u00e9d. 2009.<\/li>\n<li>Lundahl A, Nelson TD : Sleep and food intake : A multisystem review of mechanisms in children and adults. J Health Psychol Juin 2015 ; 20 : 794-805, doi:10.1177\/1359105315573427.<\/li>\n<\/ol>\n<p><em>PRATIQUE DU M\u00c9DECIN DE FAMILLE 2015 ; 10(8) : 7<\/em><\/p>\n","protected":false},"excerpt":{"rendered":"<p>Comme beaucoup d&#8217;autres maladies, la narcolepsie ne se voit pas sur les visages des personnes qui en souffrent, mais les sympt\u00f4mes qui apparaissent soudainement sont tr\u00e8s p\u00e9nibles et r\u00e9duisent consid\u00e9rablement&hellip;<\/p>\n","protected":false},"author":5,"featured_media":51967,"comment_status":"closed","ping_status":"","sticky":false,"template":"","format":"standard","meta":{"_acf_changed":false,"pmpro_default_level":"","cat_1_feature_home_top":false,"cat_2_editor_pick":false,"csco_eyebrow_text":"Narcolepsie","footnotes":""},"category":[11523,11383,11549],"tags":[45578,13030,34253,24860,23868],"powerkit_post_featured":[],"class_list":["post-342908","post","type-post","status-publish","format-standard","has-post-thumbnail","category-actualites","category-neurologie-fr","category-rx-fr","tag-cataplexie","tag-fatigue-fr","tag-manque-de-sommeil","tag-narcolepsie","tag-sommeil","pmpro-has-access"],"acf":[],"publishpress_future_action":{"enabled":false,"date":"2026-05-06 15:48:31","action":"change-status","newStatus":"draft","terms":[],"taxonomy":"category","extraData":[]},"publishpress_future_workflow_manual_trigger":{"enabledWorkflows":[]},"wpml_current_locale":"fr_FR","wpml_translations":{"it_IT":{"locale":"it_IT","id":342914,"slug":"sveglio-eppure-assonnato","post_title":"Sveglio eppure assonnato","href":"https:\/\/medizinonline.com\/it\/sveglio-eppure-assonnato\/"},"pt_PT":{"locale":"pt_PT","id":342920,"slug":"bem-desperto-e-ainda-sonolento","post_title":"Bem desperto e ainda sonolento","href":"https:\/\/medizinonline.com\/pt-pt\/bem-desperto-e-ainda-sonolento\/"},"es_ES":{"locale":"es_ES","id":342925,"slug":"despierto-y-a-la-vez-somnoliento","post_title":"Despierto y a la vez somnoliento","href":"https:\/\/medizinonline.com\/es\/despierto-y-a-la-vez-somnoliento\/"}},"_links":{"self":[{"href":"https:\/\/medizinonline.com\/fr\/wp-json\/wp\/v2\/posts\/342908","targetHints":{"allow":["GET"]}}],"collection":[{"href":"https:\/\/medizinonline.com\/fr\/wp-json\/wp\/v2\/posts"}],"about":[{"href":"https:\/\/medizinonline.com\/fr\/wp-json\/wp\/v2\/types\/post"}],"author":[{"embeddable":true,"href":"https:\/\/medizinonline.com\/fr\/wp-json\/wp\/v2\/users\/5"}],"replies":[{"embeddable":true,"href":"https:\/\/medizinonline.com\/fr\/wp-json\/wp\/v2\/comments?post=342908"}],"version-history":[{"count":0,"href":"https:\/\/medizinonline.com\/fr\/wp-json\/wp\/v2\/posts\/342908\/revisions"}],"wp:featuredmedia":[{"embeddable":true,"href":"https:\/\/medizinonline.com\/fr\/wp-json\/wp\/v2\/media\/51967"}],"wp:attachment":[{"href":"https:\/\/medizinonline.com\/fr\/wp-json\/wp\/v2\/media?parent=342908"}],"wp:term":[{"taxonomy":"category","embeddable":true,"href":"https:\/\/medizinonline.com\/fr\/wp-json\/wp\/v2\/category?post=342908"},{"taxonomy":"post_tag","embeddable":true,"href":"https:\/\/medizinonline.com\/fr\/wp-json\/wp\/v2\/tags?post=342908"},{"taxonomy":"powerkit_post_featured","embeddable":true,"href":"https:\/\/medizinonline.com\/fr\/wp-json\/wp\/v2\/powerkit_post_featured?post=342908"}],"curies":[{"name":"wp","href":"https:\/\/api.w.org\/{rel}","templated":true}]}}