{"id":343155,"date":"2015-05-12T01:00:00","date_gmt":"2015-05-11T23:00:00","guid":{"rendered":"https:\/\/medizinonline.com\/la-vitamine-d-freine-t-elle-les-tumeurs\/"},"modified":"2015-05-12T01:00:00","modified_gmt":"2015-05-11T23:00:00","slug":"la-vitamine-d-freine-t-elle-les-tumeurs","status":"publish","type":"post","link":"https:\/\/medizinonline.com\/fr\/la-vitamine-d-freine-t-elle-les-tumeurs\/","title":{"rendered":"La vitamine D freine-t-elle les tumeurs ?"},"content":{"rendered":"<p><strong>L&#8217;analyse prospective d&#8217;une \u00e9tude de phase III sur le cancer colorectal m\u00e9tastatique montre que des niveaux plus \u00e9lev\u00e9s de vitamine D permettent d&#8217;obtenir un meilleur r\u00e9sultat. Non seulement les patients ont v\u00e9cu beaucoup plus longtemps, mais ils sont \u00e9galement devenus r\u00e9sistants \u00e0 la chimioth\u00e9rapie plus tard. Pourquoi cela ? Cette question a \u00e9t\u00e9 abord\u00e9e lors du Symposium sur les cancers gastro-intestinaux 2015 \u00e0 San Francisco.<\/strong><\/p>\n<p> <!--more--> <\/p>\n<p>L&#8217;\u00e9tude CALGB 80405 a servi de base \u00e0 l&#8217;analyse prospective. Cette \u00e9tude a examin\u00e9 la chimioth\u00e9rapie plus le b\u00e9vacizumab et\/ou le c\u00e9tuximab (avant l&#8217;ajustement KRAS-WT) chez des patients atteints d&#8217;un cancer colorectal m\u00e9tastatique non trait\u00e9. L&#8217;analyse pr\u00e9sent\u00e9e au congr\u00e8s ASCO-GI portait principalement sur l&#8217;association entre le taux de vitamine D (25[OH]D) et la survie globale. En outre, la survie sans progression \u00e9tait \u00e9galement int\u00e9ressante. Il s&#8217;agit \u00e0 ce jour de la plus grande \u00e9tude de ce type.<br \/>\nLes taux plasmatiques de vitamine D ont \u00e9t\u00e9 mesur\u00e9s au d\u00e9but de l&#8217;\u00e9tude par dosage radio-immunologique, tandis que les habitudes alimentaires et de style de vie ont \u00e9t\u00e9 recueillies par questionnaire. Le taux m\u00e9dian de 25(OH)D \u00e9tait de 17,2 ng\/ml, ce qui correspond \u00e0 une carence (fourchette 2,2-72,7&nbsp;ng\/ml, n=1043). N\u00e9anmoins, seule une infime partie des patients a d\u00e9clar\u00e9 prendre des suppl\u00e9ments de vitamine D. Les \u00e9tudes ont montr\u00e9 que la vitamine D est un \u00e9l\u00e9ment essentiel de la sant\u00e9.<\/p>\n<h2 id=\"reduction-de-33-des-risques\">R\u00e9duction de 33% des risques<\/h2>\n<p>La survie globale apr\u00e8s chimioth\u00e9rapie et th\u00e9rapie cibl\u00e9e a \u00e9t\u00e9 significativement prolong\u00e9e d&#8217;environ huit mois chez les patients du quintile le plus \u00e9lev\u00e9 de 25(OH)D par rapport aux donn\u00e9es du quintile le plus bas (32,6 vs. 24,5 mois ; HR 0,67, IC 95% 0,53-0,86, p-tendance &lt;0,002). Le risque de mortalit\u00e9 \u00e9tait donc r\u00e9duit de 33% lorsque les patients avaient un taux de vitamine D suffisamment \u00e9lev\u00e9. La m\u00eame tendance a \u00e9t\u00e9 observ\u00e9e pour la survie sans progression (12,2 vs. 10,1 mois ; HR 0,80, IC \u00e0 95% 0,64-1,01, p-tendance = 0,02), soit l\u00e0 aussi une r\u00e9duction du risque de 20 pour cent. Les facteurs pathologiques et cliniques susceptibles de jouer un r\u00f4le dans le pronostic ont \u00e9t\u00e9 pris en compte dans le calcul. Les r\u00e9sultats \u00e9taient coh\u00e9rents dans tous les sous-groupes (y compris le statut mutationnel KRAS). Il n&#8217;y a pas non plus eu de diff\u00e9rence significative au sein des diff\u00e9rents bras de traitement.<\/p>\n<h2 id=\"questions-en-suspens-etudes-futures\">Questions en suspens, \u00e9tudes futures<\/h2>\n<p>La vitamine D freine-t-elle r\u00e9ellement elle-m\u00eame la croissance des tumeurs et, si oui, comment ce processus se d\u00e9roule-t-il ? Ou la vitamine D augmente-t-elle plut\u00f4t l&#8217;activit\u00e9 du traitement ? Ces questions doivent rester ouvertes pour le moment &#8211; les donn\u00e9es en faveur d&#8217;un effet antitumoral s&#8217;accumulent toutefois [1]. Malgr\u00e9 des r\u00e9sultats \u00e0 premi\u00e8re vue impressionnants, le lien de causalit\u00e9 exact entre la 25(OH)D et les facteurs de r\u00e9sultats dans le cancer colorectal reste obscur. Un autre facteur pourrait-il \u00e9ventuellement \u00eatre \u00e0 l&#8217;origine de la maladie et influencer \u00e0 la fois le taux de vitamine D et la tumeur ? De plus, il s&#8217;agit d&#8217;une \u00e9tude d&#8217;observation avec toutes les limites que cela implique. Des \u00e9tudes sont donc actuellement pr\u00e9vues pour tester de mani\u00e8re randomis\u00e9e une suppl\u00e9mentation en vitamine D en cas de cancer, notamment dans l&#8217;indication du cancer colorectal. Les effets doivent \u00e9galement \u00eatre test\u00e9s dans le domaine de la pr\u00e9vention.<\/p>\n<p>Quatre-vingts personnes ont d\u00e9j\u00e0 \u00e9t\u00e9 incluses dans une \u00e9tude de phase II randomis\u00e9e en double aveugle avec les deux bras de traitement suivants : chimioth\u00e9rapie standard plus bevacizumab et 400&nbsp;UI\/d de vitamine D ou le m\u00eame r\u00e9gime plus 8000&nbsp;UI\/d de vitamine D pendant deux semaines (dose initiale) et 4000&nbsp;UI\/d de vitamine D (dose d&#8217;entretien).<\/p>\n<p><em>Source : Ng K, et al : Vitamin D status and survival of metastatic colorectal cancer patients : Results from CALGB\/SWOG 80405 (Alliance). J Clin Oncol 2015 ; 33(suppl 3 ; abstr 507).<\/em><\/p>\n<p>Litt\u00e9rature :<\/p>\n<ol>\n<li>Zgaga L, et al : Plasma Vitamin D Concentration Influences Survival Outcome After a Diagnosis of Colorectal Cancer. JCO 2014, juillet 7 [Epub ahead of print] doi : 10.1200\/JCO.2013.54.5947.<\/li>\n<\/ol>\n<p><em>InFo ONKOLOGIE &amp; H\u00c4MATOLOGIE 2015 ; 3(3-4) : 3<\/em><\/p>\n","protected":false},"excerpt":{"rendered":"<p>L&#8217;analyse prospective d&#8217;une \u00e9tude de phase III sur le cancer colorectal m\u00e9tastatique montre que des niveaux plus \u00e9lev\u00e9s de vitamine D permettent d&#8217;obtenir un meilleur r\u00e9sultat. Non seulement les patients&hellip;<\/p>\n","protected":false},"author":5,"featured_media":50803,"comment_status":"closed","ping_status":"","sticky":false,"template":"","format":"standard","meta":{"_acf_changed":false,"pmpro_default_level":"","cat_1_feature_home_top":false,"cat_2_editor_pick":false,"csco_eyebrow_text":"Cancer colorectal m\u00e9tastatique","footnotes":""},"category":[11527,11414,11389,11535,11549],"tags":[46361,46364,46357,46363,46359],"powerkit_post_featured":[],"class_list":["post-343155","post","type-post","status-publish","format-standard","has-post-thumbnail","category-etudes","category-gastro-enterologie-et-hepatologie","category-oncologie","category-rapports-de-congres","category-rx-fr","tag-cancer-colorectal-fr","tag-chimiotherapie-symposium-sur-les-cancers-gastro-intestinaux","tag-metastatique","tag-niveau-de-vitamine-d","tag-san-francisco-fr","pmpro-has-access"],"acf":[],"publishpress_future_action":{"enabled":false,"date":"2026-05-04 04:42:35","action":"change-status","newStatus":"draft","terms":[],"taxonomy":"category","extraData":[]},"publishpress_future_workflow_manual_trigger":{"enabledWorkflows":[]},"wpml_current_locale":"fr_FR","wpml_translations":{"it_IT":{"locale":"it_IT","id":343158,"slug":"la-vitamina-d-rallenta-il-tumore","post_title":"La vitamina D rallenta il tumore?","href":"https:\/\/medizinonline.com\/it\/la-vitamina-d-rallenta-il-tumore\/"},"pt_PT":{"locale":"pt_PT","id":343331,"slug":"a-vitamina-d-abranda-o-tumor","post_title":"A vitamina D abranda o tumor?","href":"https:\/\/medizinonline.com\/pt-pt\/a-vitamina-d-abranda-o-tumor\/"},"es_ES":{"locale":"es_ES","id":343336,"slug":"la-vitamina-d-frena-el-tumor","post_title":"\u00bfLa vitamina D frena el tumor?","href":"https:\/\/medizinonline.com\/es\/la-vitamina-d-frena-el-tumor\/"}},"_links":{"self":[{"href":"https:\/\/medizinonline.com\/fr\/wp-json\/wp\/v2\/posts\/343155","targetHints":{"allow":["GET"]}}],"collection":[{"href":"https:\/\/medizinonline.com\/fr\/wp-json\/wp\/v2\/posts"}],"about":[{"href":"https:\/\/medizinonline.com\/fr\/wp-json\/wp\/v2\/types\/post"}],"author":[{"embeddable":true,"href":"https:\/\/medizinonline.com\/fr\/wp-json\/wp\/v2\/users\/5"}],"replies":[{"embeddable":true,"href":"https:\/\/medizinonline.com\/fr\/wp-json\/wp\/v2\/comments?post=343155"}],"version-history":[{"count":0,"href":"https:\/\/medizinonline.com\/fr\/wp-json\/wp\/v2\/posts\/343155\/revisions"}],"wp:featuredmedia":[{"embeddable":true,"href":"https:\/\/medizinonline.com\/fr\/wp-json\/wp\/v2\/media\/50803"}],"wp:attachment":[{"href":"https:\/\/medizinonline.com\/fr\/wp-json\/wp\/v2\/media?parent=343155"}],"wp:term":[{"taxonomy":"category","embeddable":true,"href":"https:\/\/medizinonline.com\/fr\/wp-json\/wp\/v2\/category?post=343155"},{"taxonomy":"post_tag","embeddable":true,"href":"https:\/\/medizinonline.com\/fr\/wp-json\/wp\/v2\/tags?post=343155"},{"taxonomy":"powerkit_post_featured","embeddable":true,"href":"https:\/\/medizinonline.com\/fr\/wp-json\/wp\/v2\/powerkit_post_featured?post=343155"}],"curies":[{"name":"wp","href":"https:\/\/api.w.org\/{rel}","templated":true}]}}