{"id":345073,"date":"2014-06-13T00:00:00","date_gmt":"2014-06-12T22:00:00","guid":{"rendered":"https:\/\/medizinonline.com\/le-rhume-des-foins-un-nouvel-espoir-contre-cette-maladie-populaire-sous-estimee\/"},"modified":"2014-06-13T00:00:00","modified_gmt":"2014-06-12T22:00:00","slug":"le-rhume-des-foins-un-nouvel-espoir-contre-cette-maladie-populaire-sous-estimee","status":"publish","type":"post","link":"https:\/\/medizinonline.com\/fr\/le-rhume-des-foins-un-nouvel-espoir-contre-cette-maladie-populaire-sous-estimee\/","title":{"rendered":"Le rhume des foins &#8211; un nouvel espoir contre cette maladie populaire sous-estim\u00e9e ?"},"content":{"rendered":"<p><strong>Tout le monde n&#8217;aspire pas \u00e0 des journ\u00e9es ensoleill\u00e9es et chaudes d\u00e8s le printemps. Nombreux sont ceux qui souffrent du rhume des foins, une maladie populaire souvent sous-estim\u00e9e. Les patients fortement touch\u00e9s souffrent d&#8217;une diminution de leurs performances et se sentent parfois fortement limit\u00e9s par les pollens qui volent autour d&#8217;eux, y compris dans leurs loisirs. Avec <sup>Dymista\u00ae<\/sup>, les m\u00e9decins disposent d&#8217;une nouvelle option th\u00e9rapeutique dont les r\u00e9sultats des \u00e9tudes sont tr\u00e8s prometteurs.<\/strong><\/p>\n<p> <!--more--> <\/p>\n<p><em>(lg)  <\/em>Si l&#8217;on est touch\u00e9 par le rhume des foins, la fatigue, une sensation de maladie quasi permanente ainsi qu&#8217;une &#8220;petite pharmacie&#8221; sont des compagnons permanents au printemps ou en \u00e9t\u00e9. De nombreuses personnes connaissent cet \u00e9tat et plus le nombre de pollens auxquels les patients sont allergiques est \u00e9lev\u00e9, plus cet \u00e9tat dure longtemps pendant l&#8217;\u00e9t\u00e9. Lors de la conf\u00e9rence de presse \u00e0 Zurich, le professeur Peter Schmid-Grendelmeier, Zurich, et le professeur Claus Bachert, Gand (Belgique), ont parl\u00e9 de la nouvelle autorisation de mise sur le march\u00e9 de Dymista, dont les r\u00e9sultats des \u00e9tudes sont porteurs d&#8217;espoir.<\/p>\n<h2 id=\"maladies-consecutives-a-un-rhume-des-foins-sous-estime\">Maladies cons\u00e9cutives \u00e0 un rhume des foins sous-estim\u00e9<\/h2>\n<p>Environ un cinqui\u00e8me de la population suisse souffre du rhume des foins, dont pr\u00e8s de la moiti\u00e9 des patients prennent deux m\u00e9dicaments, voire plus. Comme beaucoup souffrent d&#8217;une multitude de sympt\u00f4mes, une pr\u00e9paration diff\u00e9rente est utilis\u00e9e pour chacun des sympt\u00f4mes rencontr\u00e9s. Cependant, le contr\u00f4le des sympt\u00f4mes est loin d&#8217;\u00eatre simple. Si le traitement est appliqu\u00e9 trop tard ou de mani\u00e8re incorrecte, il peut en r\u00e9sulter des maladies graves. &#8220;Il est important de prot\u00e9ger les patients contre les maladies secondaires, car un patient sur trois souffrant du rhume des foins d\u00e9veloppe un asthme allergique. Celui-ci peut alors survenir non seulement de mani\u00e8re saisonni\u00e8re, mais toute l&#8217;ann\u00e9e&#8221;, explique le professeur Schmid-Grendelmeier sur l&#8217;importance d&#8217;un traitement appropri\u00e9.<\/p>\n<p>La premi\u00e8re \u00e9tape du traitement consiste \u00e0 \u00e9viter l&#8217;allerg\u00e8ne, les patients doivent \u00eatre encourag\u00e9s \u00e0 se laver les cheveux fr\u00e9quemment et \u00e0 \u00e9viter les herbes et le pollen. La deuxi\u00e8me \u00e9tape est le traitement m\u00e9dicamenteux des sympt\u00f4mes, la troisi\u00e8me \u00e9tant la d\u00e9sensibilisation, qui vise \u00e0 cr\u00e9er une tol\u00e9rance aux allerg\u00e8nes concern\u00e9s. Cependant, le traitement s&#8217;av\u00e8re souvent difficile dans la pratique, car chaque patient pr\u00e9sente des sympt\u00f4mes diff\u00e9rents et est souvent allergique \u00e0 plusieurs groupes de pollens et d&#8217;herbes.<\/p>\n<h2 id=\"la-combinaison-de-medicaments-convainc-dans-les-etudes\">La combinaison de m\u00e9dicaments convainc dans les \u00e9tudes<\/h2>\n<p>Avec Dymista, une nouvelle combinaison de substances actives est d\u00e9sormais autoris\u00e9e sur le march\u00e9 suisse. Elle se compose d&#8217;un antihistaminique et d&#8217;une cortisone locale qui, dans sa forme actuelle, est utilis\u00e9e sous forme de spray nasal. L&#8217;avantage : le compos\u00e9 d\u00e9ploie ses effets tr\u00e8s rapidement, la &#8220;pharmacie&#8221; que les personnes concern\u00e9es doivent emporter avec elles se r\u00e9duit \u00e0 un seul produit, car les r\u00e9sultats des \u00e9tudes montrent qu&#8217;il peut \u00e9galement soulager les sympt\u00f4mes oculaires. Le professeur Bachert parle d&#8217;un &#8220;v\u00e9ritable effet additif&#8221; qu&#8217;offre le spray nasal avec cette combinaison de m\u00e9dicaments : &#8220;Le m\u00e9dicament a \u00e9t\u00e9 test\u00e9 au total chez environ 4500 patients, non seulement par rapport \u00e0 un placebo, mais aussi directement par rapport aux corticost\u00e9ro\u00efdes intranasaux. Il a montr\u00e9 ici une efficacit\u00e9 deux fois plus \u00e9lev\u00e9e sur l&#8217;ensemble des sympt\u00f4mes de la rhinite allergique saisonni\u00e8re. Cela donne un nouvel espoir \u00e0 de nombreux patients&#8221;. Les patients citent souvent la congestion nasale comme le sympt\u00f4me le plus g\u00eanant, que le traitement par Dymista a \u00e9galement permis d&#8217;att\u00e9nuer consid\u00e9rablement par rapport aux corticost\u00e9ro\u00efdes intranasaux.<\/p>\n<p>Il est essentiel d&#8217;utiliser correctement le spray nasal. Le m\u00e9decin g\u00e9n\u00e9raliste est tenu d&#8217;enseigner l&#8217;utilisation correcte. Pour ce faire, la t\u00eate doit \u00eatre l\u00e9g\u00e8rement pench\u00e9e vers le bas et le spray doit \u00eatre vaporis\u00e9 dans la narine droite avec la main gauche et vice versa, selon les instructions pr\u00e9cises du professeur Bachert. &#8220;Dans la pratique, nous constatons que le m\u00e9dicament est bien accept\u00e9 par les patients, car les sympt\u00f4mes s&#8217;am\u00e9liorent rapidement. En quatre jours environ, au lieu de dix auparavant, le complexe global des sympt\u00f4mes s&#8217;am\u00e9liore, ce qui permet \u00e9galement d&#8217;am\u00e9liorer l&#8217;adh\u00e9rence&#8221;, estime le professeur Schmid-Grendelmeier.<\/p>\n<p><img fetchpriority=\"high\" decoding=\"async\" class=\" size-full wp-image-4098\" src=\"https:\/\/medizinonline.com\/wp-content\/uploads\/2014\/06\/Schmid-Grendelmeier_DP3_s48.png_2251.png\" width=\"864\" height=\"877\" srcset=\"https:\/\/medizinonline.com\/wp-content\/uploads\/2014\/06\/Schmid-Grendelmeier_DP3_s48.png_2251.png 864w, https:\/\/medizinonline.com\/wp-content\/uploads\/2014\/06\/Schmid-Grendelmeier_DP3_s48.png_2251-800x812.png 800w, https:\/\/medizinonline.com\/wp-content\/uploads\/2014\/06\/Schmid-Grendelmeier_DP3_s48.png_2251-80x80.png 80w, https:\/\/medizinonline.com\/wp-content\/uploads\/2014\/06\/Schmid-Grendelmeier_DP3_s48.png_2251-120x122.png 120w, https:\/\/medizinonline.com\/wp-content\/uploads\/2014\/06\/Schmid-Grendelmeier_DP3_s48.png_2251-90x90.png 90w, https:\/\/medizinonline.com\/wp-content\/uploads\/2014\/06\/Schmid-Grendelmeier_DP3_s48.png_2251-320x325.png 320w, https:\/\/medizinonline.com\/wp-content\/uploads\/2014\/06\/Schmid-Grendelmeier_DP3_s48.png_2251-560x568.png 560w\" sizes=\"(max-width: 864px) 100vw, 864px\" \/><\/p>\n<p>Il n&#8217;est pas encore possible d&#8217;\u00e9valuer d\u00e9finitivement si l&#8217;utilisation de Dymista a \u00e9galement un effet positif sur l&#8217;asthme allergique. Toutefois, des recherches et des \u00e9tudes sont actuellement en cours \u00e0 ce sujet. Le m\u00e9dicament est autoris\u00e9 en Suisse pour les patients de plus de 12 ans souffrant de rhinite allergique saisonni\u00e8re et de rhinoconjonctivite. Le m\u00e9dicament a montr\u00e9 une bonne tol\u00e9rance lors d&#8217;une utilisation \u00e0 long terme pendant un an. Un petit groupe de patients a pr\u00e9sent\u00e9 des troubles du go\u00fbt lors de l&#8217;utilisation du spray nasal. Il s&#8217;agit de l&#8217;effet secondaire le plus fr\u00e9quent (2,5%), suivi par les saignements de nez (1,2%), les maux de t\u00eate et la toux (1% chacun).<\/p>\n<p><em>Source : &#8220;Le rhume des foins &#8211; une maladie populaire sous-estim\u00e9e &#8211; un nouveau traitement donne de l&#8217;espoir !&#8221;, Conf\u00e9rence de presse MEDA, 19 mars 2014, Zurich<\/em><\/p>\n<p><em>DERMATOLOGIE PRATIQUE 2014 ; 24(3) : 47-48<\/em><\/p>\n","protected":false},"excerpt":{"rendered":"<p>Tout le monde n&#8217;aspire pas \u00e0 des journ\u00e9es ensoleill\u00e9es et chaudes d\u00e8s le printemps. Nombreux sont ceux qui souffrent du rhume des foins, une maladie populaire souvent sous-estim\u00e9e. Les patients&hellip;<\/p>\n","protected":false},"author":4,"featured_media":44855,"comment_status":"closed","ping_status":"","sticky":false,"template":"","format":"standard","meta":{"_acf_changed":false,"pmpro_default_level":"","cat_1_feature_home_top":false,"cat_2_editor_pick":false,"csco_eyebrow_text":"Nouvelle option th\u00e9rapeutique","footnotes":""},"category":[11349,11362,11535,11549],"tags":[12972,52323,24844,13461,44133,23020,13743,52329],"powerkit_post_featured":[],"class_list":["post-345073","post","type-post","status-publish","format-standard","has-post-thumbnail","category-allergologie-et-immunologie-clinique","category-dermatologie-et-venerologie","category-rapports-de-congres","category-rx-fr","tag-allergie-fr","tag-dymista-fr","tag-maux-de-tete-fr","tag-rhume-des-foins","tag-saignements-de-nez","tag-spray-nasal","tag-toux","tag-trouble-du-gout","pmpro-has-access"],"acf":[],"publishpress_future_action":{"enabled":false,"date":"2026-05-03 21:56:10","action":"change-status","newStatus":"draft","terms":[],"taxonomy":"category","extraData":[]},"publishpress_future_workflow_manual_trigger":{"enabledWorkflows":[]},"wpml_current_locale":"fr_FR","wpml_translations":{"it_IT":{"locale":"it_IT","id":345080,"slug":"febbre-da-fieno-una-nuova-speranza-contro-la-malattia-diffusa-e-sottovalutata","post_title":"Febbre da fieno: una nuova speranza contro la malattia diffusa e sottovalutata?","href":"https:\/\/medizinonline.com\/it\/febbre-da-fieno-una-nuova-speranza-contro-la-malattia-diffusa-e-sottovalutata\/"},"pt_PT":{"locale":"pt_PT","id":345086,"slug":"febre-do-feno-nova-esperanca-contra-a-doenca-subestimada-generalizada","post_title":"Febre do feno - nova esperan\u00e7a contra a doen\u00e7a subestimada generalizada?","href":"https:\/\/medizinonline.com\/pt-pt\/febre-do-feno-nova-esperanca-contra-a-doenca-subestimada-generalizada\/"},"es_ES":{"locale":"es_ES","id":345094,"slug":"fiebre-del-heno-nueva-esperanza-contra-la-subestimada-enfermedad-generalizada","post_title":"Fiebre del heno: \u00bfnueva esperanza contra la subestimada enfermedad generalizada?","href":"https:\/\/medizinonline.com\/es\/fiebre-del-heno-nueva-esperanza-contra-la-subestimada-enfermedad-generalizada\/"}},"_links":{"self":[{"href":"https:\/\/medizinonline.com\/fr\/wp-json\/wp\/v2\/posts\/345073","targetHints":{"allow":["GET"]}}],"collection":[{"href":"https:\/\/medizinonline.com\/fr\/wp-json\/wp\/v2\/posts"}],"about":[{"href":"https:\/\/medizinonline.com\/fr\/wp-json\/wp\/v2\/types\/post"}],"author":[{"embeddable":true,"href":"https:\/\/medizinonline.com\/fr\/wp-json\/wp\/v2\/users\/4"}],"replies":[{"embeddable":true,"href":"https:\/\/medizinonline.com\/fr\/wp-json\/wp\/v2\/comments?post=345073"}],"version-history":[{"count":0,"href":"https:\/\/medizinonline.com\/fr\/wp-json\/wp\/v2\/posts\/345073\/revisions"}],"wp:featuredmedia":[{"embeddable":true,"href":"https:\/\/medizinonline.com\/fr\/wp-json\/wp\/v2\/media\/44855"}],"wp:attachment":[{"href":"https:\/\/medizinonline.com\/fr\/wp-json\/wp\/v2\/media?parent=345073"}],"wp:term":[{"taxonomy":"category","embeddable":true,"href":"https:\/\/medizinonline.com\/fr\/wp-json\/wp\/v2\/category?post=345073"},{"taxonomy":"post_tag","embeddable":true,"href":"https:\/\/medizinonline.com\/fr\/wp-json\/wp\/v2\/tags?post=345073"},{"taxonomy":"powerkit_post_featured","embeddable":true,"href":"https:\/\/medizinonline.com\/fr\/wp-json\/wp\/v2\/powerkit_post_featured?post=345073"}],"curies":[{"name":"wp","href":"https:\/\/api.w.org\/{rel}","templated":true}]}}