{"id":345074,"date":"2014-06-13T00:00:00","date_gmt":"2014-06-12T22:00:00","guid":{"rendered":"https:\/\/medizinonline.com\/limmunotherapie-en-pratique-et-les-aspects-nutritionnels-de-lacne\/"},"modified":"2014-06-13T00:00:00","modified_gmt":"2014-06-12T22:00:00","slug":"limmunotherapie-en-pratique-et-les-aspects-nutritionnels-de-lacne","status":"publish","type":"post","link":"https:\/\/medizinonline.com\/fr\/limmunotherapie-en-pratique-et-les-aspects-nutritionnels-de-lacne\/","title":{"rendered":"L&#8217;immunoth\u00e9rapie en pratique et les aspects nutritionnels de l&#8217;acn\u00e9"},"content":{"rendered":"<p><strong>L&#8217;approche th\u00e9rapeutique des maladies allergiques repose sur trois principes : L&#8217;\u00e9viction ou l&#8217;\u00e9limination des allerg\u00e8nes est certes optimale, mais elle est complexe et, dans certains cas, peut s&#8217;av\u00e9rer co\u00fbteuse. La pharmacoth\u00e9rapie est utilisable de mani\u00e8re symptomatique et en combinaison. Enfin, l&#8217;immunoth\u00e9rapie est une approche causale, relativement co\u00fbteuse, men\u00e9e sur trois \u00e0 cinq ans et dont l&#8217;efficacit\u00e9 a \u00e9t\u00e9 d\u00e9montr\u00e9e \u00e0 plusieurs reprises dans de grandes \u00e9tudes contr\u00f4l\u00e9es. Cette derni\u00e8re \u00e9tait le th\u00e8me de la 3e DermAcademy \u00e0 B\u00e2le. En outre, les aspects nutritionnels de l&#8217;acn\u00e9 ont \u00e9t\u00e9 abord\u00e9s.<\/strong><\/p>\n<p> <!--more--> <\/p>\n<p><em>(ag) <\/em>Selon le professeur Andreas J. Bircher, m\u00e9decin-chef en allergologie \u00e0 l&#8217;H\u00f4pital universitaire de B\u00e2le, l&#8217;immunoth\u00e9rapie sp\u00e9cifique (SIT) est une sorte de &#8220;vaccin contre les allergies&#8221; qui peut \u00eatre appliqu\u00e9 soit par voie sous-cutan\u00e9e (SCIT), soit par voie sublinguale (SLIT), soit, de mani\u00e8re exp\u00e9rimentale, par voie intranodale ou topique-\u00e9pidermique. Il s&#8217;agit de l&#8217;un des trois piliers du concept de traitement des maladies allergiques <strong>(figure 1).<\/strong><\/p>\n<p><strong><img fetchpriority=\"high\" decoding=\"async\" class=\" size-full wp-image-4102\" src=\"https:\/\/medizinonline.com\/wp-content\/uploads\/2014\/06\/Abb1_DP3_s49.jpg_2255.jpg\" width=\"863\" height=\"756\" srcset=\"https:\/\/medizinonline.com\/wp-content\/uploads\/2014\/06\/Abb1_DP3_s49.jpg_2255.jpg 863w, https:\/\/medizinonline.com\/wp-content\/uploads\/2014\/06\/Abb1_DP3_s49.jpg_2255-800x701.jpg 800w, https:\/\/medizinonline.com\/wp-content\/uploads\/2014\/06\/Abb1_DP3_s49.jpg_2255-120x105.jpg 120w, https:\/\/medizinonline.com\/wp-content\/uploads\/2014\/06\/Abb1_DP3_s49.jpg_2255-90x79.jpg 90w, https:\/\/medizinonline.com\/wp-content\/uploads\/2014\/06\/Abb1_DP3_s49.jpg_2255-320x280.jpg 320w, https:\/\/medizinonline.com\/wp-content\/uploads\/2014\/06\/Abb1_DP3_s49.jpg_2255-560x491.jpg 560w\" sizes=\"(max-width: 863px) 100vw, 863px\" \/><\/strong><\/p>\n<h2 id=\"quels-sont-les-allergenes-majeurs-du-pollen\">Quels sont les allerg\u00e8nes majeurs du pollen ?<\/h2>\n<p>En principe, dans le domaine des polysensibilisations, on peut distinguer la sensibilisation crois\u00e9e de la co-sensibilisation. Bet v1 est un allerg\u00e8ne majeur pour les co-sensibilisations (prot\u00e9ines PR 10), tandis que Bet v2 est un allerg\u00e8ne majeur pour les sensibilisations crois\u00e9es (profilines).<br \/>\nLes conditions pr\u00e9alables \u00e0 l&#8217;immunoth\u00e9rapie sont<\/p>\n<ul>\n<li>allerg\u00e8nes ubiquitaires, non \u00e9vitables<\/li>\n<li>preuve \u00e9vidente de sensibilisation<\/li>\n<li>D\u00e9monstration de la pertinence clinique.<\/li>\n<\/ul>\n<p>Les allerg\u00e8nes appropri\u00e9s pour les extraits \u00e0 haute dose avec les allerg\u00e8nes principaux sont, pour le pollen, les gramin\u00e9es seigle, bouleau, aulne, noisetier, fr\u00eane, h\u00eatre, ch\u00eane, armoise, plantain et ambroisie, pour les acariens D. pteronyssinus et D. farinae, pour les \u00e9pith\u00e9liums d&#8217;animaux le chat et pour les venins d&#8217;hym\u00e9nopt\u00e8res le venin d&#8217;abeille et de gu\u00eape.<\/p>\n<p>En ce qui concerne les extraits et la composition, il convient d&#8217;utiliser au maximum deux \u00e0 trois extraits d&#8217;allerg\u00e8nes diff\u00e9rents et un m\u00e9lange uniquement d&#8217;allerg\u00e8nes \u00e0 r\u00e9action crois\u00e9e, et non d&#8217;allerg\u00e8nes saisonniers ou perannuels diff\u00e9rents. De m\u00eame, il faut \u00e9viter les m\u00e9langes d&#8217;acariens et de poils d&#8217;animaux\/moisissures, ainsi que de pollen et de moisissures (d\u00e9gradation enzymatique). Il faut viser une teneur \u00e9lev\u00e9e en allerg\u00e8nes majeurs et administrer plusieurs extraits s\u00e9par\u00e9ment dans chaque bras.<\/p>\n<h2 id=\"quand-utiliser-limmunotherapie\">Quand utiliser l&#8217;immunoth\u00e9rapie ?<\/h2>\n<p>Pour que la forme sous-cutan\u00e9e soit efficace, il est essentiel que l&#8217;allergie au pollen soit pr\u00e9dominante, que le spectre des allerg\u00e8nes soit \u00e9troit et que la dur\u00e9e de la maladie soit courte. L&#8217;atteinte r\u00e9versible des voies respiratoires inf\u00e9rieures, le jeune \u00e2ge et le traitement tout au long de l&#8217;ann\u00e9e sont \u00e9galement des facteurs pr\u00e9dictifs de succ\u00e8s. &#8220;L&#8217;indication <strong>(tableau 1) <\/strong>doit \u00eatre pos\u00e9e par un m\u00e9decin form\u00e9 ou un sp\u00e9cialiste en allergologie. Les allerg\u00e8nes pertinents doivent \u00eatre document\u00e9s et les extraits d&#8217;allerg\u00e8nes doivent \u00eatre s\u00e9lectionn\u00e9s (composition des allerg\u00e8nes)&#8221;, conseille le professeur Bircher.<\/p>\n<p><img decoding=\"async\" class=\"size-full wp-image-4103 lazyload\" data-src=\"https:\/\/medizinonline.com\/wp-content\/uploads\/2014\/06\/Tab1_DP3_s50.jpg_2253.jpg\" width=\"866\" height=\"1141\" data-srcset=\"https:\/\/medizinonline.com\/wp-content\/uploads\/2014\/06\/Tab1_DP3_s50.jpg_2253.jpg 866w, https:\/\/medizinonline.com\/wp-content\/uploads\/2014\/06\/Tab1_DP3_s50.jpg_2253-800x1054.jpg 800w, https:\/\/medizinonline.com\/wp-content\/uploads\/2014\/06\/Tab1_DP3_s50.jpg_2253-120x158.jpg 120w, https:\/\/medizinonline.com\/wp-content\/uploads\/2014\/06\/Tab1_DP3_s50.jpg_2253-90x120.jpg 90w, https:\/\/medizinonline.com\/wp-content\/uploads\/2014\/06\/Tab1_DP3_s50.jpg_2253-320x422.jpg 320w, https:\/\/medizinonline.com\/wp-content\/uploads\/2014\/06\/Tab1_DP3_s50.jpg_2253-560x738.jpg 560w\" data-sizes=\"(max-width: 866px) 100vw, 866px\" src=\"data:image\/svg+xml;base64,PHN2ZyB3aWR0aD0iMSIgaGVpZ2h0PSIxIiB4bWxucz0iaHR0cDovL3d3dy53My5vcmcvMjAwMC9zdmciPjwvc3ZnPg==\" style=\"--smush-placeholder-width: 866px; --smush-placeholder-aspect-ratio: 866\/1141;\" \/><\/p>\n<p>Le choix de la proc\u00e9dure est crucial : quel type d&#8217;application utiliser (sous-cutan\u00e9e, sublinguale) ? Suivre des sch\u00e9mas pr\u00e9saisonniers, cosaisonniers ou p\u00e9rennes ? Choisit-on des proc\u00e9dures lentes, en grappes ou rapides (Ultrarush en cas d&#8217;allergie au venin d&#8217;abeille ou de gu\u00eape) ?<\/p>\n<h2 id=\"phases-et-schemas\">Phases et sch\u00e9mas<\/h2>\n<p>La phase d&#8217;initiation dure de quelques semaines \u00e0 quelques mois, la phase de maintien de trois \u00e0 cinq ans. La SCIT peut \u00eatre r\u00e9alis\u00e9e au moyen des sch\u00e9mas suivants :<\/p>\n<ul>\n<li>Pr\u00e9-saisonnier : court (6-8 injections) ou long (12-18 injections)<\/li>\n<li>Perennial constant : introduction (12-18 injections), entretien (1\u00d7\/mois)<\/li>\n<li>R\u00e9duction de la dose en p\u00e9riode p\u00e9renne : Maintien (1\u00d7\/mois), r\u00e9duction de dose co-saisonni\u00e8re (souvent recommand\u00e9e selon le Pr Bircher).<\/li>\n<\/ul>\n<p>&#8220;Dans tous les cas, il faut toujours demander au patient s&#8217;il pr\u00e9sente des sympt\u00f4mes allergiques et g\u00e9n\u00e9raux ou s&#8217;il a bien support\u00e9 la derni\u00e8re injection. \u00c9galement important : de nouveaux m\u00e9dicaments sont-ils pris, des vaccinations ont-elles eu lieu ? Il doit y avoir un intervalle d&#8217;au moins une semaine entre une injection SCIT et une vaccination programm\u00e9e avec un vaccin vivant. Les vaccinations imm\u00e9diatement n\u00e9cessaires sont possibles \u00e0 tout moment, la SCIT peut \u00eatre poursuivie conform\u00e9ment \u00e0 l&#8217;information professionnelle ou apr\u00e8s deux semaines avec la derni\u00e8re dose administr\u00e9e. Les facteurs d&#8217;augmentation tels que l&#8217;alcool, l&#8217;effort physique, le sport intensif, le sauna, etc. doivent \u00eatre \u00e9vit\u00e9s juste avant l&#8217;injection et pendant le reste de la journ\u00e9e&#8221;, a expliqu\u00e9 le professeur Bircher en ce qui concerne la r\u00e9alisation de la SCIT.<strong>  (tableau 2).<\/strong>  &#8220;En cas d&#8217;infection, il convient de noter ce qui suit : Ne pas d\u00e9sensibiliser pendant la phase aigu\u00eb de l&#8217;infection. Si cela entra\u00eene un intervalle plus long, il faut \u00e9ventuellement adapter la dose. En cas d&#8217;exacerbation infectieuse d&#8217;un asthme bronchique, il faut en outre imp\u00e9rativement viser une stabilisation rapide avant de reprendre la d\u00e9sensibilisation&#8221;. La grossesse est une contre-indication \u00e0 l&#8217;initiation de l&#8217;immunoth\u00e9rapie.<\/p>\n<p><img decoding=\"async\" class=\"size-full wp-image-4104 lazyload\" data-src=\"https:\/\/medizinonline.com\/wp-content\/uploads\/2014\/06\/Tab2_DP3_s50.jpg_2254.jpg\" width=\"899\" height=\"640\" data-srcset=\"https:\/\/medizinonline.com\/wp-content\/uploads\/2014\/06\/Tab2_DP3_s50.jpg_2254.jpg 899w, https:\/\/medizinonline.com\/wp-content\/uploads\/2014\/06\/Tab2_DP3_s50.jpg_2254-800x570.jpg 800w, https:\/\/medizinonline.com\/wp-content\/uploads\/2014\/06\/Tab2_DP3_s50.jpg_2254-120x85.jpg 120w, https:\/\/medizinonline.com\/wp-content\/uploads\/2014\/06\/Tab2_DP3_s50.jpg_2254-90x64.jpg 90w, https:\/\/medizinonline.com\/wp-content\/uploads\/2014\/06\/Tab2_DP3_s50.jpg_2254-320x228.jpg 320w, https:\/\/medizinonline.com\/wp-content\/uploads\/2014\/06\/Tab2_DP3_s50.jpg_2254-560x399.jpg 560w\" data-sizes=\"(max-width: 899px) 100vw, 899px\" src=\"data:image\/svg+xml;base64,PHN2ZyB3aWR0aD0iMSIgaGVpZ2h0PSIxIiB4bWxucz0iaHR0cDovL3d3dy53My5vcmcvMjAwMC9zdmciPjwvc3ZnPg==\" style=\"--smush-placeholder-width: 899px; --smush-placeholder-aspect-ratio: 899\/640;\" \/><\/p>\n<h2 id=\"particularites-de-la-slit\">Particularit\u00e9s de la SLIT<\/h2>\n<p>Dans tous les cas, le SLIT doit \u00eatre interrompu en cas d&#8217;infection f\u00e9brile, en particulier au niveau des voies respiratoires (asthme), et suspendu en cas de blessure ou d&#8217;inflammation aigu\u00eb de la bouche\/du pharynx, d&#8217;intervention chirurgicale majeure dans la cavit\u00e9 buccale, de gastroent\u00e9rite aigu\u00eb, d&#8217;exacerbation de l&#8217;asthme et de vaccination. Si deux extraits sont utilis\u00e9s, l&#8217;application doit avoir lieu \u00e0 des moments diff\u00e9rents de la journ\u00e9e.<\/p>\n<h2 id=\"aspects-nutritionnels-de-lacne\">Aspects nutritionnels de l&#8217;acn\u00e9<\/h2>\n<p>&#8220;Le pal\u00e9olithique, et donc le mode de vie sauvage, a pris fin il y a environ 20 000 \u00e0 12 000 ans. A cette \u00e9poque, on ne consommait ni produits laitiers ni c\u00e9r\u00e9ales et le taux d&#8217;insuline basal \u00e9tait environ 50% plus bas. Le n\u00e9olithique marque ensuite la transition compl\u00e8te d&#8217;une culture de chasseurs-cueilleurs vers une agriculture s\u00e9dentaire avec domestication des animaux et culture. C&#8217;est l\u00e0 que le style alimentaire occidental actuel trouve son origine. Il se caract\u00e9rise par une consommation \u00e9lev\u00e9e de sucre, de produits c\u00e9r\u00e9aliers hyperinsulinotropes, de lait et de produits laitiers&#8221;, a expliqu\u00e9 le PD Dr Peter H\u00e4usermann, dermatologue \u00e0 l&#8217;H\u00f4pital universitaire de B\u00e2le. &#8220;Des \u00e9tudes r\u00e9centes confirment la corr\u00e9lation entre l&#8217;acn\u00e9 et l&#8217;augmentation de l&#8217;IMC ainsi que la r\u00e9sistance \u00e0 l&#8217;insuline&#8221;.<\/p>\n<p>La kinase mTORC1, sensible \u00e0 la nourriture et aux facteurs de croissance, joue un r\u00f4le d\u00e9cisif dans ce processus : en cas de charge glyc\u00e9mique \u00e9lev\u00e9e et de consommation de prot\u00e9ines laiti\u00e8res, l&#8217;activation de la mTORC1 est renforc\u00e9e. Des \u00e9tudes ont pu confirmer ce lien et une moindre manifestation de l&#8217;acn\u00e9 en cas de r\u00e9duction de la charge glyc\u00e9mique et de la consommation de lait [1,2]. &#8220;Le r\u00e9gime alimentaire occidental, avec sa charge glyc\u00e9mique \u00e9lev\u00e9e plus les prot\u00e9ines laiti\u00e8res, augmente la transduction du signal insuline\/IGF-1 et exag\u00e8re ainsi les signaux IGF-1 li\u00e9s \u00e0 la pubert\u00e9 de l&#8217;activation mTORC1&#8221;, a conclu le Dr H\u00e4usermann.<\/p>\n<h2 id=\"regime-paleolithique\">R\u00e9gime pal\u00e9olithique<\/h2>\n<p>En conclusion, l&#8217;acn\u00e9 est une maladie de civilisation, au moins en partie conditionn\u00e9e par l&#8217;alimentation, et qui montre une association avec l&#8217;IMC, l&#8217;ob\u00e9sit\u00e9, la r\u00e9sistance \u00e0 l&#8217;insuline, un risque accru de diab\u00e8te et de cancer de la prostate.<\/p>\n<p>Un r\u00e9gime \u00e0 dominante pal\u00e9olithique peut donc \u00eatre utile en cas d&#8217;acn\u00e9 : Il faut r\u00e9duire les glucides \u00e0 index glyc\u00e9mique (IG) \u00e9lev\u00e9 et \u00e0 charge glyc\u00e9mique \u00e9lev\u00e9e, les sucreries, les boissons gazeuses sucr\u00e9es, le pain blanc, le chocolat au lait entier, les yaourts, le lait de toutes les cat\u00e9gories de graisse, etc. Les glucides \u00e0 IG et charge glyc\u00e9mique faibles, le pain complet, les l\u00e9gumes, les salades, les fruits, le chocolat amer et le poisson sont par exemple recommand\u00e9s. &#8220;Des \u00e9tudes contr\u00f4l\u00e9es par placebo ont d\u00e9montr\u00e9 l&#8217;efficacit\u00e9 d&#8217;un r\u00e9gime pal\u00e9olithique contre l&#8217;acn\u00e9&#8221;, conclut le Dr H\u00e4usermann.<\/p>\n<p>En revanche, certaines formes particuli\u00e8res d&#8217;acn\u00e9 (acn\u00e9 st\u00e9ro\u00efde, acn\u00e9 chlorique et acn\u00e9 cosm\u00e9tique) n&#8217;ont pas de lien avec l&#8217;alimentation, mais leur aspect clinique ne permet pas de les distinguer de l&#8217;acn\u00e9 classique.<\/p>\n<p><em>Source : 3\u00e8me DermAcademy 2014, 13 f\u00e9vrier 2014, B\u00e2le<\/em><\/p>\n<h3 id=\"litterature\">Litt\u00e9rature :<\/h3>\n<ol>\n<li>Smith RN, et al : A low-glycemic-load diet improves symptoms in acne vulgaris patients : a randomized controlled trial. Am J Clin Nutr 2007 ; 86 (1) : 107-115.<\/li>\n<li>Di Landro A, et al : Family history, body mass index, selected dietary factors, menstrual history, and risk of moderate to severe acne in adolescents and young adults. J Am Acad Dermatol 2012 Dec ; 67(6) : 1129-1135. doi : 10.1016\/j.jaad.2012.02.018. Epub 2012 Mar 3.<\/li>\n<\/ol>\n<p><em>DERMATOLOGIE PRATIQUE 2014 ; 24(3) : 49-51<\/em><\/p>\n","protected":false},"excerpt":{"rendered":"<p>L&#8217;approche th\u00e9rapeutique des maladies allergiques repose sur trois principes : L&#8217;\u00e9viction ou l&#8217;\u00e9limination des allerg\u00e8nes est certes optimale, mais elle est complexe et, dans certains cas, peut s&#8217;av\u00e9rer co\u00fbteuse. La&hellip;<\/p>\n","protected":false},"author":4,"featured_media":44870,"comment_status":"closed","ping_status":"","sticky":false,"template":"","format":"standard","meta":{"_acf_changed":false,"pmpro_default_level":"","cat_1_feature_home_top":false,"cat_2_editor_pick":false,"csco_eyebrow_text":"3\u00e8me DermAcademy 2014","footnotes":""},"category":[11349,11362,11428,11410,11535,11549],"tags":[14429,52332,12338,52355,13586,38991,52349,52340,13463,39308,13469],"powerkit_post_featured":[],"class_list":["post-345074","post","type-post","status-publish","format-standard","has-post-thumbnail","category-allergologie-et-immunologie-clinique","category-dermatologie-et-venerologie","category-infectiologie","category-nutrition-fr","category-rapports-de-congres","category-rx-fr","tag-acne","tag-allergene-principal","tag-asthme","tag-dermacademy-fr","tag-immunotherapie-fr","tag-pollen-fr","tag-pr-10-proteine","tag-profiline-fr","tag-scit-fr","tag-sit-fr","tag-slit-fr","pmpro-has-access"],"acf":[],"publishpress_future_action":{"enabled":false,"date":"2026-05-05 23:12:45","action":"change-status","newStatus":"draft","terms":[],"taxonomy":"category","extraData":[]},"publishpress_future_workflow_manual_trigger":{"enabledWorkflows":[]},"wpml_current_locale":"fr_FR","wpml_translations":{"it_IT":{"locale":"it_IT","id":345088,"slug":"limmunoterapia-nella-pratica-e-gli-aspetti-nutrizionali-dellacne","post_title":"L'immunoterapia nella pratica e gli aspetti nutrizionali dell'acne","href":"https:\/\/medizinonline.com\/it\/limmunoterapia-nella-pratica-e-gli-aspetti-nutrizionali-dellacne\/"},"pt_PT":{"locale":"pt_PT","id":345099,"slug":"imunoterapia-na-pratica-e-aspectos-nutricionais-da-acne","post_title":"Imunoterapia na pr\u00e1tica e aspectos nutricionais da acne","href":"https:\/\/medizinonline.com\/pt-pt\/imunoterapia-na-pratica-e-aspectos-nutricionais-da-acne\/"},"es_ES":{"locale":"es_ES","id":345102,"slug":"inmunoterapia-en-la-practica-y-aspectos-nutricionales-del-acne","post_title":"Inmunoterapia en la pr\u00e1ctica y aspectos nutricionales del acn\u00e9","href":"https:\/\/medizinonline.com\/es\/inmunoterapia-en-la-practica-y-aspectos-nutricionales-del-acne\/"}},"_links":{"self":[{"href":"https:\/\/medizinonline.com\/fr\/wp-json\/wp\/v2\/posts\/345074","targetHints":{"allow":["GET"]}}],"collection":[{"href":"https:\/\/medizinonline.com\/fr\/wp-json\/wp\/v2\/posts"}],"about":[{"href":"https:\/\/medizinonline.com\/fr\/wp-json\/wp\/v2\/types\/post"}],"author":[{"embeddable":true,"href":"https:\/\/medizinonline.com\/fr\/wp-json\/wp\/v2\/users\/4"}],"replies":[{"embeddable":true,"href":"https:\/\/medizinonline.com\/fr\/wp-json\/wp\/v2\/comments?post=345074"}],"version-history":[{"count":0,"href":"https:\/\/medizinonline.com\/fr\/wp-json\/wp\/v2\/posts\/345074\/revisions"}],"wp:featuredmedia":[{"embeddable":true,"href":"https:\/\/medizinonline.com\/fr\/wp-json\/wp\/v2\/media\/44870"}],"wp:attachment":[{"href":"https:\/\/medizinonline.com\/fr\/wp-json\/wp\/v2\/media?parent=345074"}],"wp:term":[{"taxonomy":"category","embeddable":true,"href":"https:\/\/medizinonline.com\/fr\/wp-json\/wp\/v2\/category?post=345074"},{"taxonomy":"post_tag","embeddable":true,"href":"https:\/\/medizinonline.com\/fr\/wp-json\/wp\/v2\/tags?post=345074"},{"taxonomy":"powerkit_post_featured","embeddable":true,"href":"https:\/\/medizinonline.com\/fr\/wp-json\/wp\/v2\/powerkit_post_featured?post=345074"}],"curies":[{"name":"wp","href":"https:\/\/api.w.org\/{rel}","templated":true}]}}