{"id":345123,"date":"2014-06-12T00:00:00","date_gmt":"2014-06-11T22:00:00","guid":{"rendered":"https:\/\/medizinonline.com\/le-pour-et-le-contre-dun-traitement-anti-angiogenique-en-premiere-intention\/"},"modified":"2014-06-12T00:00:00","modified_gmt":"2014-06-11T22:00:00","slug":"le-pour-et-le-contre-dun-traitement-anti-angiogenique-en-premiere-intention","status":"publish","type":"post","link":"https:\/\/medizinonline.com\/fr\/le-pour-et-le-contre-dun-traitement-anti-angiogenique-en-premiere-intention\/","title":{"rendered":"Le pour et le contre d&#8217;un traitement anti-angiog\u00e9nique en premi\u00e8re intention"},"content":{"rendered":"<p><strong>Lors d&#8217;une formation DESO \u00e0 Saint-Gall, le professeur Volker Heinemann, Munich, et le professeur Werner Scheithauer, Vienne, ont men\u00e9 une discussion sur l&#8217;utilisation des th\u00e9rapies anti-angiog\u00e9niques Firstline. L&#8217;\u00e2ge \u00e9lev\u00e9 au moment du diagnostic (80-84 ans apr\u00e8s le diagnostic)<\/strong><strong>  Le suivi de l&#8217;\u00e9volution des cancers colorectaux (mCRC) dans le registre n\u00e9erlandais des cancers est un aspect important de cette question.<\/strong><\/p>\n<p> <!--more--> <\/p>\n<p><em>(dk)<\/em>  L&#8217;\u00e9tude FIRE-3 fournit des arguments importants dans la question d&#8217;un traitement antiangiog\u00e9nique de premi\u00e8re ligne du cancer du c\u00f4lon m\u00e9tastatique (mCRC), m\u00eame si les donn\u00e9es ne sont pas encore suffisamment solides pour entra\u00eener un changement dans la pratique clinique.<\/p>\n<p>Volker Heinemann, Munich, a soulign\u00e9 l&#8217;importance du test de mutation KRAS en pathologie mol\u00e9culaire, qui constitue la principale innovation dans le traitement du cancer colorectal m\u00e9tastatique. Ainsi, des analyses r\u00e9centes ont confirm\u00e9 que les patients atteints de cancer colorectal avec des m\u00e9tastases ont un net avantage de survie lorsque leurs cellules tumorales contiennent un g\u00e8ne RAS de type sauvage sans modification g\u00e9n\u00e9tique et qu&#8217;ils re\u00e7oivent un traitement anti-EGFR en plus de la chimioth\u00e9rapie. &#8220;FIRE-3 compare un traitement qui inhibe la formation de vaisseaux associ\u00e9s \u00e0 la tumeur avec un traitement anti-EGFR qui emp\u00eache la croissance incontr\u00f4l\u00e9e des cellules dans la tumeur&#8221;, a expliqu\u00e9 le professeur Heinemann en sa qualit\u00e9 de responsable de l&#8217;\u00e9tude au Comprehensive Cancer Center de l&#8217;universit\u00e9 Ludwig-Maximilian de Munich. Le r\u00e9sultat du test KRAS doit \u00eatre pris en compte lors de la d\u00e9cision d&#8217;un traitement de premi\u00e8re ligne chez tout patient atteint d&#8217;un cancer colorectal m\u00e9tastas\u00e9. Les r\u00e9sultats de l&#8217;\u00e9tude FIRE-3 sont encourageants pour les patients ayant le statut de RAS sauvage, alors qu&#8217;ils sont beaucoup plus incertains pour les patients ayant une mutation du RAS. Cela concerne tout de m\u00eame 50% de tous les patients atteints d&#8217;un cancer colorectal m\u00e9tastas\u00e9, selon le professeur Heinemann. C&#8217;est pourquoi d&#8217;autres \u00e9tudes sont n\u00e9cessaires pour parvenir \u00e0 un traitement optimal. Il a \u00e9galement soulign\u00e9 l&#8217;importance du traitement de premi\u00e8re ligne, dont la r\u00e9ponse est d\u00e9terminante pour la survie globale. Il pr\u00e9conise donc d&#8217;administrer directement le cetuximab aux patients de type sauvage.<\/p>\n<p><img fetchpriority=\"high\" decoding=\"async\" class=\" size-full wp-image-4012\" src=\"https:\/\/medizinonline.com\/wp-content\/uploads\/2014\/06\/Heinemann-Scheithauer_OH5_s35.png_2202.png\" width=\"873\" height=\"792\" srcset=\"https:\/\/medizinonline.com\/wp-content\/uploads\/2014\/06\/Heinemann-Scheithauer_OH5_s35.png_2202.png 873w, https:\/\/medizinonline.com\/wp-content\/uploads\/2014\/06\/Heinemann-Scheithauer_OH5_s35.png_2202-800x726.png 800w, https:\/\/medizinonline.com\/wp-content\/uploads\/2014\/06\/Heinemann-Scheithauer_OH5_s35.png_2202-120x109.png 120w, https:\/\/medizinonline.com\/wp-content\/uploads\/2014\/06\/Heinemann-Scheithauer_OH5_s35.png_2202-90x82.png 90w, https:\/\/medizinonline.com\/wp-content\/uploads\/2014\/06\/Heinemann-Scheithauer_OH5_s35.png_2202-320x290.png 320w, https:\/\/medizinonline.com\/wp-content\/uploads\/2014\/06\/Heinemann-Scheithauer_OH5_s35.png_2202-560x508.png 560w\" sizes=\"(max-width: 873px) 100vw, 873px\" \/><\/p>\n<p>Werner Scheithauer, Vienne, a d\u00e9clar\u00e9 : &#8220;En cas de diss\u00e9mination de la maladie, de maladie indolente et de patients \u00e2g\u00e9s souffrant de comorbidit\u00e9s, le traitement s\u00e9quentiel par FU \u00b1 bevacizumab devrait \u00eatre privil\u00e9gi\u00e9&#8221;. Parall\u00e8lement, il souhaite qu&#8217;une \u00e9tude randomis\u00e9e de phase III soit men\u00e9e chez les patients RAS de type sauvage (standard vs. X + cetuximab). Dans le cas du mCRC \u00b1 RAS de type sauvage, le bevacizumab, en tant qu&#8217;agent biologique de premi\u00e8re ligne, pr\u00e9sente un certain nombre d&#8217;avantages <strong>(tableau 1), <\/strong>si l&#8217;objectif th\u00e9rapeutique primaire est un downsizing ou au moins l&#8217;arr\u00eat de la progression.<\/p>\n<p><img decoding=\"async\" class=\"size-full wp-image-4013 lazyload\" data-src=\"https:\/\/medizinonline.com\/wp-content\/uploads\/2014\/06\/Tab1_OH5_s36.jpg_2203.jpg\" width=\"1100\" height=\"384\" data-srcset=\"https:\/\/medizinonline.com\/wp-content\/uploads\/2014\/06\/Tab1_OH5_s36.jpg_2203.jpg 1100w, https:\/\/medizinonline.com\/wp-content\/uploads\/2014\/06\/Tab1_OH5_s36.jpg_2203-800x279.jpg 800w, https:\/\/medizinonline.com\/wp-content\/uploads\/2014\/06\/Tab1_OH5_s36.jpg_2203-120x42.jpg 120w, https:\/\/medizinonline.com\/wp-content\/uploads\/2014\/06\/Tab1_OH5_s36.jpg_2203-90x31.jpg 90w, https:\/\/medizinonline.com\/wp-content\/uploads\/2014\/06\/Tab1_OH5_s36.jpg_2203-320x112.jpg 320w, https:\/\/medizinonline.com\/wp-content\/uploads\/2014\/06\/Tab1_OH5_s36.jpg_2203-560x195.jpg 560w\" data-sizes=\"(max-width: 1100px) 100vw, 1100px\" src=\"data:image\/svg+xml;base64,PHN2ZyB3aWR0aD0iMSIgaGVpZ2h0PSIxIiB4bWxucz0iaHR0cDovL3d3dy53My5vcmcvMjAwMC9zdmciPjwvc3ZnPg==\" style=\"--smush-placeholder-width: 1100px; --smush-placeholder-aspect-ratio: 1100\/384;\" \/><\/p>\n<p>Selon le professeur Scheithauer, les donn\u00e9es FIRE-3 n&#8217;ont pas encore le poids n\u00e9cessaire pour changer les pratiques cliniques actuelles. Trop de questions restent sans r\u00e9ponse, comme celle du biais, du hasard et de la r\u00e9alit\u00e9 clinique. Les donn\u00e9es de CALGB-80405 pourraient r\u00e9pondre \u00e0 certaines questions. Dans le cas d&#8217;une r\u00e9ponse positive, le professeur Scheithauer donnerait \u00e9galement son accord pour que tous les mutants RAS exclus soient trait\u00e9s par un anti-EGFR.<\/p>\n<p><em>Source : 24e cours de formation continue des m\u00e9decins en oncologie clinique, 20-22 f\u00e9vrier 2014, Saint-Gall<\/em><\/p>\n<p><em>InFo Oncologie &amp; H\u00e9matologie 2014 ; 2(5) : 35-36<\/em><\/p>\n","protected":false},"excerpt":{"rendered":"<p>Lors d&#8217;une formation DESO \u00e0 Saint-Gall, le professeur Volker Heinemann, Munich, et le professeur Werner Scheithauer, Vienne, ont men\u00e9 une discussion sur l&#8217;utilisation des th\u00e9rapies anti-angiog\u00e9niques Firstline. L&#8217;\u00e2ge \u00e9lev\u00e9 au&hellip;<\/p>\n","protected":false},"author":4,"featured_media":44490,"comment_status":"closed","ping_status":"","sticky":false,"template":"","format":"standard","meta":{"_acf_changed":false,"pmpro_default_level":"","cat_1_feature_home_top":false,"cat_2_editor_pick":false,"csco_eyebrow_text":"\u00c9cole europ\u00e9enne d'oncologie germanophone \u00e0 Saint-Gall","footnotes":""},"category":[11414,11389,11535,11549],"tags":[11571,52533,46777,52537,52525],"powerkit_post_featured":[],"class_list":["post-345123","post","type-post","status-publish","format-standard","has-post-thumbnail","category-gastro-enterologie-et-hepatologie","category-oncologie","category-rapports-de-congres","category-rx-fr","tag-cancer-du-colon","tag-deso-fr","tag-fire-3-fr","tag-test-kras","tag-type-de-gibier-ras","pmpro-has-access"],"acf":[],"publishpress_future_action":{"enabled":false,"date":"2026-05-06 18:46:42","action":"change-status","newStatus":"draft","terms":[],"taxonomy":"category","extraData":[]},"publishpress_future_workflow_manual_trigger":{"enabledWorkflows":[]},"wpml_current_locale":"fr_FR","wpml_translations":{"it_IT":{"locale":"it_IT","id":345135,"slug":"i-pro-e-i-contro-della-terapia-anti-angiogenica-nel-trattamento-di-prima-linea","post_title":"I pro e i contro della terapia anti-angiogenica nel trattamento di prima linea","href":"https:\/\/medizinonline.com\/it\/i-pro-e-i-contro-della-terapia-anti-angiogenica-nel-trattamento-di-prima-linea\/"},"pt_PT":{"locale":"pt_PT","id":345144,"slug":"os-pros-e-contras-da-terapia-anti-angiogenica-no-tratamento-de-primeira-linha","post_title":"Os pr\u00f3s e contras da terapia anti-angiog\u00e9nica no tratamento de primeira linha","href":"https:\/\/medizinonline.com\/pt-pt\/os-pros-e-contras-da-terapia-anti-angiogenica-no-tratamento-de-primeira-linha\/"},"es_ES":{"locale":"es_ES","id":345151,"slug":"los-pros-y-los-contras-de-la-terapia-antiangiogenica-en-el-tratamiento-de-primera-linea","post_title":"Los pros y los contras de la terapia antiangiog\u00e9nica en el tratamiento de primera l\u00ednea","href":"https:\/\/medizinonline.com\/es\/los-pros-y-los-contras-de-la-terapia-antiangiogenica-en-el-tratamiento-de-primera-linea\/"}},"_links":{"self":[{"href":"https:\/\/medizinonline.com\/fr\/wp-json\/wp\/v2\/posts\/345123","targetHints":{"allow":["GET"]}}],"collection":[{"href":"https:\/\/medizinonline.com\/fr\/wp-json\/wp\/v2\/posts"}],"about":[{"href":"https:\/\/medizinonline.com\/fr\/wp-json\/wp\/v2\/types\/post"}],"author":[{"embeddable":true,"href":"https:\/\/medizinonline.com\/fr\/wp-json\/wp\/v2\/users\/4"}],"replies":[{"embeddable":true,"href":"https:\/\/medizinonline.com\/fr\/wp-json\/wp\/v2\/comments?post=345123"}],"version-history":[{"count":0,"href":"https:\/\/medizinonline.com\/fr\/wp-json\/wp\/v2\/posts\/345123\/revisions"}],"wp:featuredmedia":[{"embeddable":true,"href":"https:\/\/medizinonline.com\/fr\/wp-json\/wp\/v2\/media\/44490"}],"wp:attachment":[{"href":"https:\/\/medizinonline.com\/fr\/wp-json\/wp\/v2\/media?parent=345123"}],"wp:term":[{"taxonomy":"category","embeddable":true,"href":"https:\/\/medizinonline.com\/fr\/wp-json\/wp\/v2\/category?post=345123"},{"taxonomy":"post_tag","embeddable":true,"href":"https:\/\/medizinonline.com\/fr\/wp-json\/wp\/v2\/tags?post=345123"},{"taxonomy":"powerkit_post_featured","embeddable":true,"href":"https:\/\/medizinonline.com\/fr\/wp-json\/wp\/v2\/powerkit_post_featured?post=345123"}],"curies":[{"name":"wp","href":"https:\/\/api.w.org\/{rel}","templated":true}]}}