{"id":345446,"date":"2014-06-05T00:00:00","date_gmt":"2014-06-04T22:00:00","guid":{"rendered":"https:\/\/medizinonline.com\/infections-virales-et-toux-pas-seulement-en-hiver\/"},"modified":"2014-06-05T00:00:00","modified_gmt":"2014-06-04T22:00:00","slug":"infections-virales-et-toux-pas-seulement-en-hiver","status":"publish","type":"post","link":"https:\/\/medizinonline.com\/fr\/infections-virales-et-toux-pas-seulement-en-hiver\/","title":{"rendered":"Infections virales et toux &#8211; pas seulement en hiver !"},"content":{"rendered":"<p><strong>Le corps tout entier est affaibli, des douleurs se font sentir dans le dos et les extr\u00e9mit\u00e9s, la temp\u00e9rature est \u00e9lev\u00e9e, le nez coule et une toux aboyante vous incommode. L&#8217;environnement en souffre \u00e9galement. Un ph\u00e9nom\u00e8ne typique de la saison froide et humide de l&#8217;hiver ? Certes, la plupart des infections grippales accompagn\u00e9es d&#8217;une toux g\u00eanante surviennent pendant la saison froide. Mais pas seulement !<\/strong><\/p>\n<p> <!--more--> <\/p>\n<p>Plus de personnes qu&#8217;on ne le pense sont souvent, voire pr\u00e9f\u00e9rentiellement, touch\u00e9es par un \u00e9tat grippal en \u00e9t\u00e9. En effet, celle-ci n&#8217;est pas seulement due \u00e0 l&#8217;humidit\u00e9 et au froid, mais \u00e9galement aux diff\u00e9rences de temp\u00e9rature, comme cela peut arriver en \u00e9t\u00e9. La journ\u00e9e, il fait bon, on est l\u00e9g\u00e8rement v\u00eatu, et le soir, une averse se pr\u00e9sente avec une baisse sensible de la temp\u00e9rature. Et voil\u00e0 que le rhume s&#8217;installe et que l&#8217;on se met \u00e0 tousser.<\/p>\n<h2 id=\"toux\">Toux<\/h2>\n<p>En cas de toux, on pense en premier lieu aux antitussifs dextrom\u00e9thorphane et cod\u00e9ine, ou \u00e0 l&#8217;ac\u00e9tylcyst\u00e9ine en cas de toux grasse, o\u00f9 le mucus \u00e9pais doit \u00eatre fluidifi\u00e9 et expector\u00e9.<\/p>\n<p>Mais la nature met \u00e9galement \u00e0 notre disposition des plantes m\u00e9dicinales qui nous permettent de lutter tr\u00e8s efficacement contre la toux, que ce soit en hiver ou en \u00e9t\u00e9, sans devoir recourir imm\u00e9diatement aux pr\u00e9parations synth\u00e9tiques standard. Il s&#8217;agit notamment du thym (Thymus vulgaris), de la primev\u00e8re (Primula veris), du lierre (Hedera helix), et d&#8217;autres plantes m\u00e9dicinales <strong>(tableau 1).<\/strong><\/p>\n<p><strong><img fetchpriority=\"high\" decoding=\"async\" class=\" size-full wp-image-3895\" src=\"https:\/\/medizinonline.com\/wp-content\/uploads\/2014\/06\/Tab1_s6_HP6.jpg_2156.jpg\" width=\"1100\" height=\"1028\" srcset=\"https:\/\/medizinonline.com\/wp-content\/uploads\/2014\/06\/Tab1_s6_HP6.jpg_2156.jpg 1100w, https:\/\/medizinonline.com\/wp-content\/uploads\/2014\/06\/Tab1_s6_HP6.jpg_2156-800x748.jpg 800w, https:\/\/medizinonline.com\/wp-content\/uploads\/2014\/06\/Tab1_s6_HP6.jpg_2156-120x112.jpg 120w, https:\/\/medizinonline.com\/wp-content\/uploads\/2014\/06\/Tab1_s6_HP6.jpg_2156-90x84.jpg 90w, https:\/\/medizinonline.com\/wp-content\/uploads\/2014\/06\/Tab1_s6_HP6.jpg_2156-320x299.jpg 320w, https:\/\/medizinonline.com\/wp-content\/uploads\/2014\/06\/Tab1_s6_HP6.jpg_2156-560x523.jpg 560w\" sizes=\"(max-width: 1100px) 100vw, 1100px\" \/><\/strong><\/p>\n<h2 id=\"melanges-de-thes\">M\u00e9langes de th\u00e9s<\/h2>\n<p>Les m\u00e9langes de tisanes sont particuli\u00e8rement indiqu\u00e9s pour le traitement de la toux, surtout en cas de toux grasse. Il est bien connu que l&#8217;apport de liquides en quantit\u00e9s suffisantes fait partie du traitement. Il existe de nombreuses ordonnances qui, prescrites de mani\u00e8re magistrale, sont rembours\u00e9es par l&#8217;assurance de base. La recette la plus connue pour un m\u00e9lange de th\u00e9s pectoraux est ce que l&#8217;on appelle les Species pectorales PH, les th\u00e9s pectoraux et les th\u00e9s contre la toux de la Pharmacop\u00e9e suisse, dont l&#8217;<strong> encadr\u00e9<\/strong> montre la composition.<\/p>\n<p><img decoding=\"async\" class=\"size-full wp-image-3896 lazyload\" data-src=\"https:\/\/medizinonline.com\/wp-content\/uploads\/2014\/06\/Kasten_s6_Hp6.jpg_2154.jpg\" width=\"695\" height=\"593\" data-srcset=\"https:\/\/medizinonline.com\/wp-content\/uploads\/2014\/06\/Kasten_s6_Hp6.jpg_2154.jpg 695w, https:\/\/medizinonline.com\/wp-content\/uploads\/2014\/06\/Kasten_s6_Hp6.jpg_2154-120x102.jpg 120w, https:\/\/medizinonline.com\/wp-content\/uploads\/2014\/06\/Kasten_s6_Hp6.jpg_2154-90x77.jpg 90w, https:\/\/medizinonline.com\/wp-content\/uploads\/2014\/06\/Kasten_s6_Hp6.jpg_2154-320x273.jpg 320w, https:\/\/medizinonline.com\/wp-content\/uploads\/2014\/06\/Kasten_s6_Hp6.jpg_2154-560x478.jpg 560w\" data-sizes=\"(max-width: 695px) 100vw, 695px\" src=\"data:image\/svg+xml;base64,PHN2ZyB3aWR0aD0iMSIgaGVpZ2h0PSIxIiB4bWxucz0iaHR0cDovL3d3dy53My5vcmcvMjAwMC9zdmciPjwvc3ZnPg==\" style=\"--smush-placeholder-width: 695px; --smush-placeholder-aspect-ratio: 695\/593;\" \/><\/p>\n<p>Il existe de nombreux autres m\u00e9langes de tisanes contre la toux. Il est possible de donner des conseils aux patients dans une pharmacie ou de recommander une pr\u00e9paration commerciale pr\u00eate \u00e0 l&#8217;emploi.<\/p>\n<h2 id=\"preparations-contre-la-toux-testees-cliniquement\">Pr\u00e9parations contre la toux test\u00e9es cliniquement<\/h2>\n<p>Il existe \u00e9galement un certain nombre d&#8217;\u00e9tudes cliniques qui ont document\u00e9 l&#8217;efficacit\u00e9 de certaines de ces pr\u00e9parations contre la toux.<br \/>\n<strong>Lierre :<\/strong> en 2006, une \u00e9tude parue dans la revue Phytomedicine a d\u00e9montr\u00e9 l&#8217;efficacit\u00e9 et la s\u00e9curit\u00e9 d&#8217;une pr\u00e9paration \u00e0 base de lierre [1]. Cette \u00e9tude prospective, ouverte, multicentrique et post-marketing a inclus 9657 patients (dont 5181 enfants) souffrant de bronchite aigu\u00eb ou chronique. Ils ont \u00e9t\u00e9 trait\u00e9s avec un sirop contenant du lierre. Apr\u00e8s sept jours de traitement, 95% des patients ont vu leur \u00e9tat s&#8217;am\u00e9liorer ou sont devenus asymptomatiques. La s\u00e9curit\u00e9 du produit \u00e9tait tr\u00e8s bonne, l&#8217;incidence des \u00e9v\u00e9nements ind\u00e9sirables n&#8217;\u00e9tant que de 2,1%.<\/p>\n<p><strong>Pelargonium sidoides (voir aussi HAUSARZT PRAXIS 1\/2014) : <\/strong>L&#8217;extrait standardis\u00e9 de Pelargonium sidoides <sup>EPs\u00ae<\/sup> 7630 a \u00e9t\u00e9 test\u00e9 dans plusieurs \u00e9tudes cliniques avec un r\u00e9sultat positif, par exemple par Matthys et Heger [2,3]. En cas de bronchite aigu\u00eb, la sup\u00e9riorit\u00e9 significative du groupe trait\u00e9 par le verum par rapport au placebo a \u00e9t\u00e9 d\u00e9montr\u00e9e.<br \/>\nDans une \u00e9tude \u00e0 quatre bras en double aveugle [4], 406 patients ont \u00e9t\u00e9 randomis\u00e9s pour recevoir soit un comprim\u00e9 pellicul\u00e9 de 10, 20 ou 30&nbsp;mg d&#8217;<sup>EPs\u00ae<\/sup> 7630 trois fois par jour, soit un placebo.<\/p>\n<p><img decoding=\"async\" class=\"size-full wp-image-3897 lazyload\" data-src=\"https:\/\/medizinonline.com\/wp-content\/uploads\/2014\/06\/Facts_s7_HP6.jpg_2155.jpg\" width=\"702\" height=\"789\" data-srcset=\"https:\/\/medizinonline.com\/wp-content\/uploads\/2014\/06\/Facts_s7_HP6.jpg_2155.jpg 702w, https:\/\/medizinonline.com\/wp-content\/uploads\/2014\/06\/Facts_s7_HP6.jpg_2155-120x135.jpg 120w, https:\/\/medizinonline.com\/wp-content\/uploads\/2014\/06\/Facts_s7_HP6.jpg_2155-90x101.jpg 90w, https:\/\/medizinonline.com\/wp-content\/uploads\/2014\/06\/Facts_s7_HP6.jpg_2155-320x360.jpg 320w, https:\/\/medizinonline.com\/wp-content\/uploads\/2014\/06\/Facts_s7_HP6.jpg_2155-560x629.jpg 560w\" data-sizes=\"(max-width: 702px) 100vw, 702px\" src=\"data:image\/svg+xml;base64,PHN2ZyB3aWR0aD0iMSIgaGVpZ2h0PSIxIiB4bWxucz0iaHR0cDovL3d3dy53My5vcmcvMjAwMC9zdmciPjwvc3ZnPg==\" style=\"--smush-placeholder-width: 702px; --smush-placeholder-aspect-ratio: 702\/789;\" \/><\/p>\n<p>L&#8217;am\u00e9lioration de la qualit\u00e9 de vie li\u00e9e \u00e0 la sant\u00e9 et d&#8217;autres param\u00e8tres \u00e9tait significative pour les trois groupes EPs\u00ae 7630 par rapport au placebo.<br \/>\n<strong>Combinaison de thym et de primev\u00e8re :<\/strong> il existe \u00e9galement des pr\u00e9parations combin\u00e9es efficaces, telles qu&#8217;une pr\u00e9paration compos\u00e9e d&#8217;un extrait standardis\u00e9 de thym et d&#8217;un extrait standardis\u00e9 de primev\u00e8re. Son efficacit\u00e9 contre la bronchite aigu\u00eb avec toux productive a \u00e9galement \u00e9t\u00e9 d\u00e9montr\u00e9e cliniquement [5]. Dans cette \u00e9tude, 362 patients souffrant de bronchite aigu\u00eb ont \u00e9t\u00e9 inclus et ont re\u00e7u pendant onze jours soit la pr\u00e9paration \u00e0 l&#8217;\u00e9tude, une combinaison de thym et de primev\u00e8re, soit un placebo. La variable cible primaire \u00e9tait le nombre de quintes de toux survenant entre le septi\u00e8me et le neuvi\u00e8me jour de traitement. Dans le groupe trait\u00e9 par le verum, ce nombre a diminu\u00e9 de mani\u00e8re significative par rapport au placebo. En outre, la valeur moyenne du &#8220;score de s\u00e9v\u00e9rit\u00e9 de la bronchite&#8221; a diminu\u00e9 plus rapidement dans le groupe sous traitement que dans le groupe t\u00e9moin. Les valeurs d&#8217;autres param\u00e8tres sp\u00e9cifiques \u00e0 la bronchite se sont \u00e9galement am\u00e9lior\u00e9es dans le groupe verum.<\/p>\n<p>Litt\u00e9rature :<\/p>\n<ol>\n<li>Fazio S, et al. : Tol\u00e9rance, s\u00e9curit\u00e9 et efficacit\u00e9 de l&#8217;extrait de Hedera helix dans les maladies inflammatoires bronchiques dans des conditions de pratique clinique : une \u00e9tude prospective, ouverte, multicentrique post-marketing chez 9657 patients. doi:10.1016\/j.phytomed.2006.05.003.<\/li>\n<li>Matthys H, Heger M : Traitement de la bronchite aigu\u00eb avec une pr\u00e9paration m\u00e9dicinale liquide \u00e0 base de Pelargonium sidoides (EPs\u00ae 7630) : A Randomised, Multicentre, Double-Blind, Placebo-Controlled Study. Curr Med Res Opin 2007 ; 23(2) : 323-331.<\/li>\n<li>Chuchalin AG, et al : Treatment of Acute Bronchitis in Adults With a Pelargonium Sidoides Preparation (EPsR 7630) : A Randomized, Double-Blind, Placebo-Controlled Trial. Explore 2005 ; 1(6) : 437-445.<\/li>\n<li>Matthy H, et al. : Pelargonium sidoides in acute bronchitis &#8211; Health-related quality of life and patient-reported outcome in adults receiving EPs 7630 treatment. Wien Med Wochenschr 2010 Dec ; 160(21-22) : 564-570.<\/li>\n<li>Kemmerich B : Evaluation de l&#8217;efficacit\u00e9 et de la tol\u00e9rance d&#8217;une combinaison fixe d&#8217;extraits secs de thym et d&#8217;herbe et de racine de primerose chez des adultes souffrant de bronchite aigu\u00eb avec un rhume productif. Un essai clinique prospectif, en double aveugle, contr\u00f4l\u00e9 par placebo et multicentrique. Recherche pharmaceutique 2007 ; 57(9) : 607-615.<\/li>\n<\/ol>\n<p><em>PRATIQUE DU M\u00c9DECIN DE FAMILLE 2014 ; 9(6) : 6-7<\/em><\/p>\n","protected":false},"excerpt":{"rendered":"<p>Le corps tout entier est affaibli, des douleurs se font sentir dans le dos et les extr\u00e9mit\u00e9s, la temp\u00e9rature est \u00e9lev\u00e9e, le nez coule et une toux aboyante vous incommode.&hellip;<\/p>\n","protected":false},"author":4,"featured_media":44010,"comment_status":"closed","ping_status":"","sticky":false,"template":"","format":"standard","meta":{"_acf_changed":false,"pmpro_default_level":"","cat_1_feature_home_top":false,"cat_2_editor_pick":false,"csco_eyebrow_text":"Grippe estivale avec toux","footnotes":""},"category":[11523,11428,11464,11549],"tags":[13581,35839,30932,53515,18276,48559,35852,35849,13743],"powerkit_post_featured":[],"class_list":["post-345446","post","type-post","status-publish","format-standard","has-post-thumbnail","category-actualites","category-infectiologie","category-pharmacologie-et-toxicologie","category-rx-fr","tag-grippe-fr","tag-infection-grippale","tag-lierre","tag-melange-de-the","tag-pelargonium-sidoides-fr","tag-plantes-medicinales-fr-2","tag-primel-fr","tag-thym","tag-toux","pmpro-has-access"],"acf":[],"publishpress_future_action":{"enabled":false,"date":"2026-05-03 17:47:54","action":"change-status","newStatus":"draft","terms":[],"taxonomy":"category","extraData":[]},"publishpress_future_workflow_manual_trigger":{"enabledWorkflows":[]},"wpml_current_locale":"fr_FR","wpml_translations":{"it_IT":{"locale":"it_IT","id":345454,"slug":"infezioni-virali-e-tosse-non-solo-un-problema-in-inverno","post_title":"Infezioni virali e tosse - non solo un problema in inverno!","href":"https:\/\/medizinonline.com\/it\/infezioni-virali-e-tosse-non-solo-un-problema-in-inverno\/"},"pt_PT":{"locale":"pt_PT","id":345461,"slug":"infeccoes-virais-e-tosse-nao-e-apenas-um-problema-no-inverno","post_title":"Infec\u00e7\u00f5es virais e tosse - n\u00e3o \u00e9 apenas um problema no Inverno!","href":"https:\/\/medizinonline.com\/pt-pt\/infeccoes-virais-e-tosse-nao-e-apenas-um-problema-no-inverno\/"},"es_ES":{"locale":"es_ES","id":345467,"slug":"infecciones-viricas-y-tos-no-solo-un-problema-en-invierno","post_title":"Infecciones v\u00edricas y tos: \u00a1no s\u00f3lo un problema en invierno!","href":"https:\/\/medizinonline.com\/es\/infecciones-viricas-y-tos-no-solo-un-problema-en-invierno\/"}},"_links":{"self":[{"href":"https:\/\/medizinonline.com\/fr\/wp-json\/wp\/v2\/posts\/345446","targetHints":{"allow":["GET"]}}],"collection":[{"href":"https:\/\/medizinonline.com\/fr\/wp-json\/wp\/v2\/posts"}],"about":[{"href":"https:\/\/medizinonline.com\/fr\/wp-json\/wp\/v2\/types\/post"}],"author":[{"embeddable":true,"href":"https:\/\/medizinonline.com\/fr\/wp-json\/wp\/v2\/users\/4"}],"replies":[{"embeddable":true,"href":"https:\/\/medizinonline.com\/fr\/wp-json\/wp\/v2\/comments?post=345446"}],"version-history":[{"count":0,"href":"https:\/\/medizinonline.com\/fr\/wp-json\/wp\/v2\/posts\/345446\/revisions"}],"wp:featuredmedia":[{"embeddable":true,"href":"https:\/\/medizinonline.com\/fr\/wp-json\/wp\/v2\/media\/44010"}],"wp:attachment":[{"href":"https:\/\/medizinonline.com\/fr\/wp-json\/wp\/v2\/media?parent=345446"}],"wp:term":[{"taxonomy":"category","embeddable":true,"href":"https:\/\/medizinonline.com\/fr\/wp-json\/wp\/v2\/category?post=345446"},{"taxonomy":"post_tag","embeddable":true,"href":"https:\/\/medizinonline.com\/fr\/wp-json\/wp\/v2\/tags?post=345446"},{"taxonomy":"powerkit_post_featured","embeddable":true,"href":"https:\/\/medizinonline.com\/fr\/wp-json\/wp\/v2\/powerkit_post_featured?post=345446"}],"curies":[{"name":"wp","href":"https:\/\/api.w.org\/{rel}","templated":true}]}}