{"id":345494,"date":"2014-05-07T00:00:00","date_gmt":"2014-05-06T22:00:00","guid":{"rendered":"https:\/\/medizinonline.com\/que-peut-on-faire-contre-le-declin-cognitif-chez-les-personnes-agees\/"},"modified":"2014-05-07T00:00:00","modified_gmt":"2014-05-06T22:00:00","slug":"que-peut-on-faire-contre-le-declin-cognitif-chez-les-personnes-agees","status":"publish","type":"post","link":"https:\/\/medizinonline.com\/fr\/que-peut-on-faire-contre-le-declin-cognitif-chez-les-personnes-agees\/","title":{"rendered":"Que peut-on faire contre le d\u00e9clin cognitif chez les personnes \u00e2g\u00e9es ?"},"content":{"rendered":"<p><strong>L&#8217;un des aspects du vieillissement concerne la crainte d&#8217;un d\u00e9clin des capacit\u00e9s cognitives. Les causes peuvent \u00eatre multiples et comprennent un petit nombre de maladies traitables et de nombreuses maladies actuellement non traitables.<\/strong><\/p>\n<p> <!--more--> <\/p>\n<p>Avec l&#8217;augmentation de l&#8217;esp\u00e9rance de vie de la population mondiale, on peut s&#8217;attendre \u00e0 une augmentation des cas de d\u00e9mence. Selon les donn\u00e9es actuelles, 26,6 millions de personnes dans le monde souffrent actuellement de d\u00e9mence et, selon les pr\u00e9visions, elles seront 106,2 millions en 2050. Une question essentielle que l&#8217;on re\u00e7oit r\u00e9guli\u00e8rement en tant que neurologue de la part d&#8217;adultes jusque-l\u00e0 en bonne sant\u00e9 est la suivante : Que puis-je faire pour \u00e9viter la d\u00e9mence ?<\/p>\n<p>D&#8217;apr\u00e8s les r\u00e9sultats des \u00e9tudes animales et \u00e9pid\u00e9miologiques disponibles \u00e0 ce jour, il existe des preuves que l&#8217;activit\u00e9 physique est neuroprotectrice et qu&#8217;elle peut r\u00e9duire consid\u00e9rablement le risque de d\u00e9velopper une d\u00e9mence ou retarder le d\u00e9but de la maladie. Tant qu&#8217;aucun autre traitement n&#8217;est disponible au stade pr\u00e9coce de la d\u00e9mence, la pratique r\u00e9guli\u00e8re d&#8217;une activit\u00e9 physique de type a\u00e9robie constitue un facteur essentiel non seulement pour la pr\u00e9vention de la d\u00e9mence, mais aussi pour la sant\u00e9 publique.<\/p>\n<p>La condition pr\u00e9alable au meilleur traitement possible des pertes de m\u00e9moire est un diagnostic diff\u00e9rentiel suffisant ainsi que la d\u00e9tection des comorbidit\u00e9s souvent pr\u00e9sentes. En cas de d\u00e9mence d&#8217;Alzheimer, apr\u00e8s avoir exclu d&#8217;autres causes, les inhibiteurs de la cholinest\u00e9rase et les antagonistes des r\u00e9cepteurs du glutamate peuvent \u00eatre utilis\u00e9s pour ralentir la progression. Il est probable que de nouveaux m\u00e9dicaments efficaces pour le traitement de la maladie d&#8217;Alzheimer seront mis sur le march\u00e9 dans les ann\u00e9es \u00e0 venir, car des substances prometteuses sont d\u00e9j\u00e0 en phase III d&#8217;essais cliniques. La demande d&#8217;offres th\u00e9rapeutiques non m\u00e9dicamenteuses pour les personnes atteintes de d\u00e9mence va \u00e9galement fortement augmenter dans les ann\u00e9es \u00e0 venir, l&#8217;accent \u00e9tant mis ici sur le domaine de la neuropsychologie avec un d\u00e9veloppement des offres th\u00e9rapeutiques.<\/p>\n<p>Une \u00e9troite collaboration entre neurologues, g\u00e9riatres et psychiatres est particuli\u00e8rement importante pour les patients atteints de d\u00e9mence dans ce domaine qui devient de plus en plus important en termes de politique de sant\u00e9.<\/p>\n<p><em><strong>Prof Dr. med. Barbara Tettenborn<\/strong><\/em><\/p>\n<p><em>InFo NEUROLOGIE &amp; PSYCHIATRIE 2014 ; 12(3) : 4<\/em><\/p>\n","protected":false},"excerpt":{"rendered":"<p>L&#8217;un des aspects du vieillissement concerne la crainte d&#8217;un d\u00e9clin des capacit\u00e9s cognitives. Les causes peuvent \u00eatre multiples et comprennent un petit nombre de maladies traitables et de nombreuses maladies&hellip;<\/p>\n","protected":false},"author":4,"featured_media":43135,"comment_status":"closed","ping_status":"","sticky":false,"template":"","format":"standard","meta":{"_acf_changed":false,"pmpro_default_level":"","cat_1_feature_home_top":false,"cat_2_editor_pick":false,"csco_eyebrow_text":"D\u00e9mence","footnotes":""},"category":[11531,11368,11383,11489,11549],"tags":[12103,19775,53663,28463],"powerkit_post_featured":[],"class_list":["post-345494","post","type-post","status-publish","format-standard","has-post-thumbnail","category-formation-continue","category-geriatrie-fr","category-neurologie-fr","category-psychiatrie-et-psychotherapie","category-rx-fr","tag-demence-fr","tag-esperance-de-vie","tag-pertes-cognitives","tag-vieux","pmpro-has-access"],"acf":[],"publishpress_future_action":{"enabled":false,"date":"2026-05-02 06:18:55","action":"change-status","newStatus":"draft","terms":[],"taxonomy":"category","extraData":[]},"publishpress_future_workflow_manual_trigger":{"enabledWorkflows":[]},"wpml_current_locale":"fr_FR","wpml_translations":{"it_IT":{"locale":"it_IT","id":345497,"slug":"cosa-si-puo-fare-contro-il-declino-cognitivo-in-eta-avanzata","post_title":"Cosa si pu\u00f2 fare contro il declino cognitivo in et\u00e0 avanzata?","href":"https:\/\/medizinonline.com\/it\/cosa-si-puo-fare-contro-il-declino-cognitivo-in-eta-avanzata\/"},"pt_PT":{"locale":"pt_PT","id":345504,"slug":"o-que-pode-ser-feito-contra-o-declinio-cognitivo-na-velhice","post_title":"O que pode ser feito contra o decl\u00ednio cognitivo na velhice?","href":"https:\/\/medizinonline.com\/pt-pt\/o-que-pode-ser-feito-contra-o-declinio-cognitivo-na-velhice\/"},"es_ES":{"locale":"es_ES","id":345509,"slug":"que-se-puede-hacer-contra-el-deterioro-cognitivo-en-la-vejez","post_title":"\u00bfQu\u00e9 se puede hacer contra el deterioro cognitivo en la vejez?","href":"https:\/\/medizinonline.com\/es\/que-se-puede-hacer-contra-el-deterioro-cognitivo-en-la-vejez\/"}},"_links":{"self":[{"href":"https:\/\/medizinonline.com\/fr\/wp-json\/wp\/v2\/posts\/345494","targetHints":{"allow":["GET"]}}],"collection":[{"href":"https:\/\/medizinonline.com\/fr\/wp-json\/wp\/v2\/posts"}],"about":[{"href":"https:\/\/medizinonline.com\/fr\/wp-json\/wp\/v2\/types\/post"}],"author":[{"embeddable":true,"href":"https:\/\/medizinonline.com\/fr\/wp-json\/wp\/v2\/users\/4"}],"replies":[{"embeddable":true,"href":"https:\/\/medizinonline.com\/fr\/wp-json\/wp\/v2\/comments?post=345494"}],"version-history":[{"count":0,"href":"https:\/\/medizinonline.com\/fr\/wp-json\/wp\/v2\/posts\/345494\/revisions"}],"wp:featuredmedia":[{"embeddable":true,"href":"https:\/\/medizinonline.com\/fr\/wp-json\/wp\/v2\/media\/43135"}],"wp:attachment":[{"href":"https:\/\/medizinonline.com\/fr\/wp-json\/wp\/v2\/media?parent=345494"}],"wp:term":[{"taxonomy":"category","embeddable":true,"href":"https:\/\/medizinonline.com\/fr\/wp-json\/wp\/v2\/category?post=345494"},{"taxonomy":"post_tag","embeddable":true,"href":"https:\/\/medizinonline.com\/fr\/wp-json\/wp\/v2\/tags?post=345494"},{"taxonomy":"powerkit_post_featured","embeddable":true,"href":"https:\/\/medizinonline.com\/fr\/wp-json\/wp\/v2\/powerkit_post_featured?post=345494"}],"curies":[{"name":"wp","href":"https:\/\/api.w.org\/{rel}","templated":true}]}}