{"id":345546,"date":"2014-04-17T00:00:00","date_gmt":"2014-04-16T22:00:00","guid":{"rendered":"https:\/\/medizinonline.com\/objectif-une-strategie-nationale-pour-les-maladies-rares\/"},"modified":"2014-04-17T00:00:00","modified_gmt":"2014-04-16T22:00:00","slug":"objectif-une-strategie-nationale-pour-les-maladies-rares","status":"publish","type":"post","link":"https:\/\/medizinonline.com\/fr\/objectif-une-strategie-nationale-pour-les-maladies-rares\/","title":{"rendered":"Objectif : une strat\u00e9gie nationale pour les maladies rares"},"content":{"rendered":"<p><strong>La 4e Journ\u00e9e suisse des maladies rares a eu lieu le samedi 1er mars 2014 \u00e0 l&#8217;H\u00f4pital de l&#8217;\u00cele \u00e0 Berne. L&#8217;accent a \u00e9t\u00e9 mis sur les nombreux probl\u00e8mes administratifs, juridiques et m\u00e9dicaux que les patients atteints de maladies rares doivent aujourd&#8217;hui surmonter. Au total, plus de 300 personnes et plus de 30 organisations de patients ont particip\u00e9.<\/strong><\/p>\n<p> <!--more--> <\/p>\n<p>Le programme a abord\u00e9 les probl\u00e8mes administratifs rencontr\u00e9s par les patients atteints d&#8217;une maladie rare avec diff\u00e9rents pr\u00e9sentateurs, une table ronde et suffisamment de temps pour r\u00e9pondre \u00e0 des questions concr\u00e8tes.<\/p>\n<p>C&#8217;est ainsi que Christine de Kalbermatten, de ProRaris, a r\u00e9sum\u00e9 ce que les familles de personnes atteintes d&#8217;une maladie rare attendent. Outre les diagnostics, il leur manque souvent les bases juridiques, le suivi psychologique, la clart\u00e9 sur la situation d&#8217;assurance, etc. Le professeur Thierry Carrel, directeur de la clinique universitaire de chirurgie cardiovasculaire de Berne, a \u00e9galement exprim\u00e9 le souhait d&#8217;une collaboration plus \u00e9troite entre les caisses d&#8217;assurance maladie et le personnel sp\u00e9cialis\u00e9. La table ronde a permis de revenir sur l&#8217;importance d&#8217;une bonne collaboration entre les patients, les m\u00e9decins, les organisations de patients et les centres de comp\u00e9tence.<\/p>\n<h2 id=\"strategie-suisse-2014\">Strat\u00e9gie suisse 2014 ?<\/h2>\n<p>Au niveau international, de nombreux pays ont d\u00e9j\u00e0 adopt\u00e9 des strat\u00e9gies pour les maladies rares. En Suisse, on esp\u00e8re la mise en place d&#8217;une strat\u00e9gie nationale pour les maladies rares en 2014. Selon le vice-directeur de l&#8217;OFSP, Oliver Peters, elle sera pr\u00e9sent\u00e9e fin mai 2014. Il s&#8217;attend \u00e0 ce que les premi\u00e8res mesures concr\u00e8tes soient prises \u00e0 l&#8217;automne de cette ann\u00e9e.<\/p>\n<h2 id=\"la-mise-en-reseau-est-essentielle\">La mise en r\u00e9seau est essentielle<\/h2>\n<p>A la fin de la manifestation, Claude Voegeli, membre du comit\u00e9 directeur de ProRaris, a repris les propos d&#8217;Oliver Peters, vice-directeur de l&#8217;OFSP, en soulignant que &#8220;la mise en \u0153uvre de cette strat\u00e9gie nationale est aujourd&#8217;hui vraiment urgente, tout comme la place centrale qui doit \u00eatre accord\u00e9e au patient dans notre syst\u00e8me de sant\u00e9. La qualit\u00e9 du syst\u00e8me de sant\u00e9 se mesure aussi \u00e0 la mani\u00e8re dont les maladies rares sont trait\u00e9es&#8221;.<\/p>\n<p>Pendant ce temps, les organisations de patients, les professionnels de sant\u00e9, les centres d&#8217;excellence, les fondations et les patients mettent en r\u00e9seau leur expertise afin de s&#8217;entraider autant que possible et de favoriser la r\u00e9silience.<\/p>\n<h2 id=\"soutenir-le-patient\">Soutenir le patient<\/h2>\n<p>Un exemple de soutien aux patients est la bande dessin\u00e9e pour enfants &#8220;Comme toi et moi&#8221;, disponible depuis septembre 2013, qui explique les maladies rares en langage BD et les rend vivantes gr\u00e2ce \u00e0 des histoires proches de la vie. Douze animaux donnent un visage \u00e0 diff\u00e9rentes maladies. Le livre encourage ainsi les enfants concern\u00e9s \u00e0 partir \u00e0 la recherche d&#8217;amis, comme les h\u00e9ros de bande dessin\u00e9e. Les enfants apprennent que malgr\u00e9 leurs graves souffrances, ils ne sont pas isol\u00e9s. De plus, cela permet d&#8217;am\u00e9liorer les comp\u00e9tences sociales chez les enfants en bonne sant\u00e9 et la r\u00e9silience des familles concern\u00e9es.<\/p>\n<h3 id=\"plus-dinformations-sur-les-maladies-rares\">Plus d&#8217;informations sur les maladies rares :<\/h3>\n<p><a href=\"http:\/\/www.orpha.net\" target=\"_blank\" rel=\"noopener\">www.orpha.net<\/a><br \/>\n<a href=\"http:\/\/www.eurordis.org\" target=\"_blank\" rel=\"noopener\">www.eurordis.org<\/a><br \/>\n<a href=\"http:\/\/www.proraris.ch\" target=\"_blank\" rel=\"noopener\">www.proraris.ch<\/a><br \/>\n<a href=\"http:\/\/www.orphanbiotec-foundation.com\" target=\"_blank\" rel=\"noopener\">www.orphanbiotec-foundation.com<\/a><br \/>\n<a href=\"http:\/\/www.rareconnect.org\" target=\"_blank\" rel=\"noopener\">www.rareconnect.org<\/a><\/p>\n<p><em>PRATIQUE DU M\u00c9DECIN DE FAMILLE 2014 ; 9(4) : 36-37<\/em><\/p>\n","protected":false},"excerpt":{"rendered":"<p>La 4e Journ\u00e9e suisse des maladies rares a eu lieu le samedi 1er mars 2014 \u00e0 l&#8217;H\u00f4pital de l&#8217;\u00cele \u00e0 Berne. L&#8217;accent a \u00e9t\u00e9 mis sur les nombreux probl\u00e8mes administratifs,&hellip;<\/p>\n","protected":false},"author":4,"featured_media":43070,"comment_status":"closed","ping_status":"","sticky":false,"template":"","format":"standard","meta":{"_acf_changed":false,"pmpro_default_level":"","cat_1_feature_home_top":false,"cat_2_editor_pick":false,"csco_eyebrow_text":"4e Journ\u00e9e suisse des maladies rares","footnotes":""},"category":[11523,11349,11362,11389,11458,11549],"tags":[13701,48849],"powerkit_post_featured":[],"class_list":["post-345546","post","type-post","status-publish","format-standard","has-post-thumbnail","category-actualites","category-allergologie-et-immunologie-clinique","category-dermatologie-et-venerologie","category-oncologie","category-pediatrie","category-rx-fr","tag-maladies-rares","tag-orphan-biotec-fr","pmpro-has-access"],"acf":[],"publishpress_future_action":{"enabled":false,"date":"2026-05-04 07:13:47","action":"change-status","newStatus":"draft","terms":[],"taxonomy":"category","extraData":[]},"publishpress_future_workflow_manual_trigger":{"enabledWorkflows":[]},"wpml_current_locale":"fr_FR","wpml_translations":{"it_IT":{"locale":"it_IT","id":345549,"slug":"lobiettivo-e-una-strategia-nazionale-per-le-malattie-rare","post_title":"L'obiettivo \u00e8 una strategia nazionale per le malattie rare","href":"https:\/\/medizinonline.com\/it\/lobiettivo-e-una-strategia-nazionale-per-le-malattie-rare\/"},"pt_PT":{"locale":"pt_PT","id":345555,"slug":"o-objectivo-e-uma-estrategia-nacional-para-as-doencas-raras","post_title":"O objectivo \u00e9 uma estrat\u00e9gia nacional para as doen\u00e7as raras","href":"https:\/\/medizinonline.com\/pt-pt\/o-objectivo-e-uma-estrategia-nacional-para-as-doencas-raras\/"},"es_ES":{"locale":"es_ES","id":345560,"slug":"el-objetivo-es-una-estrategia-nacional-para-las-enfermedades-raras","post_title":"El objetivo es una estrategia nacional para las enfermedades raras","href":"https:\/\/medizinonline.com\/es\/el-objetivo-es-una-estrategia-nacional-para-las-enfermedades-raras\/"}},"_links":{"self":[{"href":"https:\/\/medizinonline.com\/fr\/wp-json\/wp\/v2\/posts\/345546","targetHints":{"allow":["GET"]}}],"collection":[{"href":"https:\/\/medizinonline.com\/fr\/wp-json\/wp\/v2\/posts"}],"about":[{"href":"https:\/\/medizinonline.com\/fr\/wp-json\/wp\/v2\/types\/post"}],"author":[{"embeddable":true,"href":"https:\/\/medizinonline.com\/fr\/wp-json\/wp\/v2\/users\/4"}],"replies":[{"embeddable":true,"href":"https:\/\/medizinonline.com\/fr\/wp-json\/wp\/v2\/comments?post=345546"}],"version-history":[{"count":0,"href":"https:\/\/medizinonline.com\/fr\/wp-json\/wp\/v2\/posts\/345546\/revisions"}],"wp:featuredmedia":[{"embeddable":true,"href":"https:\/\/medizinonline.com\/fr\/wp-json\/wp\/v2\/media\/43070"}],"wp:attachment":[{"href":"https:\/\/medizinonline.com\/fr\/wp-json\/wp\/v2\/media?parent=345546"}],"wp:term":[{"taxonomy":"category","embeddable":true,"href":"https:\/\/medizinonline.com\/fr\/wp-json\/wp\/v2\/category?post=345546"},{"taxonomy":"post_tag","embeddable":true,"href":"https:\/\/medizinonline.com\/fr\/wp-json\/wp\/v2\/tags?post=345546"},{"taxonomy":"powerkit_post_featured","embeddable":true,"href":"https:\/\/medizinonline.com\/fr\/wp-json\/wp\/v2\/powerkit_post_featured?post=345546"}],"curies":[{"name":"wp","href":"https:\/\/api.w.org\/{rel}","templated":true}]}}