{"id":345598,"date":"2014-04-11T00:00:00","date_gmt":"2014-04-10T22:00:00","guid":{"rendered":"https:\/\/medizinonline.com\/motiver-le-patient-a-suivre-le-traitement-avec-soin\/"},"modified":"2014-04-11T00:00:00","modified_gmt":"2014-04-10T22:00:00","slug":"motiver-le-patient-a-suivre-le-traitement-avec-soin","status":"publish","type":"post","link":"https:\/\/medizinonline.com\/fr\/motiver-le-patient-a-suivre-le-traitement-avec-soin\/","title":{"rendered":"Motiver le patient \u00e0 suivre le traitement avec soin"},"content":{"rendered":"<p><strong>Deux sujets dermatologiques passionnants et tr\u00e8s pertinents dans la pratique quotidienne sont au c\u0153ur de ce num\u00e9ro : le traitement de la dermatite atopique orient\u00e9 vers le patient et le prurit chez les personnes \u00e2g\u00e9es.<\/strong><\/p>\n<p> <!--more--> <\/p>\n<p>Le professeur Dagmar Simon de l&#8217;H\u00f4pital de l&#8217;\u00cele de Berne donne un aper\u00e7u d\u00e9taill\u00e9 et pratique des strat\u00e9gies de traitement actuelles contre la dermatite atopique, une maladie inflammatoire fr\u00e9quente aussi bien chez les enfants que chez les adultes. Elle met l&#8217;accent sur le patient individuel : Comment le tableau clinique peut-il \u00eatre trait\u00e9 de mani\u00e8re individualis\u00e9e ? En raison notamment de l&#8217;extr\u00eame diversit\u00e9 de ses manifestations, une telle approche est m\u00e9ritoire et utile. L&#8217;article accompagne le lecteur \u00e0 travers les possibilit\u00e9s de traitement, qui comprennent en principe toujours la double approche th\u00e9rapeutique &#8220;regraissage et anti-inflammatoire&#8221;, mais qui peuvent varier par exemple en fonction des r\u00e9gions atteintes, des risques de surinfection, des \u00e9ventuels d\u00e9clencheurs allergiques ou de l&#8217;\u00e9volution dans le temps.<\/p>\n<p>Le professeur Simon souligne en outre l&#8217;importance de l&#8217;\u00e9ducation du patient, qui peut effectivement \u00eatre d\u00e9terminante pour l&#8217;observance, mais aussi pour le bien-\u00eatre du patient.<\/p>\n<p>Paul Bigliardi du National University Hospital Singapore, qui travaille depuis des ann\u00e9es sur la recherche clinique et exp\u00e9rimentale en mati\u00e8re de d\u00e9mangeaisons. La perception tr\u00e8s subjective du stimulus rend alors difficile la recherche sur la th\u00e9rapie bas\u00e9e sur des preuves. De nombreuses causes peuvent \u00eatre \u00e0 l&#8217;origine du prurit : parmi les causes physiologiques, il faut certainement souligner la s\u00e9cheresse de la peau qui s&#8217;installe fr\u00e9quemment avec l&#8217;\u00e2ge en raison de la r\u00e9duction du s\u00e9bum et de la transpiration. De m\u00eame, la barri\u00e8re cutan\u00e9e, notre syst\u00e8me de protection contre les substances irritantes, est alt\u00e9r\u00e9e. Le remaillage est donc ici aussi un pilier central du traitement, m\u00eame si une bonne observance du traitement topique n&#8217;est pas toujours facile \u00e0 obtenir, car il n&#8217;est pas rare que les personnes \u00e2g\u00e9es aient des difficult\u00e9s \u00e0 se mettre de la cr\u00e8me elles-m\u00eames en raison de leur mobilit\u00e9 r\u00e9duite&nbsp;.<\/p>\n<p>Cette fois encore, DERMATOLOGIE PRAXIS vous offre un acc\u00e8s passionnant et informatif \u00e0 des probl\u00e8mes de peau tr\u00e8s actuels que l&#8217;on rencontre fr\u00e9quemment dans la pratique. Je vous souhaite une bonne lecture et vous adresse mes salutations les plus cordiales.<\/p>\n<p>Votre<\/p>\n<p><em><strong>Prof. Peter Schmid-Grendelmeier, docteur en m\u00e9decine<\/strong><\/em><\/p>\n<p><em>DERMATOLOGIE PRATIQUE 2014 ; 24(2) : 4<\/em><\/p>\n","protected":false},"excerpt":{"rendered":"<p>Deux sujets dermatologiques passionnants et tr\u00e8s pertinents dans la pratique quotidienne sont au c\u0153ur de ce num\u00e9ro : le traitement de la dermatite atopique orient\u00e9 vers le patient et le&hellip;<\/p>\n","protected":false},"author":4,"featured_media":42710,"comment_status":"closed","ping_status":"","sticky":false,"template":"","format":"standard","meta":{"_acf_changed":false,"pmpro_default_level":"","cat_1_feature_home_top":false,"cat_2_editor_pick":false,"csco_eyebrow_text":"Dermatite atopique et prurit chez les personnes \u00e2g\u00e9es","footnotes":""},"category":[11523,11362,11368,11549],"tags":[22587,12636,18564,53938,12573],"powerkit_post_featured":[],"class_list":["post-345598","post","type-post","status-publish","format-standard","has-post-thumbnail","category-actualites","category-dermatologie-et-venerologie","category-geriatrie-fr","category-rx-fr","tag-barriere-cutanee","tag-dermatite-atopique-fr","tag-prurit","tag-rehydratation","tag-therapie-fr","pmpro-has-access"],"acf":[],"publishpress_future_action":{"enabled":false,"date":"2026-05-07 02:20:44","action":"change-status","newStatus":"draft","terms":[],"taxonomy":"category","extraData":[]},"publishpress_future_workflow_manual_trigger":{"enabledWorkflows":[]},"wpml_current_locale":"fr_FR","wpml_translations":{"it_IT":{"locale":"it_IT","id":345608,"slug":"motivare-il-paziente-a-eseguire-la-terapia-con-attenzione","post_title":"Motivare il paziente a eseguire la terapia con attenzione.","href":"https:\/\/medizinonline.com\/it\/motivare-il-paziente-a-eseguire-la-terapia-con-attenzione\/"},"pt_PT":{"locale":"pt_PT","id":345616,"slug":"motivar-o-paciente-a-realizar-cuidadosamente-a-terapia","post_title":"Motivar o paciente a realizar cuidadosamente a terapia","href":"https:\/\/medizinonline.com\/pt-pt\/motivar-o-paciente-a-realizar-cuidadosamente-a-terapia\/"},"es_ES":{"locale":"es_ES","id":345621,"slug":"motivar-al-paciente-para-que-lleve-a-cabo-la-terapia-cuidadosamente","post_title":"Motivar al paciente para que lleve a cabo la terapia cuidadosamente","href":"https:\/\/medizinonline.com\/es\/motivar-al-paciente-para-que-lleve-a-cabo-la-terapia-cuidadosamente\/"}},"_links":{"self":[{"href":"https:\/\/medizinonline.com\/fr\/wp-json\/wp\/v2\/posts\/345598","targetHints":{"allow":["GET"]}}],"collection":[{"href":"https:\/\/medizinonline.com\/fr\/wp-json\/wp\/v2\/posts"}],"about":[{"href":"https:\/\/medizinonline.com\/fr\/wp-json\/wp\/v2\/types\/post"}],"author":[{"embeddable":true,"href":"https:\/\/medizinonline.com\/fr\/wp-json\/wp\/v2\/users\/4"}],"replies":[{"embeddable":true,"href":"https:\/\/medizinonline.com\/fr\/wp-json\/wp\/v2\/comments?post=345598"}],"version-history":[{"count":0,"href":"https:\/\/medizinonline.com\/fr\/wp-json\/wp\/v2\/posts\/345598\/revisions"}],"wp:featuredmedia":[{"embeddable":true,"href":"https:\/\/medizinonline.com\/fr\/wp-json\/wp\/v2\/media\/42710"}],"wp:attachment":[{"href":"https:\/\/medizinonline.com\/fr\/wp-json\/wp\/v2\/media?parent=345598"}],"wp:term":[{"taxonomy":"category","embeddable":true,"href":"https:\/\/medizinonline.com\/fr\/wp-json\/wp\/v2\/category?post=345598"},{"taxonomy":"post_tag","embeddable":true,"href":"https:\/\/medizinonline.com\/fr\/wp-json\/wp\/v2\/tags?post=345598"},{"taxonomy":"powerkit_post_featured","embeddable":true,"href":"https:\/\/medizinonline.com\/fr\/wp-json\/wp\/v2\/powerkit_post_featured?post=345598"}],"curies":[{"name":"wp","href":"https:\/\/api.w.org\/{rel}","templated":true}]}}