{"id":346556,"date":"2013-12-09T00:00:00","date_gmt":"2013-12-08T23:00:00","guid":{"rendered":"https:\/\/medizinonline.com\/resultats-preliminaires-dun-projet-pilote-visant-a-ameliorer-la-communication-avec-les-patients\/"},"modified":"2013-12-09T00:00:00","modified_gmt":"2013-12-08T23:00:00","slug":"resultats-preliminaires-dun-projet-pilote-visant-a-ameliorer-la-communication-avec-les-patients","status":"publish","type":"post","link":"https:\/\/medizinonline.com\/fr\/resultats-preliminaires-dun-projet-pilote-visant-a-ameliorer-la-communication-avec-les-patients\/","title":{"rendered":"R\u00e9sultats pr\u00e9liminaires d&#8217;un projet pilote visant \u00e0 am\u00e9liorer la communication avec les patients"},"content":{"rendered":"<p><strong>Le projet pilote &#8220;Communication avec les patients dans le cadre d&#8217;un traitement anti-tumoral oral pour favoriser l&#8217;adh\u00e9sion&#8221; vise \u00e0 \u00e9valuer si des formations cibl\u00e9es sur la communication destin\u00e9es aux infirmi\u00e8res et aux m\u00e9decins apportent une valeur ajout\u00e9e aux patients et aux professionnels de sant\u00e9 impliqu\u00e9s. Les premiers r\u00e9sultats montrent que les participants re\u00e7oivent non seulement de nouvelles impulsions et de nouveaux outils pour am\u00e9liorer l&#8217;adh\u00e9sion au traitement par des discussions cibl\u00e9es avec les patients, mais qu&#8217;ils apprennent \u00e9galement \u00e0 bien expliquer le mode d&#8217;action des m\u00e9dicaments et les effets secondaires attendus.<\/strong><\/p>\n<p> <!--more--> <\/p>\n<p>Les m\u00e9dicaments anti-tumoraux oraux et leur utilisation pratique ont connu un d\u00e9veloppement rapide au cours de la derni\u00e8re d\u00e9cennie. En effet, le transfert de la responsabilit\u00e9 de la prise de m\u00e9dicaments du m\u00e9decin et de l&#8217;infirmier vers le patient et la suppression des contr\u00f4les r\u00e9guliers par les professionnels de sant\u00e9 peuvent avoir un impact consid\u00e9rable sur l&#8217;adh\u00e9sion du patient. Or, le succ\u00e8s d&#8217;un traitement anticanc\u00e9reux oral d\u00e9pend en grande partie de l&#8217;adh\u00e9sion des patients. Celle-ci devrait donc \u00eatre encourag\u00e9e de mani\u00e8re cibl\u00e9e et durable par une gestion optimale des patients.<\/p>\n<h2 id=\"manque-dadhesion-au-traitement-un-sujet-pertinent-dans-le-traitement-des-tumeurs-par-voie-orale\">Manque d&#8217;adh\u00e9sion au traitement : un sujet pertinent dans le traitement des tumeurs par voie orale<\/h2>\n<p>Le terme d&#8217;adh\u00e9sion d\u00e9crit la responsabilit\u00e9 personnelle du patient de se conformer au plan de traitement m\u00e9dical prescrit afin d&#8217;atteindre l&#8217;objectif th\u00e9rapeutique souhait\u00e9. L&#8217;adh\u00e9sion vise \u00e0 \u00e9tablir une sorte de contrat entre le m\u00e9decin et le patient. Le contraire est la non-adh\u00e9sion, qui s&#8217;\u00e9carte du plan de traitement et des accords. La non-adh\u00e9sion ne peut pas \u00eatre attribu\u00e9e \u00e0 des facteurs tels que l&#8217;\u00e2ge, le sexe, l&#8217;origine ethnique, le niveau d&#8217;\u00e9ducation, le statut social ou la situation m\u00e9dicale, ni m\u00eame \u00eatre g\u00e9n\u00e9ralis\u00e9e. En revanche, d&#8217;autres facteurs tels que la complexit\u00e9 du traitement ou les effets ind\u00e9sirables influencent fortement la non-adh\u00e9sion <strong>(tableau 1)<\/strong> [1].<\/p>\n<p>Le manque d&#8217;adh\u00e9sion et de non-adh\u00e9sion au traitement est un sujet pertinent en oncologie, pr\u00e9cis\u00e9ment en raison de ces facteurs. C&#8217;est \u00e9galement ce qui ressort de la premi\u00e8re enqu\u00eate men\u00e9e dans le cadre du projet pilote &#8220;Communication avec les patients dans le cadre d&#8217;un traitement anti-tumoral oral pour favoriser l&#8217;adh\u00e9sion&#8221; aupr\u00e8s des participants aux ateliers de communication destin\u00e9s aux infirmi\u00e8res ou aux m\u00e9decins. Ainsi, la grande majorit\u00e9 a d\u00e9clar\u00e9 \u00eatre confront\u00e9e partiellement ou souvent au probl\u00e8me du manque d&#8217;adh\u00e9sion dans la vie quotidienne.<\/p>\n<h2 id=\"incontournable-pour-ameliorer-ladhesion-la-communication-avec-les-patients\">Incontournable pour am\u00e9liorer l&#8217;adh\u00e9sion : la communication avec les patients<\/h2>\n<p>L&#8217;\u00e9quipe soignante a une influence consid\u00e9rable sur l&#8217;adh\u00e9sion du patient au traitement. Une communication constante est au c\u0153ur des mesures favorisant l&#8217;adh\u00e9sion. L&#8217;information, la formation et le conseil personnalis\u00e9 jouent un r\u00f4le central [1]. Pour y r\u00e9pondre, le projet pilote &#8220;Communication avec les patients dans le cadre d&#8217;un traitement anti-tumoral oral pour favoriser l&#8217;adh\u00e9sion&#8221; se concentre sur l&#8217;enseignement d&#8217;outils de communication sous la forme d&#8217;ateliers de communication sp\u00e9cifiques pour les infirmi\u00e8res et les m\u00e9decins. Une enqu\u00eate permettra d&#8217;\u00e9valuer si une formation cibl\u00e9e apporte une valeur ajout\u00e9e aux patients et aux professionnels de sant\u00e9 impliqu\u00e9s. Les ateliers fournissent des outils appropri\u00e9s, qui ont fait leurs preuves dans la pratique, pour une communication cibl\u00e9e avec les patients, et entra\u00eenent \u00e0 leur utilisation correcte<strong> (tableau 2)<\/strong>.<\/p>\n<p><img fetchpriority=\"high\" decoding=\"async\" class=\" size-full wp-image-2794\" src=\"https:\/\/medizinonline.com\/wp-content\/uploads\/2013\/12\/tab1_16.png-d45840_1302.jpg\" width=\"670\" height=\"1116\" srcset=\"https:\/\/medizinonline.com\/wp-content\/uploads\/2013\/12\/tab1_16.png-d45840_1302.jpg 670w, https:\/\/medizinonline.com\/wp-content\/uploads\/2013\/12\/tab1_16.png-d45840_1302-120x200.jpg 120w, https:\/\/medizinonline.com\/wp-content\/uploads\/2013\/12\/tab1_16.png-d45840_1302-90x150.jpg 90w, https:\/\/medizinonline.com\/wp-content\/uploads\/2013\/12\/tab1_16.png-d45840_1302-320x533.jpg 320w, https:\/\/medizinonline.com\/wp-content\/uploads\/2013\/12\/tab1_16.png-d45840_1302-560x933.jpg 560w\" sizes=\"(max-width: 670px) 100vw, 670px\" \/><\/p>\n<p><img decoding=\"async\" class=\"size-full wp-image-2795 lazyload\" data-src=\"https:\/\/medizinonline.com\/wp-content\/uploads\/2013\/12\/tab2_16.png-d552ce_1303.jpg\" width=\"1100\" height=\"955\" data-srcset=\"https:\/\/medizinonline.com\/wp-content\/uploads\/2013\/12\/tab2_16.png-d552ce_1303.jpg 1100w, https:\/\/medizinonline.com\/wp-content\/uploads\/2013\/12\/tab2_16.png-d552ce_1303-800x695.jpg 800w, https:\/\/medizinonline.com\/wp-content\/uploads\/2013\/12\/tab2_16.png-d552ce_1303-120x104.jpg 120w, https:\/\/medizinonline.com\/wp-content\/uploads\/2013\/12\/tab2_16.png-d552ce_1303-90x78.jpg 90w, https:\/\/medizinonline.com\/wp-content\/uploads\/2013\/12\/tab2_16.png-d552ce_1303-320x278.jpg 320w, https:\/\/medizinonline.com\/wp-content\/uploads\/2013\/12\/tab2_16.png-d552ce_1303-560x486.jpg 560w\" data-sizes=\"(max-width: 1100px) 100vw, 1100px\" src=\"data:image\/svg+xml;base64,PHN2ZyB3aWR0aD0iMSIgaGVpZ2h0PSIxIiB4bWxucz0iaHR0cDovL3d3dy53My5vcmcvMjAwMC9zdmciPjwvc3ZnPg==\" style=\"--smush-placeholder-width: 1100px; --smush-placeholder-aspect-ratio: 1100\/955;\" \/><\/p>\n<h2 id=\"premiers-resultats\">Premiers r\u00e9sultats<\/h2>\n<p>Les premi\u00e8res enqu\u00eates men\u00e9es dans le cadre du projet pilote aupr\u00e8s des m\u00e9decins et des infirmiers participants ont r\u00e9v\u00e9l\u00e9 un \u00e9cho unanimement positif : toutes les personnes interrog\u00e9es ont d\u00e9clar\u00e9 avoir re\u00e7u de nouveaux outils gr\u00e2ce \u00e0 l&#8217;atelier, afin de pouvoir aborder plus facilement l&#8217;adh\u00e9sion au traitement avec les patients.<\/p>\n<p>Six semaines apr\u00e8s la premi\u00e8re enqu\u00eate, 78% des infirmi\u00e8res ont d\u00e9clar\u00e9 pouvoir mieux ou partiellement mieux r\u00e9pondre aux patients et \u00e0 leurs besoins gr\u00e2ce aux outils et aux exercices de l&#8217;atelier. Cette valeur est rest\u00e9e \u00e0 78% apr\u00e8s six semaines suppl\u00e9mentaires. Apr\u00e8s six semaines, deux tiers des personnes interrog\u00e9es ont indiqu\u00e9 qu&#8217;elles avaient pu am\u00e9liorer, au moins partiellement, l&#8217;adh\u00e9sion de leurs patients au traitement gr\u00e2ce \u00e0 des entretiens cibl\u00e9s. Apr\u00e8s six semaines suppl\u00e9mentaires, ce pourcentage \u00e9tait sup\u00e9rieur \u00e0 50%. Il est \u00e9galement important de noter que plus de la moiti\u00e9 des participants \u00e0 l&#8217;atelier ont pu mieux aborder le mode d&#8217;action des m\u00e9dicaments, les effets secondaires attendus ainsi que les probl\u00e8mes apr\u00e8s une formation cibl\u00e9e.<\/p>\n<p>Les r\u00e9sultats de l&#8217;enqu\u00eate aupr\u00e8s des m\u00e9decins ne sont pas encore disponibles dans leur int\u00e9gralit\u00e9.<\/p>\n<h4 id=\"litterature\">Litt\u00e9rature :<\/h4>\n<ol>\n<li>Rothermundt C, et al : Adh\u00e9rence et s\u00e9curit\u00e9 dans le traitement oral des tumeurs. Forum M\u00e9dical Suisse 2001 ; 11(15) : 276-278.<\/li>\n<li>Prof. Dr Alexander Kiss : Pr\u00e9sentation 2013 : La communication pour promouvoir l&#8217;adh\u00e9sion (non publi\u00e9)<\/li>\n<\/ol>\n<p><em>InFo Oncologie &amp; H\u00e9matologie 2013 ; 1(1) : 5-6<\/em><\/p>\n","protected":false},"excerpt":{"rendered":"<p>Le projet pilote &#8220;Communication avec les patients dans le cadre d&#8217;un traitement anti-tumoral oral pour favoriser l&#8217;adh\u00e9sion&#8221; vise \u00e0 \u00e9valuer si des formations cibl\u00e9es sur la communication destin\u00e9es aux infirmi\u00e8res&hellip;<\/p>\n","protected":false},"author":4,"featured_media":39435,"comment_status":"closed","ping_status":"","sticky":false,"template":"","format":"standard","meta":{"_acf_changed":false,"pmpro_default_level":"","cat_1_feature_home_top":false,"cat_2_editor_pick":false,"csco_eyebrow_text":"Traitement oral des tumeurs","footnotes":""},"category":[11531,11389,11482,11549],"tags":[15228,59054,59066,36081,59060],"powerkit_post_featured":[],"class_list":["post-346556","post","type-post","status-publish","format-standard","has-post-thumbnail","category-formation-continue","category-oncologie","category-prevention-et-soins-de-sante","category-rx-fr","tag-adherence-fr","tag-communication-avec-les-patients","tag-medicaments-contre-les-tumeurs","tag-oncologie","tag-oral-fr-2","pmpro-has-access"],"acf":[],"publishpress_future_action":{"enabled":false,"date":"2026-05-05 08:48:02","action":"change-status","newStatus":"draft","terms":[],"taxonomy":"category","extraData":[]},"publishpress_future_workflow_manual_trigger":{"enabledWorkflows":[]},"wpml_current_locale":"fr_FR","wpml_translations":{"it_IT":{"locale":"it_IT","id":346566,"slug":"risultati-preliminari-di-un-progetto-pilota-per-migliorare-la-comunicazione-con-il-paziente","post_title":"Risultati preliminari di un progetto pilota per migliorare la comunicazione con il paziente","href":"https:\/\/medizinonline.com\/it\/risultati-preliminari-di-un-progetto-pilota-per-migliorare-la-comunicazione-con-il-paziente\/"},"pt_PT":{"locale":"pt_PT","id":346573,"slug":"resultados-preliminares-de-um-projecto-piloto-para-melhorar-a-comunicacao-dos-doentes","post_title":"Resultados preliminares de um projecto-piloto para melhorar a comunica\u00e7\u00e3o dos doentes","href":"https:\/\/medizinonline.com\/pt-pt\/resultados-preliminares-de-um-projecto-piloto-para-melhorar-a-comunicacao-dos-doentes\/"},"es_ES":{"locale":"es_ES","id":346577,"slug":"resultados-preliminares-de-un-proyecto-piloto-para-mejorar-la-comunicacion-con-los-pacientes","post_title":"Resultados preliminares de un proyecto piloto para mejorar la comunicaci\u00f3n con los pacientes","href":"https:\/\/medizinonline.com\/es\/resultados-preliminares-de-un-proyecto-piloto-para-mejorar-la-comunicacion-con-los-pacientes\/"}},"_links":{"self":[{"href":"https:\/\/medizinonline.com\/fr\/wp-json\/wp\/v2\/posts\/346556","targetHints":{"allow":["GET"]}}],"collection":[{"href":"https:\/\/medizinonline.com\/fr\/wp-json\/wp\/v2\/posts"}],"about":[{"href":"https:\/\/medizinonline.com\/fr\/wp-json\/wp\/v2\/types\/post"}],"author":[{"embeddable":true,"href":"https:\/\/medizinonline.com\/fr\/wp-json\/wp\/v2\/users\/4"}],"replies":[{"embeddable":true,"href":"https:\/\/medizinonline.com\/fr\/wp-json\/wp\/v2\/comments?post=346556"}],"version-history":[{"count":0,"href":"https:\/\/medizinonline.com\/fr\/wp-json\/wp\/v2\/posts\/346556\/revisions"}],"wp:featuredmedia":[{"embeddable":true,"href":"https:\/\/medizinonline.com\/fr\/wp-json\/wp\/v2\/media\/39435"}],"wp:attachment":[{"href":"https:\/\/medizinonline.com\/fr\/wp-json\/wp\/v2\/media?parent=346556"}],"wp:term":[{"taxonomy":"category","embeddable":true,"href":"https:\/\/medizinonline.com\/fr\/wp-json\/wp\/v2\/category?post=346556"},{"taxonomy":"post_tag","embeddable":true,"href":"https:\/\/medizinonline.com\/fr\/wp-json\/wp\/v2\/tags?post=346556"},{"taxonomy":"powerkit_post_featured","embeddable":true,"href":"https:\/\/medizinonline.com\/fr\/wp-json\/wp\/v2\/powerkit_post_featured?post=346556"}],"curies":[{"name":"wp","href":"https:\/\/api.w.org\/{rel}","templated":true}]}}