{"id":346668,"date":"2013-11-11T00:00:00","date_gmt":"2013-11-10T23:00:00","guid":{"rendered":"https:\/\/medizinonline.com\/delire-et-sedation-un-traitement-pour-le-medecin-generaliste\/"},"modified":"2013-11-11T00:00:00","modified_gmt":"2013-11-10T23:00:00","slug":"delire-et-sedation-un-traitement-pour-le-medecin-generaliste","status":"publish","type":"post","link":"https:\/\/medizinonline.com\/fr\/delire-et-sedation-un-traitement-pour-le-medecin-generaliste\/","title":{"rendered":"D\u00e9lire et s\u00e9dation &#8211; un traitement pour le m\u00e9decin g\u00e9n\u00e9raliste ?"},"content":{"rendered":"<p><strong>Mourir \u00e0 domicile est-il une utopie et une t\u00e2che quasiment insurmontable pour le m\u00e9decin g\u00e9n\u00e9raliste ou est-ce tout \u00e0 fait faisable ? Cette question a \u00e9t\u00e9 abord\u00e9e dans un atelier lors de la conf\u00e9rence SwissFamilyDocs. Pour le Dr Hansruedi Banderet, l&#8217;objectif le plus important dans le traitement des patients en fin de vie est d&#8217;anticiper la planification des soins.<\/strong><\/p>\n<p> <!--more--> <\/p>\n<p>Le Dr Hansruedi Banderet, B\u00e2le, a pr\u00e9sent\u00e9 les ant\u00e9c\u00e9dents somatiques de M. B.F., un patient de 77 ans en phase terminale, qui a pr\u00e9sent\u00e9 \u00e0 l&#8217;h\u00f4pital une agitation, une d\u00e9sorientation dans le temps et l&#8217;espace, de l&#8217;anxi\u00e9t\u00e9 et, dans les derni\u00e8res semaines de sa vie, un d\u00e9lire. Le plan dit &#8220;Advance Care Planning&#8221;, un plan global visant \u00e0 mieux accompagner la fin de vie, pr\u00e9voyait comme lieu de soins et de mort le domicile du patient, mais pas de th\u00e9rapie invasive ni de r\u00e9animation cardio-pulmonaire (RCP). Le soutien venait de la famille, en premier lieu de l&#8217;\u00e9pouse et en partie de la voisine. Un service (onco-)de soins \u00e0 domicile \u00e9tait souhait\u00e9, si n\u00e9cessaire. La proc\u00e9dure \u00e0 suivre en cas d&#8217;urgence devrait \u00eatre anticip\u00e9e de mani\u00e8re judicieuse par le biais de la m\u00e9dication de r\u00e9serve, de la documentation chez le patient et de la communication du num\u00e9ro de t\u00e9l\u00e9phone portable correspondant.<\/p>\n<p>Les conclusions d&#8217;une \u00e9tude nationale par entretiens avec 25 m\u00e9decins g\u00e9n\u00e9ralistes montrent qu&#8217;il est important de n\u00e9gocier une telle planification avec le patient et ses proches<strong> (tableau 1)<\/strong>. Le m\u00e9decin g\u00e9n\u00e9raliste peut ainsi s&#8217;inscrire dans un r\u00e9seau de relations. Une bonne prise en charge n&#8217;est possible qu&#8217;en \u00e9quipe et est per\u00e7ue comme un soulagement par les m\u00e9decins g\u00e9n\u00e9ralistes. Anticiper les urgences et documenter correctement les souhaits et les besoins sp\u00e9cifiques du patient permet d&#8217;\u00e9viter bien des tracas.<\/p>\n<p><img fetchpriority=\"high\" decoding=\"async\" class=\" size-full wp-image-2604\" src=\"https:\/\/medizinonline.com\/wp-content\/uploads\/2013\/11\/sterben_tab1.png-d5c756_1119.jpg\" width=\"1100\" height=\"711\" srcset=\"https:\/\/medizinonline.com\/wp-content\/uploads\/2013\/11\/sterben_tab1.png-d5c756_1119.jpg 1100w, https:\/\/medizinonline.com\/wp-content\/uploads\/2013\/11\/sterben_tab1.png-d5c756_1119-800x517.jpg 800w, https:\/\/medizinonline.com\/wp-content\/uploads\/2013\/11\/sterben_tab1.png-d5c756_1119-120x78.jpg 120w, https:\/\/medizinonline.com\/wp-content\/uploads\/2013\/11\/sterben_tab1.png-d5c756_1119-90x58.jpg 90w, https:\/\/medizinonline.com\/wp-content\/uploads\/2013\/11\/sterben_tab1.png-d5c756_1119-320x207.jpg 320w, https:\/\/medizinonline.com\/wp-content\/uploads\/2013\/11\/sterben_tab1.png-d5c756_1119-560x362.jpg 560w\" sizes=\"(max-width: 1100px) 100vw, 1100px\" \/><\/p>\n<h2 id=\"assistance-apres-deces\">Assistance apr\u00e8s d\u00e9c\u00e8s<\/h2>\n<p>Cependant, la prise en charge ne s&#8217;arr\u00eate g\u00e9n\u00e9ralement pas au d\u00e9c\u00e8s du patient : De nombreux m\u00e9decins recommandent un d\u00e9briefing avec les proches, il est souvent n\u00e9cessaire de relativiser les sentiments de culpabilit\u00e9 et de clarifier les incertitudes. &#8220;En outre, il faut dire que l&#8217;accompagnement en fin de vie implique toujours une pr\u00e9paration \u00e0 sa propre mort&#8221;, ajoute le Dr Banderet.<\/p>\n<h2 id=\"delire\">D\u00e9lire<\/h2>\n<p>Dr. med. Heike Gudat-Keller, Arlesheim, a parl\u00e9 du d\u00e9lire et de la s\u00e9dation. Le delirium en fin de vie est fr\u00e9quent et p\u00e9nible, et son origine est g\u00e9n\u00e9ralement multifactorielle<strong> (figure 1)<\/strong>. Il peut \u00eatre d\u00e9clench\u00e9 par une tumeur (m\u00e9tastases c\u00e9r\u00e9brales, paran\u00e9oplasiques), des m\u00e9dicaments (tels que les opio\u00efdes, les st\u00e9ro\u00efdes, les AINS, les anti\u00e9m\u00e9tiques) ou une infection (d\u00e9faillance d&#8217;un organe, troubles \u00e9lectrolytiques, troubles de la glyc\u00e9mie). &#8220;Les principales r\u00e8gles sont les suivantes :<\/p>\n<ul>\n<li>Viser la pr\u00e9vention<\/li>\n<li>Effectuer un suivi<\/li>\n<li>Supprimer les causes traitables (r\u00e9duire les m\u00e9dicaments, rotation des opio\u00efdes, hydratation)<\/li>\n<li>Faire des accords clairs entre les \u00e9quipes (fixer une limite de temps)<\/li>\n<li>Ne pas oublier l&#8217;information\/l&#8217;assistance aux proches&#8221;, a d\u00e9clar\u00e9 le Dr Gudat-Keller.<\/li>\n<\/ul>\n<p>Les troubles qualitatifs peuvent \u00eatre trait\u00e9s m\u00e9dicalement par des neuroleptiques. Dans ce cas, le premier choix est l&#8217;<sup>Haldol\u00ae<\/sup>, le second choix est le <sup>Nozinan\u00ae<\/sup>, le <sup>Seroquel\u00ae<\/sup>, le <sup>Risperdal\u00ae<\/sup>, qui ont un effet l\u00e9g\u00e8rement plus faible que l&#8217;Haldol et ne sont donc pas suffisants pour le traitement des \u00e9tats progressifs graves.<\/p>\n<p>Les benzodiaz\u00e9pines permettent de lutter contre l&#8217;agitation motrice. Le m\u00e9dicament de premier choix est le Valium\u00ae, puis le <sup>Dormicum\u00ae<\/sup> ainsi que le <sup>Tranxilium\u00ae<\/sup> sont envisag\u00e9s, et pour les patients g\u00e9riatriques, le <sup>Dipiperon\u00ae<\/sup> (jusqu&#8217;\u00e0 120 mg).<\/p>\n<p><img decoding=\"async\" class=\"size-full wp-image-2605 lazyload\" data-src=\"https:\/\/medizinonline.com\/wp-content\/uploads\/2013\/11\/sterben_abb1.png-d3c149_1118.jpg\" width=\"1100\" height=\"788\" data-srcset=\"https:\/\/medizinonline.com\/wp-content\/uploads\/2013\/11\/sterben_abb1.png-d3c149_1118.jpg 1100w, https:\/\/medizinonline.com\/wp-content\/uploads\/2013\/11\/sterben_abb1.png-d3c149_1118-800x573.jpg 800w, https:\/\/medizinonline.com\/wp-content\/uploads\/2013\/11\/sterben_abb1.png-d3c149_1118-120x86.jpg 120w, https:\/\/medizinonline.com\/wp-content\/uploads\/2013\/11\/sterben_abb1.png-d3c149_1118-90x64.jpg 90w, https:\/\/medizinonline.com\/wp-content\/uploads\/2013\/11\/sterben_abb1.png-d3c149_1118-320x229.jpg 320w, https:\/\/medizinonline.com\/wp-content\/uploads\/2013\/11\/sterben_abb1.png-d3c149_1118-560x401.jpg 560w\" data-sizes=\"(max-width: 1100px) 100vw, 1100px\" src=\"data:image\/svg+xml;base64,PHN2ZyB3aWR0aD0iMSIgaGVpZ2h0PSIxIiB4bWxucz0iaHR0cDovL3d3dy53My5vcmcvMjAwMC9zdmciPjwvc3ZnPg==\" style=\"--smush-placeholder-width: 1100px; --smush-placeholder-aspect-ratio: 1100\/788;\" \/><\/p>\n<h2 id=\"sedation-pallative\">S\u00e9dation pallative<\/h2>\n<p>&#8220;La s\u00e9dation pallative est l&#8217;administration consciente et surveill\u00e9e de m\u00e9dicaments induisant le sommeil, de mani\u00e8re temporaire ou permanente, faible ou forte, \u00e0 la dose minimale efficace, pour un ou plusieurs troubles r\u00e9fractaires chez des personnes dont l&#8217;esp\u00e9rance de vie est limit\u00e9e&#8221;, a r\u00e9sum\u00e9 le Dr Gudat-Keller. &#8220;Les proches pensent souvent que la s\u00e9dation est la &#8220;piq\u00fbre&#8221;, c&#8217;est-\u00e0-dire l&#8217;euthanasie.<\/p>\n<p>En tant que praticien, vous devez avoir une r\u00e9ponse. Dans le cas de l&#8217;euthanasie active, l&#8217;objectif est que le patient meure. Dans le cas de la s\u00e9dation, l&#8217;objectif est que le patient puisse supporter la situation. La diff\u00e9rence d&#8217;objectif est essentielle. La s\u00e9dation en soi n&#8217;\u00e9courte ni ne prolonge la vie, le terme signifie en principe uniquement que le patient est dans un \u00e9tat de somnolence ou de sommeil. Seules les mesures d&#8217;accompagnement telles que l&#8217;hydratation, l&#8217;alimentation, etc. limitent la vie&#8221;. Pour le traitement, selon le Dr Gudat-Keller, le Dormicum<sup>\u00ae<\/sup> (60-200 mg\/j) est pr\u00e9f\u00e9rable, car il est souvent impossible de cr\u00e9er correctement la profondeur de la s\u00e9dation avec d&#8217;autres m\u00e9dicaments. L&#8217;avantage ici est \u00e9galement la courte demi-vie. Il peut \u00eatre r\u00e9ajust\u00e9 rapidement si la premi\u00e8re dose n&#8217;est pas correcte.<\/p>\n<h2 id=\"les-medecins-generalistes-sont-ils-competents-en-matiere-de-soins-palliatifs\">Les m\u00e9decins g\u00e9n\u00e9ralistes sont-ils comp\u00e9tents en mati\u00e8re de soins palliatifs ?<\/h2>\n<p>C&#8217;est la question que s&#8217;est pos\u00e9e le Dr Klaus Bally, B\u00e2le : &#8220;D&#8217;un c\u00f4t\u00e9, les patients semblent appr\u00e9cier la disponibilit\u00e9, le temps et l&#8217;\u00e9coute des m\u00e9decins g\u00e9n\u00e9ralistes. Cependant, ces derniers se sentent souvent peu s\u00fbrs d&#8217;eux dans le domaine des soins palliatifs. A cela s&#8217;ajoute le fait que les proches endeuill\u00e9s ont parfois l&#8217;impression que le traitement dans les cabinets de m\u00e9decine g\u00e9n\u00e9rale est moins bon que dans d&#8217;autres institutions. Dans l&#8217;ensemble, les besoins des soignants, et en particulier des proches soignants, ne sont pas suffisamment pris en compte&#8221;.<\/p>\n<p>Dans tous les cas, il est recommand\u00e9 d&#8217;aborder le patient de mani\u00e8re proactive lorsqu&#8217;on l&#8217;a identifi\u00e9 comme un patient en soins palliatifs. Cela peut se faire par exemple en posant les questions suivantes : &#8220;A votre avis, o\u00f9 en \u00eates-vous dans votre maladie ?&#8221;, &#8220;Que devons-nous faire si un jour nous ne pouvons plus rester chez nous ?&#8221;, &#8220;Que dit votre famille ? Devons-nous en parler ensemble ?&#8221; ou &#8220;Voulez-vous faire une inscription pr\u00e9ventive dans une maison de retraite\/un hospice ?&#8221;, conclut le Dr Bally.<\/p>\n<p><em>Source : &#8220;Mourir \u00e0 domicile &#8211; souhait ou r\u00e9alit\u00e9 ?&#8221;, atelier au congr\u00e8s SwissFamilyDocs, 29-30 ao\u00fbt 2013, Berne<\/em><\/p>\n<p><em>PRATIQUE DU M\u00c9DECIN DE FAMILLE 2013 ; 8 (10) : 39-40<\/em><\/p>\n","protected":false},"excerpt":{"rendered":"<p>Mourir \u00e0 domicile est-il une utopie et une t\u00e2che quasiment insurmontable pour le m\u00e9decin g\u00e9n\u00e9raliste ou est-ce tout \u00e0 fait faisable ? Cette question a \u00e9t\u00e9 abord\u00e9e dans un atelier&hellip;<\/p>\n","protected":false},"author":4,"featured_media":38660,"comment_status":"closed","ping_status":"","sticky":false,"template":"","format":"standard","meta":{"_acf_changed":false,"pmpro_default_level":"","cat_1_feature_home_top":false,"cat_2_editor_pick":false,"csco_eyebrow_text":"Mourir chez soi  ","footnotes":""},"category":[11394,11368,11389,11549],"tags":[15220,13762,59507,49029,59493,43626,43620,26289,12902,59500,44642,59487,42804,54040,59479,24613],"powerkit_post_featured":[],"class_list":["post-346668","post","type-post","status-publish","format-standard","has-post-thumbnail","category-anesthesiologie","category-geriatrie-fr","category-oncologie","category-rx-fr","tag-delire","tag-hospice-fr","tag-hydrogenation-fr","tag-maison-de-retraite","tag-medecins-de-la-peau","tag-mort","tag-mourir","tag-neuroleptiques","tag-nutrition","tag-pallative-fr","tag-planification-avancee-des-soins","tag-rcp","tag-sedation-fr-2","tag-soins-a-domicile","tag-swiss-familydocs-fr","tag-tumeur","pmpro-has-access"],"acf":[],"publishpress_future_action":{"enabled":false,"date":"2026-05-02 11:23:23","action":"change-status","newStatus":"draft","terms":[],"taxonomy":"category","extraData":[]},"publishpress_future_workflow_manual_trigger":{"enabledWorkflows":[]},"wpml_current_locale":"fr_FR","wpml_translations":{"it_IT":{"locale":"it_IT","id":346830,"slug":"delirio-e-sedazione-un-compito-terapeutico-per-il-medico-di-famiglia","post_title":"Delirio e sedazione: un compito terapeutico per il medico di famiglia?","href":"https:\/\/medizinonline.com\/it\/delirio-e-sedazione-un-compito-terapeutico-per-il-medico-di-famiglia\/"},"pt_PT":{"locale":"pt_PT","id":346847,"slug":"delirio-e-sedacao-uma-tarefa-de-tratamento-para-o-medico-de-clinica-geral","post_title":"Del\u00edrio e seda\u00e7\u00e3o - uma tarefa de tratamento para o m\u00e9dico de cl\u00ednica geral?","href":"https:\/\/medizinonline.com\/pt-pt\/delirio-e-sedacao-uma-tarefa-de-tratamento-para-o-medico-de-clinica-geral\/"},"es_ES":{"locale":"es_ES","id":346860,"slug":"delirio-y-sedacion-una-tarea-de-tratamiento-para-el-medico-generalista","post_title":"Delirio y sedaci\u00f3n: \u00bfuna tarea de tratamiento para el m\u00e9dico generalista?","href":"https:\/\/medizinonline.com\/es\/delirio-y-sedacion-una-tarea-de-tratamiento-para-el-medico-generalista\/"}},"_links":{"self":[{"href":"https:\/\/medizinonline.com\/fr\/wp-json\/wp\/v2\/posts\/346668","targetHints":{"allow":["GET"]}}],"collection":[{"href":"https:\/\/medizinonline.com\/fr\/wp-json\/wp\/v2\/posts"}],"about":[{"href":"https:\/\/medizinonline.com\/fr\/wp-json\/wp\/v2\/types\/post"}],"author":[{"embeddable":true,"href":"https:\/\/medizinonline.com\/fr\/wp-json\/wp\/v2\/users\/4"}],"replies":[{"embeddable":true,"href":"https:\/\/medizinonline.com\/fr\/wp-json\/wp\/v2\/comments?post=346668"}],"version-history":[{"count":0,"href":"https:\/\/medizinonline.com\/fr\/wp-json\/wp\/v2\/posts\/346668\/revisions"}],"wp:featuredmedia":[{"embeddable":true,"href":"https:\/\/medizinonline.com\/fr\/wp-json\/wp\/v2\/media\/38660"}],"wp:attachment":[{"href":"https:\/\/medizinonline.com\/fr\/wp-json\/wp\/v2\/media?parent=346668"}],"wp:term":[{"taxonomy":"category","embeddable":true,"href":"https:\/\/medizinonline.com\/fr\/wp-json\/wp\/v2\/category?post=346668"},{"taxonomy":"post_tag","embeddable":true,"href":"https:\/\/medizinonline.com\/fr\/wp-json\/wp\/v2\/tags?post=346668"},{"taxonomy":"powerkit_post_featured","embeddable":true,"href":"https:\/\/medizinonline.com\/fr\/wp-json\/wp\/v2\/powerkit_post_featured?post=346668"}],"curies":[{"name":"wp","href":"https:\/\/api.w.org\/{rel}","templated":true}]}}