{"id":346905,"date":"2013-10-21T00:00:00","date_gmt":"2013-10-20T22:00:00","guid":{"rendered":"https:\/\/medizinonline.com\/chez-nous-les-medecins-sont-invites-a-mettre-la-main-a-la-pate-lors-des-ateliers\/"},"modified":"2013-10-21T00:00:00","modified_gmt":"2013-10-20T22:00:00","slug":"chez-nous-les-medecins-sont-invites-a-mettre-la-main-a-la-pate-lors-des-ateliers","status":"publish","type":"post","link":"https:\/\/medizinonline.com\/fr\/chez-nous-les-medecins-sont-invites-a-mettre-la-main-a-la-pate-lors-des-ateliers\/","title":{"rendered":"&#8220;Chez nous, les m\u00e9decins sont invit\u00e9s \u00e0 mettre la main \u00e0 la p\u00e2te lors des ateliers&#8221;"},"content":{"rendered":"<p><strong>La troisi\u00e8me \u00e9dition du Great Update de la SSMI aura lieu les 14 et 15 novembre. Comme les ann\u00e9es pr\u00e9c\u00e9dentes, le congr\u00e8s se tiendra \u00e0 Interlaken et s&#8217;adressera principalement aux m\u00e9decins de premier recours dans leur cabinet. Les nombreux ateliers permettent aux participants d&#8217;\u00e9changer de mani\u00e8re interactive et de mettre en pratique ce qu&#8217;ils ont appris sur des appareils d&#8217;essai. Les deux copr\u00e9sidents du congr\u00e8s, le professeur J\u00f6rg Daniel Leuppi et le professeur Jonas Rutishauser, nous parlent de leurs moments forts personnels et des d\u00e9fis qu&#8217;ils ont d\u00fb relever lors de la planification.<\/strong><\/p>\n<p> <!--more--> <\/p>\n<p><strong>Apr\u00e8s le congr\u00e8s, c&#8217;est avant le congr\u00e8s : quand allez-vous commencer \u00e0 planifier le prochain congr\u00e8s ?<\/strong><br \/>\n<em>Prof. Leuppi<\/em>: Vous avez tout \u00e0 fait raison. Pendant le congr\u00e8s, nous essayons d\u00e9j\u00e0 de recueillir les impressions et les appr\u00e9ciations des participants. Les congressistes nous \u00e9crivent leurs souhaits pour l&#8217;ann\u00e9e suivante sur les feuilles d&#8217;\u00e9valuation afin que nous puissions en tenir compte en permanence. Nous organisons certains ateliers chaque ann\u00e9e. Les ateliers pratiques, tels que la spirom\u00e9trie, l&#8217;\u00e9chographie abdominale ou la microscopie urinaire, ont \u00e9t\u00e9 tellement appr\u00e9ci\u00e9s que nous les pr\u00e9voyons d\u00e9j\u00e0 pour l&#8217;ann\u00e9e prochaine. La r\u00e9union de planification correspondante du comit\u00e9 d&#8217;organisation de la mise \u00e0 jour de la SSMI a g\u00e9n\u00e9ralement lieu dans le mois ou les deux mois qui suivent chaque congr\u00e8s organis\u00e9.<\/p>\n<p><strong>Vos moments forts personnels lors des congr\u00e8s des derni\u00e8res ann\u00e9es : Quels sont les moments que vous avez particuli\u00e8rement retenus ?<\/strong><br \/>\n<em>Prof. Rutishauser :<\/em> Nous avons r\u00e9ussi \u00e0 cr\u00e9er une atmosph\u00e8re \u00e0 la fois tr\u00e8s familiale et stimulante dans le Kursaal du centre de congr\u00e8s d&#8217;Interlaken &#8211; cette atmosph\u00e8re n&#8217;\u00e9tait pas seulement perceptible \u00e0 certains moments, mais tout au long des deux jours du congr\u00e8s. Je me souviens par exemple d&#8217;une pr\u00e9sentation tr\u00e8s claire lors de la premi\u00e8re Great Update sur le th\u00e8me de la dermatologie dans la pratique. Une &#8220;session pl\u00e9ni\u00e8re&#8221; sur la r\u00e9animation lors du dernier congr\u00e8s \u00e9tait \u00e9galement particuli\u00e8re : l&#8217;orateur s&#8217;est battu contre des difficult\u00e9s informatiques et a souvent d\u00fb improviser. C&#8217;est pr\u00e9cis\u00e9ment pour cette raison que son expos\u00e9 \u00e9tait extr\u00eamement vivant et qu&#8217;il a \u00e9t\u00e9 r\u00e9compens\u00e9 par des applaudissements et des r\u00e9actions positives. L&#8217;ann\u00e9e derni\u00e8re, j&#8217;ai \u00e9galement particip\u00e9 \u00e0 l&#8217;atelier sur les effets secondaires des m\u00e9dicaments et j&#8217;ai assist\u00e9 \u00e0 une discussion tr\u00e8s anim\u00e9e sur la base d&#8217;exemples de cas pratiques. Je me souviens aussi particuli\u00e8rement bien de la soir\u00e9e sociale de l&#8217;ann\u00e9e derni\u00e8re \u00e0 la brasserie de l&#8217;h\u00f4tel Victoria Jungfrau. L&#8217;ambiance et l&#8217;atmosph\u00e8re de cette magnifique salle \u00e9taient uniques !<\/p>\n<p><strong>Comment Interlaken a-t-elle fait ses preuves en tant que lieu d&#8217;accueil ?<\/strong><br \/>\n<em>Prof. Leuppi<\/em>: Tr\u00e8s bien. D&#8217;une part, l&#8217;infrastructure et les locaux du centre de congr\u00e8s sont parfaitement am\u00e9nag\u00e9s et, d&#8217;autre part, le lieu est tr\u00e8s central en Suisse et facilement accessible par le train. La distance jusqu&#8217;\u00e0 Interlaken est \u00e0 peu pr\u00e8s la m\u00eame pour les participants des Grisons que pour ceux de Lausanne ou de B\u00e2le. Avec Interlaken, nous avons donc pu trouver un lieu optimal. Pendant les pauses, il est \u00e9galement possible de faire une petite promenade le long de l&#8217;Aar et d&#8217;admirer le panorama exceptionnel.<\/p>\n<p><strong>Quelles sont les priorit\u00e9s th\u00e9matiques du programme de cette ann\u00e9e ? Y a-t-il des sujets que vous trouvez particuli\u00e8rement passionnants ?<\/strong><br \/>\n<em>Rutishauser :<\/em> Il m&#8217;est difficile de me limiter \u00e0 quelques th\u00e8mes. J&#8217;attends avec impatience de nombreuses pr\u00e9sentations, par exemple sur les nouveaux anticoagulants, mais aussi sur d&#8217;autres sujets pratiques tels que &#8220;les douleurs abdominales aigu\u00ebs&#8221; ou &#8220;les intoxications chez les enfants&#8221;. Cette ann\u00e9e, J\u00f6rg Leuppi et moi-m\u00eame donnerons chacun une conf\u00e9rence sur les sujets br\u00fblants de la m\u00e9decine interne, ce dont je me r\u00e9jouis \u00e9galement.<\/p>\n<p>\n<strong>Depuis 2011, le congr\u00e8s a-t-il r\u00e9ussi \u00e0 s&#8217;\u00e9tablir dans le paysage des congr\u00e8s suisses ?<\/strong><br \/>\n<em>Prof. Leuppi : <\/em>L&#8217;offre de formation continue en Suisse est certainement tr\u00e8s vaste, vous avez raison. Cependant, en se basant \u00e0 nouveau sur les commentaires des participants, il semble que nous ayons r\u00e9ussi \u00e0 obtenir un tr\u00e8s bon m\u00e9lange de conf\u00e9rences et d&#8217;ateliers. Le nombre de participants est en constante augmentation. Oui, je pense que nous avons r\u00e9ussi \u00e0 nous \u00e9tablir tr\u00e8s solidement dans le paysage des congr\u00e8s.<\/p>\n<p><strong>Qu&#8217;est-ce qui rend ce congr\u00e8s si proche de la pratique ?<\/strong><br \/>\n<em>Prof. Rutishauser : <\/em>Le comit\u00e9 scientifique a soigneusement choisi les th\u00e8mes des conf\u00e9rences et des ateliers en fonction de leur caract\u00e8re pratique et de leur applicabilit\u00e9 dans la pratique clinique quotidienne. Le fait que de nombreux intervenants soient issus de la pratique, l&#8217;int\u00e9gration des commentaires de nos participants dans le programme, les nombreuses possibilit\u00e9s de discussion : tout cela garantit l&#8217;orientation pratique de Great Update.<\/p>\n<p><strong>Concr\u00e8tement, comment se d\u00e9roulent les \u00e9changes interactifs entre les m\u00e9decins lors des ateliers ?<\/strong><br \/>\n<em>Prof. Leuppi :<\/em> Dans les nombreux ateliers, les participants sont invit\u00e9s \u00e0 mettre la main \u00e0 la p\u00e2te, que ce soit avec des appareils tels que l&#8217;\u00e9chographie ou le spirom\u00e8tre ou directement sur leurs coll\u00e8gues, par exemple lors de l&#8217;examen des articulations. Cela permet de cr\u00e9er facilement des \u00e9changes interactifs passionnants entre les participants et entre les participants et les formateurs.<\/p>\n<p><strong>Pourquoi le congr\u00e8s a-t-il lieu cette ann\u00e9e en novembre (alors qu&#8217;il avait lieu en septembre\/octobre) ? Veut-il \u00e9viter la collision avec d&#8217;autres congr\u00e8s ?<\/strong>?<br \/>\n<em>Prof. Rutishauser :<\/em> Nous voulons \u00e9viter une collision avec les vacances scolaires d&#8217;automne. En cons\u00e9quence, nous avons choisi le mois de novembre.<\/p>\n<p><strong><em>Entretien : Andreas Grossmann<\/em><\/strong><\/p>\n","protected":false},"excerpt":{"rendered":"<p>La troisi\u00e8me \u00e9dition du Great Update de la SSMI aura lieu les 14 et 15 novembre. Comme les ann\u00e9es pr\u00e9c\u00e9dentes, le congr\u00e8s se tiendra \u00e0 Interlaken et s&#8217;adressera principalement aux&hellip;<\/p>\n","protected":false},"author":4,"featured_media":37598,"comment_status":"closed","ping_status":"","sticky":false,"template":"","format":"standard","meta":{"_acf_changed":false,"pmpro_default_level":"","cat_1_feature_home_top":false,"cat_2_editor_pick":false,"csco_eyebrow_text":"3\u00e8me SGIM Great Update pour les m\u00e9decins g\u00e9n\u00e9ralistes","footnotes":""},"category":[11539,11482,11549],"tags":[37003,40920,37965,60465,45881,60460],"powerkit_post_featured":[],"class_list":["post-346905","post","type-post","status-publish","format-standard","has-post-thumbnail","category-interviews-fr","category-prevention-et-soins-de-sante","category-rx-fr","tag-atelier","tag-congres","tag-fournisseur-de-base","tag-scientifique","tag-sgim-fr","tag-sgim-great-update-fr","pmpro-has-access"],"acf":[],"publishpress_future_action":{"enabled":false,"date":"2026-05-03 19:16:22","action":"change-status","newStatus":"draft","terms":[],"taxonomy":"category","extraData":[]},"publishpress_future_workflow_manual_trigger":{"enabledWorkflows":[]},"wpml_current_locale":"fr_FR","wpml_translations":{"it_IT":{"locale":"it_IT","id":346882,"slug":"nei-nostri-workshop-ai-medici-viene-chiesto-di-dare-una-mano-loro-stessi","post_title":"\"Nei nostri workshop, ai medici viene chiesto di dare una mano loro stessi\".","href":"https:\/\/medizinonline.com\/it\/nei-nostri-workshop-ai-medici-viene-chiesto-di-dare-una-mano-loro-stessi\/"},"pt_PT":{"locale":"pt_PT","id":346890,"slug":"nas-nossas-oficinas-pede-se-aos-medicos-que-deem-eles-proprios-uma-mao","post_title":"\"Nas nossas oficinas, pede-se aos m\u00e9dicos que d\u00eaem eles pr\u00f3prios uma m\u00e3o\".","href":"https:\/\/medizinonline.com\/pt-pt\/nas-nossas-oficinas-pede-se-aos-medicos-que-deem-eles-proprios-uma-mao\/"},"es_ES":{"locale":"es_ES","id":346898,"slug":"en-nuestros-talleres-se-pide-a-los-medicos-que-echen-una-mano-ellos-mismos","post_title":"\"En nuestros talleres se pide a los m\u00e9dicos que echen una mano ellos mismos\".","href":"https:\/\/medizinonline.com\/es\/en-nuestros-talleres-se-pide-a-los-medicos-que-echen-una-mano-ellos-mismos\/"}},"_links":{"self":[{"href":"https:\/\/medizinonline.com\/fr\/wp-json\/wp\/v2\/posts\/346905","targetHints":{"allow":["GET"]}}],"collection":[{"href":"https:\/\/medizinonline.com\/fr\/wp-json\/wp\/v2\/posts"}],"about":[{"href":"https:\/\/medizinonline.com\/fr\/wp-json\/wp\/v2\/types\/post"}],"author":[{"embeddable":true,"href":"https:\/\/medizinonline.com\/fr\/wp-json\/wp\/v2\/users\/4"}],"replies":[{"embeddable":true,"href":"https:\/\/medizinonline.com\/fr\/wp-json\/wp\/v2\/comments?post=346905"}],"version-history":[{"count":0,"href":"https:\/\/medizinonline.com\/fr\/wp-json\/wp\/v2\/posts\/346905\/revisions"}],"wp:featuredmedia":[{"embeddable":true,"href":"https:\/\/medizinonline.com\/fr\/wp-json\/wp\/v2\/media\/37598"}],"wp:attachment":[{"href":"https:\/\/medizinonline.com\/fr\/wp-json\/wp\/v2\/media?parent=346905"}],"wp:term":[{"taxonomy":"category","embeddable":true,"href":"https:\/\/medizinonline.com\/fr\/wp-json\/wp\/v2\/category?post=346905"},{"taxonomy":"post_tag","embeddable":true,"href":"https:\/\/medizinonline.com\/fr\/wp-json\/wp\/v2\/tags?post=346905"},{"taxonomy":"powerkit_post_featured","embeddable":true,"href":"https:\/\/medizinonline.com\/fr\/wp-json\/wp\/v2\/powerkit_post_featured?post=346905"}],"curies":[{"name":"wp","href":"https:\/\/api.w.org\/{rel}","templated":true}]}}