{"id":346982,"date":"2013-09-20T00:00:00","date_gmt":"2013-09-19T22:00:00","guid":{"rendered":"https:\/\/medizinonline.com\/clarifier-le-statut-du-fer-et-corriger-la-carence-en-fer\/"},"modified":"2013-09-20T00:00:00","modified_gmt":"2013-09-19T22:00:00","slug":"clarifier-le-statut-du-fer-et-corriger-la-carence-en-fer","status":"publish","type":"post","link":"https:\/\/medizinonline.com\/fr\/clarifier-le-statut-du-fer-et-corriger-la-carence-en-fer\/","title":{"rendered":"Clarifier le statut du fer et corriger la carence en fer"},"content":{"rendered":"<p><strong>Lors de la conf\u00e9rence de presse officielle du congr\u00e8s anniversaire &#8220;20 ans de Cardiology Update&#8221;, le professeur Frank Ruschitzka, cardiologue (USZ), a pr\u00e9sent\u00e9 un bilan inqui\u00e9tant sur l&#8217;insuffisance cardiaque &#8211; avec 120 000 personnes touch\u00e9es rien qu&#8217;en Suisse. \u00c9tant donn\u00e9 que la diminution du d\u00e9bit cardiaque s&#8217;accompagne d&#8217;une dyspn\u00e9e, d&#8217;un \u00e9puisement rapide, d&#8217;une fatigue, d&#8217;une r\u00e9tention d&#8217;eau dans les poumons et d&#8217;un \u0153d\u00e8me p\u00e9riph\u00e9rique, il convient d&#8217;exploiter toutes les possibilit\u00e9s de prise en charge moderne. Lors d&#8217;un symposium satellite, des experts ont abord\u00e9 la carence en fer en tant que comorbidit\u00e9 reconnue dans l&#8217;insuffisance cardiaque et ont pr\u00e9sent\u00e9 des donn\u00e9es sur la correction r\u00e9ussie du d\u00e9ficit par le fer-carboxymaltose i.v..<\/strong><\/p>\n<p> <!--more--> <\/p>\n<p>Compte tenu de l&#8217;\u00e9volution d\u00e9mographique, on peut s&#8217;attendre \u00e0 ce que le nombre de patients souffrant d&#8217;insuffisance cardiaque (CHF) atteigne 200 000 au cours des quatre prochaines ann\u00e9es, a d\u00e9clar\u00e9 le professeur Frank Ruschitzka, de Zurich. Chaque ann\u00e9e, 10 000 personnes meurent en Suisse des suites de la CHF. La mortalit\u00e9 globale est de 50% \u00e0 cinq ans, ce qui rend le pronostic de l&#8217;ICC moins bon que celui de la plupart des cancers. Georg Noll, cardiologue (USZ), a pr\u00e9sent\u00e9 la prise en charge de l&#8217;ICC et a soulign\u00e9 qu&#8217;une m\u00e9ta-analyse de 34 \u00e9tudes [1] (n=150&nbsp;000) a montr\u00e9 non seulement une pr\u00e9valence \u00e9lev\u00e9e de l&#8217;an\u00e9mie (37,8%) chez les patients atteints d&#8217;ICC, mais aussi une augmentation significative de la mortalit\u00e9. Deux patients sur trois atteints d'&#8221;an\u00e9mie de maladie chronique&#8221; pr\u00e9sentent une carence en fer [2], a expliqu\u00e9 le cardiologue. Cette carence en fer est responsable d&#8217;une augmentation de la morbidit\u00e9 et de la mortalit\u00e9 chez les CHF, ind\u00e9pendamment de la pr\u00e9sence d&#8217;une an\u00e9mie <strong>(figure 1)<\/strong> [3, 4]. C&#8217;est pourquoi les lignes directrices de l&#8217;ESC recommandent \u00e9galement de surveiller r\u00e9guli\u00e8rement le statut en fer et, par cons\u00e9quent, de corriger le d\u00e9ficit [5].<\/p>\n<p><img fetchpriority=\"high\" decoding=\"async\" class=\" size-full wp-image-2220\" src=\"https:\/\/medizinonline.com\/wp-content\/uploads\/2013\/09\/qqq1.jpg-9bee20_819.jpg\" width=\"1100\" height=\"719\" srcset=\"https:\/\/medizinonline.com\/wp-content\/uploads\/2013\/09\/qqq1.jpg-9bee20_819.jpg 1100w, https:\/\/medizinonline.com\/wp-content\/uploads\/2013\/09\/qqq1.jpg-9bee20_819-800x523.jpg 800w, https:\/\/medizinonline.com\/wp-content\/uploads\/2013\/09\/qqq1.jpg-9bee20_819-120x78.jpg 120w, https:\/\/medizinonline.com\/wp-content\/uploads\/2013\/09\/qqq1.jpg-9bee20_819-90x59.jpg 90w, https:\/\/medizinonline.com\/wp-content\/uploads\/2013\/09\/qqq1.jpg-9bee20_819-320x209.jpg 320w, https:\/\/medizinonline.com\/wp-content\/uploads\/2013\/09\/qqq1.jpg-9bee20_819-560x366.jpg 560w\" sizes=\"(max-width: 1100px) 100vw, 1100px\" \/><\/p>\n<p><em>Fig. 1 : La carence en fer (EM) est associ\u00e9e \u00e0 une augmentation de la morbidit\u00e9 et de la mortalit\u00e9, m\u00eame en l&#8217;absence d&#8217;an\u00e9mie.<\/em><\/p>\n<h2 id=\"role-de-la-carence-en-fer-dans-le-cercle-vicieux-de-linsuffisance-cardiaque\">R\u00f4le de la carence en fer dans le cercle vicieux de l&#8217;insuffisance cardiaque<\/h2>\n<p>Peter van der Meer, Groningen (NL), a estim\u00e9 la pr\u00e9valence de l&#8217;an\u00e9mie chez les patients atteints d&#8217;ICC entre 14 et 79%, en fonction de la s\u00e9v\u00e9rit\u00e9 de l&#8217;ICC [6]. Selon la d\u00e9finition de l&#8217;OMS, il y a an\u00e9mie lorsque l&#8217;on mesure une Hb &lt;13&nbsp;g\/dl chez les hommes et &lt;12&nbsp;g\/dl chez les femmes. Le conf\u00e9rencier a \u00e9voqu\u00e9 une multitude d&#8217;\u00e9tiologies possibles de l&#8217;an\u00e9mie chez les CHF, parmi lesquelles la carence en fer joue un r\u00f4le d\u00e9terminant. En pratique, il faut distinguer la carence en fer absolue de la carence en fer fonctionnelle. Dans le cas d&#8217;une carence absolue en fer, la d\u00e9pl\u00e9tion des r\u00e9serves de fer est g\u00e9n\u00e9ralement due \u00e0 une perte de sang chronique, tandis que dans le cas d&#8217;une carence fonctionnelle en fer, c&#8217;est l&#8217;inflammation qui joue un r\u00f4le d\u00e9cisif.<br \/>\nLa biopsie de la moelle osseuse, qui constitue l&#8217;\u00e9talon-or du diagnostic de l&#8217;an\u00e9mie, a r\u00e9v\u00e9l\u00e9 que pr\u00e8s des trois quarts (73%) des patients (n=37) atteints d&#8217;une CHF avanc\u00e9e (NYHA IV) et d&#8217;une FEVG de 22% pr\u00e9sentaient une an\u00e9mie ferriprive [7]. Le Dr van der Meer a rappel\u00e9 que les deux constellations suivantes indiquent une carence en fer chez CHF [8] :<\/p>\n<ul>\n<li>Ferritine &lt;100 \u00b5g\/L, ou<\/li>\n<li>Ferritine entre 100 et 299 \u00b5g\/L avec un TSAT&lt;20%.<\/li>\n<\/ul>\n<p>Il a fait r\u00e9f\u00e9rence \u00e0 une \u00e9tude portant sur des patients atteints d&#8217;ICC (n=443) avec une FEVG de 26%, dont la majorit\u00e9 \u00e9tait class\u00e9e NYHA II\/III ; dans ce collectif, la baisse des performances physiques \u00e9tait associ\u00e9e \u00e0 la carence en fer [9] :&nbsp;  La consommation maximale d&#8217;oxyg\u00e8ne \u00e0 l&#8217;effort \u00e9tait la plus \u00e9lev\u00e9e chez les patients sans carence en fer et sans an\u00e9mie, et la plus faible chez ceux souffrant d&#8217;an\u00e9mie ferriprive. Le d\u00e9ficit en fer r\u00e9duit la r\u00e9sistance \u00e0 l&#8217;effort physique, d&#8217;une part en r\u00e9duisant la capacit\u00e9 de transport de l&#8217;oxyg\u00e8ne par le sang, et d&#8217;autre part en ne fournissant pas suffisamment d&#8217;\u00e9nergie et d&#8217;oxyg\u00e8ne aux tissus tels que les muscles cardiaques et squelettiques [10]. Comme la carence en fer est \u00e9galement associ\u00e9e \u00e0 une augmentation significative de la mortalit\u00e9 chez les CHF, il convient d&#8217;exploiter toutes les possibilit\u00e9s de rem\u00e9dier \u00e0 temps \u00e0 la carence en fer [8].<\/p>\n<h2 id=\"la-carence-en-fer-dans-lih-prise-en-compte-dans-les-lignes-directrices-esc-2012\">La carence en fer dans l&#8217;IH prise en compte dans les lignes directrices ESC 2012<\/h2>\n<p>Stefan Anker, Charit\u00e9 (Berlin), a mentionn\u00e9 plusieurs \u00e9tudes publi\u00e9es entre 2006 et 2008 qui ont fourni les premi\u00e8res indications sur les avantages de l&#8217;administration de fer par voie i.v. en cas de CHF :<\/p>\n<ul>\n<li>Le saccharose ferrique i.v. am\u00e9liore la capacit\u00e9 fonctionnelle et la qualit\u00e9 de vie en cas de CHF et d&#8217;an\u00e9mie  [11]<\/li>\n<li>Le saccharose ferrique i.v. am\u00e9liore la fonction r\u00e9nale des patients CHF souffrant de carence en fer et d&#8217;an\u00e9mie  [12]<\/li>\n<li>La saccharose ferrique i.v. am\u00e9liore le statut en fer chez les patients CHF avec et sans an\u00e9mie  [13]<\/li>\n<li>Le saccharose ferrique i.v. am\u00e9liore la consommation maximale d&#8217;oxyg\u00e8ne pVO2 et prolonge l&#8217;endurance \u00e0 l&#8217;effort [13,&nbsp; 14].<\/li>\n<\/ul>\n<p>C&#8217;est dans ce contexte qu&#8217;a \u00e9t\u00e9 con\u00e7ue l&#8217;\u00e9tude FAIR-HF, \u00e0 laquelle ont particip\u00e9 459 patients CHF souffrant de carence en fer (avec ou sans an\u00e9mie). Les patients ont \u00e9t\u00e9 randomis\u00e9s 2:1 pour recevoir 200 mg de Ferinject\u00ae i.v. ou un placebo (solution saline i.v.) toutes les semaines pendant la phase de correction, puis toutes les quatre semaines par la suite. Les crit\u00e8res d&#8217;\u00e9valuation primaires choisis \u00e9taient la classe fonctionnelle NYHA et l&#8217;auto-\u00e9valuation par les patients (PGA, Patient Global Assessment) apr\u00e8s 24 semaines. Les crit\u00e8res d&#8217;\u00e9valuation secondaires \u00e9taient la distance de marche de 6 minutes et la qualit\u00e9 de vie li\u00e9e \u00e0 la sant\u00e9, a d\u00e9clar\u00e9 le professeur Anker.<\/p>\n<h2 id=\"guidelines-2012-de-lesc-abordent-la-question-de-la-carence-en-fer\">Guidelines 2012 de l&#8217;ESC&nbsp;abordent la question de la carence en fer<\/h2>\n<p>Dans le groupe trait\u00e9 par un m\u00e9dicament, 50% des patients ont signal\u00e9 une am\u00e9lioration significative ou mod\u00e9r\u00e9e, contre 27% sous placebo. En outre, 47% \u00e9taient en classe NYHA I ou II, contre 30% dans le collectif placebo. Ces r\u00e9sultats ont \u00e9t\u00e9 observ\u00e9s que la carence en fer soit associ\u00e9e ou non \u00e0 une an\u00e9mie. Les effets positifs \u00e0 24 semaines \u00e9taient tous d\u00e9j\u00e0 statistiquement significatifs \u00e0 quatre et douze semaines.<br \/>\nLe professeur Anker a soulign\u00e9 qu&#8217;en 2012, pour la premi\u00e8re fois, la carence en fer est mentionn\u00e9e dans les guidelines en tant que comorbidit\u00e9 dans l&#8217;ICC et doit \u00eatre trait\u00e9e, avec les valeurs de cut-off mentionn\u00e9es ci-dessus. En ce qui concerne le traitement, nous renvoyons aux r\u00e9sultats de l&#8217;\u00e9tude FAIR-HF [5].<\/p>\n<h2 id=\"carence-en-fer-en-cas-dinsuffisance-cardiaque-dans-la-pratique\">Carence en fer en cas d&#8217;insuffisance cardiaque dans la pratique<\/h2>\n<p>Enfin, le PD Dr Otmar Pfister, cardiologie, H\u00f4pital universitaire de B\u00e2le, a abord\u00e9 la gestion de la carence en fer chez les CHF dans la pratique. En s&#8217;appuyant sur l&#8217;exemple d&#8217;un patient, il a d\u00e9montr\u00e9 la rapidit\u00e9 et l&#8217;efficacit\u00e9 de la correction du d\u00e9ficit par le fer-carboxymaltose. Un patient de 45 ans atteint de CHF souffrait d\u00e9j\u00e0 de fatigue et d&#8217;essoufflement dans ses activit\u00e9s quotidiennes. Le statut du fer a confirm\u00e9 que les r\u00e9serves \u00e9taient vides. Ferinject\u00ae, administr\u00e9 trois fois par semaine \u00e0 raison de 200&nbsp;mg, a permis d&#8217;obtenir une am\u00e9lioration subjective et objective.<\/p>\n<h2 id=\"message-take-home\">Message Take Home<\/h2>\n<ul>\n<li>La carence en fer est une comorbidit\u00e9 fr\u00e9quente chez les patients atteints d&#8217;ICC.<\/li>\n<li>Pr\u00e8s de 50% des patients atteints de CHF pr\u00e9sentent une carence en fer.<\/li>\n<li>La carence en fer est responsable d&#8217;une diminution de la r\u00e9sistance physique.<\/li>\n<li>Les patients CHF souffrant d&#8217;une carence en fer pr\u00e9sentent un risque de mortalit\u00e9 significativement plus \u00e9lev\u00e9.<\/li>\n<\/ul>\n<h2 id=\"conclusion-du-professeur-anker\">Conclusion du professeur Anker<\/h2>\n<ul>\n<li>La carence en fer chez les CHF est une nouvelle cible th\u00e9rapeutique chez les patients avec ou sans an\u00e9mie.<\/li>\n<li>L&#8217;\u00e9tude FAIR-HF a pu d\u00e9montrer que le fer-carboxymaltose am\u00e9liore les sympt\u00f4mes, les performances et la qualit\u00e9 de vie.<\/li>\n<li>Les nouvelles lignes directrices de l&#8217;ESC indiquent que la carence en fer peut \u00eatre facilement d\u00e9tect\u00e9e, en mesurant la ferritine et le TSAT (valeurs de cut-off : ferritine &lt;100 \u00b5g\/l ; 100 \u00b5g\/l &lt;ferritine &lt;299 \u00b5g\/l et TSAT &lt;20%).<\/li>\n<li>Le fer-carboxymaltose doit \u00eatre envisag\u00e9 chez ces patients.<\/li>\n<\/ul>\n<p><em>Source : Conf\u00e9rence de presse du congr\u00e8s anniversaire &#8220;20 ans de Cardiology Update&#8221; et symposium satellite de la soci\u00e9t\u00e9 Vifor Pharma, Davos, f\u00e9vrier 2013.<\/em><\/p>\n<h3 id=\"litterature\"><strong>Litt\u00e9rature :<\/strong><\/h3>\n<p><em>1. Groneveld HF, et al : J Am Coll Cardiol 2008 ; 52 : 818-827.<br \/>\n2. Opasich C, et al : Eur Heart J 2005 ; 26 : 2232-2237.<br \/>\n3. Jankowska EA, et al : Eur Heart J 2010 ; 31(15) : 1872-1880.<br \/>\n4. Okonko DO, et al : J Am Coll Cardiol 2011 ; 58 : 1241-1251.<br \/>\n5. McMurray JJ, et al : E Eur Heart J 2012 ; 33 : 1787-1847.<br \/>\n6. Van der Meer P, van Veldhuisen DJ :&nbsp; Heart 2009 ; 95 : 1808-1812.<br \/>\n7 Nanas JN, et al : J Am Coll Cardio. 2006 ; 48 : 2485-2489.<br \/>\n8. Klip J, et al : Am Heart J 2013 ; 165(4) : 575-582.<br \/>\n9. Jankowska EA, et al : J Cardiac Fail 2011 ; 17 : 899-906.<br \/>\n10. Van Veldhuisen D, et al : Nat Rev Cardiol 2011 ; 8 : 485-493.<br \/>\n11. Bolger AP, et al : J Am Coll Cardiol 2006 ; 48 : 1225-1227.<br \/>\n12. Toblli JE, et al : J Am Coll Cardiol 2007 ; 50 : 1657-1665.<br \/>\n13. Okonko DO, et al : J Am Coll Cardiol 2008 ; 51 : 103-112.<br \/>\n14. Anker S, et al : Eur Heart J 2009 ; 11 : 1084-1091.<\/em><\/p>\n","protected":false},"excerpt":{"rendered":"<p>Lors de la conf\u00e9rence de presse officielle du congr\u00e8s anniversaire &#8220;20 ans de Cardiology Update&#8221;, le professeur Frank Ruschitzka, cardiologue (USZ), a pr\u00e9sent\u00e9 un bilan inqui\u00e9tant sur l&#8217;insuffisance cardiaque &#8211;&hellip;<\/p>\n","protected":false},"author":4,"featured_media":36504,"comment_status":"closed","ping_status":"","sticky":false,"template":"","format":"standard","meta":{"_acf_changed":false,"pmpro_default_level":"","cat_1_feature_home_top":false,"cat_2_editor_pick":false,"csco_eyebrow_text":"Traiter l'insuffisance cardiaque aigu\u00eb et chronique conform\u00e9ment aux Guidelines  ","footnotes":""},"category":[11378,11527,11535,11549],"tags":[17182,12719,12710,20257,19780,19186,17145,30133,21477,48143,29127,23866,29124,16588,34097],"powerkit_post_featured":[],"class_list":["post-346982","post","type-post","status-publish","format-standard","has-post-thumbnail","category-cardiologie","category-etudes","category-rapports-de-congres","category-rx-fr","tag-aigue","tag-anemie","tag-carence-en-fer","tag-chronique","tag-comorbidite","tag-dyspnee","tag-esc-fr","tag-fer","tag-guideline-fr","tag-insuffisance-cardiaque-fr-2","tag-morbidite","tag-mortalite","tag-oedeme-fr","tag-prevalence-fr","tag-sang","pmpro-has-access"],"acf":[],"publishpress_future_action":{"enabled":false,"date":"2026-05-04 08:23:17","action":"change-status","newStatus":"draft","terms":[],"taxonomy":"category","extraData":[]},"publishpress_future_workflow_manual_trigger":{"enabledWorkflows":[]},"wpml_current_locale":"fr_FR","wpml_translations":{"it_IT":{"locale":"it_IT","id":346984,"slug":"chiarire-lo-stato-del-ferro-e-correggere-la-carenza-di-ferro","post_title":"Chiarire lo stato del ferro e correggere la carenza di ferro.","href":"https:\/\/medizinonline.com\/it\/chiarire-lo-stato-del-ferro-e-correggere-la-carenza-di-ferro\/"},"pt_PT":{"locale":"pt_PT","id":346991,"slug":"clarificar-o-estado-do-ferro-e-corrigir-a-deficiencia-de-ferro","post_title":"Clarificar o estado do ferro e corrigir a defici\u00eancia de ferro","href":"https:\/\/medizinonline.com\/pt-pt\/clarificar-o-estado-do-ferro-e-corrigir-a-deficiencia-de-ferro\/"},"es_ES":{"locale":"es_ES","id":346993,"slug":"aclarar-el-estado-del-hierro-y-corregir-su-deficiencia","post_title":"Aclarar el estado del hierro y corregir su deficiencia","href":"https:\/\/medizinonline.com\/es\/aclarar-el-estado-del-hierro-y-corregir-su-deficiencia\/"}},"_links":{"self":[{"href":"https:\/\/medizinonline.com\/fr\/wp-json\/wp\/v2\/posts\/346982","targetHints":{"allow":["GET"]}}],"collection":[{"href":"https:\/\/medizinonline.com\/fr\/wp-json\/wp\/v2\/posts"}],"about":[{"href":"https:\/\/medizinonline.com\/fr\/wp-json\/wp\/v2\/types\/post"}],"author":[{"embeddable":true,"href":"https:\/\/medizinonline.com\/fr\/wp-json\/wp\/v2\/users\/4"}],"replies":[{"embeddable":true,"href":"https:\/\/medizinonline.com\/fr\/wp-json\/wp\/v2\/comments?post=346982"}],"version-history":[{"count":0,"href":"https:\/\/medizinonline.com\/fr\/wp-json\/wp\/v2\/posts\/346982\/revisions"}],"wp:featuredmedia":[{"embeddable":true,"href":"https:\/\/medizinonline.com\/fr\/wp-json\/wp\/v2\/media\/36504"}],"wp:attachment":[{"href":"https:\/\/medizinonline.com\/fr\/wp-json\/wp\/v2\/media?parent=346982"}],"wp:term":[{"taxonomy":"category","embeddable":true,"href":"https:\/\/medizinonline.com\/fr\/wp-json\/wp\/v2\/category?post=346982"},{"taxonomy":"post_tag","embeddable":true,"href":"https:\/\/medizinonline.com\/fr\/wp-json\/wp\/v2\/tags?post=346982"},{"taxonomy":"powerkit_post_featured","embeddable":true,"href":"https:\/\/medizinonline.com\/fr\/wp-json\/wp\/v2\/powerkit_post_featured?post=346982"}],"curies":[{"name":"wp","href":"https:\/\/api.w.org\/{rel}","templated":true}]}}