{"id":347490,"date":"2013-09-17T00:00:00","date_gmt":"2013-09-16T22:00:00","guid":{"rendered":"https:\/\/medizinonline.com\/soins-de-sante-suisses-quo-vadis\/"},"modified":"2013-09-17T00:00:00","modified_gmt":"2013-09-16T22:00:00","slug":"soins-de-sante-suisses-quo-vadis","status":"publish","type":"post","link":"https:\/\/medizinonline.com\/fr\/soins-de-sante-suisses-quo-vadis\/","title":{"rendered":"Soins de sant\u00e9 suisses &#8211; Quo vadis ?"},"content":{"rendered":"<p><strong>Paul Camenzind, directeur adjoint de l&#8217;Observatoire suisse de la sant\u00e9 (Obsan), Neuch\u00e2tel, a fait un expos\u00e9 sur le th\u00e8me &#8220;P\u00e9nurie et abondance dans les soins de sant\u00e9 en Suisse&#8221; lors des &#8220;Journ\u00e9es des tendances en sant\u00e9&#8221; \u00e0 Lucerne. Il y a dress\u00e9 un tableau nuanc\u00e9 des \u00e9volutions actuelles du syst\u00e8me m\u00e9dical national et international et a fait des pr\u00e9visions pour l&#8217;avenir. Les processus principalement d\u00e9mographiques, mais aussi g\u00e9ographiques, exigent de nouvelles solutions.<\/strong><\/p>\n<p> <!--more--> <\/p>\n<p>Selon Paul Camenzind, directeur adjoint de l&#8217;Observatoire suisse de la sant\u00e9 (Obsan), si l&#8217;on compare les d\u00e9penses que la Suisse consacre \u00e0 son syst\u00e8me de sant\u00e9 avec celles d&#8217;autres pays, en tenant compte en outre de l&#8217;esp\u00e9rance de vie moyenne, on obtient des rapports int\u00e9ressants. Au niveau international, la Suisse se classe dans le haut du tableau, tant en termes de d\u00e9penses que d&#8217;esp\u00e9rance de vie de ses habitants. Les sc\u00e9narios d\u00e9mographiques pr\u00e9voient une nette augmentation du nombre de personnes de plus de 65 ans dans notre pays \u00e9galement. C&#8217;est pourquoi les pr\u00e9visions pessimistes pour 2030 montrent une augmentation de plus de 80% des besoins en prestations, en particulier pour le nombre de r\u00e9sidents en maisons de retraite et de soins. Le besoin total en personnel pourrait augmenter jusqu&#8217;\u00e0 40% sur la m\u00eame p\u00e9riode.\n<\/p>\n<h2 id=\"structures-du-paysage-sanitaire-suisse\">Structures du paysage sanitaire suisse<\/h2>\n<p>Les difficult\u00e9s d&#8217;acc\u00e8s pour les patients se rencontrent plut\u00f4t chez les prestataires de soins psychiatriques, de r\u00e9\u00e9ducation, de soins de longue dur\u00e9e, alors que les h\u00f4pitaux et les cabinets m\u00e9dicaux, c&#8217;est-\u00e0-dire les soins somatiques aigus, rencontrent moins de probl\u00e8mes.<\/p>\n<p>L&#8217;acc\u00e8s des malades chroniques aux soins somatiques et psychiatriques est plus difficile, tout comme celui des personnes \u00e2g\u00e9es et des personnes vuln\u00e9rables. Les personnes atteintes de maladies aigu\u00ebs, plus jeunes et socialement int\u00e9gr\u00e9es rencontrent moins d&#8217;obstacles \u00e0 cet \u00e9gard.<\/p>\n<p>En outre, la situation g\u00e9ographique a un impact sur le stock de soins. Dans les r\u00e9gions rurales isol\u00e9es et moins peupl\u00e9es, la distance \u00e0 parcourir jusqu&#8217;au cabinet m\u00e9dical le plus proche peut parfois atteindre 5 km de plus que dans les cantons urbains comme Zurich. Les r\u00e9gions de montagne, par exemple les Grisons, sont particuli\u00e8rement confront\u00e9es \u00e0 de telles difficult\u00e9s d&#8217;acc\u00e8s <strong>(figure 1).<\/strong><\/p>\n<p><img fetchpriority=\"high\" decoding=\"async\" class=\" size-full wp-image-1691\" src=\"https:\/\/medizinonline.com\/wp-content\/uploads\/2013\/09\/dis.png-ec3fc9_453.png\" style=\"height:425px; width:600px\" width=\"1100\" height=\"780\" srcset=\"https:\/\/medizinonline.com\/wp-content\/uploads\/2013\/09\/dis.png-ec3fc9_453.png 1100w, https:\/\/medizinonline.com\/wp-content\/uploads\/2013\/09\/dis.png-ec3fc9_453-800x567.png 800w, https:\/\/medizinonline.com\/wp-content\/uploads\/2013\/09\/dis.png-ec3fc9_453-120x85.png 120w, https:\/\/medizinonline.com\/wp-content\/uploads\/2013\/09\/dis.png-ec3fc9_453-90x64.png 90w, https:\/\/medizinonline.com\/wp-content\/uploads\/2013\/09\/dis.png-ec3fc9_453-320x227.png 320w, https:\/\/medizinonline.com\/wp-content\/uploads\/2013\/09\/dis.png-ec3fc9_453-560x397.png 560w\" sizes=\"(max-width: 1100px) 100vw, 1100px\" \/><\/p>\n<h2 id=\"penurie-et-abondance-a-la-fois\">P\u00e9nurie et abondance \u00e0 la fois<\/h2>\n<p>Les enqu\u00eates sur le taux de c\u00e9sariennes fournissent \u00e9galement des r\u00e9sultats int\u00e9ressants. La Suisse affiche un taux \u00e9lev\u00e9 de 32,4%, soit environ 25% de plus que le taux recommand\u00e9 par l&#8217;OMS. En ce qui concerne le nombre de grands appareils dans les h\u00f4pitaux, concr\u00e8tement les IRM, on constate une certaine abondance, surtout \u00e0 B\u00e2le-Ville et \u00e0 Schaffhouse. Inversement, la Thurgovie et Nidwald souffrent plut\u00f4t d&#8217;une p\u00e9nurie \u00e0 cet \u00e9gard.<\/p>\n<p><em>Source : &#8220;P\u00e9nurie et abondance dans les soins de sant\u00e9 en Suisse : Facts and Figures&#8221; 9e Trendtage Gesundheit Luzern, 27-28 f\u00e9vrier 2013<\/em><\/p>\n","protected":false},"excerpt":{"rendered":"<p>Paul Camenzind, directeur adjoint de l&#8217;Observatoire suisse de la sant\u00e9 (Obsan), Neuch\u00e2tel, a fait un expos\u00e9 sur le th\u00e8me &#8220;P\u00e9nurie et abondance dans les soins de sant\u00e9 en Suisse&#8221; lors&hellip;<\/p>\n","protected":false},"author":4,"featured_media":33573,"comment_status":"closed","ping_status":"","sticky":false,"template":"","format":"standard","meta":{"_acf_changed":false,"pmpro_default_level":"","cat_1_feature_home_top":false,"cat_2_editor_pick":false,"csco_eyebrow_text":"9e \u00e9dition des Journ\u00e9es lucernoises des tendances en mati\u00e8re de sant\u00e9","footnotes":""},"category":[11482,11535,11549],"tags":[62604,53173],"powerkit_post_featured":[],"class_list":["post-347490","post","type-post","status-publish","format-standard","has-post-thumbnail","category-prevention-et-soins-de-sante","category-rapports-de-congres","category-rx-fr","tag-journees-lucernoises-des-tendances-en-matiere-de-soins-de-sante","tag-systeme-medical","pmpro-has-access"],"acf":[],"publishpress_future_action":{"enabled":false,"date":"2026-05-06 17:13:04","action":"change-status","newStatus":"draft","terms":[],"taxonomy":"category","extraData":[]},"publishpress_future_workflow_manual_trigger":{"enabledWorkflows":[]},"wpml_current_locale":"fr_FR","wpml_translations":{"it_IT":{"locale":"it_IT","id":347493,"slug":"assistenza-sanitaria-svizzera-quo-vadis","post_title":"Assistenza sanitaria svizzera - Quo vadis?","href":"https:\/\/medizinonline.com\/it\/assistenza-sanitaria-svizzera-quo-vadis\/"},"pt_PT":{"locale":"pt_PT","id":347468,"slug":"swiss-health-care-quo-vadis","post_title":"Swiss Health Care - Quo vadis?","href":"https:\/\/medizinonline.com\/pt-pt\/swiss-health-care-quo-vadis\/"},"es_ES":{"locale":"es_ES","id":347474,"slug":"sanidad-suiza-quo-vadis","post_title":"Sanidad suiza - \u00bfQuo vadis?","href":"https:\/\/medizinonline.com\/es\/sanidad-suiza-quo-vadis\/"}},"_links":{"self":[{"href":"https:\/\/medizinonline.com\/fr\/wp-json\/wp\/v2\/posts\/347490","targetHints":{"allow":["GET"]}}],"collection":[{"href":"https:\/\/medizinonline.com\/fr\/wp-json\/wp\/v2\/posts"}],"about":[{"href":"https:\/\/medizinonline.com\/fr\/wp-json\/wp\/v2\/types\/post"}],"author":[{"embeddable":true,"href":"https:\/\/medizinonline.com\/fr\/wp-json\/wp\/v2\/users\/4"}],"replies":[{"embeddable":true,"href":"https:\/\/medizinonline.com\/fr\/wp-json\/wp\/v2\/comments?post=347490"}],"version-history":[{"count":0,"href":"https:\/\/medizinonline.com\/fr\/wp-json\/wp\/v2\/posts\/347490\/revisions"}],"wp:featuredmedia":[{"embeddable":true,"href":"https:\/\/medizinonline.com\/fr\/wp-json\/wp\/v2\/media\/33573"}],"wp:attachment":[{"href":"https:\/\/medizinonline.com\/fr\/wp-json\/wp\/v2\/media?parent=347490"}],"wp:term":[{"taxonomy":"category","embeddable":true,"href":"https:\/\/medizinonline.com\/fr\/wp-json\/wp\/v2\/category?post=347490"},{"taxonomy":"post_tag","embeddable":true,"href":"https:\/\/medizinonline.com\/fr\/wp-json\/wp\/v2\/tags?post=347490"},{"taxonomy":"powerkit_post_featured","embeddable":true,"href":"https:\/\/medizinonline.com\/fr\/wp-json\/wp\/v2\/powerkit_post_featured?post=347490"}],"curies":[{"name":"wp","href":"https:\/\/api.w.org\/{rel}","templated":true}]}}