{"id":347497,"date":"2013-09-17T00:00:00","date_gmt":"2013-09-16T22:00:00","guid":{"rendered":"https:\/\/medizinonline.com\/gestion-du-marche-des-soins-de-sante\/"},"modified":"2013-09-17T00:00:00","modified_gmt":"2013-09-16T22:00:00","slug":"gestion-du-marche-des-soins-de-sante","status":"publish","type":"post","link":"https:\/\/medizinonline.com\/fr\/gestion-du-marche-des-soins-de-sante\/","title":{"rendered":"Gestion du march\u00e9 des soins de sant\u00e9"},"content":{"rendered":"<p><strong>Lors des &#8220;Trendtage Gesundheit&#8221; de Lucerne de cette ann\u00e9e, le professeur Stefan Felder, de B\u00e2le, a soulev\u00e9 la question de savoir s&#8217;il est vraiment judicieux de consid\u00e9rer la gestion du march\u00e9 comme l&#8217;un des principaux facteurs dans les soins de sant\u00e9. Il a surtout \u00e9voqu\u00e9 les multiples tensions qui naissent de l&#8217;association malheureuse de consid\u00e9rations de march\u00e9 et de planification.<\/strong><\/p>\n<p> <!--more--> <\/p>\n<p>On peut se demander si l&#8217;\u00c9tat conna\u00eet l&#8217;offre adapt\u00e9e aux besoins et s&#8217;il peut \u00e9valuer l&#8217;offre que le march\u00e9 produirait. C&#8217;est pourquoi les r\u00e9glementations publiques doivent toujours faire l&#8217;objet d&#8217;un examen critique et doivent \u00eatre examin\u00e9es en premier lieu. Le fait est que les h\u00f4pitaux locaux sont chers. En 2008, ils ont g\u00e9n\u00e9r\u00e9 des co\u00fbts nettement plus \u00e9lev\u00e9s en termes de PIB que leurs homologues \u00e9trangers, par exemple en France, en Allemagne, aux \u00c9tats-Unis ou en Su\u00e8de<strong> (tableau 1)<\/strong>. Les forfaits par cas affichent \u00e9galement des valeurs \u00e9lev\u00e9es. Par rapport \u00e0 l&#8217;Allemagne, on payait en 2010 en Suisse deux fois plus pour une op\u00e9ration de l&#8217;estomac ou une intervention sur une valve cardiaque.<\/p>\n<p>Les id\u00e9es de base pour le nouveau financement des h\u00f4pitaux sont donc le financement par forfaits par cas, le financement par sujet et non par objet, mais surtout le renforcement de la concurrence. Dans ce domaine, la libert\u00e9 de choix pour les assur\u00e9s doit \u00eatre plus grande \u00e0 l&#8217;avenir et il doit y avoir plus de transparence en ce qui concerne l&#8217;\u00e9conomicit\u00e9 et la qualit\u00e9. Enfin, il semble judicieux de mettre sur un pied d&#8217;\u00e9galit\u00e9 les h\u00f4pitaux publics et priv\u00e9s.<\/p>\n<p>Selon le professeur Sefan Felder, professeur d&#8217;\u00e9conomie de la sant\u00e9 \u00e0 l&#8217;universit\u00e9 de B\u00e2le, des ajustements structurels tels que l&#8217;optimisation des processus de traitement, l&#8217;augmentation de l&#8217;efficacit\u00e9 et la r\u00e9duction des surcapacit\u00e9s, devraient \u00e9galement avoir lieu.<\/p>\n<p>&nbsp;<\/p>\n<p><img fetchpriority=\"high\" decoding=\"async\" class=\" size-full wp-image-1695\" src=\"https:\/\/medizinonline.com\/wp-content\/uploads\/2013\/09\/Struk.jpg-6cae6f_455.jpg\" style=\"height:242px; width:800px\" width=\"1100\" height=\"333\" srcset=\"https:\/\/medizinonline.com\/wp-content\/uploads\/2013\/09\/Struk.jpg-6cae6f_455.jpg 1100w, https:\/\/medizinonline.com\/wp-content\/uploads\/2013\/09\/Struk.jpg-6cae6f_455-800x242.jpg 800w, https:\/\/medizinonline.com\/wp-content\/uploads\/2013\/09\/Struk.jpg-6cae6f_455-120x36.jpg 120w, https:\/\/medizinonline.com\/wp-content\/uploads\/2013\/09\/Struk.jpg-6cae6f_455-90x27.jpg 90w, https:\/\/medizinonline.com\/wp-content\/uploads\/2013\/09\/Struk.jpg-6cae6f_455-320x97.jpg 320w, https:\/\/medizinonline.com\/wp-content\/uploads\/2013\/09\/Struk.jpg-6cae6f_455-560x170.jpg 560w\" sizes=\"(max-width: 1100px) 100vw, 1100px\" \/><\/p>\n<h2 id=\"regulation-vs-concurrence\">\nR\u00e9gulation vs. concurrence<\/h2>\n<p>La question reste de savoir s&#8217;il est pr\u00e9f\u00e9rable d&#8217;organiser le nouveau financement des h\u00f4pitaux par les prix (\u00e9conomie de march\u00e9) ou par les quantit\u00e9s (\u00e9conomie planifi\u00e9e). Ces deux p\u00f4les cr\u00e9ent des tensions, a soulign\u00e9 le professeur Felder : La r\u00e9vision de la loi sur l&#8217;assurance-maladie (LAMal) a par exemple introduit les Diagnosis-Related-Groups (DRG), c&#8217;est-\u00e0-dire qu&#8217;elle s&#8217;attaque aux prix. Parall\u00e8lement, elle demande aux cantons de planifier les h\u00f4pitaux afin d&#8217;\u00e9viter une offre insuffisante. Ce mandat de planification va non seulement \u00e0 l&#8217;encontre de l&#8217;effet de contr\u00f4le des DRG sur l&#8217;\u00e9conomie de march\u00e9, mais laisse \u00e9galement une certaine marge d&#8217;interpr\u00e9tation, qui varie d&#8217;un canton \u00e0 l&#8217;autre. Outre les crit\u00e8res suppl\u00e9mentaires pour les h\u00f4pitaux r\u00e9pertori\u00e9s, l&#8217;attribution parfois arbitraire de mandats de prestations, les limitations quantitatives ou la restriction de la part des assur\u00e9s compl\u00e9mentaires, les subventions ouvertes et cach\u00e9es ainsi que les fonds de soutien pour les h\u00f4pitaux publics rel\u00e8vent de ce domaine. Globalement, cela limite la concurrence.<\/p>\n<h2 id=\"plus-de-concurrence-au-lieu-dune-economie-planifiee\">Plus de concurrence au lieu d&#8217;une \u00e9conomie planifi\u00e9e<\/h2>\n<p>Or, selon le professeur Felder, la solution r\u00e9side pr\u00e9cis\u00e9ment dans une concurrence accrue, non seulement dans le secteur hospitalier, mais aussi en ce qui concerne l&#8217;admission des m\u00e9decins. En principe, aucune restriction \u00e0 la libert\u00e9 de contracter, \u00e0 l&#8217;objectif d&#8217;acquisition ou \u00e0 la loi sur les ententes ne devrait s&#8217;appliquer dans aucun domaine. Les financements devraient provenir d&#8217;une seule source, le r\u00f4le multiple des cantons devrait \u00eatre clarifi\u00e9 et dissoci\u00e9, conclut le professeur Felder.<\/p>\n<p><em>Source : &#8220;La gouvernance du march\u00e9, un facteur cl\u00e9 dans les soins de sant\u00e9 ?&#8221; 9e Trendtage Gesundheit Luzern, 27-28 f\u00e9vrier 2013.<\/em><\/p>\n","protected":false},"excerpt":{"rendered":"<p>Lors des &#8220;Trendtage Gesundheit&#8221; de Lucerne de cette ann\u00e9e, le professeur Stefan Felder, de B\u00e2le, a soulev\u00e9 la question de savoir s&#8217;il est vraiment judicieux de consid\u00e9rer la gestion du&hellip;<\/p>\n","protected":false},"author":4,"featured_media":33588,"comment_status":"closed","ping_status":"","sticky":false,"template":"","format":"standard","meta":{"_acf_changed":false,"pmpro_default_level":"","cat_1_feature_home_top":false,"cat_2_editor_pick":false,"csco_eyebrow_text":"9e \u00e9dition des Journ\u00e9es lucernoises des tendances en mati\u00e8re de sant\u00e9","footnotes":""},"category":[11482,11535,11549],"tags":[62639,62636,62638,62633,62630,26457],"powerkit_post_featured":[],"class_list":["post-347497","post","type-post","status-publish","format-standard","has-post-thumbnail","category-prevention-et-soins-de-sante","category-rapports-de-congres","category-rx-fr","tag-concours","tag-financement-des-hopitaux","tag-forfaits-par-cas","tag-gestion-du-marche","tag-lucerne-trendtage-sante","tag-soins-de-sante","pmpro-has-access"],"acf":[],"publishpress_future_action":{"enabled":false,"date":"2026-05-04 07:37:08","action":"change-status","newStatus":"draft","terms":[],"taxonomy":"category","extraData":[]},"publishpress_future_workflow_manual_trigger":{"enabledWorkflows":[]},"wpml_current_locale":"fr_FR","wpml_translations":{"it_IT":{"locale":"it_IT","id":347499,"slug":"controllo-del-mercato-nellassistenza-sanitaria","post_title":"Controllo del mercato nell'assistenza sanitaria","href":"https:\/\/medizinonline.com\/it\/controllo-del-mercato-nellassistenza-sanitaria\/"},"pt_PT":{"locale":"pt_PT","id":347473,"slug":"controlo-do-mercado-nos-cuidados-de-saude","post_title":"Controlo do mercado nos cuidados de sa\u00fade","href":"https:\/\/medizinonline.com\/pt-pt\/controlo-do-mercado-nos-cuidados-de-saude\/"},"es_ES":{"locale":"es_ES","id":347478,"slug":"control-del-mercado-en-la-atencion-sanitaria","post_title":"Control del mercado en la atenci\u00f3n sanitaria","href":"https:\/\/medizinonline.com\/es\/control-del-mercado-en-la-atencion-sanitaria\/"}},"_links":{"self":[{"href":"https:\/\/medizinonline.com\/fr\/wp-json\/wp\/v2\/posts\/347497","targetHints":{"allow":["GET"]}}],"collection":[{"href":"https:\/\/medizinonline.com\/fr\/wp-json\/wp\/v2\/posts"}],"about":[{"href":"https:\/\/medizinonline.com\/fr\/wp-json\/wp\/v2\/types\/post"}],"author":[{"embeddable":true,"href":"https:\/\/medizinonline.com\/fr\/wp-json\/wp\/v2\/users\/4"}],"replies":[{"embeddable":true,"href":"https:\/\/medizinonline.com\/fr\/wp-json\/wp\/v2\/comments?post=347497"}],"version-history":[{"count":0,"href":"https:\/\/medizinonline.com\/fr\/wp-json\/wp\/v2\/posts\/347497\/revisions"}],"wp:featuredmedia":[{"embeddable":true,"href":"https:\/\/medizinonline.com\/fr\/wp-json\/wp\/v2\/media\/33588"}],"wp:attachment":[{"href":"https:\/\/medizinonline.com\/fr\/wp-json\/wp\/v2\/media?parent=347497"}],"wp:term":[{"taxonomy":"category","embeddable":true,"href":"https:\/\/medizinonline.com\/fr\/wp-json\/wp\/v2\/category?post=347497"},{"taxonomy":"post_tag","embeddable":true,"href":"https:\/\/medizinonline.com\/fr\/wp-json\/wp\/v2\/tags?post=347497"},{"taxonomy":"powerkit_post_featured","embeddable":true,"href":"https:\/\/medizinonline.com\/fr\/wp-json\/wp\/v2\/powerkit_post_featured?post=347497"}],"curies":[{"name":"wp","href":"https:\/\/api.w.org\/{rel}","templated":true}]}}