{"id":347620,"date":"2013-09-10T00:00:00","date_gmt":"2013-09-09T22:00:00","guid":{"rendered":"https:\/\/medizinonline.com\/sattaquer-activement-aux-douleurs-rhumatismales\/"},"modified":"2013-09-10T00:00:00","modified_gmt":"2013-09-09T22:00:00","slug":"sattaquer-activement-aux-douleurs-rhumatismales","status":"publish","type":"post","link":"https:\/\/medizinonline.com\/fr\/sattaquer-activement-aux-douleurs-rhumatismales\/","title":{"rendered":"S&#8217;attaquer activement aux douleurs rhumatismales"},"content":{"rendered":"<p><strong>De nombreux patients atteints de rhumatisme sont confront\u00e9s \u00e0 la douleur lors de pouss\u00e9es r\u00e9currentes, d&#8217;autres quotidiennement. Et certains d\u00e9veloppent m\u00eame une douleur chronique \u00e0 part enti\u00e8re. Dans le livre r\u00e9cemment publi\u00e9 par la Ligue suisse contre le rhumatisme &#8220;Rheuma-Schmerzen aktiv lindern&#8221;, les personnes concern\u00e9es apprennent comment cette \u00e9volution peut se produire et ce qu&#8217;elles peuvent elles-m\u00eames faire activement pour y rem\u00e9dier. HAUSARZT PRAXIS s&#8217;est entretenu avec l&#8217;auteur, Dr. phil. R\u00e9gine Strittmatter.<\/strong><\/p>\n<p> <!--more--> <\/p>\n<p><strong>Dr Strittmatter, pourquoi est-il important de consid\u00e9rer la douleur chronique comme une maladie \u00e0 part enti\u00e8re et non simplement comme une douleur persistante ?<\/strong><br \/>\nLa douleur aigu\u00eb est un signal d&#8217;alarme utile, elle fait en sorte que nous agissions sur la cause de la douleur. Les douleurs chroniques n&#8217;ont plus cette fonction d&#8217;alerte biologiquement utile et ne sont plus n\u00e9cessairement li\u00e9es \u00e0 leur d\u00e9clencheur initial. Cela n\u00e9cessite des approches de traitement sp\u00e9cifiques.<br \/>\nLes douleurs chroniques sont &#8220;co\u00fbteuses&#8221; \u00e0 tous points de vue : elles entra\u00eenent des exp\u00e9riences douloureuses pour les personnes concern\u00e9es et leurs proches, elles sont un facteur de co\u00fbts dans notre syst\u00e8me de sant\u00e9, elles ont une influence sur la capacit\u00e9 de travail et ont donc des cons\u00e9quences \u00e9conomiques co\u00fbteuses.<\/p>\n<p><strong>Quel est le plus grand d\u00e9fi pour les personnes souffrant de douleurs chroniques ?<\/strong><br \/>\nLes douleurs chroniques sont profondes, le corps et le psychisme en souffrent tout autant. Le sentiment d&#8217;\u00eatre \u00e0 la merci de la douleur, de ne pas en conna\u00eetre les causes ou de devoir vivre avec elle de mani\u00e8re permanente : Tout cela &#8211; en plus de la douleur elle-m\u00eame &#8211; est difficile \u00e0 supporter et peut conduire \u00e0 un cercle vicieux de douleur, de pens\u00e9es d\u00e9pressives, de tensions et d&#8217;encore plus de douleur. La douleur chronique est tr\u00e8s souvent associ\u00e9e \u00e0 des probl\u00e8mes psychosociaux &#8211; en tant que facteur d\u00e9clenchant ou cons\u00e9quence. Les probl\u00e8mes au travail ou dans le couple aggravent encore les conditions de vie des personnes concern\u00e9es.<\/p>\n<p><strong>Que peuvent faire les personnes concern\u00e9es pour y rem\u00e9dier activement ?<\/strong><br \/>\nLes personnes concern\u00e9es peuvent faire beaucoup. Dans un premier temps, il est important d&#8217;acqu\u00e9rir des connaissances sur l&#8217;origine et le traitement de la douleur et de conna\u00eetre les diff\u00e9rents points de d\u00e9part pour la traiter. Celle-ci comprend toujours, outre le traitement m\u00e9dicamenteux de la douleur chronique, d&#8217;autres \u00e9l\u00e9ments tels que la physioth\u00e9rapie, l&#8217;exercice et les m\u00e9thodes psychologiques. Parmi ces derni\u00e8res, on trouve des techniques de relaxation ou des techniques permettant de se distraire mentalement de la douleur, mais aussi la psychoth\u00e9rapie, en particulier si une d\u00e9pression ou un trouble anxieux est diagnostiqu\u00e9 en m\u00eame temps.<\/p>\n<p><strong>Quel est le r\u00f4le du m\u00e9decin g\u00e9n\u00e9raliste ?<\/strong><br \/>\nLes m\u00e9decins g\u00e9n\u00e9ralistes jouent un r\u00f4le central dans le traitement des personnes souffrant de douleurs chroniques. Ils sont les premiers et les plus importants interlocuteurs et ils accompagnent leurs patients pendant de longues p\u00e9riodes, souvent tr\u00e8s difficiles et frustrantes. Ce n&#8217;est pas une t\u00e2che facile : les patients souhaitent, et c&#8217;est compr\u00e9hensible, se d\u00e9barrasser rapidement de leur douleur et esp\u00e8rent qu&#8217;elle dispara\u00eetra facilement avec des m\u00e9dicaments ou une op\u00e9ration. C&#8217;est pr\u00e9cis\u00e9ment lorsque les causes de la douleur ne sont pas (ou plus) claires et qu&#8217;il existe de nombreuses contraintes psychosociales qu&#8217;il est difficile, mais d&#8217;autant plus important, d&#8217;expliquer au patient que la disparition de la douleur n&#8217;est peut-\u00eatre pas un objectif r\u00e9aliste &#8211; et de lui donner en m\u00eame temps l&#8217;espoir d&#8217;une vie meilleure malgr\u00e9 la douleur.<\/p>\n<p><strong>Qu&#8217;aimeriez-vous recommander en particulier \u00e0 chaque m\u00e9decin g\u00e9n\u00e9raliste lorsqu&#8217;il s&#8217;agit de prendre en charge des patients souffrant de douleurs chroniques ?<\/strong><br \/>\nLe traitement de la douleur chronique est une t\u00e2che interdisciplinaire. Or, sans une coordination syst\u00e9matique des diff\u00e9rentes mesures, le risque est grand que le traitement de la douleur ne soit qu&#8217;une juxtaposition de diff\u00e9rentes mesures th\u00e9rapeutiques. Une bonne collaboration avec des coll\u00e8gues sp\u00e9cialistes de la physioth\u00e9rapie et de la psychologie est ce qui aide le plus les patients souffrant de douleurs et soulage \u00e9galement le m\u00e9decin de famille dans cette t\u00e2che exigeante.<\/p>\n<p><em><strong>Entretien : Dr. med. Sabina M. Ludin<\/strong><\/em><\/p>\n","protected":false},"excerpt":{"rendered":"<p>De nombreux patients atteints de rhumatisme sont confront\u00e9s \u00e0 la douleur lors de pouss\u00e9es r\u00e9currentes, d&#8217;autres quotidiennement. Et certains d\u00e9veloppent m\u00eame une douleur chronique \u00e0 part enti\u00e8re. Dans le livre&hellip;<\/p>\n","protected":false},"author":4,"featured_media":33053,"comment_status":"closed","ping_status":"","sticky":false,"template":"","format":"standard","meta":{"_acf_changed":false,"pmpro_default_level":"","cat_1_feature_home_top":false,"cat_2_editor_pick":false,"csco_eyebrow_text":"Interview sur le nouveau livre de la Ligue suisse contre le rhumatisme","footnotes":""},"category":[11368,11539,11472,11454,11549],"tags":[63226,13773,63215],"powerkit_post_featured":[],"class_list":["post-347620","post","type-post","status-publish","format-standard","has-post-thumbnail","category-geriatrie-fr","category-interviews-fr","category-medecine-physique-et-de-readaptation","category-orthopedie","category-rx-fr","tag-douleur-chronique-fr-2","tag-rhumatisme","tag-tiroirs","pmpro-has-access"],"acf":[],"publishpress_future_action":{"enabled":false,"date":"2026-05-10 13:36:48","action":"change-status","newStatus":"draft","terms":[],"taxonomy":"category","extraData":[]},"publishpress_future_workflow_manual_trigger":{"enabledWorkflows":[]},"wpml_current_locale":"fr_FR","wpml_translations":{"it_IT":{"locale":"it_IT","id":347622,"slug":"affrontare-attivamente-il-dolore-reumatico","post_title":"Affrontare attivamente il dolore reumatico","href":"https:\/\/medizinonline.com\/it\/affrontare-attivamente-il-dolore-reumatico\/"},"pt_PT":{"locale":"pt_PT","id":347596,"slug":"enfrentar-activamente-a-dor-reumatica","post_title":"Enfrentar activamente a dor reum\u00e1tica","href":"https:\/\/medizinonline.com\/pt-pt\/enfrentar-activamente-a-dor-reumatica\/"},"es_ES":{"locale":"es_ES","id":347603,"slug":"aborde-activamente-el-dolor-reumatico","post_title":"Aborde activamente el dolor reum\u00e1tico","href":"https:\/\/medizinonline.com\/es\/aborde-activamente-el-dolor-reumatico\/"}},"_links":{"self":[{"href":"https:\/\/medizinonline.com\/fr\/wp-json\/wp\/v2\/posts\/347620","targetHints":{"allow":["GET"]}}],"collection":[{"href":"https:\/\/medizinonline.com\/fr\/wp-json\/wp\/v2\/posts"}],"about":[{"href":"https:\/\/medizinonline.com\/fr\/wp-json\/wp\/v2\/types\/post"}],"author":[{"embeddable":true,"href":"https:\/\/medizinonline.com\/fr\/wp-json\/wp\/v2\/users\/4"}],"replies":[{"embeddable":true,"href":"https:\/\/medizinonline.com\/fr\/wp-json\/wp\/v2\/comments?post=347620"}],"version-history":[{"count":0,"href":"https:\/\/medizinonline.com\/fr\/wp-json\/wp\/v2\/posts\/347620\/revisions"}],"wp:featuredmedia":[{"embeddable":true,"href":"https:\/\/medizinonline.com\/fr\/wp-json\/wp\/v2\/media\/33053"}],"wp:attachment":[{"href":"https:\/\/medizinonline.com\/fr\/wp-json\/wp\/v2\/media?parent=347620"}],"wp:term":[{"taxonomy":"category","embeddable":true,"href":"https:\/\/medizinonline.com\/fr\/wp-json\/wp\/v2\/category?post=347620"},{"taxonomy":"post_tag","embeddable":true,"href":"https:\/\/medizinonline.com\/fr\/wp-json\/wp\/v2\/tags?post=347620"},{"taxonomy":"powerkit_post_featured","embeddable":true,"href":"https:\/\/medizinonline.com\/fr\/wp-json\/wp\/v2\/powerkit_post_featured?post=347620"}],"curies":[{"name":"wp","href":"https:\/\/api.w.org\/{rel}","templated":true}]}}