{"id":347624,"date":"2013-09-10T00:00:00","date_gmt":"2013-09-09T22:00:00","guid":{"rendered":"https:\/\/medizinonline.com\/quo-vadis-medicus\/"},"modified":"2013-09-10T00:00:00","modified_gmt":"2013-09-09T22:00:00","slug":"quo-vadis-medicus","status":"publish","type":"post","link":"https:\/\/medizinonline.com\/fr\/quo-vadis-medicus\/","title":{"rendered":"Quo vadis medicus&#8230;"},"content":{"rendered":"<p><strong>Il semble que les conditions de travail dans les h\u00f4pitaux se soient consid\u00e9rablement d\u00e9grad\u00e9es pour les jeunes m\u00e9decins-assistants. Pour beaucoup, la semaine de 50 heures est \u00e0 la limite du possible. Plusieurs personnes ne peuvent plus effectuer le travail requis dans les d\u00e9lais pr\u00e9vus. Les m\u00e9decins-chefs ordonnent \u00e0 leurs assistantes de ne pas d\u00e9clarer leurs heures suppl\u00e9mentaires, sinon il &#8211; le chef &#8211; aura des probl\u00e8mes avec le directeur de l&#8217;h\u00f4pital, voire avec le l\u00e9gislateur.  <\/strong><\/p>\n<p> <!--more--> <\/p>\n<p>La pression est apparemment si forte que les m\u00e9decins exploit\u00e9s ne sont plus en mesure de se d\u00e9fendre par leurs propres moyens. Ils cherchent \u00e0 se prot\u00e9ger aupr\u00e8s de leur syndicat, tout comme les manutentionnaires du b\u00e2timent et les employ\u00e9s de cuisine dans l&#8217;h\u00f4tellerie et la restauration. Les m\u00e9decins individuels d\u00e9fendent rarement leurs droits sur le terrain. Ils s&#8217;en remettent \u00e0 l&#8217;ASMAC, qui se plaint m\u00eame en public de ces conditions d\u00e9plorables. Et les patrons ? D\u00e9fendent-ils leurs coll\u00e8gues au sein de la direction de l&#8217;h\u00f4pital ?<\/p>\n<p>La pression exerc\u00e9e par les DRG semble \u00e9galement avoir transform\u00e9 nombre d&#8217;entre eux en m\u00e9decins du type &#8220;poing dans le sac&#8221;. De l&#8217;ext\u00e9rieur, tout semble en ordre. Combien de temps encore ? Pourquoi ? Les m\u00e9decins sont une denr\u00e9e rare. Aujourd&#8217;hui, ils se comportent toujours de la m\u00eame mani\u00e8re que pendant la pl\u00e9thore de m\u00e9decins : ils sont soumis et croient en l&#8217;autorit\u00e9. Cela a-t-il un rapport avec la proc\u00e9dure de s\u00e9lection ? Les personnes conformes sont-elles s\u00e9lectionn\u00e9es ? La formation fait-elle de nous, m\u00e9decins, des prestataires de soins a\u00e9rodynamiques ?<br \/>\nA Berne, on a l&#8217;intention de donner un coup de rabot encore plus important \u00e0 l&#8217;avenir. Le Conseil f\u00e9d\u00e9ral a d\u00e9j\u00e0 cr\u00e9\u00e9 six postes pour d\u00e9terminer directement \u00e0 Berne quel prestataire de soins doit gagner combien et o\u00f9 en Suisse. La caisse unique doit y contribuer.<\/p>\n<p>\u00cates-vous heureux de savoir que l&#8217;\u00c9tat se porte garant de vous ? En tant qu&#8217;entrepreneur, vous n&#8217;avez plus \u00e0 vous soucier de l&#8217;avenir. Vous devenez un prestataire insouciant de la caisse unique de l&#8217;\u00c9tat. Il est dommage qu&#8217;\u00e0 l&#8217;avenir, la profession ind\u00e9pendante de m\u00e9decin n&#8217;existera plus et que seuls de serviables prestataires de services \u00e9tatiques subsisteront !<br \/>\nD&#8217;ailleurs&#8230; je reste m\u00e9decin et ne me muterai ni en prestataire ni en pourvoyeur !<\/p>\n","protected":false},"excerpt":{"rendered":"<p>Il semble que les conditions de travail dans les h\u00f4pitaux se soient consid\u00e9rablement d\u00e9grad\u00e9es pour les jeunes m\u00e9decins-assistants. Pour beaucoup, la semaine de 50 heures est \u00e0 la limite du&hellip;<\/p>\n","protected":false},"author":4,"featured_media":33043,"comment_status":"closed","ping_status":"","sticky":false,"template":"","format":"standard","meta":{"_acf_changed":false,"pmpro_default_level":"","cat_1_feature_home_top":false,"cat_2_editor_pick":false,"csco_eyebrow_text":"En bref","footnotes":""},"category":[11523,11315,11482,11549],"tags":[63265,63272,17312],"powerkit_post_featured":[],"class_list":["post-347624","post","type-post","status-publish","format-standard","has-post-thumbnail","category-actualites","category-medecine-interne-generale","category-prevention-et-soins-de-sante","category-rx-fr","tag-asmac","tag-charge-de-travail-fr-2","tag-stress-fr","pmpro-has-access"],"acf":[],"publishpress_future_action":{"enabled":false,"date":"2026-05-06 15:48:53","action":"change-status","newStatus":"draft","terms":[],"taxonomy":"category","extraData":[]},"publishpress_future_workflow_manual_trigger":{"enabledWorkflows":[]},"wpml_current_locale":"fr_FR","wpml_translations":{"it_IT":{"locale":"it_IT","id":347629,"slug":"quo-vadis-medicus","post_title":"Quo vadis medicus...","href":"https:\/\/medizinonline.com\/it\/quo-vadis-medicus\/"},"pt_PT":{"locale":"pt_PT","id":347592,"slug":"quo-vadis-medicus","post_title":"Quo vadis medicus...","href":"https:\/\/medizinonline.com\/pt-pt\/quo-vadis-medicus\/"},"es_ES":{"locale":"es_ES","id":347602,"slug":"quo-vadis-medicus","post_title":"Quo vadis medicus...","href":"https:\/\/medizinonline.com\/es\/quo-vadis-medicus\/"}},"_links":{"self":[{"href":"https:\/\/medizinonline.com\/fr\/wp-json\/wp\/v2\/posts\/347624","targetHints":{"allow":["GET"]}}],"collection":[{"href":"https:\/\/medizinonline.com\/fr\/wp-json\/wp\/v2\/posts"}],"about":[{"href":"https:\/\/medizinonline.com\/fr\/wp-json\/wp\/v2\/types\/post"}],"author":[{"embeddable":true,"href":"https:\/\/medizinonline.com\/fr\/wp-json\/wp\/v2\/users\/4"}],"replies":[{"embeddable":true,"href":"https:\/\/medizinonline.com\/fr\/wp-json\/wp\/v2\/comments?post=347624"}],"version-history":[{"count":0,"href":"https:\/\/medizinonline.com\/fr\/wp-json\/wp\/v2\/posts\/347624\/revisions"}],"wp:featuredmedia":[{"embeddable":true,"href":"https:\/\/medizinonline.com\/fr\/wp-json\/wp\/v2\/media\/33043"}],"wp:attachment":[{"href":"https:\/\/medizinonline.com\/fr\/wp-json\/wp\/v2\/media?parent=347624"}],"wp:term":[{"taxonomy":"category","embeddable":true,"href":"https:\/\/medizinonline.com\/fr\/wp-json\/wp\/v2\/category?post=347624"},{"taxonomy":"post_tag","embeddable":true,"href":"https:\/\/medizinonline.com\/fr\/wp-json\/wp\/v2\/tags?post=347624"},{"taxonomy":"powerkit_post_featured","embeddable":true,"href":"https:\/\/medizinonline.com\/fr\/wp-json\/wp\/v2\/powerkit_post_featured?post=347624"}],"curies":[{"name":"wp","href":"https:\/\/api.w.org\/{rel}","templated":true}]}}