{"id":347680,"date":"2013-09-10T00:00:00","date_gmt":"2013-09-09T22:00:00","guid":{"rendered":"https:\/\/medizinonline.com\/trois-sujets-differents\/"},"modified":"2023-01-19T00:53:52","modified_gmt":"2023-01-18T23:53:52","slug":"trois-sujets-differents","status":"publish","type":"post","link":"https:\/\/medizinonline.com\/fr\/trois-sujets-differents\/","title":{"rendered":"Trois sujets diff\u00e9rents ?"},"content":{"rendered":"<p><strong>Rompre le cercle vicieux &#8211; un m\u00e9canisme central du traitement de ces trois maladies, qui sont trait\u00e9es en d\u00e9tail dans ce num\u00e9ro de l&#8217;InFo NEUROLOGIE&amp;PSYCHIATRIE.<\/strong><\/p>\n<p> <!--more--> <\/p>\n<p>Commen\u00e7ons par le burnout, dont la cause est un d\u00e9s\u00e9quilibre chronique entre les exigences du travail et les ressources personnelles. Le traitement et la pr\u00e9vention consistent \u00e0 corriger ce d\u00e9s\u00e9quilibre. Dans le cas des troubles de l&#8217;alimentation, l&#8217;insatisfaction vis-\u00e0-vis de son apparence, associ\u00e9e \u00e0 des troubles de l&#8217;estime de soi, de la r\u00e9gulation des \u00e9motions et des probl\u00e8mes relationnels, est notamment \u00e0 l&#8217;origine d&#8217;une cascade physiopathologique de comportements di\u00e9t\u00e9tiques modifi\u00e9s, qui peuvent avoir des cons\u00e9quences physiques, lesquelles entretiennent \u00e0 leur tour les causes. Dans le cas des troubles de la douleur, qui restent souvent trop longtemps m\u00e9connus jusqu&#8217;\u00e0 des stades chroniques, l&#8217;un des \u00e9l\u00e9ments centraux est l&#8217;\u00e9vitement de l&#8217;activit\u00e9 physique afin de pr\u00e9venir les douleurs aigu\u00ebs. C&#8217;est pr\u00e9cis\u00e9ment ce qui entretient le cercle vicieux de la douleur, de l&#8217;immobilit\u00e9, d&#8217;un comportement de protection exag\u00e9r\u00e9 et d&#8217;une douleur encore plus forte.<\/p>\n<p>&#8220;La connaissance des concepts modernes de la maladie aux niveaux biologique, psychologique et social est essentielle pour pouvoir en d\u00e9duire des algorithmes th\u00e9rapeutiques multimodaux modernes, ce qui permet en fin de compte d&#8217;am\u00e9liorer le traitement&#8221;.<\/p>\n<p>Tous ces troubles entra\u00eenent r\u00e9guli\u00e8rement des probl\u00e8mes psychosociaux importants au travail ou \u00e0 l&#8217;\u00e9cole, des conflits au sein du couple ou de la famille, ou encore l&#8217;isolement social. Cela s&#8217;oppose g\u00e9n\u00e9ralement \u00e0 une am\u00e9lioration de la symptomatologie. Ces trois maladies ont \u00e9galement en commun leur fr\u00e9quence, aussi bien dans la pratique du m\u00e9decin g\u00e9n\u00e9raliste que dans celle du neurologue et du psychiatre.<br \/>\nTous les praticiens connaissent des patients atteints de ces maladies et ont fait l&#8217;exp\u00e9rience de la difficult\u00e9 de leur traitement. Pour am\u00e9liorer les possibilit\u00e9s de traitement, il est utile de conna\u00eetre les concepts modernes de la maladie aux niveaux biologique, psychologique et social, \u00e0 partir desquels des algorithmes th\u00e9rapeutiques multimodaux modernes peuvent \u00eatre \u00e9labor\u00e9s.<\/p>\n<p>Nous sommes heureux de pouvoir vous pr\u00e9senter dans ce num\u00e9ro, chers lecteurs, des aper\u00e7us complets sur le contexte des maladies et en particulier les consid\u00e9rations diagnostiques et th\u00e9rapeutiques dans des articles de formation continue bien construits et didactiques, et de vous proposer des concepts diagnostiques et th\u00e9rapeutiques rapidement applicables.<\/p>\n<p>Nous vous souhaitons une formation passionnante et instructive !<\/p>\n<p><strong><em>Prof. Erich Seifritz, docteur en m\u00e9decine<br \/>\nPr Dr. med. Philippe Lyrer<\/em><\/strong><\/p>\n","protected":false},"excerpt":{"rendered":"<p>Rompre le cercle vicieux &#8211; un m\u00e9canisme central du traitement de ces trois maladies, qui sont trait\u00e9es en d\u00e9tail dans ce num\u00e9ro de l&#8217;InFo NEUROLOGIE&amp;PSYCHIATRIE.<\/p>\n","protected":false},"author":4,"featured_media":32863,"comment_status":"closed","ping_status":"","sticky":false,"template":"","format":"standard","meta":{"_acf_changed":false,"pmpro_default_level":"","cat_1_feature_home_top":false,"cat_2_editor_pick":false,"csco_eyebrow_text":"Burnout - Troubles alimentaires - Douleurs","footnotes":""},"category":[11531,11489,11549],"tags":[63583,63589,22179,63607,63595,12573,63601],"powerkit_post_featured":[],"class_list":["post-347680","post","type-post","status-publish","format-standard","has-post-thumbnail","category-formation-continue","category-psychiatrie-et-psychotherapie","category-rx-fr","tag-desequilibre-chronique","tag-exigences","tag-physiopathologie","tag-regulation-des-emotions","tag-ressources","tag-therapie-fr","tag-troubles-de-lestime-de-soi","pmpro-has-access"],"acf":[],"publishpress_future_action":{"enabled":false,"date":"2026-05-05 05:55:09","action":"change-status","newStatus":"draft","terms":[],"taxonomy":"category","extraData":[]},"publishpress_future_workflow_manual_trigger":{"enabledWorkflows":[]},"wpml_current_locale":"fr_FR","wpml_translations":{"it_IT":{"locale":"it_IT","id":347683,"slug":"tre-argomenti-diversi","post_title":"Tre argomenti diversi?","href":"https:\/\/medizinonline.com\/it\/tre-argomenti-diversi\/"},"pt_PT":{"locale":"pt_PT","id":347698,"slug":"tres-topicos-diferentes","post_title":"Tr\u00eas t\u00f3picos diferentes?","href":"https:\/\/medizinonline.com\/pt-pt\/tres-topicos-diferentes\/"},"es_ES":{"locale":"es_ES","id":347716,"slug":"tres-temas-diferentes","post_title":"\u00bfTres temas diferentes?","href":"https:\/\/medizinonline.com\/es\/tres-temas-diferentes\/"}},"_links":{"self":[{"href":"https:\/\/medizinonline.com\/fr\/wp-json\/wp\/v2\/posts\/347680","targetHints":{"allow":["GET"]}}],"collection":[{"href":"https:\/\/medizinonline.com\/fr\/wp-json\/wp\/v2\/posts"}],"about":[{"href":"https:\/\/medizinonline.com\/fr\/wp-json\/wp\/v2\/types\/post"}],"author":[{"embeddable":true,"href":"https:\/\/medizinonline.com\/fr\/wp-json\/wp\/v2\/users\/4"}],"replies":[{"embeddable":true,"href":"https:\/\/medizinonline.com\/fr\/wp-json\/wp\/v2\/comments?post=347680"}],"version-history":[{"count":1,"href":"https:\/\/medizinonline.com\/fr\/wp-json\/wp\/v2\/posts\/347680\/revisions"}],"predecessor-version":[{"id":347723,"href":"https:\/\/medizinonline.com\/fr\/wp-json\/wp\/v2\/posts\/347680\/revisions\/347723"}],"wp:featuredmedia":[{"embeddable":true,"href":"https:\/\/medizinonline.com\/fr\/wp-json\/wp\/v2\/media\/32863"}],"wp:attachment":[{"href":"https:\/\/medizinonline.com\/fr\/wp-json\/wp\/v2\/media?parent=347680"}],"wp:term":[{"taxonomy":"category","embeddable":true,"href":"https:\/\/medizinonline.com\/fr\/wp-json\/wp\/v2\/category?post=347680"},{"taxonomy":"post_tag","embeddable":true,"href":"https:\/\/medizinonline.com\/fr\/wp-json\/wp\/v2\/tags?post=347680"},{"taxonomy":"powerkit_post_featured","embeddable":true,"href":"https:\/\/medizinonline.com\/fr\/wp-json\/wp\/v2\/powerkit_post_featured?post=347680"}],"curies":[{"name":"wp","href":"https:\/\/api.w.org\/{rel}","templated":true}]}}