{"id":351007,"date":"2023-02-12T01:00:00","date_gmt":"2023-02-12T00:00:00","guid":{"rendered":"https:\/\/medizinonline.com\/lequilibre-des-fluides-hors-datteinte-enseignements-tires-dune-grande-etude-de-cohorte\/"},"modified":"2023-02-14T11:33:00","modified_gmt":"2023-02-14T10:33:00","slug":"lequilibre-des-fluides-hors-datteinte-enseignements-tires-dune-grande-etude-de-cohorte","status":"publish","type":"post","link":"https:\/\/medizinonline.com\/fr\/lequilibre-des-fluides-hors-datteinte-enseignements-tires-dune-grande-etude-de-cohorte\/","title":{"rendered":"L&#8217;\u00e9quilibre des fluides hors d&#8217;atteinte &#8211; Enseignements tir\u00e9s d&#8217;une grande \u00e9tude de cohorte"},"content":{"rendered":"\n<p><strong>Plus de 1000 patients ont \u00e9t\u00e9 inclus dans la plus grande \u00e9tude sur le diab\u00e8te insipide r\u00e9alis\u00e9e \u00e0 ce jour dans le monde. Il ressort des \u00e9valuations qu&#8217;une grande partie des personnes concern\u00e9es pr\u00e9sentent des carences en mati\u00e8re de soins et que beaucoup souffrent de probl\u00e8mes psychologiques. Les r\u00e9sultats de l&#8217;enqu\u00eate en ligne ont \u00e9t\u00e9 publi\u00e9s dans le <em>Lancet Endocrinology<\/em>.  <\/strong><\/p>\n\n<!--more-->\n\n<p>L&#8217;hormone antidiur\u00e9tique (peptide arginine vasopressine, AVP) est produite par l&#8217;hypothalamus dans le dienc\u00e9phale et s\u00e9cr\u00e9t\u00e9e dans le sang par la neurohypophyse. Chez les personnes en bonne sant\u00e9, elle se trouve dans les reins et permet au corps de perdre le moins d&#8217;eau possible. Si l&#8217;on consomme constamment des liquides en exc\u00e8s, la fonction de production d&#8217;urine des reins s&#8217;en trouve affect\u00e9e &#8211; ceux-ci ne peuvent plus retenir les quantit\u00e9s de liquide [1].  <\/p>\n\n<h3 id=\"bien-classer-le-syndrome-de-polyurie-polydipsie\" class=\"wp-block-heading\">Bien classer le syndrome de polyurie-polydipsie<\/h3>\n\n<p>La cause la plus fr\u00e9quente de la polyurie et de la polydipsie est la pr\u00e9sence d&#8217;un diab\u00e8te insipide central, dans lequel la lib\u00e9ration osmotique de l&#8217;AVP (peptide arginine vasopressine) par la neurohypophyse est perturb\u00e9e. Le diab\u00e8te insipide r\u00e9nal ou n\u00e9phrog\u00e9nique est beaucoup plus rare. Il y a ici une insensibilit\u00e9 de l&#8217;antidiur\u00e8se m\u00e9di\u00e9e par l&#8217;AVP dans les reins. La troisi\u00e8me cause possible est la polydipsie primaire. Elle r\u00e9sulte souvent d&#8217;une suppression de la lib\u00e9ration de l&#8217;AVP par une augmentation excessive de la consommation de liquides [2].<\/p>\n\n<p><\/p>\n\n<figure class=\"wp-block-gallery has-nested-images columns-default is-cropped wp-block-gallery-2 is-layout-flex wp-block-gallery-is-layout-flex\">\n<figure class=\"wp-block-image size-full\"><a href=\"https:\/\/medizinonline.com\/wp-content\/uploads\/2023\/01\/Kasten_HP1_s32.png\"><img fetchpriority=\"high\" decoding=\"async\" width=\"1456\" height=\"615\" data-id=\"349549\" src=\"https:\/\/medizinonline.com\/wp-content\/uploads\/2023\/01\/Kasten_HP1_s32.png\" alt=\"\" class=\"wp-image-349549\" srcset=\"https:\/\/medizinonline.com\/wp-content\/uploads\/2023\/01\/Kasten_HP1_s32.png 1456w, https:\/\/medizinonline.com\/wp-content\/uploads\/2023\/01\/Kasten_HP1_s32-800x338.png 800w, https:\/\/medizinonline.com\/wp-content\/uploads\/2023\/01\/Kasten_HP1_s32-1160x490.png 1160w, https:\/\/medizinonline.com\/wp-content\/uploads\/2023\/01\/Kasten_HP1_s32-120x51.png 120w, https:\/\/medizinonline.com\/wp-content\/uploads\/2023\/01\/Kasten_HP1_s32-90x38.png 90w, https:\/\/medizinonline.com\/wp-content\/uploads\/2023\/01\/Kasten_HP1_s32-320x135.png 320w, https:\/\/medizinonline.com\/wp-content\/uploads\/2023\/01\/Kasten_HP1_s32-560x237.png 560w, https:\/\/medizinonline.com\/wp-content\/uploads\/2023\/01\/Kasten_HP1_s32-240x101.png 240w, https:\/\/medizinonline.com\/wp-content\/uploads\/2023\/01\/Kasten_HP1_s32-180x76.png 180w, https:\/\/medizinonline.com\/wp-content\/uploads\/2023\/01\/Kasten_HP1_s32-640x270.png 640w, https:\/\/medizinonline.com\/wp-content\/uploads\/2023\/01\/Kasten_HP1_s32-1120x473.png 1120w\" sizes=\"(max-width: 1456px) 100vw, 1456px\" \/><\/a><\/figure>\n<\/figure>\n\n<h3 id=\"enquete-internationale-en-ligne-a-grande-echelle\" class=\"wp-block-heading\">Enqu\u00eate internationale en ligne \u00e0 grande \u00e9chelle<\/h3>\n\n<p>L&#8217;enqu\u00eate en ligne a \u00e9t\u00e9 d\u00e9velopp\u00e9e par une \u00e9quipe d&#8217;experts en \u00e9troite collaboration avec des repr\u00e9sentants des patients. L&#8217;implication directe des personnes concern\u00e9es par la maladie a permis de mettre fortement l&#8217;accent sur l&#8217;\u00e9tude des r\u00e9sultats pertinents pour les patients. Le recrutement pour la participation \u00e0 l&#8217;enqu\u00eate a \u00e9t\u00e9 effectu\u00e9 par diff\u00e9rents canaux avec le soutien d&#8217;organisations de patients. Entre le 23.8.2021 et le 7.2.2022, 1034 patients atteints de diab\u00e8te insipide central ont particip\u00e9 \u00e0 l&#8217;enqu\u00eate [3]. 91% des participants \u00e9taient des adultes (tranche d&#8217;\u00e2ge 34-54 ans) et 9% des enfants et adolescents (tranche d&#8217;\u00e2ge 6-15 ans). 47% des participants pr\u00e9sentaient un dysfonctionnement isol\u00e9 du lobe post\u00e9rieur de l&#8217;hypophyse et 53% un dysfonctionnement combin\u00e9 des lobes ant\u00e9rieur et post\u00e9rieur de l&#8217;hypophyse. Les principales causes \u00e9taient de nature idiopathique (30% des cas) ou la pr\u00e9sence de tumeurs et de kystes (46% des cas). 26% des 994 patients ayant re\u00e7u un traitement par desmopressine ont pr\u00e9sent\u00e9 une hyponatr\u00e9mie qui a entra\u00een\u00e9 une hospitalisation. Chez les patients chez qui la desmopressine &#8211; un agent antidiur\u00e9tique appartenant au groupe des ADH-analg\u00e9siques &#8211; a \u00e9t\u00e9 syst\u00e9matiquement supprim\u00e9e ou retard\u00e9e pour permettre une aquar\u00e8se intermittente, la pr\u00e9valence de l&#8217;hyponatr\u00e9mie \u00e9tait significativement plus faible (OR 0,55 ; IC 95% : 0,39-0,77 ; p=0,0006). Sur 535 patients hospitalis\u00e9s pour une raison m\u00e9dicale quelconque, 13% (IC 95% ; 0,10-0,16) n&#8217;ont pas re\u00e7u de desmopressine sans qu&#8217;un substitut liquidien intraveineux ne soit administr\u00e9. Les patients concern\u00e9s pr\u00e9sentaient des sympt\u00f4mes de d\u00e9shydratation selon leur propre rapport. 64% (n=660) de tous les participants ont signal\u00e9 une diminution de la qualit\u00e9 de vie et 36% (n=369) des changements psychologiques qui, selon eux, \u00e9taient li\u00e9s au diab\u00e8te insipide central. 80% (n=823) des participants ont \u00e9t\u00e9 confront\u00e9s \u00e0 une situation dans laquelle le diab\u00e8te insipide central a \u00e9t\u00e9 confondu avec le diab\u00e8te sucr\u00e9 par des professionnels de la sant\u00e9. 85% de tous les participants se sont prononc\u00e9s en faveur d&#8217;un changement de nom de la maladie. Les d\u00e9nominations alternatives pr\u00e9f\u00e9r\u00e9es \u00e9taient &#8220;d\u00e9ficit en vasopressine&#8221; et &#8220;d\u00e9ficit en arginine-vasopressine&#8221;.  <\/p>\n\n<p><\/p>\n\n<figure class=\"wp-block-image size-full\"><a href=\"https:\/\/medizinonline.com\/wp-content\/uploads\/2023\/01\/ABB1_HP1_s32.png\"><img decoding=\"async\" width=\"2209\" height=\"1102\" data-src=\"https:\/\/medizinonline.com\/wp-content\/uploads\/2023\/01\/ABB1_HP1_s32.png\" alt=\"\" class=\"wp-image-349550 lazyload\" data-srcset=\"https:\/\/medizinonline.com\/wp-content\/uploads\/2023\/01\/ABB1_HP1_s32.png 2209w, https:\/\/medizinonline.com\/wp-content\/uploads\/2023\/01\/ABB1_HP1_s32-800x399.png 800w, https:\/\/medizinonline.com\/wp-content\/uploads\/2023\/01\/ABB1_HP1_s32-1160x579.png 1160w, https:\/\/medizinonline.com\/wp-content\/uploads\/2023\/01\/ABB1_HP1_s32-2048x1022.png 2048w, https:\/\/medizinonline.com\/wp-content\/uploads\/2023\/01\/ABB1_HP1_s32-120x60.png 120w, https:\/\/medizinonline.com\/wp-content\/uploads\/2023\/01\/ABB1_HP1_s32-90x45.png 90w, https:\/\/medizinonline.com\/wp-content\/uploads\/2023\/01\/ABB1_HP1_s32-320x160.png 320w, https:\/\/medizinonline.com\/wp-content\/uploads\/2023\/01\/ABB1_HP1_s32-560x279.png 560w, https:\/\/medizinonline.com\/wp-content\/uploads\/2023\/01\/ABB1_HP1_s32-1920x958.png 1920w, https:\/\/medizinonline.com\/wp-content\/uploads\/2023\/01\/ABB1_HP1_s32-240x120.png 240w, https:\/\/medizinonline.com\/wp-content\/uploads\/2023\/01\/ABB1_HP1_s32-180x90.png 180w, https:\/\/medizinonline.com\/wp-content\/uploads\/2023\/01\/ABB1_HP1_s32-640x319.png 640w, https:\/\/medizinonline.com\/wp-content\/uploads\/2023\/01\/ABB1_HP1_s32-1120x559.png 1120w, https:\/\/medizinonline.com\/wp-content\/uploads\/2023\/01\/ABB1_HP1_s32-1600x798.png 1600w\" data-sizes=\"(max-width: 2209px) 100vw, 2209px\" src=\"data:image\/svg+xml;base64,PHN2ZyB3aWR0aD0iMSIgaGVpZ2h0PSIxIiB4bWxucz0iaHR0cDovL3d3dy53My5vcmcvMjAwMC9zdmciPjwvc3ZnPg==\" style=\"--smush-placeholder-width: 2209px; --smush-placeholder-aspect-ratio: 2209\/1102;\" \/><\/a><\/figure>\n\n<h3 id=\"la-copeptine-un-marqueur-de-substitution-pertinent-de-la-vasopressine\" class=\"wp-block-heading\">La copeptine, un marqueur de substitution pertinent de la vasopressine<\/h3>\n\n<p>Un algorithme bas\u00e9 sur la copeptine <strong>(Fig. 1)<\/strong>est aujourd&#8217;hui consid\u00e9r\u00e9 comme l&#8217;\u00e9talon-or pour le diagnostic diff\u00e9rentiel du syndrome de polyurie-polydipsie. La copeptine est un marqueur de substitution stable et fiable de la vasopressine, qui refl\u00e8te la concentration de vasopressine dans la circulation. Le d\u00e9veloppement des dosages de la copeptine a repr\u00e9sent\u00e9 un grand progr\u00e8s pour le diagnostic diff\u00e9rentiel du syndrome de polyurie-polydipsie. Ainsi, un taux de copeptine basal sans soif pr\u00e9alable peut permettre de diagnostiquer un diab\u00e8te insipide n\u00e9phrog\u00e9nique. Pour distinguer un diab\u00e8te insipide central d&#8217;une polydipsie primaire, une stimulation osmotique (au moyen d&#8217;une solution saline hypertonique) ou non osmotique (au moyen d&#8217;arginine) est n\u00e9cessaire. Ces deux tests permettent de distinguer ces entit\u00e9s avec une fiabilit\u00e9 diagnostique sup\u00e9rieure \u00e0 celle du test de la soif. L&#8217;\u00e9tablissement d&#8217;un diagnostic correct est une condition pr\u00e9alable \u00e0 un traitement cibl\u00e9.<\/p>\n\n<p><\/p>\n\n<p>Litt\u00e9rature : <\/p>\n\n<ol class=\"wp-block-list\">\n<li>  &#8220;Boire par litre : un nouveau test d\u00e9termine la cause d&#8217;un d\u00e9s\u00e9quilibre pathologique de l&#8217;hydratation&#8221;, M\u00e9decine universitaire de Leipzig, 02\/08\/2018.  <\/li>\n\n\n\n<li>Chifu I, Fenske W : Nouveau standard de diagnostic dans le diab\u00e8te insipide. Dtsch Med Wochenschr 2018 ; 143(24) : 1739-1744.  <\/li>\n\n\n\n<li>Atila C, et al : Central diabetes insipidus from a patient&#8217;s perspective : management, psychological co-morbidities, and renaming of the condition : results from an international web-based survey. Lancet Diabetes Endocrinol 2022 ; 10(10) : 700-709.<\/li>\n\n\n\n<li>&#8220;Diabetes insipidus aus Patientensicht&#8221;, Universit\u00e9 de B\u00e2le, 15.09.2022.<\/li>\n\n\n\n<li>Christ-Crain M : Copeptine &#8211; Place dans le diagnostic du syndrome de polyurie-polydipsie. J Klin Endokrinol Stoffw 2020 ; 13 : 142-150.<\/li>\n<\/ol>\n\n<p><br\/><em>PRATIQUE DU M\u00c9DECIN DE FAMILLE 2023 ; 18(1) : 32-33<\/em><\/p>\n","protected":false},"excerpt":{"rendered":"<p>Plus de 1000 patients ont \u00e9t\u00e9 inclus dans la plus grande \u00e9tude sur le diab\u00e8te insipide r\u00e9alis\u00e9e \u00e0 ce jour dans le monde. Il ressort des \u00e9valuations qu&#8217;une grande partie&hellip;<\/p>\n","protected":false},"author":7,"featured_media":126518,"comment_status":"closed","ping_status":"closed","sticky":false,"template":"","format":"standard","meta":{"_acf_changed":false,"pmpro_default_level":"","cat_1_feature_home_top":false,"cat_2_editor_pick":false,"csco_eyebrow_text":"","footnotes":""},"category":[11404,11527,11531,11315,11434,11549],"tags":[65313,65308,65314,65310,35421,65312],"powerkit_post_featured":[],"class_list":["post-351007","post","type-post","status-publish","format-standard","has-post-thumbnail","category-endocrinologie-et-diabetologie","category-etudes","category-formation-continue","category-medecine-interne-generale","category-nephrologie-fr","category-rx-fr","tag-balance-fr","tag-diabete-insipide","tag-enquete-en-ligne","tag-equilibre-des-fluides","tag-etude-de-cohorte","tag-manque-dapprovisionnement-fr","pmpro-has-access"],"acf":[],"publishpress_future_action":{"enabled":false,"date":"2026-05-04 07:08:46","action":"change-status","newStatus":"draft","terms":[],"taxonomy":"category","extraData":[]},"publishpress_future_workflow_manual_trigger":{"enabledWorkflows":[]},"wpml_current_locale":"fr_FR","wpml_translations":{"it_IT":{"locale":"it_IT","id":350987,"slug":"equilibrio-dei-fluidi-fuori-equilibrio-risultati-di-un-ampio-studio-di-coorte","post_title":"Equilibrio dei fluidi fuori equilibrio - risultati di un ampio studio di coorte","href":"https:\/\/medizinonline.com\/it\/equilibrio-dei-fluidi-fuori-equilibrio-risultati-di-un-ampio-studio-di-coorte\/"},"pt_PT":{"locale":"pt_PT","id":350993,"slug":"equilibrio-de-fluidos-fora-de-equilibrio-resultados-de-um-grande-estudo-de-coorte","post_title":"Equil\u00edbrio de fluidos fora de equil\u00edbrio - resultados de um grande estudo de coorte","href":"https:\/\/medizinonline.com\/pt-pt\/equilibrio-de-fluidos-fora-de-equilibrio-resultados-de-um-grande-estudo-de-coorte\/"},"es_ES":{"locale":"es_ES","id":350998,"slug":"equilibrio-de-liquidos-desequilibrado-conclusiones-de-un-gran-estudio-de-cohortes","post_title":"Equilibrio de l\u00edquidos desequilibrado: conclusiones de un gran estudio de cohortes","href":"https:\/\/medizinonline.com\/es\/equilibrio-de-liquidos-desequilibrado-conclusiones-de-un-gran-estudio-de-cohortes\/"}},"_links":{"self":[{"href":"https:\/\/medizinonline.com\/fr\/wp-json\/wp\/v2\/posts\/351007","targetHints":{"allow":["GET"]}}],"collection":[{"href":"https:\/\/medizinonline.com\/fr\/wp-json\/wp\/v2\/posts"}],"about":[{"href":"https:\/\/medizinonline.com\/fr\/wp-json\/wp\/v2\/types\/post"}],"author":[{"embeddable":true,"href":"https:\/\/medizinonline.com\/fr\/wp-json\/wp\/v2\/users\/7"}],"replies":[{"embeddable":true,"href":"https:\/\/medizinonline.com\/fr\/wp-json\/wp\/v2\/comments?post=351007"}],"version-history":[{"count":1,"href":"https:\/\/medizinonline.com\/fr\/wp-json\/wp\/v2\/posts\/351007\/revisions"}],"predecessor-version":[{"id":351010,"href":"https:\/\/medizinonline.com\/fr\/wp-json\/wp\/v2\/posts\/351007\/revisions\/351010"}],"wp:featuredmedia":[{"embeddable":true,"href":"https:\/\/medizinonline.com\/fr\/wp-json\/wp\/v2\/media\/126518"}],"wp:attachment":[{"href":"https:\/\/medizinonline.com\/fr\/wp-json\/wp\/v2\/media?parent=351007"}],"wp:term":[{"taxonomy":"category","embeddable":true,"href":"https:\/\/medizinonline.com\/fr\/wp-json\/wp\/v2\/category?post=351007"},{"taxonomy":"post_tag","embeddable":true,"href":"https:\/\/medizinonline.com\/fr\/wp-json\/wp\/v2\/tags?post=351007"},{"taxonomy":"powerkit_post_featured","embeddable":true,"href":"https:\/\/medizinonline.com\/fr\/wp-json\/wp\/v2\/powerkit_post_featured?post=351007"}],"curies":[{"name":"wp","href":"https:\/\/api.w.org\/{rel}","templated":true}]}}