{"id":352278,"date":"2023-03-18T01:00:00","date_gmt":"2023-03-18T00:00:00","guid":{"rendered":"https:\/\/medizinonline.com\/quelle-methode-permet-dobtenir-les-meilleurs-taux-de-croissance-des-cheveux\/"},"modified":"2023-04-03T13:56:47","modified_gmt":"2023-04-03T11:56:47","slug":"quelle-methode-permet-dobtenir-les-meilleurs-taux-de-croissance-des-cheveux","status":"publish","type":"post","link":"https:\/\/medizinonline.com\/fr\/quelle-methode-permet-dobtenir-les-meilleurs-taux-de-croissance-des-cheveux\/","title":{"rendered":"Quelle m\u00e9thode permet d&#8217;obtenir les meilleurs taux de croissance des cheveux ?"},"content":{"rendered":"\n<p><strong>L&#8217;alop\u00e9cie areata (AA) se manifeste par une perte de cheveux aigu\u00eb ou chronique non cicatris\u00e9e. La diph\u00e9nylcycloprop\u00e9none et les inhibiteurs de Janus kinase pr\u00e9sentent un taux de r\u00e9mission nettement sup\u00e9rieur \u00e0 celui de l&#8217;\u00e9volution spontan\u00e9e, en particulier en cas d&#8217;AA s\u00e9v\u00e8re. Pour les atteintes moins graves, les st\u00e9ro\u00efdes sous diff\u00e9rentes formes d&#8217;application sont consid\u00e9r\u00e9s comme un traitement de premi\u00e8re ligne, et une solution de minoxidil est parfois utilis\u00e9e. Il existe par ailleurs de nombreuses autres options th\u00e9rapeutiques hors \u00e9tiquette.<\/strong><\/p>\n\n<!--more-->\n\n<p>Selon les connaissances actuelles, l&#8217;alop\u00e9cie areata (AA) est une maladie auto-immune chronique qui provoque une perte de cheveux circonscrite ou diss\u00e9min\u00e9e en brisant le privil\u00e8ge immunitaire du follicule pileux [1]. La flamb\u00e9e de l&#8217;AA est associ\u00e9e \u00e0 une phase anag\u00e8ne du cycle de croissance des cheveux nettement plus courte<strong> (Fig. 1)<\/strong> [3,11]. L&#8217;infiltrat inflammatoire et l&#8217;interruption de l&#8217;activit\u00e9 des follicules pileux (HF) dans l&#8217;AA se produisent principalement autour et dans la r\u00e9gion du bulbe, tandis que la niche de cellules souches HF est \u00e9pargn\u00e9e dans la zone du bourrelet de la partie permanente du follicule pileux [2,3]. Souvent, en cas de r\u00e9mission spontan\u00e9e ou induite par des m\u00e9dicaments, les cheveux repoussent sans pigmentation [4]. Dans le cadre des Swiss Derma Days de cette ann\u00e9e, le Dr Stephanie Marie Huber, dermatologie, H\u00f4pital universitaire de B\u00e2le, a donn\u00e9 un aper\u00e7u actuel des possibilit\u00e9s de traitement de l&#8217;AA [5].<\/p>\n\n<p><\/p>\n\n<figure class=\"wp-block-image size-large is-resized\"><a href=\"https:\/\/medizinonline.com\/wp-content\/uploads\/2023\/02\/abb1_DP1_s30.png\"><img fetchpriority=\"high\" decoding=\"async\" src=\"https:\/\/medizinonline.com\/wp-content\/uploads\/2023\/02\/abb1_DP1_s30-1160x1006.png\" alt=\"\" class=\"wp-image-351374\" width=\"580\" height=\"503\" srcset=\"https:\/\/medizinonline.com\/wp-content\/uploads\/2023\/02\/abb1_DP1_s30-1160x1006.png 1160w, https:\/\/medizinonline.com\/wp-content\/uploads\/2023\/02\/abb1_DP1_s30-800x694.png 800w, https:\/\/medizinonline.com\/wp-content\/uploads\/2023\/02\/abb1_DP1_s30-120x104.png 120w, https:\/\/medizinonline.com\/wp-content\/uploads\/2023\/02\/abb1_DP1_s30-90x78.png 90w, https:\/\/medizinonline.com\/wp-content\/uploads\/2023\/02\/abb1_DP1_s30-320x277.png 320w, https:\/\/medizinonline.com\/wp-content\/uploads\/2023\/02\/abb1_DP1_s30-560x486.png 560w, https:\/\/medizinonline.com\/wp-content\/uploads\/2023\/02\/abb1_DP1_s30-240x208.png 240w, https:\/\/medizinonline.com\/wp-content\/uploads\/2023\/02\/abb1_DP1_s30-180x156.png 180w, https:\/\/medizinonline.com\/wp-content\/uploads\/2023\/02\/abb1_DP1_s30-640x555.png 640w, https:\/\/medizinonline.com\/wp-content\/uploads\/2023\/02\/abb1_DP1_s30-1120x971.png 1120w, https:\/\/medizinonline.com\/wp-content\/uploads\/2023\/02\/abb1_DP1_s30.png 1474w\" sizes=\"(max-width: 580px) 100vw, 580px\" \/><\/a><\/figure>\n\n<h3 id=\"la-gravite-et-lage-des-criteres-de-selection-importants-pour-le-traitement\" class=\"wp-block-heading\">La gravit\u00e9 et l&#8217;\u00e2ge, des crit\u00e8res de s\u00e9lection importants pour le traitement  <\/h3>\n\n<p>L&#8217;<em>outil Severity of Alopecia Tool <\/em>(score SALT) a \u00e9t\u00e9 d\u00e9velopp\u00e9 pour \u00e9valuer la s\u00e9v\u00e9rit\u00e9 et l&#8217;\u00e9volution de l&#8217;AA [6]. Le score SALT peut \u00eatre utilis\u00e9 non seulement \u00e0 des fins de recherche, mais aussi dans la pratique clinique comme une bonne mesure pour \u00e9valuer l&#8217;\u00e9tendue de l&#8217;AA au niveau du cuir chevelu [7]. Le score SALT estim\u00e9 permet de distinguer diff\u00e9rents degr\u00e9s de gravit\u00e9 de la perte de cheveux, l&#8217;\u00e9chelle allant de 0 (aucune perte de cheveux) \u00e0 100 (perte de cheveux \u00e0 100%) [3].  <\/p>\n\n<p>Les m\u00e9thodes de traitement de l&#8217;AA actuellement utilis\u00e9es d\u00e9pendent de l&#8217;\u00e2ge et de l&#8217;\u00e9tendue initiale de l&#8217;alop\u00e9cie<strong> (tableau 1)<\/strong> [3,5]. Les corticost\u00e9ro\u00efdes topiques sont un traitement de premi\u00e8re ligne pour les enfants &lt;10 ans (quelle que soit la gravit\u00e9). L&#8217;injection intral\u00e9sionnelle de corticost\u00e9ro\u00efdes est une recommandation de premi\u00e8re ligne chez les personnes \u00e2g\u00e9es de &gt;10 ans atteintes de SALT&lt;30, une monoth\u00e9rapie ou une combinaison avec des corticost\u00e9ro\u00efdes topiques \u00e9tant possibles. La prise de corticost\u00e9ro\u00efdes syst\u00e9miques \u00e0 long terme est d\u00e9conseill\u00e9e en raison des risques d&#8217;effets secondaires. Chez les personnes \u00e2g\u00e9es de 10 ans et &gt;pr\u00e9sentant une AA extensive (SALT&gt;30), une sensibilisation topique au DPCP ou l&#8217;utilisation d&#8217;inhibiteurs de Janus kinase (JAK-i) sont \u00e9galement recommand\u00e9s en plus de la solution de minoxidil et des corticost\u00e9ro\u00efdes syst\u00e9miques. Des corticost\u00e9ro\u00efdes topiques peuvent \u00eatre utilis\u00e9s comme traitement d&#8217;appoint en cas d&#8217;AA s\u00e9v\u00e8re. Un traitement avec les options th\u00e9rapeutiques susmentionn\u00e9es doit \u00eatre suivi pendant au moins 12 semaines afin de pouvoir \u00e9valuer la r\u00e9ponse [5]. Les JAK-i se sont r\u00e9v\u00e9l\u00e9s \u00eatre une option th\u00e9rapeutique efficace avec un d\u00e9but d&#8217;action rapide dans les \u00e9tudes cliniques sur les formes prononc\u00e9es d&#8217;AA. L&#8217;AA favorise la production d&#8217;IFN-\u03b3 et d&#8217;IL-15 m\u00e9di\u00e9e par JAK et une boucle de r\u00e9troaction inflammatoire qui entretient la r\u00e9ponse inflammatoire locale. Les JAK-i interf\u00e8rent avec la voie de signalisation JAK-STAT et bloquent la signalisation en aval de diff\u00e9rentes cytokines pro-inflammatoires.<\/p>\n\n<p><\/p>\n\n<figure class=\"wp-block-image size-large is-resized\"><a href=\"https:\/\/medizinonline.com\/wp-content\/uploads\/2023\/02\/tab1_DP1_s31.png\"><img decoding=\"async\" data-src=\"https:\/\/medizinonline.com\/wp-content\/uploads\/2023\/02\/tab1_DP1_s31-1160x728.png\" alt=\"\" class=\"wp-image-351375 lazyload\" width=\"580\" height=\"364\" data-srcset=\"https:\/\/medizinonline.com\/wp-content\/uploads\/2023\/02\/tab1_DP1_s31-1160x728.png 1160w, https:\/\/medizinonline.com\/wp-content\/uploads\/2023\/02\/tab1_DP1_s31-800x502.png 800w, https:\/\/medizinonline.com\/wp-content\/uploads\/2023\/02\/tab1_DP1_s31-120x75.png 120w, https:\/\/medizinonline.com\/wp-content\/uploads\/2023\/02\/tab1_DP1_s31-90x56.png 90w, https:\/\/medizinonline.com\/wp-content\/uploads\/2023\/02\/tab1_DP1_s31-320x201.png 320w, https:\/\/medizinonline.com\/wp-content\/uploads\/2023\/02\/tab1_DP1_s31-560x352.png 560w, https:\/\/medizinonline.com\/wp-content\/uploads\/2023\/02\/tab1_DP1_s31-240x151.png 240w, https:\/\/medizinonline.com\/wp-content\/uploads\/2023\/02\/tab1_DP1_s31-180x113.png 180w, https:\/\/medizinonline.com\/wp-content\/uploads\/2023\/02\/tab1_DP1_s31-640x402.png 640w, https:\/\/medizinonline.com\/wp-content\/uploads\/2023\/02\/tab1_DP1_s31-1120x703.png 1120w, https:\/\/medizinonline.com\/wp-content\/uploads\/2023\/02\/tab1_DP1_s31.png 1464w\" data-sizes=\"(max-width: 580px) 100vw, 580px\" src=\"data:image\/svg+xml;base64,PHN2ZyB3aWR0aD0iMSIgaGVpZ2h0PSIxIiB4bWxucz0iaHR0cDovL3d3dy53My5vcmcvMjAwMC9zdmciPjwvc3ZnPg==\" style=\"--smush-placeholder-width: 580px; --smush-placeholder-aspect-ratio: 580\/364;\" \/><\/a><\/figure>\n\n<h3 id=\"dpcp-pour-les-plus-de-10-ans-avec-une-infestation-severe\" class=\"wp-block-heading\">DPCP &#8211; pour les plus de 10 ans avec une infestation s\u00e9v\u00e8re  <\/h3>\n\n<p>Chez les patients de plus de 10 ans pr\u00e9sentant une perte de cheveux de plus de 30%, l&#8217;immunoth\u00e9rapie topique \u00e0 base de diph\u00e9nylcycloprop\u00e9none (DPCP) est consid\u00e9r\u00e9e \u00e0 ce jour comme le gold standard. &#8220;La DPCP repr\u00e9sente, avec les JAK-i, la seule m\u00e9thode de traitement qui pr\u00e9sente un taux de r\u00e9mission plus \u00e9lev\u00e9 par rapport \u00e0 l&#8217;\u00e9volution spontan\u00e9e&#8221;, explique le Dr Huber [5]. Le taux de r\u00e9mission d\u00e9pend de l&#8217;\u00e9tendue initiale de l&#8217;alop\u00e9cie. Le DPCP est contre-indiqu\u00e9 chez les femmes enceintes et allaitantes, et une attention particuli\u00e8re est accord\u00e9e aux patients \u00e0 la peau plus fonc\u00e9e en raison du risque de d\u00e9pigmentation. Apr\u00e8s une sensibilisation initiale \u00e0 2%, la dose est augment\u00e9e chaque semaine jusqu&#8217;\u00e0 l&#8217;obtention de l&#8217;ecz\u00e9ma de contact th\u00e9rapeutique souhait\u00e9. &#8220;Si aucune croissance des cheveux n&#8217;est observ\u00e9e apr\u00e8s environ 6 \u00e0 12 mois de traitement, il est conseill\u00e9 d&#8217;arr\u00eater le traitement&#8221;, a-t-elle ajout\u00e9 [5]. Les effets secondaires ind\u00e9sirables comprennent des changements de pigmentation, une dispersion de l&#8217;ecz\u00e9ma, une lymphad\u00e9nopathie nuchale r\u00e9active et des r\u00e9actions v\u00e9siculobulleuses locales.<\/p>\n\n<h3 id=\"baricitinib-les-adultes-ayant-un-score-salt-%e2%89%a550-peuvent-en-beneficier\" class=\"wp-block-heading\">Baricitinib &#8211; Les adultes ayant un score SALT \u226550 peuvent en b\u00e9n\u00e9ficier<\/h3>\n\n<p>Les inhibiteurs de JAK repr\u00e9sentent une nouvelle option th\u00e9rapeutique int\u00e9ressante, en particulier pour l&#8217;alop\u00e9cie areata s\u00e9v\u00e8re, a rapport\u00e9 le Dr Huber [5]. Les JAK-i sont utilis\u00e9s avec succ\u00e8s depuis longtemps dans le traitement des maladies inflammatoires chroniques. Le baricitinib est le premier inhibiteur de JAK autoris\u00e9 dans l&#8217;UE depuis 06\/2022 pour le traitement de l&#8217;AA s\u00e9v\u00e8re (score SALT \u226550).  <\/p>\n\n<p>Dans les deux \u00e9tudes de phase III de conception identique BRAVE-AA1 et BRAVE-AA2, 654 et 546 patients pr\u00e9sentant une perte de cheveux \u226550% (score SALT \u226550) ont \u00e9t\u00e9 randomis\u00e9s dans les bras baricitinib 4 mg\/d vs barictinib 2 mg\/d vs placebo selon un ratio de 3:2:2 [8]. Le crit\u00e8re d&#8217;\u00e9valuation principal \u00e9tait une perte de cheveux \u226420% (score SALT \u226420). Les r\u00e9sultats ont \u00e9t\u00e9 publi\u00e9s dans le <em>New England Journal of Medicine <\/em>. Dans BRAVE-AA1, apr\u00e8s 36 semaines, environ 39% des patients sous baricitinib 4 mg, environ 23% des patients sous baricitinib 2 mg et environ 6% des patients sous placebo ont pr\u00e9sent\u00e9 un score SALT de 20.  <\/p>\n\n<p>Dans BRAVE-AA2, les valeurs correspondantes \u00e9taient respectivement de 36% et 19% dans les deux bras de traitement et de 3% sous placebo. Le baricitinib administr\u00e9 par voie orale \u00e9tait donc nettement sup\u00e9rieur au placebo en termes de repousse des cheveux \u00e0 36 semaines. Les effets secondaires les plus fr\u00e9quents ont \u00e9t\u00e9 l&#8217;acn\u00e9, l&#8217;augmentation de la cr\u00e9atinine kinase et l&#8217;augmentation du taux de cholest\u00e9rol HDL\/LDL. Pour \u00e9valuer l&#8217;efficacit\u00e9 et l&#8217;innocuit\u00e9 \u00e0 long terme du baricitinib dans l&#8217;alop\u00e9cie areata, il serait souhaitable de mener des \u00e9tudes plus longues, car l&#8217;alop\u00e9cie en soi a une \u00e9volution tr\u00e8s variable entre la repousse et la chute des cheveux, a expliqu\u00e9 l&#8217;oratrice.  <\/p>\n\n<h3 id=\"ritlecitinib-et-brepocitinib-des-donnees-detudes-revelatrices\" class=\"wp-block-heading\">Ritlecitinib et brepocitinib : des donn\u00e9es d&#8217;\u00e9tudes r\u00e9v\u00e9latrices  <\/h3>\n\n<p>Une \u00e9tude d&#8217;extension de phase II publi\u00e9e en 2022 a examin\u00e9 les effets \u00e0 plus long terme de deux autres JAK-i pour le traitement de l&#8217;AA [9] : Ritlecitinib (inhibiteur de JAK3\/TEC) et Brepocitinib (inhibiteur de Tyk2\/JAK1). L&#8217;\u00e9tude a \u00e9t\u00e9 men\u00e9e en double aveugle pendant la premi\u00e8re phase (24 semaines), puis les sujets ont \u00e9t\u00e9 r\u00e9partis dans les bras de l&#8217;\u00e9tude suivants, en simple aveugle, en fonction de leur r\u00e9ponse au traitement :  <\/p>\n\n<ul class=\"wp-block-list\">\n<li><em>Non-r\u00e9ponse au placebo : <\/em>Passage au traitement actif par ritlecitinib\/brepocitinib<\/li>\n\n\n\n<li><em>Non-r\u00e9pondeurs actifs (malgr\u00e9 un traitement actif, pas d&#8217;am\u00e9lioration de \u226530% avant la semaine 24) : <\/em>Poursuite du traitement actif par ritlecitinib\/brepocitinib<\/li>\n\n\n\n<li><em>R\u00e9pondants actifs (sous traitement actif, am\u00e9lioration de \u226530% apr\u00e8s 24 semaines) :<\/em> Passage au placebo jusqu&#8217;\u00e0 ce que le crit\u00e8re de retraitement soit atteint (perte de \u226530% des cheveux ayant repouss\u00e9 en double aveugle).  <\/li>\n<\/ul>\n\n<p>Il s&#8217;est av\u00e9r\u00e9 qu&#8217;environ 64% des r\u00e9pondeurs actifs sous ritlecinib et environ 61% sous br\u00e9pocitinib avaient besoin d&#8217;un retraitement par les JAK-i apr\u00e8s une moyenne de 16,1 semaines (n=22) et 24,1 semaines (n=24). Ainsi, les donn\u00e9es indiquent qu&#8217;un traitement \u00e0 plus long terme avec les JAK-i est n\u00e9cessaire, a expliqu\u00e9 le Dr Huber.  <\/p>\n\n<h3 id=\"traitement-par-inhibiteur-jak-vaccination-contre-la-varicelle-zona-recommandee\" class=\"wp-block-heading\">Traitement par inhibiteur JAK : vaccination contre la varicelle-zona recommand\u00e9e  <\/h3>\n\n<p>Les effets secondaires possibles du JAK-i sont tr\u00e8s bien connus en rhumatologie et peuvent \u00eatre consult\u00e9s dans l&#8217;information sur le m\u00e9dicament de chaque pr\u00e9paration. En cas d&#8217;infection aigu\u00eb, les JAK-i doivent \u00eatre mis en pause, ce qui est facilement r\u00e9alisable gr\u00e2ce \u00e0 l&#8217;administration orale et \u00e0 la courte demi-vie des m\u00e9dicaments [12]. Outre l&#8217;exclusion des maladies infectieuses chroniques avant le d\u00e9but du traitement (par ex. h\u00e9patite, tuberculose), il convient de pr\u00eater une attention particuli\u00e8re aux infections associ\u00e9es au virus de l&#8217;herp\u00e8s. L&#8217;utilisation de vaccins vivants imm\u00e9diatement avant ou pendant le traitement par JAK-i n&#8217;est pas recommand\u00e9e. Les vaccinations avec des vaccins inactiv\u00e9s sont possibles pendant le traitement avec le JAK-i. Pour pr\u00e9venir la r\u00e9activation du virus varicelle-zona, il est recommand\u00e9 de se faire vacciner \u00e0 l&#8217;aide du vaccin antivaricelle <sup>Shingrix\u00ae <\/sup>.<\/p>\n\n<p><em>Congr\u00e8s : Swiss Derma Day<\/em><\/p>\n\n<p><\/p>\n\n<p>Litt\u00e9rature : <\/p>\n\n<ol class=\"wp-block-list\">\n<li>Busch D, Sticherling M: Die Alopecia areata \u2013 klinisches Bild und Therapieansprechen einer heterogenen Erkrankung. P091, <a href=\"https:\/\/onlinelibrary.wiley.com\/doi\/full\/10.1111\/ddg.13796\" target=\"_blank\" rel=\"noreferrer noopener\">https:\/\/onlinelibrary.wiley.com\/doi\/full\/10.1111\/ddg.13796<\/a>, (letzter Abruf 13.01.2023)<\/li>\n\n\n\n<li>Lee YB, Jun M, Lee WS: Alopecia areata and poliosis: A retrospective analysis of 258 cases. JAAD 2019; 80: 1776\u20131778.<\/li>\n\n\n\n<li>Lintzeri DA, et al.: Alopecia areata \u2013 Aktuelles Verst\u00e4ndnis und Management. JDDG 2022; 20(1): 59\u201393.<\/li>\n\n\n\n<li>Bruhn I, Frenzel U-R, Landeck L: Pigmentierter Haarwuchs nach kombinierter systemischer Kortikosteroidtherapie mit intral\u00e4sionaler Triamcinoloninjektion bei Alopecia areata. P090, <a href=\"https:\/\/onlinelibrary.wiley.com\/doi\/full\/10.1111\/ddg.13796\" target=\"_blank\" rel=\"noreferrer noopener\">https:\/\/onlinelibrary.wiley.com\/doi\/full\/10.1111\/ddg.13796<\/a>, (letzter Abruf 13.01.2023) <\/li>\n\n\n\n<li>\u00abAlopecia areata \u2013 neue Evidenz\u00bb, Dr. med. Stephanie Marie Huber, Swiss Derma Day and STI reviews and updates, 12.01.2023<\/li>\n\n\n\n<li>Olsen EA, et al.: Alopecia areata investigational assessment guidelines \u2013 Part II. National Alopecia Areata Foundation. JAAD 2004; 51: 440\u2013447.<\/li>\n\n\n\n<li>Meah N, et al.: The Alopecia Areata Consensus of Experts (ACE) study part II: Results of an international expert opinion on diagnosis and laboratory evaluation for alopecia areata. JAAD 2021; 84: 1594\u20131601.<\/li>\n\n\n\n<li>King B, et al.: BRAVE-AA Investigators. Two Phase 3 Trials of Baricitinib for Alopecia Areata. N Engl J Med 2022; 386(18): 1687\u20131699. <\/li>\n\n\n\n<li>Peeva E, et al.: Maintenance, withdrawal, and re-treatment with ritlecitinib and brepocitinib in patients with alopecia areata in a single-blind extension of a phase 2a randomized clinical trial. JAAD 2022; 87(2): 390\u2013393.<\/li>\n\n\n\n<li>Messenger AG, et al.: British Association of Dermatologists\u2019 guidelines for the management of alopecia areata 2012. Br J Dermatol 2012; 166(5): 916\u2013926.<\/li>\n\n\n\n<li>Carrasco E, Soto-Heredero G, Mittelbrunn M: The Role of Extracellular Vesicles in Cutaneous Remodeling and Hair Follicle Dynamics. Int J Mol Sci 2019; 20(11): 2758.<\/li>\n\n\n\n<li>Klein B, Treudler R, Simon JC: JAK-Inhibitoren in der Dermatologie &#8211; kleine Molek\u00fcle, grosse Wirkung? \u00dcbersicht \u00fcber Wirkmechanismus, Studienergebnisse und m\u00f6gliche unerw\u00fcnschte Wirkungen. JDDG 2022; 20(1): 19\u201325.<\/li>\n\n\n\n<li>Swissmedic: Arzneimittelinformation, <a href=\"http:\/\/www.swissmedicinfo.ch\" target=\"_blank\" rel=\"noreferrer noopener\">www.swissmedicinfo.ch<\/a>, (letzter Abruf 16.01.2023) <\/li>\n<\/ol>\n\n<p><\/p>\n\n<p><em>DERMATOLOGIE PRAXIS 2023; 33(1): 30\u201331<\/em><\/p>\n","protected":false},"excerpt":{"rendered":"<p>L&#8217;alop\u00e9cie areata (AA) se manifeste par une perte de cheveux aigu\u00eb ou chronique non cicatris\u00e9e. La diph\u00e9nylcycloprop\u00e9none et les inhibiteurs de Janus kinase pr\u00e9sentent un taux de r\u00e9mission nettement sup\u00e9rieur&hellip;<\/p>\n","protected":false},"author":7,"featured_media":351381,"comment_status":"closed","ping_status":"closed","sticky":false,"template":"","format":"standard","meta":{"_acf_changed":false,"pmpro_default_level":"","cat_1_feature_home_top":false,"cat_2_editor_pick":false,"csco_eyebrow_text":"Alop\u00e9cie areata : traitement m\u00e9dicamenteux  ","footnotes":""},"category":[11349,11362,11527,11428,11535,11549],"tags":[19927,51398,17473,65761,65768,12239,26795,65786,65791,65794,65756,65783,46118,13447,28700,31111,20367,14079,65793,12053,12573,12049,65777],"powerkit_post_featured":[],"class_list":["post-352278","post","type-post","status-publish","format-standard","has-post-thumbnail","category-allergologie-et-immunologie-clinique","category-dermatologie-et-venerologie","category-etudes","category-infectiologie","category-rapports-de-congres","category-rx-fr","tag-alopecie-fr","tag-alopecie-areata","tag-baricitinib-fr","tag-brave-aa2-fr","tag-brepocitinib-fr","tag-chute-de-cheveux","tag-corticosteroides-topiques","tag-diphenylcyclopropenone-fr","tag-dpcp-fr","tag-immunotherapie-topique","tag-inhibiteurs-de-janus-kinase","tag-jak-i-fr","tag-journee-suisse-de-la-dermatologie","tag-maladie-auto-immune","tag-medicamenteux","tag-minoxidil-fr","tag-off-label-fr","tag-options-de-traitement","tag-ritlecitinib-fr","tag-shingrix-fr","tag-therapie-fr","tag-vaccination-fr","tag-voie-de-signalisation-jak-stat","pmpro-has-access"],"acf":[],"publishpress_future_action":{"enabled":false,"date":"2026-05-04 10:36:44","action":"change-status","newStatus":"draft","terms":[],"taxonomy":"category","extraData":[]},"publishpress_future_workflow_manual_trigger":{"enabledWorkflows":[]},"wpml_current_locale":"fr_FR","wpml_translations":{"it_IT":{"locale":"it_IT","id":352310,"slug":"quale-metodo-raggiunge-i-migliori-tassi-di-crescita-dei-capelli","post_title":"Quale metodo raggiunge i migliori tassi di crescita dei capelli?","href":"https:\/\/medizinonline.com\/it\/quale-metodo-raggiunge-i-migliori-tassi-di-crescita-dei-capelli\/"},"pt_PT":{"locale":"pt_PT","id":352305,"slug":"qual-o-metodo-que-atinge-as-melhores-taxas-de-crescimento-de-cabelo","post_title":"Qual o m\u00e9todo que atinge as melhores taxas de crescimento de cabelo?","href":"https:\/\/medizinonline.com\/pt-pt\/qual-o-metodo-que-atinge-as-melhores-taxas-de-crescimento-de-cabelo\/"},"es_ES":{"locale":"es_ES","id":352332,"slug":"que-metodo-consigue-las-mejores-tasas-de-crecimiento-del-cabello","post_title":"\u00bfQu\u00e9 m\u00e9todo consigue las mejores tasas de crecimiento del cabello?","href":"https:\/\/medizinonline.com\/es\/que-metodo-consigue-las-mejores-tasas-de-crecimiento-del-cabello\/"}},"_links":{"self":[{"href":"https:\/\/medizinonline.com\/fr\/wp-json\/wp\/v2\/posts\/352278","targetHints":{"allow":["GET"]}}],"collection":[{"href":"https:\/\/medizinonline.com\/fr\/wp-json\/wp\/v2\/posts"}],"about":[{"href":"https:\/\/medizinonline.com\/fr\/wp-json\/wp\/v2\/types\/post"}],"author":[{"embeddable":true,"href":"https:\/\/medizinonline.com\/fr\/wp-json\/wp\/v2\/users\/7"}],"replies":[{"embeddable":true,"href":"https:\/\/medizinonline.com\/fr\/wp-json\/wp\/v2\/comments?post=352278"}],"version-history":[{"count":3,"href":"https:\/\/medizinonline.com\/fr\/wp-json\/wp\/v2\/posts\/352278\/revisions"}],"predecessor-version":[{"id":355197,"href":"https:\/\/medizinonline.com\/fr\/wp-json\/wp\/v2\/posts\/352278\/revisions\/355197"}],"wp:featuredmedia":[{"embeddable":true,"href":"https:\/\/medizinonline.com\/fr\/wp-json\/wp\/v2\/media\/351381"}],"wp:attachment":[{"href":"https:\/\/medizinonline.com\/fr\/wp-json\/wp\/v2\/media?parent=352278"}],"wp:term":[{"taxonomy":"category","embeddable":true,"href":"https:\/\/medizinonline.com\/fr\/wp-json\/wp\/v2\/category?post=352278"},{"taxonomy":"post_tag","embeddable":true,"href":"https:\/\/medizinonline.com\/fr\/wp-json\/wp\/v2\/tags?post=352278"},{"taxonomy":"powerkit_post_featured","embeddable":true,"href":"https:\/\/medizinonline.com\/fr\/wp-json\/wp\/v2\/powerkit_post_featured?post=352278"}],"curies":[{"name":"wp","href":"https:\/\/api.w.org\/{rel}","templated":true}]}}