{"id":355879,"date":"2023-05-20T00:02:00","date_gmt":"2023-05-19T22:02:00","guid":{"rendered":"https:\/\/medizinonline.com\/soigner-les-migraines-et-autres-de-maniere-efficace-et-moderne\/"},"modified":"2023-06-02T14:16:12","modified_gmt":"2023-06-02T12:16:12","slug":"soigner-les-migraines-et-autres-de-maniere-efficace-et-moderne","status":"publish","type":"post","link":"https:\/\/medizinonline.com\/fr\/soigner-les-migraines-et-autres-de-maniere-efficace-et-moderne\/","title":{"rendered":"Soigner les migraines et autres de mani\u00e8re efficace et moderne"},"content":{"rendered":"\n<p><strong>Cette ann\u00e9e, la Journ\u00e9e de la douleur et des soins palliatifs \u00e9tait plac\u00e9e sous le th\u00e8me &#8220;S&#8217;inqui\u00e9ter et prendre soin &#8211; la m\u00e9decine de la douleur au concret&#8221;. Outre la recherche sur les soins, les tables rondes se concentreront sur les soins palliatifs, les proc\u00e9dures invasives, les c\u00e9phal\u00e9es avec un accent sur les soins primaires, la psychoth\u00e9rapie en p\u00e9riode de ressources limit\u00e9es et le symposium sur la politique de sant\u00e9.<\/strong><\/p>\n\n<!--more-->\n\n<p>Le congr\u00e8s a notamment appel\u00e9 \u00e0 une m\u00e9decine de la douleur et des soins palliatifs bas\u00e9e sur les preuves, orient\u00e9e vers le patient et surtout ne se contentant pas de proclamer et d&#8217;exiger, mais exer\u00e7ant \u00e9galement une influence concr\u00e8te. Michael A. \u00dcberall, Nuremberg (Allemagne), vice-pr\u00e9sident de la DGS et pr\u00e9sident de la Ligue allemande contre la douleur. Il ne s&#8217;agit plus seulement d&#8217;optimiser les soins de la m\u00e9decine de la douleur sur l&#8217;ensemble du territoire, mais de plus en plus d&#8217;acqu\u00e9rir une nouvelle compr\u00e9hension de soi-m\u00eame en ce qui concerne l&#8217;organisation de ces soins gr\u00e2ce \u00e0 l&#8217;am\u00e9lioration d&#8217;une compr\u00e9hension scientifique de base des chances, mais aussi des limites de la m\u00e9decine bas\u00e9e sur les preuves au 21\u00e8me si\u00e8cle. Ce processus implique un changement important dans la mani\u00e8re de penser les essais cliniques et le r\u00f4le des m\u00e9decins praticiens. Alors que la plupart des \u00e9tudes m\u00e9dicales \u00e9taient men\u00e9es dans des conditions \u00e9loign\u00e9es de la pratique, dans des \u00e9tablissements sp\u00e9cialis\u00e9s, excluant une grande partie des patients de la vie clinique quotidienne, les \u00e9tudes en monde r\u00e9el utilisant des donn\u00e9es obtenues de mani\u00e8re non interventionnelle, c&#8217;est-\u00e0-dire dans les conditions de la vie quotidienne, prennent aujourd&#8217;hui de plus en plus d&#8217;importance. La n\u00e9cessit\u00e9 de tester les algorithmes diagnostiques et th\u00e9rapeutiques dans la pratique clinique quotidienne, de tester et surtout de d\u00e9velopper de nouvelles proc\u00e9dures diagnostiques et th\u00e9rapeutiques dans ces conditions, devient de plus en plus importante, a soulign\u00e9 l&#8217;expert. En effet, les m\u00e9decins praticiens sont souvent impuissants face \u00e0 des exigences de directives toujours plus \u00e9loign\u00e9es de la pratique et se plaignent de la prise en compte insuffisante de leurs exp\u00e9riences concr\u00e8tes en mati\u00e8re de soins quotidiens.<\/p>\n\n<h3 id=\"les-maladies-liees-a-la-douleur-sont-en-augmentation\" class=\"wp-block-heading\">Les maladies li\u00e9es \u00e0 la douleur sont en augmentation<\/h3>\n\n<p>Dans tous les pays occidentaux, on constate une augmentation continue du nombre de patients souffrant de douleurs chroniques. Les enqu\u00eates men\u00e9es par les institutions les plus diverses (notamment le RKI et le BVA) montrent que cette proportion a augment\u00e9 pour atteindre 33% de la population totale. En 2014 d\u00e9j\u00e0, le nombre de patients souffrant de douleurs chroniques tr\u00e8s probl\u00e9matiques avec des handicaps biopsychosociaux s&#8217;\u00e9levait \u00e0 3,4 millions (4,15% de la population totale) &#8211; et la tendance est \u00e0 la hausse. C&#8217;est pourquoi l&#8217;efficacit\u00e9 \u00e0 long terme du traitement multimodal de la douleur a \u00e9t\u00e9 examin\u00e9e de plus pr\u00e8s [1]. Outre la r\u00e9duction de la douleur, la gestion active de la douleur et l&#8217;am\u00e9lioration de la qualit\u00e9 de vie font partie des objectifs de la gestion du traitement. L&#8217;accent est mis sur le traitement des troubles douloureux chroniques avec des facteurs somatiques et psychologiques. Sur une p\u00e9riode de 4,5 ans, tous les patients souffrant de douleurs et trait\u00e9s en milieu hospitalier ont \u00e9t\u00e9 interrog\u00e9s avant leur admission et six mois apr\u00e8s leur sortie \u00e0 l&#8217;aide du questionnaire allemand sur la douleur. Les param\u00e8tres cibles mesur\u00e9s \u00e9taient l&#8217;intensit\u00e9 de la douleur, l&#8217;impact de la douleur sur les activit\u00e9s, l&#8217;\u00e9tat psychologique et la qualit\u00e9 de vie li\u00e9e \u00e0 la sant\u00e9. Les r\u00e9sultats d\u00e9montrent que le traitement multimodal dans un centre de la douleur \u00e0 orientation interdisciplinaire est efficace \u00e0 long terme, m\u00eame en cas de chronicit\u00e9 plus \u00e9lev\u00e9e de la douleur.  <\/p>\n\n<h3 id=\"gros-plan-sur-la-migraine\" class=\"wp-block-heading\">Gros plan sur la migraine<\/h3>\n\n<p>Un grand groupe de scientifiques a fourni des informations actualis\u00e9es sur l&#8217;\u00e9tat de l&#8217;art en mati\u00e8re de physiopathologie, de diagnostic, de traitement aigu et de pr\u00e9vention de la migraine chez les enfants, les adolescents et les adultes [2]. Une personne sur dix dans le monde est atteinte de migraine, comme l&#8217;a montr\u00e9 le professeur Michael K\u00fcster, de Bonn (Allemagne). En Europe, la pr\u00e9valence est de 11,4%. La migraine rejoint ainsi les maladies courantes telles que le diab\u00e8te, la maladie coronarienne, l&#8217;hypertension, l&#8217;ost\u00e9oporose et l&#8217;ob\u00e9sit\u00e9. Il existe aujourd&#8217;hui une large gamme d&#8217;armaments, tant pour le traitement aigu que pour la prophylaxie. Pourtant, la situation des soins pour les personnes concern\u00e9es est loin d&#8217;\u00eatre rose. En 2021, seuls 8 \u00e0 11% des patients migraineux utilisent des triptans et moins de 3% des patients ayant plus de cinq jours de migraine par mois ont re\u00e7u une prophylaxie. L&#8217;expert a \u00e9galement pu confirmer cette conclusion \u00e0 partir de sa propre exp\u00e9rience. Au centre de la douleur, les personnes concern\u00e9es se pr\u00e9sentent souvent elles-m\u00eames et se soignent par autom\u00e9dication. Cependant, cela entra\u00eene souvent des maux de t\u00eate li\u00e9s \u00e0 la surconsommation de m\u00e9dicaments et des l\u00e9sions r\u00e9nales. Les raisons pourraient \u00eatre un manque de formation initiale et continue, une crainte d&#8217;une charge de travail \u00e9lev\u00e9e et de mauvaises exp\u00e9riences avec un traitement d&#8217;attaque insuffisant. En cons\u00e9quence, les soins pourraient \u00eatre optimis\u00e9s \u00e0 l&#8217;aide des nouveaux traitements prophylactiques, d&#8217;un traitement interdisciplinaire et multimodal de la douleur et de la cr\u00e9ation de r\u00e9seaux.  <\/p>\n\n<h3 id=\"desir-et-realite\" class=\"wp-block-heading\">D\u00e9sir et r\u00e9alit\u00e9<\/h3>\n\n<p>Le Dr Axel Heinze, de Kiel, en Allemagne, s&#8217;est pench\u00e9 sur les possibilit\u00e9s offertes par les anticorps CGRP dans le traitement de la migraine chronique [3]. Jusqu&#8217;\u00e0 pr\u00e9sent, l&#8217;onabotulinumtoxine A a \u00e9t\u00e9 utilis\u00e9e comme gold standard avec de bons r\u00e9sultats. Les \u00e9tudes montrent une r\u00e9duction de 44% des jours de c\u00e9phal\u00e9es avec un taux de r\u00e9pondeurs \u00e0 50% de 47,1%. Cependant, m\u00eame apr\u00e8s 12 ans d&#8217;exp\u00e9rience, il n&#8217;existe pas encore de connaissances d\u00e9taill\u00e9es sur le m\u00e9canisme d&#8217;action et surtout sur les raisons d&#8217;une absence d&#8217;effet. En revanche, pour les anticorps anti-CGRP, il existe une rationalit\u00e9 convaincante. Il est connu que le CGRP est lib\u00e9r\u00e9 de mani\u00e8re ictale pendant une crise de migraine. Chez les patients souffrant de migraines chroniques, les niveaux de CGRP sont m\u00eame \u00e9lev\u00e9s au niveau interictal. En cons\u00e9quence, on peut supposer que le blocage du CGRP devrait avoir un effet efficace. Selon le produit, il a \u00e9t\u00e9 possible d&#8217;obtenir en moyenne entre 25% et 51% de jours de migraine mensuels en moins, avec une bonne tol\u00e9rance. Compar\u00e9s \u00e0 l&#8217;onabotulinumtoxine A, les anticorps CGRP ont une efficacit\u00e9 comparable, sont tr\u00e8s bien tol\u00e9r\u00e9s et ne diff\u00e8rent que par leurs restrictions d&#8217;utilisation. Entre-temps, les premi\u00e8res indications montrent que les deux substances actives pourraient avoir des effets synergiques.  <\/p>\n\n<p><em>Congr\u00e8s : Journ\u00e9e allemande de la douleur et des soins palliatifs 2023<\/em><\/p>\n\n<p><\/p>\n\n<p>Litt\u00e9rature :<\/p>\n\n<ol class=\"wp-block-list\">\n<li>Haase I, Kuhnt O, Klimczyk K, Steinberger M : Efficacit\u00e9 \u00e0 long terme du traitement multimodal de la douleur chez les patients pr\u00e9sentant une chronicit\u00e9 de la douleur plus \u00e9lev\u00e9e. Affiche \u00e9lectronique. Journ\u00e9e allemande de la douleur et des soins palliatifs 2023.<\/li>\n\n\n\n<li>K\u00fcster M, Binsfeld H, Oeding M : C\u00e9phal\u00e9es : les soins primaires en point de mire I. ID de pr\u00e9sentation 106. Journ\u00e9e allemande de la douleur et des soins palliatifs 2023.<\/li>\n\n\n\n<li>K\u00fcster M, G\u00f6bel C, G\u00f6bel H, Heinze A : Migraine chronique, et apr\u00e8s ? Session ID S14. Journ\u00e9e allemande de la douleur et des soins palliatifs 2023.<\/li>\n<\/ol>\n\n<p><\/p>\n\n<p class=\"has-small-font-size\"><em>InFo NEUROLOGIE &amp; PSYCHIATRIE 2023; 21(2): 28<\/em><\/p>\n","protected":false},"excerpt":{"rendered":"<p>Cette ann\u00e9e, la Journ\u00e9e de la douleur et des soins palliatifs \u00e9tait plac\u00e9e sous le th\u00e8me &#8220;S&#8217;inqui\u00e9ter et prendre soin &#8211; la m\u00e9decine de la douleur au concret&#8221;. Outre la&hellip;<\/p>\n","protected":false},"author":7,"featured_media":157115,"comment_status":"closed","ping_status":"closed","sticky":false,"template":"","format":"standard","meta":{"_acf_changed":false,"pmpro_default_level":"","cat_1_feature_home_top":false,"cat_2_editor_pick":false,"csco_eyebrow_text":"M\u00e9decine de la douleur","footnotes":""},"category":[11527,11315,11383,11482,11535,11549],"tags":[67239,23744,13867],"powerkit_post_featured":[],"class_list":["post-355879","post","type-post","status-publish","format-standard","has-post-thumbnail","category-etudes","category-medecine-interne-generale","category-neurologie-fr","category-prevention-et-soins-de-sante","category-rapports-de-congres","category-rx-fr","tag-anticorps-cgrp","tag-medecine-de-la-douleur","tag-migraine-fr","pmpro-has-access"],"acf":[],"publishpress_future_action":{"enabled":false,"date":"2026-05-05 07:22:27","action":"change-status","newStatus":"draft","terms":[],"taxonomy":"category","extraData":[]},"publishpress_future_workflow_manual_trigger":{"enabledWorkflows":[]},"wpml_current_locale":"fr_FR","wpml_translations":{"it_IT":{"locale":"it_IT","id":355892,"slug":"una-cura-efficace-e-moderna-per-emicrania-e-co","post_title":"Una cura efficace e moderna per emicrania e co.","href":"https:\/\/medizinonline.com\/it\/una-cura-efficace-e-moderna-per-emicrania-e-co\/"},"pt_PT":{"locale":"pt_PT","id":355899,"slug":"cuidados-eficazes-e-modernos-para-a-enxaqueca-e-co","post_title":"Cuidados eficazes e modernos para a enxaqueca e co.","href":"https:\/\/medizinonline.com\/pt-pt\/cuidados-eficazes-e-modernos-para-a-enxaqueca-e-co\/"},"es_ES":{"locale":"es_ES","id":355792,"slug":"cuidados-eficaces-y-modernos-para-la-migrana-y-la-co","post_title":"Cuidados eficaces y modernos para la migra\u00f1a y la co.","href":"https:\/\/medizinonline.com\/es\/cuidados-eficaces-y-modernos-para-la-migrana-y-la-co\/"}},"_links":{"self":[{"href":"https:\/\/medizinonline.com\/fr\/wp-json\/wp\/v2\/posts\/355879","targetHints":{"allow":["GET"]}}],"collection":[{"href":"https:\/\/medizinonline.com\/fr\/wp-json\/wp\/v2\/posts"}],"about":[{"href":"https:\/\/medizinonline.com\/fr\/wp-json\/wp\/v2\/types\/post"}],"author":[{"embeddable":true,"href":"https:\/\/medizinonline.com\/fr\/wp-json\/wp\/v2\/users\/7"}],"replies":[{"embeddable":true,"href":"https:\/\/medizinonline.com\/fr\/wp-json\/wp\/v2\/comments?post=355879"}],"version-history":[{"count":2,"href":"https:\/\/medizinonline.com\/fr\/wp-json\/wp\/v2\/posts\/355879\/revisions"}],"predecessor-version":[{"id":356712,"href":"https:\/\/medizinonline.com\/fr\/wp-json\/wp\/v2\/posts\/355879\/revisions\/356712"}],"wp:featuredmedia":[{"embeddable":true,"href":"https:\/\/medizinonline.com\/fr\/wp-json\/wp\/v2\/media\/157115"}],"wp:attachment":[{"href":"https:\/\/medizinonline.com\/fr\/wp-json\/wp\/v2\/media?parent=355879"}],"wp:term":[{"taxonomy":"category","embeddable":true,"href":"https:\/\/medizinonline.com\/fr\/wp-json\/wp\/v2\/category?post=355879"},{"taxonomy":"post_tag","embeddable":true,"href":"https:\/\/medizinonline.com\/fr\/wp-json\/wp\/v2\/tags?post=355879"},{"taxonomy":"powerkit_post_featured","embeddable":true,"href":"https:\/\/medizinonline.com\/fr\/wp-json\/wp\/v2\/powerkit_post_featured?post=355879"}],"curies":[{"name":"wp","href":"https:\/\/api.w.org\/{rel}","templated":true}]}}