{"id":356925,"date":"2023-05-05T14:00:00","date_gmt":"2023-05-05T12:00:00","guid":{"rendered":"https:\/\/medizinonline.com\/linsuffisance-exocrine-peut-etre-traitee-par-une-therapie-de-remplacement-des-enzymes\/"},"modified":"2023-05-05T14:00:14","modified_gmt":"2023-05-05T12:00:14","slug":"linsuffisance-exocrine-peut-etre-traitee-par-une-therapie-de-remplacement-des-enzymes","status":"publish","type":"post","link":"https:\/\/medizinonline.com\/fr\/linsuffisance-exocrine-peut-etre-traitee-par-une-therapie-de-remplacement-des-enzymes\/","title":{"rendered":"L&#8217;insuffisance exocrine peut \u00eatre trait\u00e9e par une th\u00e9rapie de remplacement des enzymes"},"content":{"rendered":"\n<p><strong>Le remodelage du tissu conjonctif du pancr\u00e9as d\u00fb \u00e0 l&#8217;inflammation entra\u00eene une perte progressive de la fonction glandulaire exocrine et endocrine. Pour le traitement de l&#8217;insuffisance exocrine &#8211; qui ne se manifeste g\u00e9n\u00e9ralement que tardivement au cours de la pancr\u00e9atite chronique, car les sympt\u00f4mes n&#8217;apparaissent que lorsque moins de 10% de la quantit\u00e9 initiale d&#8217;enzymes est s\u00e9cr\u00e9t\u00e9e &#8211; il existe des pr\u00e9parations pour la substitution des enzymes pancr\u00e9atiques.<\/strong><\/p>\n\n<!--more-->\n\n<p>Aujourd&#8217;hui, on pense que l&#8217;origine est multifactorielle, l&#8217;alcool et le tabac \u00e9tant les principaux facteurs de risque de la pancr\u00e9atite chronique et jouant un r\u00f4le central dans environ 80% des cas. Les 20% restants sont d&#8217;origine idiopathique avec une pr\u00e9disposition g\u00e9n\u00e9tique correspondante [1]. Wolfgang Fischbach, interniste et gastroent\u00e9rologue, Aschaffenburg (D), a d\u00e9crit le cas d&#8217;un patient qui se plaignait de douleurs abdominales avec une irradiation en forme de ceinture. Le patient avait d\u00e9j\u00e0 des probl\u00e8mes de sant\u00e9 depuis un certain temps, mais ceux-ci s&#8217;\u00e9taient aggrav\u00e9s depuis environ six mois. Le patient a indiqu\u00e9 que les sympt\u00f4mes de la douleur se manifestent g\u00e9n\u00e9ralement environ une demi-heure apr\u00e8s la prise de nourriture. Ce n&#8217;est que r\u00e9cemment que des diarrh\u00e9es grasses et une perte de poids de 4 kg sont apparues. Le patient a d\u00e9clar\u00e9 consommer 2 \u00e0 3 bi\u00e8res par jour depuis son adolescence, voire plus occasionnellement le week-end. En outre, il est un gros fumeur (20 \u00e0 30 cigarettes par jour). Avec un IMC de 17,4 (52 kg, 173 cm), le patient est en sous-poids et pr\u00e9sente des signes de malnutrition\/malnutrition. &#8220;En fait, les valeurs de laboratoire ne sont pas vraiment indicatives&#8221;, a d\u00e9clar\u00e9 le professeur Fischbach [1]. Le taux d&#8217;h\u00e9moglobine s&#8217;est av\u00e9r\u00e9 l\u00e9g\u00e8rement inf\u00e9rieur (Hb=11,2 g\/dl), le volume globulaire moyen un peu plus \u00e9lev\u00e9 (MCV=99 fl), la CRP et la lipase \u00e9taient normales et le Quick \u00e9tait inf\u00e9rieur \u00e0 la norme (66%).<\/p>\n\n<p><\/p>\n<div class=\"wp-block-image\">\n<figure class=\"aligncenter size-large is-resized\"><a href=\"https:\/\/medizinonline.com\/wp-content\/uploads\/2023\/04\/abb1-HP4_s20.png\"><img fetchpriority=\"high\" decoding=\"async\" src=\"https:\/\/medizinonline.com\/wp-content\/uploads\/2023\/04\/abb1-HP4_s20-1160x863.png\" alt=\"\" class=\"wp-image-356847\" width=\"580\" height=\"432\" srcset=\"https:\/\/medizinonline.com\/wp-content\/uploads\/2023\/04\/abb1-HP4_s20-1160x863.png 1160w, https:\/\/medizinonline.com\/wp-content\/uploads\/2023\/04\/abb1-HP4_s20-800x596.png 800w, https:\/\/medizinonline.com\/wp-content\/uploads\/2023\/04\/abb1-HP4_s20-120x90.png 120w, https:\/\/medizinonline.com\/wp-content\/uploads\/2023\/04\/abb1-HP4_s20-90x68.png 90w, https:\/\/medizinonline.com\/wp-content\/uploads\/2023\/04\/abb1-HP4_s20-320x238.png 320w, https:\/\/medizinonline.com\/wp-content\/uploads\/2023\/04\/abb1-HP4_s20-560x417.png 560w, https:\/\/medizinonline.com\/wp-content\/uploads\/2023\/04\/abb1-HP4_s20-240x180.png 240w, https:\/\/medizinonline.com\/wp-content\/uploads\/2023\/04\/abb1-HP4_s20-180x134.png 180w, https:\/\/medizinonline.com\/wp-content\/uploads\/2023\/04\/abb1-HP4_s20-640x476.png 640w, https:\/\/medizinonline.com\/wp-content\/uploads\/2023\/04\/abb1-HP4_s20-1120x834.png 1120w, https:\/\/medizinonline.com\/wp-content\/uploads\/2023\/04\/abb1-HP4_s20.png 1467w\" sizes=\"(max-width: 580px) 100vw, 580px\" \/><\/a><\/figure>\n<\/div>\n<h3 id=\"evaluation-diagnostique-ce-a-quoi-il-faut-faire-attention\" class=\"wp-block-heading\">\u00c9valuation diagnostique : ce \u00e0 quoi il faut faire attention  <\/h3>\n\n<p>La pancr\u00e9atite chronique se caract\u00e9rise par une destruction progressive du parenchyme pancr\u00e9atique due \u00e0 des processus inflammatoires. En cons\u00e9quence, d&#8217;une part, des douleurs se d\u00e9veloppent et, d&#8217;autre part, une insuffisance exocrine et endocrine appara\u00eet. L&#8217;anamn\u00e8se, l&#8217;examen clinique et les tests de laboratoire constituent la base de l&#8217;\u00e9valuation diagnostique. La premi\u00e8re chose \u00e0 faire est de d\u00e9terminer si le sympt\u00f4me principal est la douleur ou la st\u00e9atorrh\u00e9e. Le conf\u00e9rencier souligne que dans la pancr\u00e9atite chronique, les enzymes s\u00e9riques sont g\u00e9n\u00e9ralement normales et n&#8217;indiquent pas le diagnostic [1]. &#8220;Si vous constatez des calcifications typiques dans la r\u00e9gion du pancr\u00e9as \u00e0 l&#8217;\u00e9chographie, c&#8217;est en fait d\u00e9j\u00e0 une preuve du diagnostic de pancr\u00e9atite chronique&#8221;, a expliqu\u00e9 le professeur Fischbach [1]. Si ces modifications ne sont pas pr\u00e9sentes ou si la constellation clinique n&#8217;est pas claire, une \u00e9valuation morphologique suppl\u00e9mentaire est n\u00e9cessaire \u00e0 l&#8217;aide d&#8217;un scanner, d&#8217;une IRM\/IPRM ou d&#8217;une \u00e9chographie endoscopique.  <\/p>\n\n<p>La fonction exocrine doit \u00eatre r\u00e9guli\u00e8rement \u00e9valu\u00e9e lors du bilan initial et au cours de l&#8217;\u00e9volution. Le dosage de l&#8217;\u00e9lastase f\u00e9cale est le plus r\u00e9pandu. Cependant, les insuffisances l\u00e9g\u00e8res et mod\u00e9r\u00e9es ne peuvent pas \u00eatre d\u00e9tect\u00e9es, car la proc\u00e9dure pr\u00e9sente une sensibilit\u00e9 et une sp\u00e9cificit\u00e9 plut\u00f4t faibles [2]. Pour l&#8217;insuffisance endocrinienne, la question se pose de l&#8217;\u00e9tat m\u00e9tabolique diab\u00e9tique.  <\/p>\n\n<p><\/p>\n\n<figure class=\"wp-block-table\"><table class=\"has-background\" style=\"background-color:#abb7c273\"><tbody><tr><td><strong>Le cancer du pancr\u00e9as, une complication redoutable  <\/strong><br \/>&#8220;La pancr\u00e9atite chronique est associ\u00e9e \u00e0 un risque accru de cancer du pancr\u00e9as&#8221;, a expliqu\u00e9 le professeur Fischbach. Selon une m\u00e9ta-analyse, le risque de d\u00e9velopper un cancer du pancr\u00e9as est multipli\u00e9 par 6 \u00e0 12. Parmi toutes les maladies malignes, le cancer du pancr\u00e9as a l&#8217;un des plus mauvais pronostics. En cas de d\u00e9pistage pr\u00e9coce, le pronostic est l\u00e9g\u00e8rement meilleur, mais contrairement aux cancers de l&#8217;estomac et du c\u00f4lon, il n&#8217;existe pas de recommandations concernant des strat\u00e9gies de d\u00e9pistage ou des examens de suivi de routine, a d\u00e9clar\u00e9 l&#8217;orateur. Chez les patients qui perdent du poids et dont le diab\u00e8te est apparu r\u00e9cemment, une imagerie en coupe peut \u00eatre utile, l&#8217;IRM et l&#8217;endosonographie \u00e9tant \u00e9quivalentes.<br \/><br \/><em>vers  [1,5]<\/em><\/td><\/tr><\/tbody><\/table><\/figure>\n\n<h3 id=\"recommandations-pour-le-traitement-de-linsuffisance-pancreatique-exocrine\" class=\"wp-block-heading\">Recommandations pour le traitement de l&#8217;insuffisance pancr\u00e9atique exocrine<\/h3>\n\n<p>La pancr\u00e9atite chronique est l&#8217;une des principales causes d&#8217;insuffisance pancr\u00e9atique exocrine, avec la pancr\u00e9atite auto-immune et le cancer du pancr\u00e9as. La r\u00e9duction progressive de la fonction exocrine est due \u00e0 la perte de parenchyme caract\u00e9ristique de la pancr\u00e9atite chronique. L&#8217;insuffisance pancr\u00e9atique exocrine se caract\u00e9rise par une limitation de la s\u00e9cr\u00e9tion d&#8217;enzymes pancr\u00e9atiques et\/ou de bicarbonates dans le duod\u00e9num [3]. Les patients atteints de pancr\u00e9atite chronique et d&#8217;insuffisance exocrine d\u00e9veloppent une st\u00e9atorrh\u00e9e lorsque la fonction pancr\u00e9atique est r\u00e9duite de plus de 90%, les enzymes lipase et trypsine jouant notamment un r\u00f4le crucial [3]. Selon les directives actuelles, la substitution des enzymes pancr\u00e9atiques est indiqu\u00e9e en cas de pancr\u00e9atite chronique confirm\u00e9e par l&#8217;imagerie m\u00e9dicale chez les patients pr\u00e9sentant une perte de poids\/un poids insuffisant ou une diarrh\u00e9e [3]. Les pr\u00e9parations enzymatiques recommand\u00e9es sont celles contenant une lipase de 25 \u00e0 75 ku (kilo-unit\u00e9) par repas. La pancr\u00e9atine est disponible en Suisse sous forme de g\u00e9lules, de drag\u00e9es et de comprim\u00e9s (p. ex. Combizym<sup>\u00ae<\/sup>, Creon<sup>\u00ae<\/sup>, Panzytrat<sup>\u00ae<\/sup>) [4]. Si l&#8217;effet sur l&#8217;insuffisance exocrine n&#8217;est pas suffisant, le professeur Fischbach recommande de v\u00e9rifier la compliance des patients et d&#8217;augmenter la dose de l&#8217;enzymoth\u00e9rapie si n\u00e9cessaire. Les inhibiteurs de la pompe \u00e0 protons (IPP) peuvent \u00eatre utilis\u00e9s comme mesure th\u00e9rapeutique suppl\u00e9mentaire.  <\/p>\n\n<p><em>Congr\u00e8s : Freshup m\u00e9decine de famille  <\/em><\/p>\n\n<p><\/p>\n\n<p>Litt\u00e9rature :<\/p>\n\n<ol class=\"wp-block-list\">\n<li>\u00ab\u00d6sophagus, Magen, D\u00fcnndarm, Pankreatitis\u00bb, Prof. Dr. med. Wolfgang Fischbach, Freshup Hausarztmedizin, 17.03.2023. <\/li>\n\n\n\n<li>Steiner E, Maieron A: Die chronische Pankreatitis.<br \/>J Gastroenterol Hepatol Erkr 2022; 20: 80\u201386. <\/li>\n\n\n\n<li>Beyer G, et al.; Collaborators:. S3-Leitlinie Pankreatitis \u2013 Leitlinie der Deutschen Gesellschaft f\u00fcr Gastroenterologie, Verdauungs- und Stoffwechselkrankheiten (DGVS) \u2013 September 2021 \u2013 AWMF Registernummer 021-003. Z Gastroenterol 2022; 60(3): 419\u2013521.<\/li>\n\n\n\n<li>Compendium suisse des m\u00e9dicaments, <a href=\"https:\/\/compendium.ch\" target=\"_blank\" rel=\"noreferrer noopener\">https:\/\/compendium.ch,<\/a>(derni\u00e8re consultation 17.03.2023) <\/li>\n\n\n\n<li>Beyer G, et al.: Chronic pancreatitis. Lancet 2020; 396: 499\u2013512.<\/li>\n<\/ol>\n\n<p><\/p>\n\n<p class=\"has-small-font-size\"><em>HAUSARZT PRAXIS 2023; 18(4): 20\u201321<\/em><\/p>\n","protected":false},"excerpt":{"rendered":"<p>Le remodelage du tissu conjonctif du pancr\u00e9as d\u00fb \u00e0 l&#8217;inflammation entra\u00eene une perte progressive de la fonction glandulaire exocrine et endocrine. Pour le traitement de l&#8217;insuffisance exocrine &#8211; qui ne&hellip;<\/p>\n","protected":false},"author":7,"featured_media":356934,"comment_status":"closed","ping_status":"closed","sticky":false,"template":"","format":"standard","meta":{"_acf_changed":false,"pmpro_default_level":"","cat_1_feature_home_top":false,"cat_2_editor_pick":false,"csco_eyebrow_text":"Pancr\u00e9atite chronique  ","footnotes":""},"category":[11404,11414,11315,11535,11549],"tags":[68003,68013,68019],"powerkit_post_featured":[],"class_list":["post-356925","post","type-post","status-publish","format-standard","has-post-thumbnail","category-endocrinologie-et-diabetologie","category-gastro-enterologie-et-hepatologie","category-medecine-interne-generale","category-rapports-de-congres","category-rx-fr","tag-insuffisance-exocrine","tag-pancreatite-chronique","tag-therapie-de-remplacement-des-enzymes-fr","pmpro-has-access"],"acf":[],"publishpress_future_action":{"enabled":false,"date":"2026-05-06 22:27:11","action":"change-status","newStatus":"draft","terms":[],"taxonomy":"category","extraData":[]},"publishpress_future_workflow_manual_trigger":{"enabledWorkflows":[]},"wpml_current_locale":"fr_FR","wpml_translations":{"it_IT":{"locale":"it_IT","id":356924,"slug":"linsufficienza-esocrina-puo-essere-trattata-con-la-terapia-enzimatica-sostitutiva","post_title":"L'insufficienza esocrina pu\u00f2 essere trattata con la terapia enzimatica sostitutiva","href":"https:\/\/medizinonline.com\/it\/linsufficienza-esocrina-puo-essere-trattata-con-la-terapia-enzimatica-sostitutiva\/"},"pt_PT":{"locale":"pt_PT","id":356926,"slug":"a-insuficiencia-exocrina-e-tratavel-por-terapia-de-substituicao-enzimatica","post_title":"A insufici\u00eancia ex\u00f3crina \u00e9 trat\u00e1vel por terapia de substitui\u00e7\u00e3o enzim\u00e1tica","href":"https:\/\/medizinonline.com\/pt-pt\/a-insuficiencia-exocrina-e-tratavel-por-terapia-de-substituicao-enzimatica\/"},"es_ES":{"locale":"es_ES","id":356923,"slug":"la-insuficiencia-exocrina-es-tratable-mediante-terapia-de-sustitucion-enzimatica","post_title":"La insuficiencia exocrina es tratable mediante terapia de sustituci\u00f3n enzim\u00e1tica","href":"https:\/\/medizinonline.com\/es\/la-insuficiencia-exocrina-es-tratable-mediante-terapia-de-sustitucion-enzimatica\/"}},"_links":{"self":[{"href":"https:\/\/medizinonline.com\/fr\/wp-json\/wp\/v2\/posts\/356925","targetHints":{"allow":["GET"]}}],"collection":[{"href":"https:\/\/medizinonline.com\/fr\/wp-json\/wp\/v2\/posts"}],"about":[{"href":"https:\/\/medizinonline.com\/fr\/wp-json\/wp\/v2\/types\/post"}],"author":[{"embeddable":true,"href":"https:\/\/medizinonline.com\/fr\/wp-json\/wp\/v2\/users\/7"}],"replies":[{"embeddable":true,"href":"https:\/\/medizinonline.com\/fr\/wp-json\/wp\/v2\/comments?post=356925"}],"version-history":[{"count":3,"href":"https:\/\/medizinonline.com\/fr\/wp-json\/wp\/v2\/posts\/356925\/revisions"}],"predecessor-version":[{"id":357561,"href":"https:\/\/medizinonline.com\/fr\/wp-json\/wp\/v2\/posts\/356925\/revisions\/357561"}],"wp:featuredmedia":[{"embeddable":true,"href":"https:\/\/medizinonline.com\/fr\/wp-json\/wp\/v2\/media\/356934"}],"wp:attachment":[{"href":"https:\/\/medizinonline.com\/fr\/wp-json\/wp\/v2\/media?parent=356925"}],"wp:term":[{"taxonomy":"category","embeddable":true,"href":"https:\/\/medizinonline.com\/fr\/wp-json\/wp\/v2\/category?post=356925"},{"taxonomy":"post_tag","embeddable":true,"href":"https:\/\/medizinonline.com\/fr\/wp-json\/wp\/v2\/tags?post=356925"},{"taxonomy":"powerkit_post_featured","embeddable":true,"href":"https:\/\/medizinonline.com\/fr\/wp-json\/wp\/v2\/powerkit_post_featured?post=356925"}],"curies":[{"name":"wp","href":"https:\/\/api.w.org\/{rel}","templated":true}]}}