{"id":360544,"date":"2023-08-13T00:02:00","date_gmt":"2023-08-12T22:02:00","guid":{"rendered":"https:\/\/medizinonline.com\/?p=360544"},"modified":"2023-09-01T12:09:08","modified_gmt":"2023-09-01T10:09:08","slug":"risque-demi-pour-les-patients-porteurs-de-stimulateurs-cardiaques-et-de-defibrillateurs","status":"publish","type":"post","link":"https:\/\/medizinonline.com\/fr\/risque-demi-pour-les-patients-porteurs-de-stimulateurs-cardiaques-et-de-defibrillateurs\/","title":{"rendered":"Risque d&#8217;EMI pour les patients porteurs de stimulateurs cardiaques et de d\u00e9fibrillateurs ?"},"content":{"rendered":"\n<p><strong>Les v\u00e9hicules \u00e9lectriques aliment\u00e9s par batterie et leurs stations de recharge sont une source potentielle d&#8217;interf\u00e9rences \u00e9lectromagn\u00e9tiques (EMI) pour les patients \u00e9quip\u00e9s de dispositifs \u00e9lectroniques implantables cardiaques (DCEI). Les nouvelles stations de charge &#8220;haute puissance&#8221; ont le potentiel de g\u00e9n\u00e9rer des champs \u00e9lectromagn\u00e9tiques puissants et d&#8217;induire des EMI dans les CIED. Leur s\u00e9curit\u00e9 vient d&#8217;\u00eatre \u00e9valu\u00e9e dans une \u00e9tude.<\/strong><\/p>\n\n<!--more-->\n\n<p>Les dispositifs cardiaques \u00e9lectroniques implantables (CIED), y compris les stimulateurs cardiaques (PM), les d\u00e9fibrillateurs cardioverteurs implantables (DCI) et les syst\u00e8mes de th\u00e9rapie de resynchronisation cardiaque (CRT), constituent le traitement principal ou compl\u00e9mentaire des troubles du rythme cardiaque ou de l&#8217;insuffisance cardiaque et sont de plus en plus populaires [2\u20134]. Des \u00e9tudes ant\u00e9rieures ont montr\u00e9 que les CIED sont sensibles aux interf\u00e9rences \u00e9lectromagn\u00e9tiques (EMI), qui peuvent entra\u00eener une reprogrammation spontan\u00e9e du dispositif ainsi qu&#8217;un changement de mode, une inhibition de la stimulation ou une d\u00e9tection\/un traitement inappropri\u00e9 de la tachycardie [5\u20138].<\/p>\n\n<p>Le champ \u00e9lectromagn\u00e9tique g\u00e9n\u00e9r\u00e9 par un appareil \u00e9lectrique a le potentiel de provoquer des EMI. Il peut induire un courant dans les circuits du CIED, qui peut \u00eatre d\u00e9tect\u00e9 par le CIED et attribu\u00e9 \u00e0 tort \u00e0 des signaux intracardiaques. Le risque d&#8217;EMI d\u00e9pend de l&#8217;intensit\u00e9 du champ \u00e9lectrique et du champ magn\u00e9tique. Le champ magn\u00e9tique lui-m\u00eame est proportionnel \u00e0 la source de courant \u00e9lectrique selon la loi d&#8217;Amp\u00e8re. Plus le courant de charge est \u00e9lev\u00e9, plus le champ magn\u00e9tique est important et plus le risque d&#8217;EMI est \u00e9lev\u00e9. Le principe sous-jacent : la vitesse de rotation du moteur est proportionnelle \u00e0 la tension appliqu\u00e9e et le couple est proportionnel au courant pr\u00e9lev\u00e9. Les constructeurs automobiles optimisent le courant et la tension afin de maximiser la puissance, la vitesse et le couple. La conception du v\u00e9hicule repr\u00e9sente un compromis entre le courant et la tension maximum autoris\u00e9s. Les moteurs \u00e9lectriques utilis\u00e9s dans les voitures enti\u00e8rement \u00e9lectriques (voitures \u00e9lectriques) sont tr\u00e8s puissants et affichent une puissance pouvant atteindre 500 kW.  <\/p>\n\n<h3 id=\"les-chargeurs-a-haute-puissance-ont-le-potentiel-de-provoquer-des-emi\" class=\"wp-block-heading\">Les chargeurs \u00e0 haute puissance ont le potentiel de provoquer des EMI<\/h3>\n\n<p>L&#8217;un des obstacles \u00e0 l&#8217;introduction des v\u00e9hicules \u00e9lectriques \u00e0 batterie (BEV) a \u00e9t\u00e9 le temps de charge n\u00e9cessaire. Toutefois, ce probl\u00e8me a \u00e9t\u00e9 r\u00e9solu par le d\u00e9veloppement de stations de recharge \u00e0 haute puissance, qui fournissent un courant plus \u00e9lev\u00e9 pour recharger rapidement une batterie de BEV. Les chargeurs haute performance les plus r\u00e9cents sont capables de charger les BEV plus rapidement ; ils utilisent le courant continu et peuvent fournir 300-350 kW. Comme le courant de charge est directement proportionnel au champ magn\u00e9tique, les chargeurs de forte puissance ont le potentiel de provoquer des EMI cliniquement significatives [9,10].<\/p>\n\n<p>Les algorithmes de d\u00e9tection des interf\u00e9rences \u00e9lectromagn\u00e9tiques et le blindage des appareils r\u00e9duisent le risque d&#8217;EMI cliniques, mais il est important d&#8217;identifier et d&#8217;\u00e9valuer les nouvelles sources potentielles d&#8217;EMI [11,12]. En effet, des \u00e9tudes r\u00e9centes sur le risque li\u00e9 \u00e0 l&#8217;iPhone 12 d&#8217;Apple (et \u00e0 d&#8217;autres produits contenant des aimants) ont montr\u00e9 que les nouvelles technologies pouvaient pr\u00e9senter un tel risque pour les patients et que c&#8217;\u00e9tait une source importante d&#8217;anxi\u00e9t\u00e9 ou d&#8217;incertitude [13,14]. L&#8217;objectif d&#8217;une \u00e9tude r\u00e9cente \u00e9tait donc d&#8217;\u00e9valuer le risque potentiel d&#8217;EMI pr\u00e9sent\u00e9 par ces chargeurs \u00e0 haute puissance [1].<\/p>\n\n<h3 id=\"voitures-electriques-a-forte-consommation-denergie-et-dispositifs-electroniques-implantables\" class=\"wp-block-heading\">Voitures \u00e9lectriques \u00e0 forte consommation d&#8217;\u00e9nergie et dispositifs \u00e9lectroniques implantables<\/h3>\n\n<p>Quatre BEV ont \u00e9t\u00e9 utilis\u00e9s pour l&#8217;\u00e9tude (Porsche Taycan Turbo, VW ID3 pro performance, Tesla Model 3 Performance et Audi E-tron 55 Quattro), qui peuvent \u00eatre charg\u00e9s \u00e0 haute puissance. En outre, un v\u00e9hicule d&#8217;essai IONITY capable de fournir une charge de 350 kW a \u00e9t\u00e9 utilis\u00e9. Ces BEV ont \u00e9t\u00e9 s\u00e9lectionn\u00e9es parce qu&#8217;elles sont enti\u00e8rement \u00e9lectriques et compatibles avec l&#8217;utilisation de chargeurs haute performance. Six stations de recharge courantes \u00e0 haut rendement, d&#8217;une puissance de 300 \u00e0 350 kW, ont \u00e9t\u00e9 utilis\u00e9es. Le courant fourni \u00e9tant inversement proportionnel \u00e0 l&#8217;\u00e9tat de charge de la batterie \u00e0 la fin de chaque journ\u00e9e de test, chaque BEV a \u00e9t\u00e9 conduite jusqu&#8217;\u00e0 ce que la charge de la batterie soit &lt;20%. Le courant r\u00e9el fourni pendant chaque charge a \u00e9t\u00e9 mesur\u00e9 pour chaque BEV pendant chaque charge. Les mesures des champs \u00e9lectriques et magn\u00e9tiques ont \u00e9t\u00e9 effectu\u00e9es le long du c\u00e2ble de recharge et au niveau de la borne de recharge et ont \u00e9t\u00e9 exprim\u00e9es en valeur efficace.<\/p>\n\n<p>Sur un total de 130 patients d&#8217;un \u00e2ge moyen de 59 \u00b1 18 ans (79% d&#8217;hommes), 561 lots ont \u00e9t\u00e9 r\u00e9alis\u00e9s. Les CIED test\u00e9s comprenaient 45 PM (35%) et 85 ICD (65%), dont 33 \u00e9taient des S-ICD, ce qui repr\u00e9sente 25% des ICD. L&#8217;indication des appareils \u00e9tait la pr\u00e9vention primaire de la mort subite d&#8217;origine cardiaque dans 38% des cas, la pr\u00e9vention secondaire de la mort subite d&#8217;origine cardiaque dans 27% des cas, un bloc AV dans 25% des cas et un dysfonctionnement du n\u0153ud sinusal dans 10% des cas. Un large \u00e9ventail d&#8217;appareils \u00e9tait repr\u00e9sent\u00e9 dans l&#8217;\u00e9tude, dont 53 appareils diff\u00e9rents de six fabricants diff\u00e9rents. De m\u00eame, une large gamme d&#8217;\u00e9lectrodes a \u00e9t\u00e9 incluse dans l&#8217;\u00e9tude.  <\/p>\n\n<p><\/p>\n<div class=\"wp-block-image\">\n<figure class=\"aligncenter size-large is-resized\"><a href=\"https:\/\/medizinonline.com\/wp-content\/uploads\/2023\/06\/abb1_CV2_s36.jpg\"><img fetchpriority=\"high\" decoding=\"async\" src=\"https:\/\/medizinonline.com\/wp-content\/uploads\/2023\/06\/abb1_CV2_s36-1160x746.jpg\" alt=\"\" class=\"wp-image-360368\" style=\"width:580px;height:373px\" width=\"580\" height=\"373\" srcset=\"https:\/\/medizinonline.com\/wp-content\/uploads\/2023\/06\/abb1_CV2_s36-1160x746.jpg 1160w, https:\/\/medizinonline.com\/wp-content\/uploads\/2023\/06\/abb1_CV2_s36-800x515.jpg 800w, https:\/\/medizinonline.com\/wp-content\/uploads\/2023\/06\/abb1_CV2_s36-120x77.jpg 120w, https:\/\/medizinonline.com\/wp-content\/uploads\/2023\/06\/abb1_CV2_s36-90x58.jpg 90w, https:\/\/medizinonline.com\/wp-content\/uploads\/2023\/06\/abb1_CV2_s36-320x206.jpg 320w, https:\/\/medizinonline.com\/wp-content\/uploads\/2023\/06\/abb1_CV2_s36-560x360.jpg 560w, https:\/\/medizinonline.com\/wp-content\/uploads\/2023\/06\/abb1_CV2_s36-240x154.jpg 240w, https:\/\/medizinonline.com\/wp-content\/uploads\/2023\/06\/abb1_CV2_s36-180x116.jpg 180w, https:\/\/medizinonline.com\/wp-content\/uploads\/2023\/06\/abb1_CV2_s36-640x412.jpg 640w, https:\/\/medizinonline.com\/wp-content\/uploads\/2023\/06\/abb1_CV2_s36-1120x721.jpg 1120w, https:\/\/medizinonline.com\/wp-content\/uploads\/2023\/06\/abb1_CV2_s36.jpg 1500w\" sizes=\"(max-width: 580px) 100vw, 580px\" \/><\/a><\/figure>\n<\/div>\n<h3 id=\"evaluation-des-interferences-electromagnetiques\" class=\"wp-block-heading\">\u00c9valuation des interf\u00e9rences \u00e9lectromagn\u00e9tiques<\/h3>\n\n<p>Le champ magn\u00e9tique maximal (champ H) le long du c\u00e2ble de charge et \u00e0 la borne du syst\u00e8me de charge (connexion \u00e0 la BEV) \u00e9tait de 38,65 \u00b5T RMS et de 77,9 \u00b5T \u00e0 la station de charge (au point o\u00f9 le c\u00e2ble de charge quitte l&#8217;unit\u00e9 de charge)<strong> (Fig. 1<\/strong> ) [1]. Le champ \u00e9lectrique maximal (champ E) le long du c\u00e2ble de charge \u00e9tait de 74,33 V\/m RMS et 281,7 V\/m cr\u00eate. La charge d\u00e9livr\u00e9e pour chaque v\u00e9hicule variait en fonction de l&#8217;\u00e9tat de charge de la batterie ; pour la Porsche Taycan, la Tesla Model 3 et la VW ID3, la charge d\u00e9livr\u00e9e \u00e9tait inversement proportionnelle \u00e0 l&#8217;\u00e9tat de charge, mais pour l&#8217;Audi E-tron et le v\u00e9hicule de test IONITY, la charge d\u00e9livr\u00e9e \u00e9tait ind\u00e9pendante de l&#8217;\u00e9tat de charge <strong>(Fig. 2)<\/strong> [1]. La charge d\u00e9livr\u00e9e \u00e9tait la plus \u00e9lev\u00e9e pour le v\u00e9hicule de test IONITY avec 350 kW, suivi par la Tesla avec 190 kW pour un niveau de charge &lt;20%.<\/p>\n\n<p><\/p>\n<div class=\"wp-block-image\">\n<figure class=\"aligncenter size-large is-resized\"><a href=\"https:\/\/medizinonline.com\/wp-content\/uploads\/2023\/06\/abb2_CV2_s37.png\"><img decoding=\"async\" data-src=\"https:\/\/medizinonline.com\/wp-content\/uploads\/2023\/06\/abb2_CV2_s37-1160x1546.png\" alt=\"\" class=\"wp-image-360369 lazyload\" style=\"--smush-placeholder-width: 580px; --smush-placeholder-aspect-ratio: 580\/773;width:580px;height:773px\" width=\"580\" height=\"773\" data-srcset=\"https:\/\/medizinonline.com\/wp-content\/uploads\/2023\/06\/abb2_CV2_s37-1160x1546.png 1160w, https:\/\/medizinonline.com\/wp-content\/uploads\/2023\/06\/abb2_CV2_s37-800x1067.png 800w, https:\/\/medizinonline.com\/wp-content\/uploads\/2023\/06\/abb2_CV2_s37-120x160.png 120w, https:\/\/medizinonline.com\/wp-content\/uploads\/2023\/06\/abb2_CV2_s37-90x120.png 90w, https:\/\/medizinonline.com\/wp-content\/uploads\/2023\/06\/abb2_CV2_s37-320x427.png 320w, https:\/\/medizinonline.com\/wp-content\/uploads\/2023\/06\/abb2_CV2_s37-560x747.png 560w, https:\/\/medizinonline.com\/wp-content\/uploads\/2023\/06\/abb2_CV2_s37-240x320.png 240w, https:\/\/medizinonline.com\/wp-content\/uploads\/2023\/06\/abb2_CV2_s37-180x240.png 180w, https:\/\/medizinonline.com\/wp-content\/uploads\/2023\/06\/abb2_CV2_s37-640x854.png 640w, https:\/\/medizinonline.com\/wp-content\/uploads\/2023\/06\/abb2_CV2_s37-1120x1492.png 1120w, https:\/\/medizinonline.com\/wp-content\/uploads\/2023\/06\/abb2_CV2_s37.png 1459w\" data-sizes=\"(max-width: 580px) 100vw, 580px\" src=\"data:image\/svg+xml;base64,PHN2ZyB3aWR0aD0iMSIgaGVpZ2h0PSIxIiB4bWxucz0iaHR0cDovL3d3dy53My5vcmcvMjAwMC9zdmciPjwvc3ZnPg==\" \/><\/a><\/figure>\n<\/div>\n<p>Aucun \u00e9pisode d&#8217;EMI n&#8217;a \u00e9t\u00e9 d\u00e9tect\u00e9 ; en particulier, il n&#8217;y a pas eu d&#8217;\u00e9pisodes d&#8217;inhibition de la stimulation, de surd\u00e9tection, de d\u00e9tection erron\u00e9e de tachycardie ou de reprogrammation spontan\u00e9e de l&#8217;appareil. Par cons\u00e9quent, le risque d&#8217;EMI est de 0\/130 (IC 95% 0%-2%) pour une analyse bas\u00e9e sur les patients et de 0\/561 (IC 95% 0%-0,6%) pour une analyse bas\u00e9e sur les honoraires.<\/p>\n\n<p><strong>Messages Take-Home<\/strong><\/p>\n\n<ul class=\"wp-block-list\">\n<li>Diverses stations de recharge \u00e0 haut rendement et des v\u00e9hicules modernes aliment\u00e9s par batterie ont \u00e9t\u00e9 utilis\u00e9s par des patients CIED sous surveillance.<\/li>\n\n\n\n<li>Aucune interf\u00e9rence \u00e9lectromagn\u00e9tique n&#8217;a \u00e9t\u00e9 d\u00e9tect\u00e9e et aucune reprogrammation spontan\u00e9e, inhibition de la stimulation ou d\u00e9tection inappropri\u00e9e de tachycardie n&#8217;a \u00e9t\u00e9 constat\u00e9e.<\/li>\n\n\n\n<li>L&#8217;utilisation de la nouvelle technologie de charge haute performance semble \u00eatre sans danger pour les patients atteints de CIED et aucune restriction particuli\u00e8re ne devrait \u00eatre impos\u00e9e \u00e0 son utilisation.<\/li>\n<\/ul>\n\n<p>Litt\u00e9rature :<\/p>\n\n<ol class=\"wp-block-list\">\n<li>Lennerz C, et al. : Chargeurs \u00e0 haute puissance pour v\u00e9hicules \u00e9lectriques : sont-ils sans danger pour les patients \u00e9quip\u00e9s de pacemakers et de d\u00e9fibrillateurs ? EP Europace 2023 ;<br\/><a href=\"https:\/\/doi.org\/10.1093\/europace\/euad042.\" target=\"_blank\" rel=\"noreferrer noopener\">https:\/\/doi.org\/10.1093\/europace\/euad042.<\/a><\/li>\n\n\n\n<li>Mond HG, Proclemer A : The <sup>11th<\/sup> world survey of cardiac pacing and implantable cardioverter-defibrillators : calendar year 2009-A world society of arhythmia&#8217;s project. Pacing Clin Electrophysiol 2011 ; 34:1013-27.<\/li>\n\n\n\n<li>Greenspon AJ, et al. : 16-Year trends in the infection burden for pacemakers and implantable cardioverter-defibrillators in the United States : 1993 to 2008. J Am Coll Cardiol 2011 ; 58 : 1001-6.<\/li>\n\n\n\n<li>Hatala R, et al : Clinical implementation of cardiac resynchronization therapy-regional disparities across selected ESC member countries. Ann Noninvasive Electrocardiol 2015 ; 20 : 43-52.<\/li>\n\n\n\n<li>Rickli H, G et al : Induction ovens and electromagnetic interference : what is the risk for patients with implanted pacemakers ? Pacing Clin Electrophysiol 2003 ; 26 : 1494-1497.<\/li>\n\n\n\n<li>Driessen S, et al : Interf\u00e9rences \u00e9lectromagn\u00e9tiques dans les implants \u00e9lectroniques cardiaques caus\u00e9es par de nouveaux appareils \u00e9lectriques \u00e9mettant des champs \u00e9lectromagn\u00e9tiques dans la gamme de fr\u00e9quences interm\u00e9diaires : une revue syst\u00e9matique. Europace 2019 ; 21 : 219-229.<\/li>\n\n\n\n<li>Dawson TW, et al : L&#8217;interf\u00e9rence des champs magn\u00e9tiques \u00e0 des fr\u00e9quences de ligne de puissance. IEEE Trans Biomed Eng 2002 ; 49 : 254-262.<\/li>\n\n\n\n<li>Scholten A, Silny J : Le seuil d&#8217;interf\u00e9rence des pacemakers cardiaques unipolaires dans des champs magn\u00e9tiques de tr\u00e8s basse fr\u00e9quence. J Med Eng Technol 2001 ; 25 : 185-194.<\/li>\n\n\n\n<li>Lennerz C, et al : Electric cars and electromagnetic interference with cardiac implantable electronic devices : a cross-sectional evaluation. Ann Intern Med 2018 ; 169 : 350-352.<\/li>\n\n\n\n<li>10. Lennerz C, et al : Patients with pacemakers or defibrillators do not need to worry about e-Cars : an observational study. Technol Heal Care 2020 ; 28 : 1-12.<\/li>\n\n\n\n<li>Naegeli B, et al : Intermittent pacemaker dysfunction caused by digital mobile telephones. J Am Coll Cardiol 1996 ; 27 : 1471-1477.<\/li>\n\n\n\n<li>Kolb C, Zrenner B, Schmitt C : Incidence des interf\u00e9rences \u00e9lectromagn\u00e9tiques dans les d\u00e9fibrillateurs cardioverteurs implantables. Pacing Clin Electrophysiol 2001 ; 24 : 465-468.<\/li>\n\n\n\n<li>Greenberg JC, Altawil MR, Singh G : Letter to the editor &#8211; lifesaving therapy inhibition by phones containing magnets. Hear Rhythm 2021 ; 18 : 1040-1041.<\/li>\n\n\n\n<li>Nadeem F, et al : Magnetic interference on cardiac implantable electronic devices from apple iPhone MagSafe technology. J Am Heart Assoc 2021 ; 10 : e020818.<\/li>\n<\/ol>\n\n<p><\/p>\n\n<p class=\"has-small-font-size\"><em>CARDIOVASC 2023 ; 22(2) : 36-37<\/em><\/p>\n","protected":false},"excerpt":{"rendered":"<p>Les v\u00e9hicules \u00e9lectriques aliment\u00e9s par batterie et leurs stations de recharge sont une source potentielle d&#8217;interf\u00e9rences \u00e9lectromagn\u00e9tiques (EMI) pour les patients \u00e9quip\u00e9s de dispositifs \u00e9lectroniques implantables cardiaques (DCEI). Les nouvelles&hellip;<\/p>\n","protected":false},"author":7,"featured_media":360562,"comment_status":"closed","ping_status":"closed","sticky":false,"template":"","format":"standard","meta":{"_acf_changed":false,"pmpro_default_level":"","cat_1_feature_home_top":false,"cat_2_editor_pick":false,"csco_eyebrow_text":"Chargeurs haute performance pour v\u00e9hicules \u00e9lectriques","footnotes":""},"category":[11378,11527,11531,11253,11549],"tags":[69207,69215,69230,69227,69221],"powerkit_post_featured":[],"class_list":["post-360544","post","type-post","status-publish","format-standard","has-post-thumbnail","category-cardiologie","category-etudes","category-formation-continue","category-non-classifiee","category-rx-fr","tag-chargeurs-haute-performance","tag-defibrillateur-cardioverteur-implantable","tag-dispositif-cardiaque-electronique-implantable","tag-interferences-electromagnetiques","tag-voitures-electriques","pmpro-has-access"],"acf":[],"publishpress_future_action":{"enabled":false,"date":"2026-05-07 08:03:57","action":"change-status","newStatus":"draft","terms":[],"taxonomy":"category","extraData":[]},"publishpress_future_workflow_manual_trigger":{"enabledWorkflows":[]},"wpml_current_locale":"fr_FR","wpml_translations":{"it_IT":{"locale":"it_IT","id":360598,"slug":"rischio-emi-per-i-pazienti-con-pacemaker-e-defibrillatori","post_title":"Rischio EMI per i pazienti con pacemaker e defibrillatori?","href":"https:\/\/medizinonline.com\/it\/rischio-emi-per-i-pazienti-con-pacemaker-e-defibrillatori\/"},"pt_PT":{"locale":"pt_PT","id":360654,"slug":"risco-de-emi-para-pacientes-com-pacemakers-e-desfibrilhadores","post_title":"Risco de EMI para pacientes com pacemakers e desfibrilhadores?","href":"https:\/\/medizinonline.com\/pt-pt\/risco-de-emi-para-pacientes-com-pacemakers-e-desfibrilhadores\/"},"es_ES":{"locale":"es_ES","id":360705,"slug":"riesgo-de-iem-para-pacientes-con-marcapasos-y-desfibriladores","post_title":"\u00bfRiesgo de IEM para pacientes con marcapasos y desfibriladores?","href":"https:\/\/medizinonline.com\/es\/riesgo-de-iem-para-pacientes-con-marcapasos-y-desfibriladores\/"}},"_links":{"self":[{"href":"https:\/\/medizinonline.com\/fr\/wp-json\/wp\/v2\/posts\/360544","targetHints":{"allow":["GET"]}}],"collection":[{"href":"https:\/\/medizinonline.com\/fr\/wp-json\/wp\/v2\/posts"}],"about":[{"href":"https:\/\/medizinonline.com\/fr\/wp-json\/wp\/v2\/types\/post"}],"author":[{"embeddable":true,"href":"https:\/\/medizinonline.com\/fr\/wp-json\/wp\/v2\/users\/7"}],"replies":[{"embeddable":true,"href":"https:\/\/medizinonline.com\/fr\/wp-json\/wp\/v2\/comments?post=360544"}],"version-history":[{"count":2,"href":"https:\/\/medizinonline.com\/fr\/wp-json\/wp\/v2\/posts\/360544\/revisions"}],"predecessor-version":[{"id":365151,"href":"https:\/\/medizinonline.com\/fr\/wp-json\/wp\/v2\/posts\/360544\/revisions\/365151"}],"wp:featuredmedia":[{"embeddable":true,"href":"https:\/\/medizinonline.com\/fr\/wp-json\/wp\/v2\/media\/360562"}],"wp:attachment":[{"href":"https:\/\/medizinonline.com\/fr\/wp-json\/wp\/v2\/media?parent=360544"}],"wp:term":[{"taxonomy":"category","embeddable":true,"href":"https:\/\/medizinonline.com\/fr\/wp-json\/wp\/v2\/category?post=360544"},{"taxonomy":"post_tag","embeddable":true,"href":"https:\/\/medizinonline.com\/fr\/wp-json\/wp\/v2\/tags?post=360544"},{"taxonomy":"powerkit_post_featured","embeddable":true,"href":"https:\/\/medizinonline.com\/fr\/wp-json\/wp\/v2\/powerkit_post_featured?post=360544"}],"curies":[{"name":"wp","href":"https:\/\/api.w.org\/{rel}","templated":true}]}}