{"id":363261,"date":"2023-09-28T00:01:00","date_gmt":"2023-09-27T22:01:00","guid":{"rendered":"https:\/\/medizinonline.com\/?p=363261"},"modified":"2023-09-29T11:03:07","modified_gmt":"2023-09-29T09:03:07","slug":"adherence-et-autogestion-insuffisantes","status":"publish","type":"post","link":"https:\/\/medizinonline.com\/fr\/adherence-et-autogestion-insuffisantes\/","title":{"rendered":"Adh\u00e9rence et autogestion insuffisantes"},"content":{"rendered":"\n<p><strong>Environ 10% des adolescents asthmatiques ont un asthme difficile \u00e0 traiter. Le manque d&#8217;adh\u00e9sion est un probl\u00e8me majeur dans ce groupe d&#8217;\u00e2ge et est en grande partie responsable d&#8217;un mauvais contr\u00f4le des sympt\u00f4mes. Une gestion multidisciplinaire pr\u00e9coce et une transition efficace des soins p\u00e9diatriques vers les soins pour adultes sont des moyens importants pour aider les jeunes patients \u00e0 long terme.<\/strong><\/p>\n\n<!--more-->\n\n<p>Pendant l&#8217;adolescence, les enfants subissent d&#8217;importants changements physiologiques et psychologiques, ce qui a \u00e9galement un impact sur la pr\u00e9valence, le contr\u00f4le et la s\u00e9v\u00e9rit\u00e9 de l&#8217;asthme. Le groupe plus \u00e2g\u00e9 des adolescents et des jeunes adultes (11-25 ans) est confront\u00e9 \u00e0 des d\u00e9fis similaires et n\u00e9cessite par cons\u00e9quent une approche similaire pour traiter les maladies chroniques telles que l&#8217;asthme bronchique.<\/p>\n\n<p>Pendant la p\u00e9riode de croissance, l&#8217;asthme peut \u00eatre r\u00e9mittent, \u00e9voluer vers une forme l\u00e9g\u00e8re ou se d\u00e9velopper en une forme s\u00e9v\u00e8re. Les causes de l&#8217;att\u00e9nuation ou de l&#8217;aggravation \u00e0 l&#8217;adolescence ne sont pas totalement \u00e9lucid\u00e9es. Globalement, l&#8217;asthme s\u00e9v\u00e8re est probablement moins fr\u00e9quent chez les enfants que chez les adultes, la pr\u00e9valence g\u00e9n\u00e9rale de l&#8217;asthme \u00e0 l&#8217;\u00e2ge de 10 ans \u00e9tant estim\u00e9e \u00e0 5%.  <\/p>\n\n<p>Parmi les facteurs les plus importants qui d\u00e9terminent la vie \u00e0 l&#8217;adolescence, on trouve les performances scolaires et sportives et le d\u00e9veloppement des relations. Tout cela peut augmenter le risque de stress, d&#8217;anxi\u00e9t\u00e9, de d\u00e9pression ou d&#8217;autres probl\u00e8mes psychologiques, \u00e9crivent le professeur Adel Mansur des University Hospitals de Birmingham et le docteur Nagakumar Prasad du Birmingham Women and Children&#8217;s Hospital [1]. Dans de telles circonstances, les jeunes peuvent avoir tendance \u00e0 nier leur maladie, ce qui entra\u00eene un sous-diagnostic et un sous-traitement, ou bien \u00e0 exprimer leurs sympt\u00f4mes de mani\u00e8re excessive, ce qui entra\u00eene un surdiagnostic et un surtraitement. Dans ce dernier groupe, les sympt\u00f4mes des patients ne concordent pas avec les mesures objectives de l&#8217;asthme, telles que la fonction pulmonaire.<\/p>\n\n<h3 id=\"niveau-eleve-de-non-adhesion-chez-les-jeunes\" class=\"wp-block-heading\">Niveau \u00e9lev\u00e9 de non-adh\u00e9sion chez les jeunes<\/h3>\n\n<p>De plus, dans ce groupe d&#8217;\u00e2ge, l&#8217;asthme est associ\u00e9 \u00e0 une observance irr\u00e9guli\u00e8re du traitement et \u00e0 une mauvaise autogestion. La complexit\u00e9 des facteurs responsables du d\u00e9veloppement de l&#8217;asthme difficile \u00e0 traiter (difficult-to-treat asthma, DTA) chez les adolescents n\u00e9cessite une approche syst\u00e9matique de l&#8217;\u00e9valuation et du traitement des DTA. Celui-ci consiste en une anamn\u00e8se cibl\u00e9e et d\u00e9taill\u00e9e, un examen physique et la r\u00e9alisation d&#8217;examens visant \u00e0 confirmer le diagnostic objectif de l&#8217;asthme, \u00e0 identifier les facteurs d\u00e9clenchants et les maladies associ\u00e9es et \u00e0 d\u00e9terminer les facteurs qui entra\u00eenent un mauvais contr\u00f4le (comme le manque d&#8217;observance).<\/p>\n\n<p>La pr\u00e9valence \u00e9lev\u00e9e de la non-adh\u00e9sion au DTA (\u224840-50%) n\u00e9cessite une mesure objective de l&#8217;adh\u00e9sion au traitement. Les informations fournies par les patients ou l&#8217;impression du personnel m\u00e9dical sont souvent inexactes, selon les auteurs. Les outils disponibles pour mesurer l&#8217;adh\u00e9sion incluent le comptage du taux de collecte ou de possession des ordonnances, ainsi que l&#8217;utilisation de puces de comptage de doses fix\u00e9es sur les inhalateurs. La pr\u00e9sence d&#8217;un taux \u00e9lev\u00e9 de monoxyde d&#8217;azote exhal\u00e9 fractionn\u00e9 (FeNO) malgr\u00e9 un traitement par CSI \u00e0 haute dose est souvent consid\u00e9r\u00e9e comme un marqueur de non-adh\u00e9sion, ce qui a conduit au d\u00e9veloppement du test de suppression du FeNO, qui mesure le degr\u00e9 de suppression du FENO apr\u00e8s observation directe ou virtuelle de la dose de CSI. L&#8217;observance du traitement d&#8217;entretien par voie orale \u00e0 base de prednisolone\/prednisone peut \u00eatre mesur\u00e9e \u00e0 l&#8217;aide d&#8217;un dosage valid\u00e9 par chromatographie liquide en tandem et spectrom\u00e9trie de masse, qui permet de mesurer simultan\u00e9ment la prednisolone et le cortisol. Chez les patients qui suivent le traitement, on s&#8217;attend \u00e0 ce que la prednisolone et les taux de cortisol suppressifs soient d\u00e9tectables par \u00e9chantillonnage. Il serait \u00e9galement possible d&#8217;\u00e9valuer l&#8217;attitude des jeunes vis-\u00e0-vis de l&#8217;observance du traitement \u00e0 l&#8217;aide de questionnaires valid\u00e9s, ce qui pourrait faciliter le lancement d&#8217;un d\u00e9bat sur l&#8217;am\u00e9lioration de l&#8217;observance du traitement.<\/p>\n\n<h3 id=\"risque-de-dependance-au-saba\" class=\"wp-block-heading\">Risque de d\u00e9pendance au SABA<\/h3>\n\n<p>Apr\u00e8s avoir \u00e9valu\u00e9 l&#8217;\u00e9valuation, une r\u00e9union d&#8217;\u00e9quipe multidisciplinaire doit ensuite d\u00e9finir les priorit\u00e9s des \u00e9tapes de traitement n\u00e9cessaires et formuler des objectifs \u00e0 court et \u00e0 long terme. La plupart des adolescents asthmatiques devraient pouvoir mener une vie normale et r\u00e9aliser leurs objectifs tout en obtenant un bon contr\u00f4le de l&#8217;asthme. L&#8217;\u00e9chec du traitement DTA chez les jeunes patients est souvent d\u00fb \u00e0 un manque de soins m\u00e9dicaux plut\u00f4t qu&#8217;\u00e0 des facteurs li\u00e9s au patient, rappellent le Pr Mansur et le Dr Prasad.<\/p>\n\n<p>Le traitement de l&#8217;asthme chez l&#8217;adolescent et le jeune adulte doit suivre des directives nationales et mondiales reconnues telles que GINA, c&#8217;est-\u00e0-dire une approche progressive commen\u00e7ant par des CSI \u00e0 faible dose et, en fonction du contr\u00f4le de l&#8217;asthme et du risque d&#8217;exacerbation, l&#8217;ajout progressif d&#8217;antagonistes des leucotri\u00e8nes (LTRA), de \u03b2-agonistes de longue dur\u00e9e d&#8217;action (LABA), d&#8217;agonistes antimuscariniques de longue dur\u00e9e d&#8217;action (LAMA) ou de th\u00e9ophylline. Les jeunes patients asthmatiques ont tendance \u00e0 devenir trop d\u00e9pendants des \u03b22-agonistes \u00e0 courte dur\u00e9e d&#8217;action (SABA), ce qui entra\u00eene un risque accru de mauvais contr\u00f4le, d&#8217;exacerbations et de mortalit\u00e9. Les patients souffrant d&#8217;asthme s\u00e9v\u00e8re doivent \u00eatre trait\u00e9s selon les niveaux 4-5 des directives GINA. Pour les cas s\u00e9v\u00e8res, plusieurs m\u00e9dicaments biologiques sont d\u00e9sormais disponibles pour les patients adolescents \u226512 ans (parfois d\u00e9j\u00e0 \u22656 ans).<\/p>\n\n<h3 id=\"une-autogestion-efficace-ameliore-la-gravite-de-la-maladie\" class=\"wp-block-heading\">Une autogestion efficace am\u00e9liore la gravit\u00e9 de la maladie<\/h3>\n\n<p>Les m\u00e9decins \u00e9crivent que les patients adolescents devraient \u00eatre capables de g\u00e9rer eux-m\u00eames leur asthme le plus t\u00f4t possible. Ils doivent \u00eatre en mesure d&#8217;auto-\u00e9valuer le contr\u00f4le de leur asthme, de r\u00e9duire leur d\u00e9pendance au SABA, de mesurer le d\u00e9bit expiratoire de pointe et d&#8217;augmenter ou de r\u00e9duire le traitement en fonction des besoins. L&#8217;autogestion virtuelle mobile\/bas\u00e9e sur le web sera davantage utilis\u00e9e \u00e0 l&#8217;avenir et devrait devenir la principale m\u00e9thode d&#8217;application de l&#8217;autogestion \u00e0 l&#8217;\u00e8re des applications pour smartphones.<\/p>\n\n<p>Une autogestion efficace et l&#8217;observance du traitement entra\u00eenent une am\u00e9lioration significative de l&#8217;asthme et r\u00e9duisent la n\u00e9cessit\u00e9 d&#8217;\u00e9tendre le traitement aux OCS ou aux m\u00e9dicaments biologiques. Cependant, chez une minorit\u00e9 de patients, l&#8217;asthme reste non contr\u00f4l\u00e9 malgr\u00e9 l&#8217;optimisation du traitement dans les niveaux GINA 4-5. L&#8217;asthme s\u00e9v\u00e8re est une maladie h\u00e9t\u00e9rog\u00e8ne qui n\u00e9cessite un ph\u00e9notypage syst\u00e9matique afin d&#8217;identifier les caract\u00e9ristiques traitables pour lesquelles le traitement peut \u00eatre adapt\u00e9. La strat\u00e9gie de traitement doit donc inclure les essais th\u00e9rapeutiques progressifs, le contr\u00f4le et l&#8217;\u00e9valuation de la r\u00e9ponse et la poursuite du traitement \u00e0 long terme en cas de r\u00e9ponse satisfaisante ou d&#8217;arr\u00eat, ainsi que la consid\u00e9ration d&#8217;un changement de traitement en cas de r\u00e9sultat n\u00e9gatif des essais th\u00e9rapeutiques.<\/p>\n\n<h3 id=\"transition-des-soins-pediatriques-aux-soins-pour-adultes\" class=\"wp-block-heading\">Transition des soins p\u00e9diatriques aux soins pour adultes<\/h3>\n\n<p>La transition doit \u00eatre ax\u00e9e sur le patient adolescent et inclure le suivi de la progression, l&#8217;identification des principaux domaines de connaissances \u00e0 d\u00e9velopper et la r\u00e9daction d&#8217;un rapport de transition pour le service d&#8217;asthme adulte. Le rapport de transition doit couvrir des domaines tels que les ant\u00e9c\u00e9dents m\u00e9dicaux, les comorbidit\u00e9s, les plans de gestion des urgences et d&#8217;autres facteurs li\u00e9s \u00e0 l&#8217;adolescent tels que la scolarit\u00e9, le travail et le bien-\u00eatre psychologique.<\/p>\n\n<p>Sur la base de leur propre exp\u00e9rience \u00e0 Birmingham, le Pr Mansur et le Dr Prasad recommandent, pour les soins de transition, une collaboration \u00e9troite entre les membres de l&#8217;\u00e9quipe p\u00e9diatrique et de l&#8217;\u00e9quipe adulte pour l&#8217;asthme s\u00e9v\u00e8re, par le biais de r\u00e9unions d&#8217;\u00e9quipe multidisciplinaires (MDT) r\u00e9guli\u00e8res et conjointes, l&#8217;utilisation de protocoles et d&#8217;outils d&#8217;\u00e9valuation communs et l&#8217;implication de la famille afin de soutenir l&#8217;ind\u00e9pendance et l&#8217;autogestion du jeune patient.<\/p>\n\n<p>Litt\u00e9rature :<\/p>\n\n<ol class=\"wp-block-list\">\n<li>Mansur AH, Prasad N : Prise en charge de l&#8217;asthme difficile \u00e0 traiter \u00e0 l&#8217;adolescence et chez les jeunes adultes. Breathe 2023 ; 19 : 220025 ; doi : 10.1183\/20734735.0025-2022.<\/li>\n<\/ol>\n\n<ol class=\"wp-block-list\">\n<li><\/li>\n<\/ol>\n\n<p><\/p>\n\n<p class=\"has-small-font-size\"><em>InFo PNEUMOLOGIE &amp; ALLERGOLOGIE 2023 ; 5(3) : 20-22<\/em><\/p>\n","protected":false},"excerpt":{"rendered":"<p>Environ 10% des adolescents asthmatiques ont un asthme difficile \u00e0 traiter. Le manque d&#8217;adh\u00e9sion est un probl\u00e8me majeur dans ce groupe d&#8217;\u00e2ge et est en grande partie responsable d&#8217;un mauvais&hellip;<\/p>\n","protected":false},"author":7,"featured_media":363262,"comment_status":"closed","ping_status":"closed","sticky":false,"template":"","format":"standard","meta":{"_acf_changed":false,"pmpro_default_level":"","cat_1_feature_home_top":false,"cat_2_editor_pick":false,"csco_eyebrow_text":"Asthme difficile \u00e0 traiter chez les adolescents","footnotes":""},"category":[11349,11531,11458,11477,11549],"tags":[15228,12338,16473,26067,13757,12628,13753,13764,12573],"powerkit_post_featured":[],"class_list":["post-363261","post","type-post","status-publish","format-standard","has-post-thumbnail","category-allergologie-et-immunologie-clinique","category-formation-continue","category-pediatrie","category-pneumologie-fr","category-rx-fr","tag-adherence-fr","tag-asthme","tag-asthme-bronchique","tag-gestion-fr","tag-ics-fr","tag-jeunes","tag-laba-fr","tag-saba-fr","tag-therapie-fr","pmpro-has-access"],"acf":[],"publishpress_future_action":{"enabled":false,"date":"2026-05-06 19:29:13","action":"change-status","newStatus":"draft","terms":[],"taxonomy":"category","extraData":[]},"publishpress_future_workflow_manual_trigger":{"enabledWorkflows":[]},"wpml_current_locale":"fr_FR","wpml_translations":{"it_IT":{"locale":"it_IT","id":363269,"slug":"aderenza-e-autogestione-insufficienti","post_title":"Aderenza e autogestione insufficienti","href":"https:\/\/medizinonline.com\/it\/aderenza-e-autogestione-insufficienti\/"},"pt_PT":{"locale":"pt_PT","id":363278,"slug":"adesao-e-auto-gestao-insuficientes","post_title":"Ades\u00e3o e auto-gest\u00e3o insuficientes","href":"https:\/\/medizinonline.com\/pt-pt\/adesao-e-auto-gestao-insuficientes\/"},"es_ES":{"locale":"es_ES","id":363292,"slug":"adherencia-y-autogestion-insuficientes","post_title":"Adherencia y autogesti\u00f3n insuficientes","href":"https:\/\/medizinonline.com\/es\/adherencia-y-autogestion-insuficientes\/"}},"_links":{"self":[{"href":"https:\/\/medizinonline.com\/fr\/wp-json\/wp\/v2\/posts\/363261","targetHints":{"allow":["GET"]}}],"collection":[{"href":"https:\/\/medizinonline.com\/fr\/wp-json\/wp\/v2\/posts"}],"about":[{"href":"https:\/\/medizinonline.com\/fr\/wp-json\/wp\/v2\/types\/post"}],"author":[{"embeddable":true,"href":"https:\/\/medizinonline.com\/fr\/wp-json\/wp\/v2\/users\/7"}],"replies":[{"embeddable":true,"href":"https:\/\/medizinonline.com\/fr\/wp-json\/wp\/v2\/comments?post=363261"}],"version-history":[{"count":2,"href":"https:\/\/medizinonline.com\/fr\/wp-json\/wp\/v2\/posts\/363261\/revisions"}],"predecessor-version":[{"id":367156,"href":"https:\/\/medizinonline.com\/fr\/wp-json\/wp\/v2\/posts\/363261\/revisions\/367156"}],"wp:featuredmedia":[{"embeddable":true,"href":"https:\/\/medizinonline.com\/fr\/wp-json\/wp\/v2\/media\/363262"}],"wp:attachment":[{"href":"https:\/\/medizinonline.com\/fr\/wp-json\/wp\/v2\/media?parent=363261"}],"wp:term":[{"taxonomy":"category","embeddable":true,"href":"https:\/\/medizinonline.com\/fr\/wp-json\/wp\/v2\/category?post=363261"},{"taxonomy":"post_tag","embeddable":true,"href":"https:\/\/medizinonline.com\/fr\/wp-json\/wp\/v2\/tags?post=363261"},{"taxonomy":"powerkit_post_featured","embeddable":true,"href":"https:\/\/medizinonline.com\/fr\/wp-json\/wp\/v2\/powerkit_post_featured?post=363261"}],"curies":[{"name":"wp","href":"https:\/\/api.w.org\/{rel}","templated":true}]}}