{"id":367024,"date":"2023-10-22T14:00:00","date_gmt":"2023-10-22T12:00:00","guid":{"rendered":"https:\/\/medizinonline.com\/?p=367024"},"modified":"2023-09-28T09:47:13","modified_gmt":"2023-09-28T07:47:13","slug":"la-maladie-de-gaucher-une-sphingolipidose","status":"publish","type":"post","link":"https:\/\/medizinonline.com\/fr\/la-maladie-de-gaucher-une-sphingolipidose\/","title":{"rendered":"La maladie de Gaucher &#8211; une sphingolipidose"},"content":{"rendered":"\n<p><strong>Une jeune patiente adulte souffrant de douleurs abdominales a pr\u00e9sent\u00e9 une h\u00e9patom\u00e9galie et une spl\u00e9nom\u00e9galie associ\u00e9es \u00e0 une thrombocytop\u00e9nie et une an\u00e9mie. La moelle osseuse a ensuite \u00e9t\u00e9 ponctionn\u00e9e et biopsi\u00e9e, puis l&#8217;activit\u00e9 enzymatique de la glucoc\u00e9r\u00e9brosidase leucocytaire a \u00e9t\u00e9 d\u00e9termin\u00e9e. L&#8217;analyse g\u00e9n\u00e9tique mol\u00e9culaire a finalement confirm\u00e9 le diagnostic de suspicion. Dans la population g\u00e9n\u00e9rale, la pr\u00e9valence de la maladie de Gaucher est d&#8217;environ 1 pour 100 000.  <\/strong><\/p>\n\n<!--more-->\n\n<p>La maladie de Gaucher est une maladie m\u00e9tabolique h\u00e9r\u00e9ditaire autosomique r\u00e9cessive due \u00e0 une mutation du g\u00e8ne de la glucoc\u00e9r\u00e9brosidase et \u00e0 un d\u00e9ficit cons\u00e9cutif de l&#8217;enzyme glucoc\u00e9r\u00e9brosidase. En cons\u00e9quence, les macrophages charg\u00e9s de lipides (appel\u00e9s cellules de Gaucher) s&#8217;accumulent dans le foie et la rate, ainsi que dans la moelle osseuse, le syst\u00e8me nerveux central (SNC) et les poumons [1]. En raison de la surcharge croissante en glucoc\u00e9r\u00e9brosides, le foie et la rate augmentent de taille et la moelle osseuse h\u00e9matopo\u00ef\u00e9tique est supplant\u00e9e [2]. Il en r\u00e9sulte d&#8217;une part une diminution des thrombocytes et des \u00e9rythrocytes, et d&#8217;autre part une destruction progressive de la substance osseuse.  <\/p>\n<div class=\"wp-block-image\">\n<figure class=\"aligncenter size-full is-resized\"><a href=\"https:\/\/medizinonline.com\/wp-content\/uploads\/2023\/09\/abb1_HP9_s26.jpg\"><img decoding=\"async\" data-src=\"https:\/\/medizinonline.com\/wp-content\/uploads\/2023\/09\/abb1_HP9_s26.jpg\" alt=\"\" class=\"wp-image-366913 lazyload\" style=\"--smush-placeholder-width: 751px; --smush-placeholder-aspect-ratio: 751\/721;width:500px\" width=\"500\" data-srcset=\"https:\/\/medizinonline.com\/wp-content\/uploads\/2023\/09\/abb1_HP9_s26.jpg 751w, https:\/\/medizinonline.com\/wp-content\/uploads\/2023\/09\/abb1_HP9_s26-120x115.jpg 120w, https:\/\/medizinonline.com\/wp-content\/uploads\/2023\/09\/abb1_HP9_s26-90x86.jpg 90w, https:\/\/medizinonline.com\/wp-content\/uploads\/2023\/09\/abb1_HP9_s26-320x307.jpg 320w, https:\/\/medizinonline.com\/wp-content\/uploads\/2023\/09\/abb1_HP9_s26-560x538.jpg 560w, https:\/\/medizinonline.com\/wp-content\/uploads\/2023\/09\/abb1_HP9_s26-240x230.jpg 240w, https:\/\/medizinonline.com\/wp-content\/uploads\/2023\/09\/abb1_HP9_s26-180x173.jpg 180w, https:\/\/medizinonline.com\/wp-content\/uploads\/2023\/09\/abb1_HP9_s26-640x614.jpg 640w\" data-sizes=\"(max-width: 751px) 100vw, 751px\" src=\"data:image\/svg+xml;base64,PHN2ZyB3aWR0aD0iMSIgaGVpZ2h0PSIxIiB4bWxucz0iaHR0cDovL3d3dy53My5vcmcvMjAwMC9zdmciPjwvc3ZnPg==\" \/><\/a><\/figure>\n<\/div>\n<h3 id=\"etude-de-cas\" class=\"wp-block-heading\">\u00c9tude de cas<\/h3>\n\n<p>Une patiente de 18 ans a \u00e9t\u00e9 admise \u00e0 l&#8217;h\u00f4pital avec pour principale plainte des douleurs abdominales dans le quadrant sup\u00e9rieur droit, qui ont d\u00e9but\u00e9 il y a deux semaines avec une intensit\u00e9 mod\u00e9r\u00e9e et qui ont \u00e9t\u00e9 initialement l\u00e9g\u00e8rement r\u00e9duites par des anti-inflammatoires non st\u00e9ro\u00efdiens (AINS) oraux [3]. Apr\u00e8s un certain temps, l&#8217;effet de r\u00e9duction de la douleur des AINS a diminu\u00e9 et a disparu avec le temps. L&#8217;examen physique a r\u00e9v\u00e9l\u00e9 que la conjonctive \u00e9tait p\u00e2le et qu&#8217;il y avait une h\u00e9patom\u00e9galie douloureuse \u00e0 5 cm en dessous de l&#8217;arc costal droit. Des recherches plus approfondies ont abouti aux conclusions suivantes :  <\/p>\n\n<ul class=\"wp-block-list\">\n<li><strong>Percussion : <\/strong>\u00e0 environ 8 cm sous l&#8217;arc costal gauche, on a constat\u00e9 une zone sourde qui bougeait pendant la respiration. C&#8217;est ce qui a motiv\u00e9 l&#8217;admission de la patiente \u00e0 l&#8217;h\u00f4pital.  <\/li>\n\n\n\n<li><strong>\u00c9chographie de l&#8217;abdomen :  <\/strong>  On a constat\u00e9 une nette augmentation de la taille de la rate (20,1 \u00d7 8 cm), sans nodules ; le foie \u00e9tait situ\u00e9 \u00e0 plus de 6 cm sous le rebord des c\u00f4tes, sans nodules ; pas de ganglions lymphatiques abdominaux hypertrophi\u00e9s ; une petite quantit\u00e9 de liquide libre dans la cavit\u00e9 p\u00e9riton\u00e9ale, adjacente \u00e0 des anses intestinales de diam\u00e8tre normal ; les autres organes n&#8217;ont pas subi de modifications.<\/li>\n\n\n\n<li><strong>Ponction de moelle osseuse : <\/strong>moelle osseuse hypercellulaire, avec hyperplasie m\u00e9gacaryopo\u00ef\u00e9tique et \u00e9rythropo\u00ef\u00e9tique ; int\u00e9grit\u00e9 granulopo\u00ef\u00e9tique. Augmentation des pr\u00e9curseurs \u00e9osinophiles ; augmentation focale des lymphocytes matures et bien diff\u00e9renci\u00e9s ; augmentation des plasmocytes inf\u00e9rieure \u00e0 10% ; histiocytes abondants \u00e0 cytoplasme clair rappelant les cellules de Gaucher, sans signe d&#8217;h\u00e9mophagocytose.  <\/li>\n\n\n\n<li><strong>Biopsie de moelle osseuse : <\/strong>cylindre de moelle osseuse avec plus de 6 espaces m\u00e9dullaires contenant des cellules histiocytaires avec un cytoplasme clair abondant dans des vacuoles, masqu\u00e9 par du tissu h\u00e9matopo\u00ef\u00e9tique restant. L&#8217;apparence sugg\u00e8re une maladie de stockage lysosomale.  <\/li>\n<\/ul>\n\n<p>Suite au r\u00e9sultat de la biopsie, l&#8217;activit\u00e9 enzymatique de la glucoc\u00e9r\u00e9brosidase a \u00e9t\u00e9 d\u00e9termin\u00e9e dans les leucocytes p\u00e9riph\u00e9riques. Celle-ci \u00e9tait de 0,020 nmol\/mg\/h (valeur normale : 0,12 nmol\/mg\/h). L&#8217;analyse g\u00e9n\u00e9tique mol\u00e9culaire qui s&#8217;en est suivie a finalement r\u00e9v\u00e9l\u00e9 une double h\u00e9t\u00e9rozygotie pour les <strong>mutations L444P et N370S <\/strong>, ce qui a permis de confirmer le diagnostic de la maladie de Gaucher.  <\/p>\n\n<p><\/p>\n\n<figure class=\"wp-block-table\"><table class=\"has-background\" style=\"background-color:#0792e330\"><tbody><tr><td><strong>Aper\u00e7u des faits importants concernant M. Gaucher  <\/strong><br\/><br\/>La maladie de Gaucher fait partie du groupe des maladies de stockage lysosomales. Comme les diff\u00e9rents sympt\u00f4mes peuvent avoir d&#8217;autres causes, le diagnostic s&#8217;av\u00e8re souvent difficile. Le tableau clinique a \u00e9t\u00e9 d\u00e9crit pour la premi\u00e8re fois en 1882 par Philippe Charles Gaucher, qui a rapport\u00e9 le cas d&#8217;une patiente souffrant de spl\u00e9nom\u00e9galie.  <br\/><br\/>On distingue les trois<strong> ph\u00e9notypes cliniques<\/strong> suivants de la maladie de Gaucher [2] : Type 1 : forme non neuropathique, Type 2 : forme neuropathique aigu\u00eb, Type 3 : forme neuropathique chronique. Chez les adultes, les manifestations sont principalement de type 1 ou 3.  <br\/><br\/>Les <strong>sympt\u00f4mes<\/strong> typiques des patients atteints de la maladie de Gaucher comprennent des douleurs osseuses, une diminution de la performance et une tendance aux saignements. La maladie de Gaucher s&#8217;accompagne \u00e9galement d&#8217;une plus grande sensibilit\u00e9 aux infections [4]. Les diagnostics de laboratoire r\u00e9v\u00e8lent typiquement une an\u00e9mie et une thrombocytop\u00e9nie.  <br\/><br\/>Les r\u00e9sultats de l&#8217;<strong>imagerie<\/strong> sont r\u00e9v\u00e9lateurs : l&#8217;\u00e9chographie montre une augmentation de la taille du foie et de la rate et la radiographie ou l&#8217;IRM r\u00e9v\u00e8le des modifications osseuses avec destruction de la structure des osselets ainsi que des infarctus osseux, visibles initialement au niveau des os longs des jambes. Dans de rares cas, on observe une hypertension pulmonaire due \u00e0 l&#8217;incorporation de glucoc\u00e9r\u00e9brosides dans les macrophages pulmonaires.  <br\/><br\/>En cas de suspicion clinique de maladie de Gaucher et de r\u00e9sultats de laboratoire et d&#8217;imagerie correspondants, il est conseill\u00e9 de d\u00e9terminer l&#8217;<strong>activit\u00e9 enzymatique de la glucoc\u00e9r\u00e9brosidase<\/strong> dans un laboratoire sp\u00e9cialis\u00e9.<br\/><br\/>Aujourd&#8217;hui, les approches th\u00e9rapeutiques disponibles sont une <strong>th\u00e9rapie de substitution enzymatique<\/strong> avec de la gluco-c\u00e9r\u00e9brosidase humaine recombinante ou une <strong>th\u00e9rapie de r\u00e9duction des substrats<\/strong> [2,5,6].  <\/td><\/tr><\/tbody><\/table><\/figure>\n\n<p>Litt\u00e9rature :<\/p>\n\n<ol class=\"wp-block-list\">\n<li>Grabowski GA : Phenotype, diagnosis, and treatment of Gaucher&#8217;s disease. Lancet 2008 ; 372 : 1263-1271.  <\/li>\n\n\n\n<li>Tran C, et al. : Implication pulmonaire chez les patients adultes atteints de maladies m\u00e9taboliques cong\u00e9nitales. Kompass Pneumol 2018 ; 6 (1) : 6-17.  <\/li>\n\n\n\n<li>Vald\u00e9s-D\u00edaz K, et al. : Maladie de Gaucher. Pr\u00e9sentation d&#8217;un cas clinique et revue de la litt\u00e9rature. Hematol Transfus Cell Ther 2022 ; 44(1) : 104-107.<\/li>\n\n\n\n<li>Maladie de Gaucher, <a href=\"http:\/\/www.uniklinik-duesseldorf.de\/patienten-besucher\/klinikeninstitutezentren\/klinik-fuer-gastroenterologie-hepatologie-und-infektiologie\/klinik\/fuer-patienten\/behandlungsschwerpunkte\/stoffwechselkrankheiten\/morbus-gaucher\" target=\"_blank\" rel=\"noopener\">www.uniklinik-duesseldorf.de\/patienten-besucher\/klinikeninstitutezentren\/klinik-fuer-gastroenterologie-hepatologie-und-infektiologie\/klinik\/fuer-patienten\/behandlungsschwerpunkte\/stoffwechselkrankheiten\/morbus-gaucher,<\/a>(derni\u00e8re consultation 18.09.2023)<\/li>\n\n\n\n<li>Goitein O, et al : Implication pulmonaire et th\u00e9rapie de remplacement enzymatique dans la maladie de Gaucher. QJM 2001 ; 94 : 407-415.  <\/li>\n\n\n\n<li>Shemesh E, et al : Enzyme replacement and substrate reduction therapy for Gaucher disease. Cochrane Database Syst Rev 2015 ; 3 : CD010324.<\/li>\n<\/ol>\n\n<p class=\"has-small-font-size\"><em>PRATIQUE DU M\u00c9DECIN DE FAMILLE 2023 ; 18(9) : 26<\/em><\/p>\n","protected":false},"excerpt":{"rendered":"<p>Une jeune patiente adulte souffrant de douleurs abdominales a pr\u00e9sent\u00e9 une h\u00e9patom\u00e9galie et une spl\u00e9nom\u00e9galie associ\u00e9es \u00e0 une thrombocytop\u00e9nie et une an\u00e9mie. La moelle osseuse a ensuite \u00e9t\u00e9 ponctionn\u00e9e et&hellip;<\/p>\n","protected":false},"author":7,"featured_media":367033,"comment_status":"closed","ping_status":"closed","sticky":false,"template":"","format":"standard","meta":{"_acf_changed":false,"pmpro_default_level":"","cat_1_feature_home_top":false,"cat_2_editor_pick":false,"csco_eyebrow_text":"Maladies rares","footnotes":""},"category":[11541,11531,11414,11417,11373,11315,11492,11505,11549],"tags":[71424,71425,26295,71423,71428],"powerkit_post_featured":[],"class_list":["post-367024","post","type-post","status-publish","format-standard","has-post-thumbnail","category-cases-fr","category-formation-continue","category-gastro-enterologie-et-hepatologie","category-genetique","category-hematologie","category-medecine-interne-generale","category-radiologie-fr","category-rhumatologie","category-rx-fr","tag-hepatomegalie-fr","tag-maladie-de-gaucher","tag-maladies-rares-fr","tag-sphingolipidose-fr","tag-splenomegalie-fr","pmpro-has-access"],"acf":[],"publishpress_future_action":{"enabled":false,"date":"2026-05-09 00:34:06","action":"change-status","newStatus":"draft","terms":[],"taxonomy":"category","extraData":[]},"publishpress_future_workflow_manual_trigger":{"enabledWorkflows":[]},"wpml_current_locale":"fr_FR","wpml_translations":{"it_IT":{"locale":"it_IT","id":367039,"slug":"la-malattia-di-gaucher-una-sfingolipidosi","post_title":"La malattia di Gaucher - una sfingolipidosi","href":"https:\/\/medizinonline.com\/it\/la-malattia-di-gaucher-una-sfingolipidosi\/"},"pt_PT":{"locale":"pt_PT","id":366985,"slug":"doenca-de-gaucher-uma-esfingolipidose","post_title":"Doen\u00e7a de Gaucher - uma esfingolipidose","href":"https:\/\/medizinonline.com\/pt-pt\/doenca-de-gaucher-uma-esfingolipidose\/"},"es_ES":{"locale":"es_ES","id":367003,"slug":"la-enfermedad-de-gaucher-una-esfingolipidosis","post_title":"La enfermedad de Gaucher: una esfingolipidosis","href":"https:\/\/medizinonline.com\/es\/la-enfermedad-de-gaucher-una-esfingolipidosis\/"}},"_links":{"self":[{"href":"https:\/\/medizinonline.com\/fr\/wp-json\/wp\/v2\/posts\/367024","targetHints":{"allow":["GET"]}}],"collection":[{"href":"https:\/\/medizinonline.com\/fr\/wp-json\/wp\/v2\/posts"}],"about":[{"href":"https:\/\/medizinonline.com\/fr\/wp-json\/wp\/v2\/types\/post"}],"author":[{"embeddable":true,"href":"https:\/\/medizinonline.com\/fr\/wp-json\/wp\/v2\/users\/7"}],"replies":[{"embeddable":true,"href":"https:\/\/medizinonline.com\/fr\/wp-json\/wp\/v2\/comments?post=367024"}],"version-history":[{"count":1,"href":"https:\/\/medizinonline.com\/fr\/wp-json\/wp\/v2\/posts\/367024\/revisions"}],"predecessor-version":[{"id":367036,"href":"https:\/\/medizinonline.com\/fr\/wp-json\/wp\/v2\/posts\/367024\/revisions\/367036"}],"wp:featuredmedia":[{"embeddable":true,"href":"https:\/\/medizinonline.com\/fr\/wp-json\/wp\/v2\/media\/367033"}],"wp:attachment":[{"href":"https:\/\/medizinonline.com\/fr\/wp-json\/wp\/v2\/media?parent=367024"}],"wp:term":[{"taxonomy":"category","embeddable":true,"href":"https:\/\/medizinonline.com\/fr\/wp-json\/wp\/v2\/category?post=367024"},{"taxonomy":"post_tag","embeddable":true,"href":"https:\/\/medizinonline.com\/fr\/wp-json\/wp\/v2\/tags?post=367024"},{"taxonomy":"powerkit_post_featured","embeddable":true,"href":"https:\/\/medizinonline.com\/fr\/wp-json\/wp\/v2\/powerkit_post_featured?post=367024"}],"curies":[{"name":"wp","href":"https:\/\/api.w.org\/{rel}","templated":true}]}}